{"id":61727,"date":"2026-04-17T08:57:01","date_gmt":"2026-04-17T07:57:01","guid":{"rendered":"https:\/\/www.mediconanet.pt\/?p=61727"},"modified":"2026-04-17T16:32:43","modified_gmt":"2026-04-17T15:32:43","slug":"alergia-medicamentos-diagnostico","status":"publish","type":"post","link":"https:\/\/staging.mediconanet.pt\/en\/alergia-medicamentos-diagnostico\/","title":{"rendered":"Alergia a Medicamentos: Distinguir o Real do Suposto"},"content":{"rendered":"\t\t<div data-elementor-type=\"wp-post\" data-elementor-id=\"61727\" class=\"elementor elementor-61727\" data-elementor-post-type=\"post\">\n\t\t\t\t<div class=\"elementor-element elementor-element-570cfe3 e-flex e-con-boxed e-con e-parent\" data-id=\"570cfe3\" data-element_type=\"container\" data-e-type=\"container\">\n\t\t\t\t\t<div class=\"e-con-inner\">\n\t\t\t\t<div class=\"elementor-element elementor-element-1761780 elementor-widget elementor-widget-text-editor\" data-id=\"1761780\" data-element_type=\"widget\" data-e-type=\"widget\" data-widget_type=\"text-editor.default\">\n\t\t\t\t\t\t\t\t\t<h2>Introdu\u00e7\u00e3o<\/h2><p><strong data-start=\"143\" data-end=\"156\">A alergia<\/strong> a medicamentos \u00e9 uma das situa\u00e7\u00f5es mais frequentemente referidas na hist\u00f3ria cl\u00ednica. A \u00absou al\u00e9rgico a\u2026\u00bb \u00e9 uma das informa\u00e7\u00f5es mais frequentes na hist\u00f3ria cl\u00ednica. Contudo, estudos demonstram que mais de 80% dos doentes rotulados como al\u00e9rgicos a um f\u00e1rmaco \u2014 nomeadamente penicilina \u2014 n\u00e3o o s\u00e3o de facto. Este sobre r\u00f3tulo tem consequ\u00eancias cl\u00ednicas relevantes: evic\u00e7\u00e3o desnecess\u00e1ria de antibi\u00f3ticos de primeira linha, uso de alternativas mais caras, mais t\u00f3xicas e com maior press\u00e3o seletiva de resist\u00eancias.<\/p><h2>Tipos de rea\u00e7\u00f5es<\/h2><p>As rea\u00e7\u00f5es adversas a medicamentos dividem-se em previs\u00edveis (dependentes da dose, relacionadas com a farmacologia) e imprevis\u00edveis (incluem alergia e intoler\u00e2ncia). A <b>alergia <\/b>verdadeira envolve mecanismos imunol\u00f3gicos: rea\u00e7\u00f5es imediatas mediadas por IgE (urtic\u00e1ria, angioedema, anafilaxia, nos primeiros 60 minutos) e rea\u00e7\u00f5es tardias mediadas por c\u00e9lulas T (exantema maculopapular, sindroma de Stevens-Johnson, DRESS).<\/p><h2>F\u00e1rmacos mais envolvidos<\/h2><p>Os antibi\u00f3ticos betalact\u00e2micos (penicilinas e cefalosporinas) s\u00e3o os mais frequentemente implicados, seguidos dos anti-inflamat\u00f3rios n\u00e3o esteroides (AINE), anest\u00e9sicos, meios de contraste iodados e quimioter\u00e1picos. A \u00ab<a href=\"https:\/\/staging.mediconanet.pt\/produto\/alergias\/\" target=\"_blank\" rel=\"noopener\"><b>alergia<\/b><\/a>\u00bb \u00e0 penicilina \u00e9 particularmente relevante: s\u00f3 1-5% dos doentes que a reportam s\u00e3o verdadeiramente al\u00e9rgicos ap\u00f3s avalia\u00e7\u00e3o formal.<\/p><h2>Avalia\u00e7\u00e3o alergol\u00f3gica<\/h2><p>A avalia\u00e7\u00e3o formal inclui hist\u00f3ria detalhada (f\u00e1rmaco, cronologia, manifesta\u00e7\u00f5es, gravidade, reprodu\u00e7\u00e3o), testes cut\u00e2neos (prick e intrad\u00e9rmicos), dosagem de IgE espec\u00edfica e, quando necess\u00e1rio, prova de provoca\u00e7\u00e3o oral controlada \u2014 o padr\u00e3o-ouro. A desrotula\u00e7\u00e3o (de-labelling) de falsas alergias \u00e0 penicilina \u00e9 uma prioridade de sa\u00fade p\u00fablica reconhecida pelo CDC, NICE e ECDC.<\/p><h2>O que fazer em caso de rea\u00e7\u00e3o<\/h2><p>Perante uma rea\u00e7\u00e3o suspeita, suspender o f\u00e1rmaco, tratar a rea\u00e7\u00e3o (anti-histam\u00ednicos, corticoides, adrenalina se anafilaxia), documentar o evento e referenciar a alergologia. Nunca reintroduzir empiricamente um f\u00e1rmaco suspeito sem avalia\u00e7\u00e3o.<\/p>\t\t\t\t\t\t\t\t<\/div>\n\t\t\t\t\t<\/div>\n\t\t\t\t<\/div>\n\t\t<div class=\"elementor-element elementor-element-1545e08 e-flex e-con-boxed e-con e-parent\" data-id=\"1545e08\" data-element_type=\"container\" data-e-type=\"container\">\n\t\t\t\t\t<div class=\"e-con-inner\">\n\t\t\t\t<div class=\"elementor-element elementor-element-8ee3907 elementor-widget elementor-widget-image\" data-id=\"8ee3907\" data-element_type=\"widget\" data-e-type=\"widget\" data-widget_type=\"image.default\">\n\t\t\t\t\t\t\t\t\t\t\t\t\t\t\t<img fetchpriority=\"high\" decoding=\"async\" width=\"800\" height=\"450\" src=\"https:\/\/staging.mediconanet.pt\/wp-content\/uploads\/2026\/04\/Imagem-para-Redes-Sociais-a-Rosa-sobre-Descontos-de-Primavera-2026-04-17T092850.047-1024x576.jpg\" class=\"attachment-large size-large wp-image-61757\" alt=\"Mulher em consulta online para avalia\u00e7\u00e3o de alergia\" srcset=\"https:\/\/staging.mediconanet.pt\/wp-content\/uploads\/2026\/04\/Imagem-para-Redes-Sociais-a-Rosa-sobre-Descontos-de-Primavera-2026-04-17T092850.047-1024x576.jpg 1024w, https:\/\/staging.mediconanet.pt\/wp-content\/uploads\/2026\/04\/Imagem-para-Redes-Sociais-a-Rosa-sobre-Descontos-de-Primavera-2026-04-17T092850.047-300x169.jpg 300w, https:\/\/staging.mediconanet.pt\/wp-content\/uploads\/2026\/04\/Imagem-para-Redes-Sociais-a-Rosa-sobre-Descontos-de-Primavera-2026-04-17T092850.047-768x432.jpg 768w, https:\/\/staging.mediconanet.pt\/wp-content\/uploads\/2026\/04\/Imagem-para-Redes-Sociais-a-Rosa-sobre-Descontos-de-Primavera-2026-04-17T092850.047-18x10.jpg 18w, https:\/\/staging.mediconanet.pt\/wp-content\/uploads\/2026\/04\/Imagem-para-Redes-Sociais-a-Rosa-sobre-Descontos-de-Primavera-2026-04-17T092850.047-600x337.jpg 600w, https:\/\/staging.mediconanet.pt\/wp-content\/uploads\/2026\/04\/Imagem-para-Redes-Sociais-a-Rosa-sobre-Descontos-de-Primavera-2026-04-17T092850.047.jpg 1366w\" sizes=\"(max-width: 800px) 100vw, 800px\" \/>\t\t\t\t\t\t\t\t\t\t\t\t\t\t\t<\/div>\n\t\t<div class=\"elementor-element elementor-element-9ad30cf e-con-full e-flex e-con e-child\" data-id=\"9ad30cf\" data-element_type=\"container\" data-e-type=\"container\">\n\t\t<div class=\"elementor-element elementor-element-66e4f21 e-con-full e-flex e-con e-child\" data-id=\"66e4f21\" data-element_type=\"container\" data-e-type=\"container\">\n\t\t\t\t<div class=\"elementor-element elementor-element-c44ae3e elementor-widget elementor-widget-heading\" data-id=\"c44ae3e\" data-element_type=\"widget\" data-e-type=\"widget\" data-widget_type=\"heading.default\">\n\t\t\t\t\t<h2 class=\"elementor-heading-title elementor-size-default\">Perguntas frequentes (FAQ)<\/h2>\t\t\t\t<\/div>\n\t\t\t\t<div class=\"elementor-element elementor-element-439b5c3 elementor-widget elementor-widget-n-accordion\" data-id=\"439b5c3\" data-element_type=\"widget\" data-e-type=\"widget\" data-settings=\"{&quot;default_state&quot;:&quot;all_collapsed&quot;,&quot;max_items_expended&quot;:&quot;one&quot;,&quot;n_accordion_animation_duration&quot;:{&quot;unit&quot;:&quot;ms&quot;,&quot;size&quot;:400,&quot;sizes&quot;:[]}}\" data-widget_type=\"nested-accordion.default\">\n\t\t\t\t\t\t\t<div class=\"e-n-accordion\" aria-label=\"Accordion. Open links with Enter or Space, close with Escape, and navigate with Arrow Keys\">\n\t\t\t\t\t\t<details id=\"e-n-accordion-item-7080\" class=\"e-n-accordion-item\" >\n\t\t\t\t<summary class=\"e-n-accordion-item-title\" data-accordion-index=\"1\" tabindex=\"0\" aria-expanded=\"false\" aria-controls=\"e-n-accordion-item-7080\" >\n\t\t\t\t\t<span class='e-n-accordion-item-title-header'><div class=\"e-n-accordion-item-title-text\"> Sou al\u00e9rgico \u00e0 penicilina \u2014 posso tomar cefalosporinas? <\/div><\/span>\n\t\t\t\t\t\t\t<span class='e-n-accordion-item-title-icon'>\n\t\t\t<span class='e-opened' ><svg aria-hidden=\"true\" class=\"e-font-icon-svg e-fas-minus\" viewBox=\"0 0 448 512\" xmlns=\"http:\/\/www.w3.org\/2000\/svg\"><path d=\"M416 208H32c-17.67 0-32 14.33-32 32v32c0 17.67 14.33 32 32 32h384c17.67 0 32-14.33 32-32v-32c0-17.67-14.33-32-32-32z\"><\/path><\/svg><\/span>\n\t\t\t<span class='e-closed'><svg aria-hidden=\"true\" class=\"e-font-icon-svg e-fas-plus\" viewBox=\"0 0 448 512\" xmlns=\"http:\/\/www.w3.org\/2000\/svg\"><path d=\"M416 208H272V64c0-17.67-14.33-32-32-32h-32c-17.67 0-32 14.33-32 32v144H32c-17.67 0-32 14.33-32 32v32c0 17.67 14.33 32 32 32h144v144c0 17.67 14.33 32 32 32h32c17.67 0 32-14.33 32-32V304h144c17.67 0 32-14.33 32-32v-32c0-17.67-14.33-32-32-32z\"><\/path><\/svg><\/span>\n\t\t<\/span>\n\n\t\t\t\t\t\t<\/summary>\n\t\t\t\t<div role=\"region\" aria-labelledby=\"e-n-accordion-item-7080\" class=\"elementor-element elementor-element-d801294 e-con-full e-flex e-con e-child\" data-id=\"d801294\" data-element_type=\"container\" data-e-type=\"container\">\n\t\t<div role=\"region\" aria-labelledby=\"e-n-accordion-item-7080\" class=\"elementor-element elementor-element-67dd609 e-flex e-con-boxed e-con e-child\" data-id=\"67dd609\" data-element_type=\"container\" data-e-type=\"container\">\n\t\t\t\t\t<div class=\"e-con-inner\">\n\t\t\t\t<div class=\"elementor-element elementor-element-2204be5 elementor-widget elementor-widget-text-editor\" data-id=\"2204be5\" data-element_type=\"widget\" data-e-type=\"widget\" data-widget_type=\"text-editor.default\">\n\t\t\t\t\t\t\t\t\t<p>A reatividade cruzada entre penicilinas e cefalosporinas \u00e9 inferior a 2% e est\u00e1 sobretudo ligada a cadeias laterais semelhantes. Deve ser avaliado por alergologia antes de excluir definitivamente.<\/p>\t\t\t\t\t\t\t\t<\/div>\n\t\t\t\t\t<\/div>\n\t\t\t\t<\/div>\n\t\t\t\t<\/div>\n\t\t\t\t\t<\/details>\n\t\t\t\t\t\t<details id=\"e-n-accordion-item-7081\" class=\"e-n-accordion-item\" >\n\t\t\t\t<summary class=\"e-n-accordion-item-title\" data-accordion-index=\"2\" tabindex=\"-1\" aria-expanded=\"false\" aria-controls=\"e-n-accordion-item-7081\" >\n\t\t\t\t\t<span class='e-n-accordion-item-title-header'><div class=\"e-n-accordion-item-title-text\"> A alergia pode desaparecer? <\/div><\/span>\n\t\t\t\t\t\t\t<span class='e-n-accordion-item-title-icon'>\n\t\t\t<span class='e-opened' ><svg aria-hidden=\"true\" class=\"e-font-icon-svg e-fas-minus\" viewBox=\"0 0 448 512\" xmlns=\"http:\/\/www.w3.org\/2000\/svg\"><path d=\"M416 208H32c-17.67 0-32 14.33-32 32v32c0 17.67 14.33 32 32 32h384c17.67 0 32-14.33 32-32v-32c0-17.67-14.33-32-32-32z\"><\/path><\/svg><\/span>\n\t\t\t<span class='e-closed'><svg aria-hidden=\"true\" class=\"e-font-icon-svg e-fas-plus\" viewBox=\"0 0 448 512\" xmlns=\"http:\/\/www.w3.org\/2000\/svg\"><path d=\"M416 208H272V64c0-17.67-14.33-32-32-32h-32c-17.67 0-32 14.33-32 32v144H32c-17.67 0-32 14.33-32 32v32c0 17.67 14.33 32 32 32h144v144c0 17.67 14.33 32 32 32h32c17.67 0 32-14.33 32-32V304h144c17.67 0 32-14.33 32-32v-32c0-17.67-14.33-32-32-32z\"><\/path><\/svg><\/span>\n\t\t<\/span>\n\n\t\t\t\t\t\t<\/summary>\n\t\t\t\t<div role=\"region\" aria-labelledby=\"e-n-accordion-item-7081\" class=\"elementor-element elementor-element-f07e3ff e-con-full e-flex e-con e-child\" data-id=\"f07e3ff\" data-element_type=\"container\" data-e-type=\"container\">\n\t\t<div role=\"region\" aria-labelledby=\"e-n-accordion-item-7081\" class=\"elementor-element elementor-element-ba0d7df e-flex e-con-boxed e-con e-child\" data-id=\"ba0d7df\" data-element_type=\"container\" data-e-type=\"container\">\n\t\t\t\t\t<div class=\"e-con-inner\">\n\t\t\t\t<div class=\"elementor-element elementor-element-bd0918d elementor-widget elementor-widget-text-editor\" data-id=\"bd0918d\" data-element_type=\"widget\" data-e-type=\"widget\" data-widget_type=\"text-editor.default\">\n\t\t\t\t\t\t\t\t\t<p>Sim. Cerca de 50% dos doentes verdadeiramente al\u00e9rgicos \u00e0 penicilina perdem a sensibiliza\u00e7\u00e3o ao fim de 5 anos e 80% ap\u00f3s 10 anos. A reavalia\u00e7\u00e3o peri\u00f3dica \u00e9 importante.<\/p>\t\t\t\t\t\t\t\t<\/div>\n\t\t\t\t\t<\/div>\n\t\t\t\t<\/div>\n\t\t\t\t<\/div>\n\t\t\t\t\t<\/details>\n\t\t\t\t\t\t<details id=\"e-n-accordion-item-7082\" class=\"e-n-accordion-item\" >\n\t\t\t\t<summary class=\"e-n-accordion-item-title\" data-accordion-index=\"3\" tabindex=\"-1\" aria-expanded=\"false\" aria-controls=\"e-n-accordion-item-7082\" >\n\t\t\t\t\t<span class='e-n-accordion-item-title-header'><div class=\"e-n-accordion-item-title-text\"> Devo usar pulseira de alerta? <\/div><\/span>\n\t\t\t\t\t\t\t<span class='e-n-accordion-item-title-icon'>\n\t\t\t<span class='e-opened' ><svg aria-hidden=\"true\" class=\"e-font-icon-svg e-fas-minus\" viewBox=\"0 0 448 512\" xmlns=\"http:\/\/www.w3.org\/2000\/svg\"><path d=\"M416 208H32c-17.67 0-32 14.33-32 32v32c0 17.67 14.33 32 32 32h384c17.67 0 32-14.33 32-32v-32c0-17.67-14.33-32-32-32z\"><\/path><\/svg><\/span>\n\t\t\t<span class='e-closed'><svg aria-hidden=\"true\" class=\"e-font-icon-svg e-fas-plus\" viewBox=\"0 0 448 512\" xmlns=\"http:\/\/www.w3.org\/2000\/svg\"><path d=\"M416 208H272V64c0-17.67-14.33-32-32-32h-32c-17.67 0-32 14.33-32 32v144H32c-17.67 0-32 14.33-32 32v32c0 17.67 14.33 32 32 32h144v144c0 17.67 14.33 32 32 32h32c17.67 0 32-14.33 32-32V304h144c17.67 0 32-14.33 32-32v-32c0-17.67-14.33-32-32-32z\"><\/path><\/svg><\/span>\n\t\t<\/span>\n\n\t\t\t\t\t\t<\/summary>\n\t\t\t\t<div role=\"region\" aria-labelledby=\"e-n-accordion-item-7082\" class=\"elementor-element elementor-element-1948aa2 e-con-full e-flex e-con e-child\" data-id=\"1948aa2\" data-element_type=\"container\" data-e-type=\"container\">\n\t\t<div role=\"region\" aria-labelledby=\"e-n-accordion-item-7082\" class=\"elementor-element elementor-element-44203e4 e-flex e-con-boxed e-con e-child\" data-id=\"44203e4\" data-element_type=\"container\" data-e-type=\"container\">\n\t\t\t\t\t<div class=\"e-con-inner\">\n\t\t\t\t<div class=\"elementor-element elementor-element-90363e4 elementor-widget elementor-widget-text-editor\" data-id=\"90363e4\" data-element_type=\"widget\" data-e-type=\"widget\" data-widget_type=\"text-editor.default\">\n\t\t\t\t\t\t\t\t\t<p>Sim. Cerca de 50% dos doentes verdadeiramente al\u00e9rgicos \u00e0 penicilina perdem a sensibiliza\u00e7\u00e3o ao fim de 5 anos e 80% ap\u00f3s 10 anos. A reavalia\u00e7\u00e3o peri\u00f3dica \u00e9 importante.<\/p>\t\t\t\t\t\t\t\t<\/div>\n\t\t\t\t\t<\/div>\n\t\t\t\t<\/div>\n\t\t\t\t<\/div>\n\t\t\t\t\t<\/details>\n\t\t\t\t\t<\/div>\n\t\t\t\t\t<script type=\"application\/ld+json\">{\"@context\":\"https:\\\/\\\/schema.org\",\"@type\":\"FAQPage\",\"mainEntity\":[{\"@type\":\"Question\",\"name\":\"Sou al\\u00e9rgico \\u00e0 penicilina \\u2014 posso tomar cefalosporinas?\",\"acceptedAnswer\":{\"@type\":\"Answer\",\"text\":\"A reatividade cruzada entre penicilinas e cefalosporinas \\u00e9 inferior a 2% e est\\u00e1 sobretudo ligada a cadeias laterais semelhantes. Deve ser avaliado por alergologia antes de excluir definitivamente.\"}},{\"@type\":\"Question\",\"name\":\"A alergia pode desaparecer?\",\"acceptedAnswer\":{\"@type\":\"Answer\",\"text\":\"Sim. Cerca de 50% dos doentes verdadeiramente al\\u00e9rgicos \\u00e0 penicilina perdem a sensibiliza\\u00e7\\u00e3o ao fim de 5 anos e 80% ap\\u00f3s 10 anos. A reavalia\\u00e7\\u00e3o peri\\u00f3dica \\u00e9 importante.\"}},{\"@type\":\"Question\",\"name\":\"Devo usar pulseira de alerta?\",\"acceptedAnswer\":{\"@type\":\"Answer\",\"text\":\"Sim. Cerca de 50% dos doentes verdadeiramente al\\u00e9rgicos \\u00e0 penicilina perdem a sensibiliza\\u00e7\\u00e3o ao fim de 5 anos e 80% ap\\u00f3s 10 anos. A reavalia\\u00e7\\u00e3o peri\\u00f3dica \\u00e9 importante.\"}}]}<\/script>\n\t\t\t\t\t\t\t<\/div>\n\t\t\t\t<\/div>\n\t\t\t\t<\/div>\n\t\t\t\t\t<\/div>\n\t\t\t\t<\/div>\n\t\t<div class=\"elementor-element elementor-element-02d7fba e-flex e-con-boxed e-con e-parent\" data-id=\"02d7fba\" data-element_type=\"container\" data-e-type=\"container\">\n\t\t\t\t\t<div class=\"e-con-inner\">\n\t\t\t\t<div class=\"elementor-element elementor-element-ca91313 elementor-widget elementor-widget-text-editor\" data-id=\"ca91313\" data-element_type=\"widget\" data-e-type=\"widget\" data-widget_type=\"text-editor.default\">\n\t\t\t\t\t\t\t\t\t<h2>Refer\u00eancias<\/h2><a href=\"https:\/\/www.eaaci.org\/\" target=\"_blank\" rel=\"dofollow noopener\">EAACI Drug Allergy Position Paper<\/a>\n\n<a href=\"https:\/\/www.nice.org.uk\/guidance\/ng183\" target=\"_blank\" rel=\"dofollow noopener\">NICE NG183 \u2013 Drug allergy<\/a>\n\n<a href=\"https:\/\/www.cdc.gov\/\" target=\"_blank\" rel=\"dofollow noopener\">CDC \u2013 Penicillin Allergy Assessment<\/a>\n\n<a href=\"https:\/\/www.aaaai.org\/\" target=\"_blank\" rel=\"dofollow noopener\">AAAAI \u2013 Drug Allergy Practice Parameter<\/a>\n\n<a href=\"https:\/\/www.spaic.pt\/\" target=\"_blank\" rel=\"dofollow noopener\">SPAIC \u2013 Alergia Medicamentosa<\/a>\n\n<a href=\"https:\/\/www.nhs.uk\/\" target=\"_blank\" rel=\"dofollow noopener\">NHS \u2013 Medication Allergy<\/a>\t\t\t\t\t\t\t\t<\/div>\n\t\t\t\t\t<\/div>\n\t\t\t\t<\/div>\n\t\t\t\t<\/div>\n\t\t","protected":false},"excerpt":{"rendered":"<p>Introdu\u00e7\u00e3o A alergia a medicamentos \u00e9 uma das situa\u00e7\u00f5es mais frequentemente referidas na hist\u00f3ria cl\u00ednica. A \u00absou al\u00e9rgico a\u2026\u00bb \u00e9 uma das informa\u00e7\u00f5es mais frequentes na hist\u00f3ria cl\u00ednica. Contudo, estudos demonstram que mais de 80% dos doentes rotulados como al\u00e9rgicos a um f\u00e1rmaco \u2014 nomeadamente penicilina \u2014 n\u00e3o o s\u00e3o de facto. Este sobre r\u00f3tulo [&hellip;]<\/p>\n","protected":false},"author":13102,"featured_media":61765,"comment_status":"closed","ping_status":"closed","sticky":false,"template":"","format":"standard","meta":{"_jetpack_memberships_contains_paid_content":false,"footnotes":""},"categories":[56],"tags":[],"class_list":["post-61727","post","type-post","status-publish","format-standard","has-post-thumbnail","hentry","category-alergias"],"jetpack_featured_media_url":"https:\/\/staging.mediconanet.pt\/wp-content\/uploads\/2026\/04\/Imagem-para-Redes-Sociais-a-Rosa-sobre-Descontos-de-Primavera-2026-04-17T092838.997.jpg","jetpack_sharing_enabled":true,"_links":{"self":[{"href":"https:\/\/staging.mediconanet.pt\/en\/wp-json\/wp\/v2\/posts\/61727","targetHints":{"allow":["GET"]}}],"collection":[{"href":"https:\/\/staging.mediconanet.pt\/en\/wp-json\/wp\/v2\/posts"}],"about":[{"href":"https:\/\/staging.mediconanet.pt\/en\/wp-json\/wp\/v2\/types\/post"}],"author":[{"embeddable":true,"href":"https:\/\/staging.mediconanet.pt\/en\/wp-json\/wp\/v2\/users\/13102"}],"replies":[{"embeddable":true,"href":"https:\/\/staging.mediconanet.pt\/en\/wp-json\/wp\/v2\/comments?post=61727"}],"version-history":[{"count":7,"href":"https:\/\/staging.mediconanet.pt\/en\/wp-json\/wp\/v2\/posts\/61727\/revisions"}],"predecessor-version":[{"id":61763,"href":"https:\/\/staging.mediconanet.pt\/en\/wp-json\/wp\/v2\/posts\/61727\/revisions\/61763"}],"wp:featuredmedia":[{"embeddable":true,"href":"https:\/\/staging.mediconanet.pt\/en\/wp-json\/wp\/v2\/media\/61765"}],"wp:attachment":[{"href":"https:\/\/staging.mediconanet.pt\/en\/wp-json\/wp\/v2\/media?parent=61727"}],"wp:term":[{"taxonomy":"category","embeddable":true,"href":"https:\/\/staging.mediconanet.pt\/en\/wp-json\/wp\/v2\/categories?post=61727"},{"taxonomy":"post_tag","embeddable":true,"href":"https:\/\/staging.mediconanet.pt\/en\/wp-json\/wp\/v2\/tags?post=61727"}],"curies":[{"name":"wp","href":"https:\/\/api.w.org\/{rel}","templated":true}]}}