{"id":61725,"date":"2026-04-17T08:55:48","date_gmt":"2026-04-17T07:55:48","guid":{"rendered":"https:\/\/www.mediconanet.pt\/?p=61725"},"modified":"2026-04-17T16:32:45","modified_gmt":"2026-04-17T15:32:45","slug":"dermatite-atopica-adulto-sintomas-tratamento","status":"publish","type":"post","link":"https:\/\/staging.mediconanet.pt\/en\/dermatite-atopica-adulto-sintomas-tratamento\/","title":{"rendered":"Dermatite At\u00f3pica no Adulto: Muito Mais do que \u00abPele Seca\u00bb"},"content":{"rendered":"\t\t<div data-elementor-type=\"wp-post\" data-elementor-id=\"61725\" class=\"elementor elementor-61725\" data-elementor-post-type=\"post\">\n\t\t\t\t<div class=\"elementor-element elementor-element-570cfe3 e-flex e-con-boxed e-con e-parent\" data-id=\"570cfe3\" data-element_type=\"container\" data-e-type=\"container\">\n\t\t\t\t\t<div class=\"e-con-inner\">\n\t\t\t\t<div class=\"elementor-element elementor-element-1761780 elementor-widget elementor-widget-text-editor\" data-id=\"1761780\" data-element_type=\"widget\" data-e-type=\"widget\" data-widget_type=\"text-editor.default\">\n\t\t\t\t\t\t\t\t\t<h2>Introdu\u00e7\u00e3o<\/h2><p>A <b>dermatite at\u00f3pica<\/b> (eczema at\u00f3pico) \u00e9 uma doen\u00e7a inflamat\u00f3ria cr\u00f3nica da pele, de base gen\u00e9tica e imunol\u00f3gica, que afeta cerca de 5-10% dos adultos europeus. Embora seja mais conhecida como \u00abdoen\u00e7a de crian\u00e7as\u00bb, muitos doentes mant\u00eam sintomas de <b>dermatite at\u00f3pica<\/b> na idade adulta ou desenvolvem a doen\u00e7a pela primeira vez j\u00e1 em adultos.<\/p><h2>Manifesta\u00e7\u00f5es cl\u00ednicas<\/h2><p>O sintoma cardinal \u00e9 o prurido intenso, muitas vezes noturno, acompanhado de les\u00f5es eczematosas \u2014 pele seca, eritema, ves\u00edculas, exsuda\u00e7\u00e3o, crostas e liquenifica\u00e7\u00e3o nas fases cr\u00f3nicas. No adulto, as zonas mais frequentemente atingidas s\u00e3o as pregas dos cotovelos e joelhos, m\u00e3os, p\u00e1lpebras, pesco\u00e7o e face. O impacto da <b>dermatite at\u00f3pica<\/b> na qualidade de vida \u00e9 significativo: perturba\u00e7\u00e3o do sono, absentismo laboral, ansiedade e depress\u00e3o s\u00e3o comorbilidades frequentes.<\/p><h2>A barreira cut\u00e2nea<\/h2><p>A\u00a0<a href=\"https:\/\/staging.mediconanet.pt\/eczema-no-adulto-como-controlar-crises\/\" target=\"_blank\" rel=\"noopener\"><b>dermatite at\u00f3pica<\/b><\/a>\u00a0associa-se a uma disfun\u00e7\u00e3o da barreira epid\u00e9rmica \u2014 frequentemente por muta\u00e7\u00f5es no gene da filagrina \u2014 que facilita a perda transepid\u00e9rmica de \u00e1gua e a penetra\u00e7\u00e3o de alerg\u00e9nios e microrganismos. Manter a barreira hidratada \u00e9 a pedra angular do tratamento.<\/p><h2>Tratamento<\/h2><p>O primeiro passo \u00e9 a aplica\u00e7\u00e3o di\u00e1ria e liberal de emolientes (cremes sem fragr\u00e2ncia), mesmo nas fases de remiss\u00e3o. Nas crises, os corticoides t\u00f3picos de pot\u00eancia adaptada \u00e0 localiza\u00e7\u00e3o s\u00e3o a primeira linha. Os inibidores t\u00f3picos da calcineurina (tacrolimus, pimecrolimus) s\u00e3o alternativa ou adjuvante, especialmente em zonas sens\u00edveis como a face. Em formas moderadas a graves, est\u00e3o dispon\u00edveis terapias sist\u00e9micas: dupilumab (anticorpo monoclonal anti-IL4\/IL13), inibidores JAK orais (baricitinib, upadacitinib, abrocitinib) e tralokinumab, todos aprovados pela EMA e dispon\u00edveis em Portugal em regime hospitalar.<\/p><h2>Medidas complementares<\/h2><p>Evitar irritantes (sab\u00f5es agressivos, l\u00e3, calor excessivo), usar roupa de algod\u00e3o, banhos curtos e t\u00e9pidos, e aplicar emoliente imediatamente ap\u00f3s o banho. A gest\u00e3o do stress e o sono adequado contribuem para reduzir surtos.<\/p>\t\t\t\t\t\t\t\t<\/div>\n\t\t\t\t\t<\/div>\n\t\t\t\t<\/div>\n\t\t<div class=\"elementor-element elementor-element-1545e08 e-flex e-con-boxed e-con e-parent\" data-id=\"1545e08\" data-element_type=\"container\" data-e-type=\"container\">\n\t\t\t\t\t<div class=\"e-con-inner\">\n\t\t\t\t<div class=\"elementor-element elementor-element-8ee3907 elementor-widget elementor-widget-image\" data-id=\"8ee3907\" data-element_type=\"widget\" data-e-type=\"widget\" data-widget_type=\"image.default\">\n\t\t\t\t\t\t\t\t\t\t\t\t\t\t\t<img fetchpriority=\"high\" decoding=\"async\" width=\"800\" height=\"450\" src=\"https:\/\/staging.mediconanet.pt\/wp-content\/uploads\/2026\/04\/Imagem-para-Redes-Sociais-a-Rosa-sobre-Descontos-de-Primavera-2026-04-17T090953.107-1024x576.jpg\" class=\"attachment-large size-large wp-image-61748\" alt=\"Mulher em consulta online para tratar dermatite at\u00f3pica\" srcset=\"https:\/\/staging.mediconanet.pt\/wp-content\/uploads\/2026\/04\/Imagem-para-Redes-Sociais-a-Rosa-sobre-Descontos-de-Primavera-2026-04-17T090953.107-1024x576.jpg 1024w, https:\/\/staging.mediconanet.pt\/wp-content\/uploads\/2026\/04\/Imagem-para-Redes-Sociais-a-Rosa-sobre-Descontos-de-Primavera-2026-04-17T090953.107-300x169.jpg 300w, https:\/\/staging.mediconanet.pt\/wp-content\/uploads\/2026\/04\/Imagem-para-Redes-Sociais-a-Rosa-sobre-Descontos-de-Primavera-2026-04-17T090953.107-768x432.jpg 768w, https:\/\/staging.mediconanet.pt\/wp-content\/uploads\/2026\/04\/Imagem-para-Redes-Sociais-a-Rosa-sobre-Descontos-de-Primavera-2026-04-17T090953.107-18x10.jpg 18w, https:\/\/staging.mediconanet.pt\/wp-content\/uploads\/2026\/04\/Imagem-para-Redes-Sociais-a-Rosa-sobre-Descontos-de-Primavera-2026-04-17T090953.107-600x337.jpg 600w, https:\/\/staging.mediconanet.pt\/wp-content\/uploads\/2026\/04\/Imagem-para-Redes-Sociais-a-Rosa-sobre-Descontos-de-Primavera-2026-04-17T090953.107.jpg 1366w\" sizes=\"(max-width: 800px) 100vw, 800px\" \/>\t\t\t\t\t\t\t\t\t\t\t\t\t\t\t<\/div>\n\t\t<div class=\"elementor-element elementor-element-9ad30cf e-con-full e-flex e-con e-child\" data-id=\"9ad30cf\" data-element_type=\"container\" data-e-type=\"container\">\n\t\t<div class=\"elementor-element elementor-element-66e4f21 e-con-full e-flex e-con e-child\" data-id=\"66e4f21\" data-element_type=\"container\" data-e-type=\"container\">\n\t\t\t\t<div class=\"elementor-element elementor-element-c44ae3e elementor-widget elementor-widget-heading\" data-id=\"c44ae3e\" data-element_type=\"widget\" data-e-type=\"widget\" data-widget_type=\"heading.default\">\n\t\t\t\t\t<h2 class=\"elementor-heading-title elementor-size-default\">Perguntas frequentes (FAQ)<\/h2>\t\t\t\t<\/div>\n\t\t\t\t<div class=\"elementor-element elementor-element-439b5c3 elementor-widget elementor-widget-n-accordion\" data-id=\"439b5c3\" data-element_type=\"widget\" data-e-type=\"widget\" data-settings=\"{&quot;default_state&quot;:&quot;all_collapsed&quot;,&quot;max_items_expended&quot;:&quot;one&quot;,&quot;n_accordion_animation_duration&quot;:{&quot;unit&quot;:&quot;ms&quot;,&quot;size&quot;:400,&quot;sizes&quot;:[]}}\" data-widget_type=\"nested-accordion.default\">\n\t\t\t\t\t\t\t<div class=\"e-n-accordion\" aria-label=\"Accordion. Open links with Enter or Space, close with Escape, and navigate with Arrow Keys\">\n\t\t\t\t\t\t<details id=\"e-n-accordion-item-7080\" class=\"e-n-accordion-item\" >\n\t\t\t\t<summary class=\"e-n-accordion-item-title\" data-accordion-index=\"1\" tabindex=\"0\" aria-expanded=\"false\" aria-controls=\"e-n-accordion-item-7080\" >\n\t\t\t\t\t<span class='e-n-accordion-item-title-header'><div class=\"e-n-accordion-item-title-text\"> A dermatite at\u00f3pica \u00e9 contagiosa? <\/div><\/span>\n\t\t\t\t\t\t\t<span class='e-n-accordion-item-title-icon'>\n\t\t\t<span class='e-opened' ><svg aria-hidden=\"true\" class=\"e-font-icon-svg e-fas-minus\" viewBox=\"0 0 448 512\" xmlns=\"http:\/\/www.w3.org\/2000\/svg\"><path d=\"M416 208H32c-17.67 0-32 14.33-32 32v32c0 17.67 14.33 32 32 32h384c17.67 0 32-14.33 32-32v-32c0-17.67-14.33-32-32-32z\"><\/path><\/svg><\/span>\n\t\t\t<span class='e-closed'><svg aria-hidden=\"true\" class=\"e-font-icon-svg e-fas-plus\" viewBox=\"0 0 448 512\" xmlns=\"http:\/\/www.w3.org\/2000\/svg\"><path d=\"M416 208H272V64c0-17.67-14.33-32-32-32h-32c-17.67 0-32 14.33-32 32v144H32c-17.67 0-32 14.33-32 32v32c0 17.67 14.33 32 32 32h144v144c0 17.67 14.33 32 32 32h32c17.67 0 32-14.33 32-32V304h144c17.67 0 32-14.33 32-32v-32c0-17.67-14.33-32-32-32z\"><\/path><\/svg><\/span>\n\t\t<\/span>\n\n\t\t\t\t\t\t<\/summary>\n\t\t\t\t<div role=\"region\" aria-labelledby=\"e-n-accordion-item-7080\" class=\"elementor-element elementor-element-d801294 e-con-full e-flex e-con e-child\" data-id=\"d801294\" data-element_type=\"container\" data-e-type=\"container\">\n\t\t<div role=\"region\" aria-labelledby=\"e-n-accordion-item-7080\" class=\"elementor-element elementor-element-67dd609 e-flex e-con-boxed e-con e-child\" data-id=\"67dd609\" data-element_type=\"container\" data-e-type=\"container\">\n\t\t\t\t\t<div class=\"e-con-inner\">\n\t\t\t\t<div class=\"elementor-element elementor-element-2204be5 elementor-widget elementor-widget-text-editor\" data-id=\"2204be5\" data-element_type=\"widget\" data-e-type=\"widget\" data-widget_type=\"text-editor.default\">\n\t\t\t\t\t\t\t\t\t<p>N\u00e3o. \u00c9 uma doen\u00e7a gen\u00e9tica e imunol\u00f3gica, n\u00e3o infeciosa. N\u00e3o se transmite por contacto.<\/p>\t\t\t\t\t\t\t\t<\/div>\n\t\t\t\t\t<\/div>\n\t\t\t\t<\/div>\n\t\t\t\t<\/div>\n\t\t\t\t\t<\/details>\n\t\t\t\t\t\t<details id=\"e-n-accordion-item-7081\" class=\"e-n-accordion-item\" >\n\t\t\t\t<summary class=\"e-n-accordion-item-title\" data-accordion-index=\"2\" tabindex=\"-1\" aria-expanded=\"false\" aria-controls=\"e-n-accordion-item-7081\" >\n\t\t\t\t\t<span class='e-n-accordion-item-title-header'><div class=\"e-n-accordion-item-title-text\"> Posso usar cortisona na cara? <\/div><\/span>\n\t\t\t\t\t\t\t<span class='e-n-accordion-item-title-icon'>\n\t\t\t<span class='e-opened' ><svg aria-hidden=\"true\" class=\"e-font-icon-svg e-fas-minus\" viewBox=\"0 0 448 512\" xmlns=\"http:\/\/www.w3.org\/2000\/svg\"><path d=\"M416 208H32c-17.67 0-32 14.33-32 32v32c0 17.67 14.33 32 32 32h384c17.67 0 32-14.33 32-32v-32c0-17.67-14.33-32-32-32z\"><\/path><\/svg><\/span>\n\t\t\t<span class='e-closed'><svg aria-hidden=\"true\" class=\"e-font-icon-svg e-fas-plus\" viewBox=\"0 0 448 512\" xmlns=\"http:\/\/www.w3.org\/2000\/svg\"><path d=\"M416 208H272V64c0-17.67-14.33-32-32-32h-32c-17.67 0-32 14.33-32 32v144H32c-17.67 0-32 14.33-32 32v32c0 17.67 14.33 32 32 32h144v144c0 17.67 14.33 32 32 32h32c17.67 0 32-14.33 32-32V304h144c17.67 0 32-14.33 32-32v-32c0-17.67-14.33-32-32-32z\"><\/path><\/svg><\/span>\n\t\t<\/span>\n\n\t\t\t\t\t\t<\/summary>\n\t\t\t\t<div role=\"region\" aria-labelledby=\"e-n-accordion-item-7081\" class=\"elementor-element elementor-element-f07e3ff e-con-full e-flex e-con e-child\" data-id=\"f07e3ff\" data-element_type=\"container\" data-e-type=\"container\">\n\t\t<div role=\"region\" aria-labelledby=\"e-n-accordion-item-7081\" class=\"elementor-element elementor-element-ba0d7df e-flex e-con-boxed e-con e-child\" data-id=\"ba0d7df\" data-element_type=\"container\" data-e-type=\"container\">\n\t\t\t\t\t<div class=\"e-con-inner\">\n\t\t\t\t<div class=\"elementor-element elementor-element-bd0918d elementor-widget elementor-widget-text-editor\" data-id=\"bd0918d\" data-element_type=\"widget\" data-e-type=\"widget\" data-widget_type=\"text-editor.default\">\n\t\t\t\t\t\t\t\t\t<p>Sim, mas corticoides de baixa pot\u00eancia e por per\u00edodos curtos. Os inibidores da calcineurina s\u00e3o alternativa preferida para a face e p\u00e1lpebras.<\/p>\t\t\t\t\t\t\t\t<\/div>\n\t\t\t\t\t<\/div>\n\t\t\t\t<\/div>\n\t\t\t\t<\/div>\n\t\t\t\t\t<\/details>\n\t\t\t\t\t\t<details id=\"e-n-accordion-item-7082\" class=\"e-n-accordion-item\" >\n\t\t\t\t<summary class=\"e-n-accordion-item-title\" data-accordion-index=\"3\" tabindex=\"-1\" aria-expanded=\"false\" aria-controls=\"e-n-accordion-item-7082\" >\n\t\t\t\t\t<span class='e-n-accordion-item-title-header'><div class=\"e-n-accordion-item-title-text\"> O dupilumab tem efeitos secund\u00e1rios graves? <\/div><\/span>\n\t\t\t\t\t\t\t<span class='e-n-accordion-item-title-icon'>\n\t\t\t<span class='e-opened' ><svg aria-hidden=\"true\" class=\"e-font-icon-svg e-fas-minus\" viewBox=\"0 0 448 512\" xmlns=\"http:\/\/www.w3.org\/2000\/svg\"><path d=\"M416 208H32c-17.67 0-32 14.33-32 32v32c0 17.67 14.33 32 32 32h384c17.67 0 32-14.33 32-32v-32c0-17.67-14.33-32-32-32z\"><\/path><\/svg><\/span>\n\t\t\t<span class='e-closed'><svg aria-hidden=\"true\" class=\"e-font-icon-svg e-fas-plus\" viewBox=\"0 0 448 512\" xmlns=\"http:\/\/www.w3.org\/2000\/svg\"><path d=\"M416 208H272V64c0-17.67-14.33-32-32-32h-32c-17.67 0-32 14.33-32 32v144H32c-17.67 0-32 14.33-32 32v32c0 17.67 14.33 32 32 32h144v144c0 17.67 14.33 32 32 32h32c17.67 0 32-14.33 32-32V304h144c17.67 0 32-14.33 32-32v-32c0-17.67-14.33-32-32-32z\"><\/path><\/svg><\/span>\n\t\t<\/span>\n\n\t\t\t\t\t\t<\/summary>\n\t\t\t\t<div role=\"region\" aria-labelledby=\"e-n-accordion-item-7082\" class=\"elementor-element elementor-element-1948aa2 e-con-full e-flex e-con e-child\" data-id=\"1948aa2\" data-element_type=\"container\" data-e-type=\"container\">\n\t\t<div role=\"region\" aria-labelledby=\"e-n-accordion-item-7082\" class=\"elementor-element elementor-element-44203e4 e-flex e-con-boxed e-con e-child\" data-id=\"44203e4\" data-element_type=\"container\" data-e-type=\"container\">\n\t\t\t\t\t<div class=\"e-con-inner\">\n\t\t\t\t<div class=\"elementor-element elementor-element-90363e4 elementor-widget elementor-widget-text-editor\" data-id=\"90363e4\" data-element_type=\"widget\" data-e-type=\"widget\" data-widget_type=\"text-editor.default\">\n\t\t\t\t\t\t\t\t\t<p>O dupilumab tem um bom perfil de seguran\u00e7a. Os efeitos mais comuns s\u00e3o conjuntivite e rea\u00e7\u00e3o no local de inje\u00e7\u00e3o. N\u00e3o apresenta o risco de imunossupress\u00e3o dos f\u00e1rmacos cl\u00e1ssicos.<\/p>\t\t\t\t\t\t\t\t<\/div>\n\t\t\t\t\t<\/div>\n\t\t\t\t<\/div>\n\t\t\t\t<\/div>\n\t\t\t\t\t<\/details>\n\t\t\t\t\t<\/div>\n\t\t\t\t\t<script type=\"application\/ld+json\">{\"@context\":\"https:\\\/\\\/schema.org\",\"@type\":\"FAQPage\",\"mainEntity\":[{\"@type\":\"Question\",\"name\":\"A dermatite at\\u00f3pica \\u00e9 contagiosa?\",\"acceptedAnswer\":{\"@type\":\"Answer\",\"text\":\"N\\u00e3o. \\u00c9 uma doen\\u00e7a gen\\u00e9tica e imunol\\u00f3gica, n\\u00e3o infeciosa. N\\u00e3o se transmite por contacto.\"}},{\"@type\":\"Question\",\"name\":\"Posso usar cortisona na cara?\",\"acceptedAnswer\":{\"@type\":\"Answer\",\"text\":\"Sim, mas corticoides de baixa pot\\u00eancia e por per\\u00edodos curtos. Os inibidores da calcineurina s\\u00e3o alternativa preferida para a face e p\\u00e1lpebras.\"}},{\"@type\":\"Question\",\"name\":\"O dupilumab tem efeitos secund\\u00e1rios graves?\",\"acceptedAnswer\":{\"@type\":\"Answer\",\"text\":\"O dupilumab tem um bom perfil de seguran\\u00e7a. Os efeitos mais comuns s\\u00e3o conjuntivite e rea\\u00e7\\u00e3o no local de inje\\u00e7\\u00e3o. N\\u00e3o apresenta o risco de imunossupress\\u00e3o dos f\\u00e1rmacos cl\\u00e1ssicos.\"}}]}<\/script>\n\t\t\t\t\t\t\t<\/div>\n\t\t\t\t<\/div>\n\t\t\t\t<\/div>\n\t\t\t\t\t<\/div>\n\t\t\t\t<\/div>\n\t\t<div class=\"elementor-element elementor-element-02d7fba e-flex e-con-boxed e-con e-parent\" data-id=\"02d7fba\" data-element_type=\"container\" data-e-type=\"container\">\n\t\t\t\t\t<div class=\"e-con-inner\">\n\t\t\t\t<div class=\"elementor-element elementor-element-ca91313 elementor-widget elementor-widget-text-editor\" data-id=\"ca91313\" data-element_type=\"widget\" data-e-type=\"widget\" data-widget_type=\"text-editor.default\">\n\t\t\t\t\t\t\t\t\t<h2>Refer\u00eancias<\/h2><a href=\"https:\/\/www.ehf-org.org\/\" target=\"_blank\" rel=\"dofollow noopener\">EHF Guideline on CGRP Monoclonal Antibodies<\/a>\n\n<a href=\"https:\/\/www.nice.org.uk\/guidance\/ng150\" target=\"_blank\" rel=\"dofollow noopener\">NICE NG150 \u2013 Headaches in over 12s<\/a>\n\n<a href=\"https:\/\/americanheadachesociety.org\/\" target=\"_blank\" rel=\"dofollow noopener\">American Headache Society \u2013 Migraine Treatments<\/a>\n\n<a href=\"https:\/\/www.infarmed.pt\/\" target=\"_blank\" rel=\"dofollow noopener\">Infarmed \u2013 Anticorpos anti-CGRP<\/a>\n\n<a href=\"https:\/\/www.ema.europa.eu\/\" target=\"_blank\" rel=\"dofollow noopener\">EMA \u2013 Medicines for Migraine<\/a>\n\n<a href=\"https:\/\/www.dgs.pt\/\" target=\"_blank\" rel=\"dofollow noopener\">DGS \u2013 Norma sobre cefaleias<\/a>\t\t\t\t\t\t\t\t<\/div>\n\t\t\t\t\t<\/div>\n\t\t\t\t<\/div>\n\t\t\t\t<\/div>\n\t\t","protected":false},"excerpt":{"rendered":"<p>Introdu\u00e7\u00e3o A dermatite at\u00f3pica (eczema at\u00f3pico) \u00e9 uma doen\u00e7a inflamat\u00f3ria cr\u00f3nica da pele, de base gen\u00e9tica e imunol\u00f3gica, que afeta cerca de 5-10% dos adultos europeus. Embora seja mais conhecida como \u00abdoen\u00e7a de crian\u00e7as\u00bb, muitos doentes mant\u00eam sintomas de dermatite at\u00f3pica na idade adulta ou desenvolvem a doen\u00e7a pela primeira vez j\u00e1 em adultos. Manifesta\u00e7\u00f5es [&hellip;]<\/p>\n","protected":false},"author":13102,"featured_media":61752,"comment_status":"closed","ping_status":"closed","sticky":false,"template":"","format":"standard","meta":{"_jetpack_memberships_contains_paid_content":false,"footnotes":""},"categories":[56],"tags":[],"class_list":["post-61725","post","type-post","status-publish","format-standard","has-post-thumbnail","hentry","category-alergias"],"jetpack_featured_media_url":"https:\/\/staging.mediconanet.pt\/wp-content\/uploads\/2026\/04\/Imagem-para-Redes-Sociais-a-Rosa-sobre-Descontos-de-Primavera-2026-04-17T091257.915.jpg","jetpack_sharing_enabled":true,"_links":{"self":[{"href":"https:\/\/staging.mediconanet.pt\/en\/wp-json\/wp\/v2\/posts\/61725","targetHints":{"allow":["GET"]}}],"collection":[{"href":"https:\/\/staging.mediconanet.pt\/en\/wp-json\/wp\/v2\/posts"}],"about":[{"href":"https:\/\/staging.mediconanet.pt\/en\/wp-json\/wp\/v2\/types\/post"}],"author":[{"embeddable":true,"href":"https:\/\/staging.mediconanet.pt\/en\/wp-json\/wp\/v2\/users\/13102"}],"replies":[{"embeddable":true,"href":"https:\/\/staging.mediconanet.pt\/en\/wp-json\/wp\/v2\/comments?post=61725"}],"version-history":[{"count":4,"href":"https:\/\/staging.mediconanet.pt\/en\/wp-json\/wp\/v2\/posts\/61725\/revisions"}],"predecessor-version":[{"id":61751,"href":"https:\/\/staging.mediconanet.pt\/en\/wp-json\/wp\/v2\/posts\/61725\/revisions\/61751"}],"wp:featuredmedia":[{"embeddable":true,"href":"https:\/\/staging.mediconanet.pt\/en\/wp-json\/wp\/v2\/media\/61752"}],"wp:attachment":[{"href":"https:\/\/staging.mediconanet.pt\/en\/wp-json\/wp\/v2\/media?parent=61725"}],"wp:term":[{"taxonomy":"category","embeddable":true,"href":"https:\/\/staging.mediconanet.pt\/en\/wp-json\/wp\/v2\/categories?post=61725"},{"taxonomy":"post_tag","embeddable":true,"href":"https:\/\/staging.mediconanet.pt\/en\/wp-json\/wp\/v2\/tags?post=61725"}],"curies":[{"name":"wp","href":"https:\/\/api.w.org\/{rel}","templated":true}]}}