{"id":61572,"date":"2026-04-16T02:05:12","date_gmt":"2026-04-16T01:05:12","guid":{"rendered":"https:\/\/www.mediconanet.pt\/?p=61572"},"modified":"2026-04-17T16:33:01","modified_gmt":"2026-04-17T15:33:01","slug":"alergia-alimentar-sintomas-diagnostico-2","status":"publish","type":"post","link":"https:\/\/staging.mediconanet.pt\/en\/alergia-alimentar-sintomas-diagnostico-2\/","title":{"rendered":"Alergia Alimentar: Reconhecer, Diagnosticar e Gerir"},"content":{"rendered":"\t\t<div data-elementor-type=\"wp-post\" data-elementor-id=\"61572\" class=\"elementor elementor-61572\" data-elementor-post-type=\"post\">\n\t\t\t\t<div class=\"elementor-element elementor-element-570cfe3 e-flex e-con-boxed e-con e-parent\" data-id=\"570cfe3\" data-element_type=\"container\" data-e-type=\"container\">\n\t\t\t\t\t<div class=\"e-con-inner\">\n\t\t\t\t<div class=\"elementor-element elementor-element-1761780 elementor-widget elementor-widget-text-editor\" data-id=\"1761780\" data-element_type=\"widget\" data-e-type=\"widget\" data-widget_type=\"text-editor.default\">\n\t\t\t\t\t\t\t\t\t<h2>Introdu\u00e7\u00e3o<\/h2><p>A <b>alergia alimentar<\/b> \u00e9 uma rea\u00e7\u00e3o adversa imunomediada reprodut\u00edvel \u00e0 ingest\u00e3o de um determinado alimento. Estima-se que afete cerca de 2-4% dos adultos e at\u00e9 8% das crian\u00e7as em pa\u00edses europeus, com tend\u00eancia crescente nas \u00faltimas d\u00e9cadas.<\/p><h2>Alergia ou intoler\u00e2ncia?<\/h2><p>\u00c9 fundamental distinguir\u00a0<a href=\"https:\/\/staging.mediconanet.pt\/produto\/alergias\/\" target=\"_blank\" rel=\"noopener\"><b>alergia alimentar<\/b><\/a>\u00a0(mediada pelo sistema imunit\u00e1rio, habitualmente por IgE) de intoler\u00e2ncia alimentar (por exemplo, \u00e0 lactose), que resulta de d\u00e9fices enzim\u00e1ticos e n\u00e3o envolve mecanismos imunol\u00f3gicos. As manifesta\u00e7\u00f5es, gravidade e abordagem s\u00e3o muito distintas.<\/p><h2>Principais alimentos envolvidos<\/h2><p>Os alerg\u00e9nios mais frequentes na Europa incluem leite de vaca, ovo, amendoim, frutos de casca rija, peixe, marisco, soja, trigo e sementes de s\u00e9samo. A Comiss\u00e3o Europeia lista 14 alerg\u00e9nios de declara\u00e7\u00e3o obrigat\u00f3ria na rotulagem alimentar.<\/p><h2>Sintomas e anafilaxia<\/h2><p>As manifesta\u00e7\u00f5es surgem habitualmente em minutos a duas horas ap\u00f3s a ingest\u00e3o e podem incluir urtic\u00e1ria, angioedema, v\u00f3mitos, dor abdominal, broncospasmo e hipotens\u00e3o. A anafilaxia \u00e9 uma rea\u00e7\u00e3o grave, sist\u00e9mica e potencialmente fatal, que requer administra\u00e7\u00e3o imediata de adrenalina intramuscular e avalia\u00e7\u00e3o hospitalar.<\/p><h2>Diagn\u00f3stico e tratamento<\/h2><p>O diagn\u00f3stico apoia-se na hist\u00f3ria cl\u00ednica, testes cut\u00e2neos, doseamento de IgE espec\u00edfica e, quando necess\u00e1rio, provas de provoca\u00e7\u00e3o oral em meio controlado. O tratamento assenta na evic\u00e7\u00e3o estrita do alimento, educa\u00e7\u00e3o do doente e familiares, plano de a\u00e7\u00e3o escrito e prescri\u00e7\u00e3o de autoinjetor de adrenalina em caso de risco de anafilaxia.<\/p>\t\t\t\t\t\t\t\t<\/div>\n\t\t\t\t\t<\/div>\n\t\t\t\t<\/div>\n\t\t<div class=\"elementor-element elementor-element-1545e08 e-flex e-con-boxed e-con e-parent\" data-id=\"1545e08\" data-element_type=\"container\" data-e-type=\"container\">\n\t\t\t\t\t<div class=\"e-con-inner\">\n\t\t\t\t<div class=\"elementor-element elementor-element-8ee3907 elementor-widget elementor-widget-image\" data-id=\"8ee3907\" data-element_type=\"widget\" data-e-type=\"widget\" data-widget_type=\"image.default\">\n\t\t\t\t\t\t\t\t\t\t\t\t\t\t\t<img fetchpriority=\"high\" decoding=\"async\" width=\"800\" height=\"450\" src=\"https:\/\/staging.mediconanet.pt\/wp-content\/uploads\/2026\/04\/Imagem-para-Redes-Sociais-a-Rosa-sobre-Descontos-de-Primavera-2026-04-16T001529.182-1-1024x576.jpg\" class=\"attachment-large size-large wp-image-61625\" alt=\"Consulta online para avalia\u00e7\u00e3o de alergias\" srcset=\"https:\/\/staging.mediconanet.pt\/wp-content\/uploads\/2026\/04\/Imagem-para-Redes-Sociais-a-Rosa-sobre-Descontos-de-Primavera-2026-04-16T001529.182-1-1024x576.jpg 1024w, https:\/\/staging.mediconanet.pt\/wp-content\/uploads\/2026\/04\/Imagem-para-Redes-Sociais-a-Rosa-sobre-Descontos-de-Primavera-2026-04-16T001529.182-1-300x169.jpg 300w, https:\/\/staging.mediconanet.pt\/wp-content\/uploads\/2026\/04\/Imagem-para-Redes-Sociais-a-Rosa-sobre-Descontos-de-Primavera-2026-04-16T001529.182-1-768x432.jpg 768w, https:\/\/staging.mediconanet.pt\/wp-content\/uploads\/2026\/04\/Imagem-para-Redes-Sociais-a-Rosa-sobre-Descontos-de-Primavera-2026-04-16T001529.182-1-18x10.jpg 18w, https:\/\/staging.mediconanet.pt\/wp-content\/uploads\/2026\/04\/Imagem-para-Redes-Sociais-a-Rosa-sobre-Descontos-de-Primavera-2026-04-16T001529.182-1-600x337.jpg 600w, https:\/\/staging.mediconanet.pt\/wp-content\/uploads\/2026\/04\/Imagem-para-Redes-Sociais-a-Rosa-sobre-Descontos-de-Primavera-2026-04-16T001529.182-1.jpg 1366w\" sizes=\"(max-width: 800px) 100vw, 800px\" \/>\t\t\t\t\t\t\t\t\t\t\t\t\t\t\t<\/div>\n\t\t<div class=\"elementor-element elementor-element-9ad30cf e-con-full e-flex e-con e-child\" data-id=\"9ad30cf\" data-element_type=\"container\" data-e-type=\"container\">\n\t\t<div class=\"elementor-element elementor-element-66e4f21 e-con-full e-flex e-con e-child\" data-id=\"66e4f21\" data-element_type=\"container\" data-e-type=\"container\">\n\t\t\t\t<div class=\"elementor-element elementor-element-c44ae3e elementor-widget elementor-widget-heading\" data-id=\"c44ae3e\" data-element_type=\"widget\" data-e-type=\"widget\" data-widget_type=\"heading.default\">\n\t\t\t\t\t<h2 class=\"elementor-heading-title elementor-size-default\">Perguntas frequentes (FAQ)<\/h2>\t\t\t\t<\/div>\n\t\t\t\t<div class=\"elementor-element elementor-element-439b5c3 elementor-widget elementor-widget-n-accordion\" data-id=\"439b5c3\" data-element_type=\"widget\" data-e-type=\"widget\" data-settings=\"{&quot;default_state&quot;:&quot;all_collapsed&quot;,&quot;max_items_expended&quot;:&quot;one&quot;,&quot;n_accordion_animation_duration&quot;:{&quot;unit&quot;:&quot;ms&quot;,&quot;size&quot;:400,&quot;sizes&quot;:[]}}\" data-widget_type=\"nested-accordion.default\">\n\t\t\t\t\t\t\t<div class=\"e-n-accordion\" aria-label=\"Accordion. Open links with Enter or Space, close with Escape, and navigate with Arrow Keys\">\n\t\t\t\t\t\t<details id=\"e-n-accordion-item-7080\" class=\"e-n-accordion-item\" >\n\t\t\t\t<summary class=\"e-n-accordion-item-title\" data-accordion-index=\"1\" tabindex=\"0\" aria-expanded=\"false\" aria-controls=\"e-n-accordion-item-7080\" >\n\t\t\t\t\t<span class='e-n-accordion-item-title-header'><div class=\"e-n-accordion-item-title-text\"> Uma alergia alimentar pode desaparecer? <\/div><\/span>\n\t\t\t\t\t\t\t<span class='e-n-accordion-item-title-icon'>\n\t\t\t<span class='e-opened' ><svg aria-hidden=\"true\" class=\"e-font-icon-svg e-fas-minus\" viewBox=\"0 0 448 512\" xmlns=\"http:\/\/www.w3.org\/2000\/svg\"><path d=\"M416 208H32c-17.67 0-32 14.33-32 32v32c0 17.67 14.33 32 32 32h384c17.67 0 32-14.33 32-32v-32c0-17.67-14.33-32-32-32z\"><\/path><\/svg><\/span>\n\t\t\t<span class='e-closed'><svg aria-hidden=\"true\" class=\"e-font-icon-svg e-fas-plus\" viewBox=\"0 0 448 512\" xmlns=\"http:\/\/www.w3.org\/2000\/svg\"><path d=\"M416 208H272V64c0-17.67-14.33-32-32-32h-32c-17.67 0-32 14.33-32 32v144H32c-17.67 0-32 14.33-32 32v32c0 17.67 14.33 32 32 32h144v144c0 17.67 14.33 32 32 32h32c17.67 0 32-14.33 32-32V304h144c17.67 0 32-14.33 32-32v-32c0-17.67-14.33-32-32-32z\"><\/path><\/svg><\/span>\n\t\t<\/span>\n\n\t\t\t\t\t\t<\/summary>\n\t\t\t\t<div role=\"region\" aria-labelledby=\"e-n-accordion-item-7080\" class=\"elementor-element elementor-element-d801294 e-con-full e-flex e-con e-child\" data-id=\"d801294\" data-element_type=\"container\" data-e-type=\"container\">\n\t\t<div role=\"region\" aria-labelledby=\"e-n-accordion-item-7080\" class=\"elementor-element elementor-element-67dd609 e-flex e-con-boxed e-con e-child\" data-id=\"67dd609\" data-element_type=\"container\" data-e-type=\"container\">\n\t\t\t\t\t<div class=\"e-con-inner\">\n\t\t\t\t<div class=\"elementor-element elementor-element-2204be5 elementor-widget elementor-widget-text-editor\" data-id=\"2204be5\" data-element_type=\"widget\" data-e-type=\"widget\" data-widget_type=\"text-editor.default\">\n\t\t\t\t\t\t\t\t\t<p>Sim. Cerca de 80% das crian\u00e7as com alergia ao leite ou ao ovo desenvolvem toler\u00e2ncia at\u00e9 \u00e0 idade escolar. As alergias ao amendoim, frutos de casca rija, peixe e marisco tendem a persistir ao longo da vida.<\/p>\t\t\t\t\t\t\t\t<\/div>\n\t\t\t\t\t<\/div>\n\t\t\t\t<\/div>\n\t\t\t\t<\/div>\n\t\t\t\t\t<\/details>\n\t\t\t\t\t\t<details id=\"e-n-accordion-item-7081\" class=\"e-n-accordion-item\" >\n\t\t\t\t<summary class=\"e-n-accordion-item-title\" data-accordion-index=\"2\" tabindex=\"-1\" aria-expanded=\"false\" aria-controls=\"e-n-accordion-item-7081\" >\n\t\t\t\t\t<span class='e-n-accordion-item-title-header'><div class=\"e-n-accordion-item-title-text\"> Posso fazer desensibiliza\u00e7\u00e3o alimentar? <\/div><\/span>\n\t\t\t\t\t\t\t<span class='e-n-accordion-item-title-icon'>\n\t\t\t<span class='e-opened' ><svg aria-hidden=\"true\" class=\"e-font-icon-svg e-fas-minus\" viewBox=\"0 0 448 512\" xmlns=\"http:\/\/www.w3.org\/2000\/svg\"><path d=\"M416 208H32c-17.67 0-32 14.33-32 32v32c0 17.67 14.33 32 32 32h384c17.67 0 32-14.33 32-32v-32c0-17.67-14.33-32-32-32z\"><\/path><\/svg><\/span>\n\t\t\t<span class='e-closed'><svg aria-hidden=\"true\" class=\"e-font-icon-svg e-fas-plus\" viewBox=\"0 0 448 512\" xmlns=\"http:\/\/www.w3.org\/2000\/svg\"><path d=\"M416 208H272V64c0-17.67-14.33-32-32-32h-32c-17.67 0-32 14.33-32 32v144H32c-17.67 0-32 14.33-32 32v32c0 17.67 14.33 32 32 32h144v144c0 17.67 14.33 32 32 32h32c17.67 0 32-14.33 32-32V304h144c17.67 0 32-14.33 32-32v-32c0-17.67-14.33-32-32-32z\"><\/path><\/svg><\/span>\n\t\t<\/span>\n\n\t\t\t\t\t\t<\/summary>\n\t\t\t\t<div role=\"region\" aria-labelledby=\"e-n-accordion-item-7081\" class=\"elementor-element elementor-element-f07e3ff e-con-full e-flex e-con e-child\" data-id=\"f07e3ff\" data-element_type=\"container\" data-e-type=\"container\">\n\t\t<div role=\"region\" aria-labelledby=\"e-n-accordion-item-7081\" class=\"elementor-element elementor-element-ba0d7df e-flex e-con-boxed e-con e-child\" data-id=\"ba0d7df\" data-element_type=\"container\" data-e-type=\"container\">\n\t\t\t\t\t<div class=\"e-con-inner\">\n\t\t\t\t<div class=\"elementor-element elementor-element-bd0918d elementor-widget elementor-widget-text-editor\" data-id=\"bd0918d\" data-element_type=\"widget\" data-e-type=\"widget\" data-widget_type=\"text-editor.default\">\n\t\t\t\t\t\t\t\t\t<p>A imunoterapia oral para amendoim est\u00e1 aprovada em alguns pa\u00edses para crian\u00e7as. Deve ser realizada em centros especializados, com estrita monitoriza\u00e7\u00e3o m\u00e9dica.<\/p>\t\t\t\t\t\t\t\t<\/div>\n\t\t\t\t\t<\/div>\n\t\t\t\t<\/div>\n\t\t\t\t<\/div>\n\t\t\t\t\t<\/details>\n\t\t\t\t\t\t<details id=\"e-n-accordion-item-7082\" class=\"e-n-accordion-item\" >\n\t\t\t\t<summary class=\"e-n-accordion-item-title\" data-accordion-index=\"3\" tabindex=\"-1\" aria-expanded=\"false\" aria-controls=\"e-n-accordion-item-7082\" >\n\t\t\t\t\t<span class='e-n-accordion-item-title-header'><div class=\"e-n-accordion-item-title-text\"> Como ler r\u00f3tulos alimentares? <\/div><\/span>\n\t\t\t\t\t\t\t<span class='e-n-accordion-item-title-icon'>\n\t\t\t<span class='e-opened' ><svg aria-hidden=\"true\" class=\"e-font-icon-svg e-fas-minus\" viewBox=\"0 0 448 512\" xmlns=\"http:\/\/www.w3.org\/2000\/svg\"><path d=\"M416 208H32c-17.67 0-32 14.33-32 32v32c0 17.67 14.33 32 32 32h384c17.67 0 32-14.33 32-32v-32c0-17.67-14.33-32-32-32z\"><\/path><\/svg><\/span>\n\t\t\t<span class='e-closed'><svg aria-hidden=\"true\" class=\"e-font-icon-svg e-fas-plus\" viewBox=\"0 0 448 512\" xmlns=\"http:\/\/www.w3.org\/2000\/svg\"><path d=\"M416 208H272V64c0-17.67-14.33-32-32-32h-32c-17.67 0-32 14.33-32 32v144H32c-17.67 0-32 14.33-32 32v32c0 17.67 14.33 32 32 32h144v144c0 17.67 14.33 32 32 32h32c17.67 0 32-14.33 32-32V304h144c17.67 0 32-14.33 32-32v-32c0-17.67-14.33-32-32-32z\"><\/path><\/svg><\/span>\n\t\t<\/span>\n\n\t\t\t\t\t\t<\/summary>\n\t\t\t\t<div role=\"region\" aria-labelledby=\"e-n-accordion-item-7082\" class=\"elementor-element elementor-element-1948aa2 e-con-full e-flex e-con e-child\" data-id=\"1948aa2\" data-element_type=\"container\" data-e-type=\"container\">\n\t\t<div role=\"region\" aria-labelledby=\"e-n-accordion-item-7082\" class=\"elementor-element elementor-element-44203e4 e-flex e-con-boxed e-con e-child\" data-id=\"44203e4\" data-element_type=\"container\" data-e-type=\"container\">\n\t\t\t\t\t<div class=\"e-con-inner\">\n\t\t\t\t<div class=\"elementor-element elementor-element-90363e4 elementor-widget elementor-widget-text-editor\" data-id=\"90363e4\" data-element_type=\"widget\" data-e-type=\"widget\" data-widget_type=\"text-editor.default\">\n\t\t\t\t\t\t\t\t\t<p>Na UE, os 14 alerg\u00e9nios de declara\u00e7\u00e3o obrigat\u00f3ria devem estar destacados na lista de ingredientes. Tenha tamb\u00e9m aten\u00e7\u00e3o \u00e0s men\u00e7\u00f5es \u00abpode conter vest\u00edgios de\u2026\u00bb, que sinalizam risco de contamina\u00e7\u00e3o cruzada.<\/p>\t\t\t\t\t\t\t\t<\/div>\n\t\t\t\t\t<\/div>\n\t\t\t\t<\/div>\n\t\t\t\t<\/div>\n\t\t\t\t\t<\/details>\n\t\t\t\t\t<\/div>\n\t\t\t\t\t<script type=\"application\/ld+json\">{\"@context\":\"https:\\\/\\\/schema.org\",\"@type\":\"FAQPage\",\"mainEntity\":[{\"@type\":\"Question\",\"name\":\"Uma alergia alimentar pode desaparecer?\",\"acceptedAnswer\":{\"@type\":\"Answer\",\"text\":\"Sim. Cerca de 80% das crian\\u00e7as com alergia ao leite ou ao ovo desenvolvem toler\\u00e2ncia at\\u00e9 \\u00e0 idade escolar. As alergias ao amendoim, frutos de casca rija, peixe e marisco tendem a persistir ao longo da vida.\"}},{\"@type\":\"Question\",\"name\":\"Posso fazer desensibiliza\\u00e7\\u00e3o alimentar?\",\"acceptedAnswer\":{\"@type\":\"Answer\",\"text\":\"A imunoterapia oral para amendoim est\\u00e1 aprovada em alguns pa\\u00edses para crian\\u00e7as. Deve ser realizada em centros especializados, com estrita monitoriza\\u00e7\\u00e3o m\\u00e9dica.\"}},{\"@type\":\"Question\",\"name\":\"Como ler r\\u00f3tulos alimentares?\",\"acceptedAnswer\":{\"@type\":\"Answer\",\"text\":\"Na UE, os 14 alerg\\u00e9nios de declara\\u00e7\\u00e3o obrigat\\u00f3ria devem estar destacados na lista de ingredientes. Tenha tamb\\u00e9m aten\\u00e7\\u00e3o \\u00e0s men\\u00e7\\u00f5es \\u00abpode conter vest\\u00edgios de\\u2026\\u00bb, que sinalizam risco de contamina\\u00e7\\u00e3o cruzada.\"}}]}<\/script>\n\t\t\t\t\t\t\t<\/div>\n\t\t\t\t<\/div>\n\t\t\t\t<\/div>\n\t\t\t\t\t<\/div>\n\t\t\t\t<\/div>\n\t\t<div class=\"elementor-element elementor-element-02d7fba e-flex e-con-boxed e-con e-parent\" data-id=\"02d7fba\" data-element_type=\"container\" data-e-type=\"container\">\n\t\t\t\t\t<div class=\"e-con-inner\">\n\t\t\t\t<div class=\"elementor-element elementor-element-ca91313 elementor-widget elementor-widget-text-editor\" data-id=\"ca91313\" data-element_type=\"widget\" data-e-type=\"widget\" data-widget_type=\"text-editor.default\">\n\t\t\t\t\t\t\t\t\t<h2>Refer\u00eancias<\/h2><a href=\"https:\/\/www.eaaci.org\/\" target=\"_blank\" rel=\"dofollow noopener\">EAACI \u2013 Food Allergy Guidelines<\/a>\n\n<a href=\"https:\/\/cks.nice.org.uk\/\" target=\"_blank\" rel=\"dofollow noopener\">NICE CKS \u2013 Food allergy<\/a>\n\n<a href=\"https:\/\/www.fda.gov\/\" target=\"_blank\" rel=\"dofollow noopener\">FDA \u2013 Food Allergies<\/a>\n\n<a href=\"https:\/\/www.asae.gov.pt\/\" target=\"_blank\" rel=\"dofollow noopener\">ASAE \u2013 Alerg\u00e9nios e rotulagem alimentar<\/a>\n\n<a href=\"https:\/\/www.efsa.europa.eu\/\" target=\"_blank\" rel=\"dofollow noopener\">EFSA \u2013 Food allergens<\/a>\n\n<a href=\"https:\/\/www.dgs.pt\/\" target=\"_blank\" rel=\"dofollow noopener\">DGS \u2013 Orienta\u00e7\u00e3o sobre anafilaxia<\/a>\t\t\t\t\t\t\t\t<\/div>\n\t\t\t\t\t<\/div>\n\t\t\t\t<\/div>\n\t\t\t\t<\/div>\n\t\t","protected":false},"excerpt":{"rendered":"<p>Introdu\u00e7\u00e3o A alergia alimentar \u00e9 uma rea\u00e7\u00e3o adversa imunomediada reprodut\u00edvel \u00e0 ingest\u00e3o de um determinado alimento. Estima-se que afete cerca de 2-4% dos adultos e at\u00e9 8% das crian\u00e7as em pa\u00edses europeus, com tend\u00eancia crescente nas \u00faltimas d\u00e9cadas. Alergia ou intoler\u00e2ncia? \u00c9 fundamental distinguir\u00a0alergia alimentar\u00a0(mediada pelo sistema imunit\u00e1rio, habitualmente por IgE) de intoler\u00e2ncia alimentar (por [&hellip;]<\/p>\n","protected":false},"author":13102,"featured_media":61623,"comment_status":"closed","ping_status":"closed","sticky":false,"template":"","format":"standard","meta":{"_jetpack_memberships_contains_paid_content":false,"footnotes":""},"categories":[56],"tags":[],"class_list":["post-61572","post","type-post","status-publish","format-standard","has-post-thumbnail","hentry","category-alergias"],"jetpack_featured_media_url":"https:\/\/staging.mediconanet.pt\/wp-content\/uploads\/2026\/04\/Imagem-para-Redes-Sociais-a-Rosa-sobre-Descontos-de-Primavera-2026-04-16T012008.068-1.jpg","jetpack_sharing_enabled":true,"_links":{"self":[{"href":"https:\/\/staging.mediconanet.pt\/en\/wp-json\/wp\/v2\/posts\/61572","targetHints":{"allow":["GET"]}}],"collection":[{"href":"https:\/\/staging.mediconanet.pt\/en\/wp-json\/wp\/v2\/posts"}],"about":[{"href":"https:\/\/staging.mediconanet.pt\/en\/wp-json\/wp\/v2\/types\/post"}],"author":[{"embeddable":true,"href":"https:\/\/staging.mediconanet.pt\/en\/wp-json\/wp\/v2\/users\/13102"}],"replies":[{"embeddable":true,"href":"https:\/\/staging.mediconanet.pt\/en\/wp-json\/wp\/v2\/comments?post=61572"}],"version-history":[{"count":4,"href":"https:\/\/staging.mediconanet.pt\/en\/wp-json\/wp\/v2\/posts\/61572\/revisions"}],"predecessor-version":[{"id":61628,"href":"https:\/\/staging.mediconanet.pt\/en\/wp-json\/wp\/v2\/posts\/61572\/revisions\/61628"}],"wp:featuredmedia":[{"embeddable":true,"href":"https:\/\/staging.mediconanet.pt\/en\/wp-json\/wp\/v2\/media\/61623"}],"wp:attachment":[{"href":"https:\/\/staging.mediconanet.pt\/en\/wp-json\/wp\/v2\/media?parent=61572"}],"wp:term":[{"taxonomy":"category","embeddable":true,"href":"https:\/\/staging.mediconanet.pt\/en\/wp-json\/wp\/v2\/categories?post=61572"},{"taxonomy":"post_tag","embeddable":true,"href":"https:\/\/staging.mediconanet.pt\/en\/wp-json\/wp\/v2\/tags?post=61572"}],"curies":[{"name":"wp","href":"https:\/\/api.w.org\/{rel}","templated":true}]}}