{"id":61457,"date":"2026-04-15T08:43:43","date_gmt":"2026-04-15T07:43:43","guid":{"rendered":"https:\/\/www.mediconanet.pt\/?p=61457"},"modified":"2026-04-17T16:33:42","modified_gmt":"2026-04-17T15:33:42","slug":"criancas-em-viagem-consulta-viajante-pediatrica","status":"publish","type":"post","link":"https:\/\/staging.mediconanet.pt\/en\/criancas-em-viagem-consulta-viajante-pediatrica\/","title":{"rendered":"Crian\u00e7as em Viagem: Consulta do Viajante Pedi\u00e1trica e Precau\u00e7\u00f5es Especiais"},"content":{"rendered":"\t\t<div data-elementor-type=\"wp-post\" data-elementor-id=\"61457\" class=\"elementor elementor-61457\" data-elementor-post-type=\"post\">\n\t\t\t\t<div class=\"elementor-element elementor-element-570cfe3 e-flex e-con-boxed e-con e-parent\" data-id=\"570cfe3\" data-element_type=\"container\" data-e-type=\"container\">\n\t\t\t\t\t<div class=\"e-con-inner\">\n\t\t\t\t<div class=\"elementor-element elementor-element-1761780 elementor-widget elementor-widget-text-editor\" data-id=\"1761780\" data-element_type=\"widget\" data-e-type=\"widget\" data-widget_type=\"text-editor.default\">\n\t\t\t\t\t\t\t\t\t<h2>Introdu\u00e7\u00e3o<\/h2><p><b>Viajar com crian\u00e7as<\/b> para destinos internacionais, particularmente para pa\u00edses tropicais ou em desenvolvimento, requer prepara\u00e7\u00e3o espec\u00edfica que tenha em conta as particularidades pedi\u00e1tricas. As crian\u00e7as s\u00e3o mais vulner\u00e1veis a v\u00e1rias doen\u00e7as infeciosas, t\u00eam maior risco de desidrata\u00e7\u00e3o, apresentam respostas imunit\u00e1rias diferentes \u00e0s vacinas e podem manifestar rea\u00e7\u00f5es at\u00edpicas a medicamentos.<\/p><p>A American Academy of Pediatrics (AAP) e a International Society of Travel Medicine (ISTM) publicam recomenda\u00e7\u00f5es espec\u00edficas para a consulta do viajante pedi\u00e1trica. Em Portugal, os centros de vacina\u00e7\u00e3o internacional da Dire\u00e7\u00e3o-Geral da Sa\u00fade (DGS) est\u00e3o preparados para avaliar e vacinar <b>crian\u00e7as viajantes<\/b>, com orienta\u00e7\u00f5es adaptadas \u00e0 idade e ao destino.<\/p><h2>Vacina\u00e7\u00e3o de Crian\u00e7as Viajantes<\/h2><p>A prepara\u00e7\u00e3o vacinal de <b>crian\u00e7as viajantes<\/b> come\u00e7a pela atualiza\u00e7\u00e3o do Programa Nacional de Vacina\u00e7\u00e3o (PNV). Em destinos com risco aumentado, a antecipa\u00e7\u00e3o de vacinas pode ser necess\u00e1ria. A vacina do sarampo, parotidite e rub\u00e9ola (VASPR) pode ser administrada a partir dos 6 meses em crian\u00e7as viajantes para zonas de risco, embora a dose seja reconsiderada aos 12 meses como parte do esquema de rotina.<\/p><p>As vacinas recomendadas em contexto de viagem incluem a hepatite A (a partir dos 12 meses), a febre tifoide (oral a partir dos 6 anos, injet\u00e1vel a partir dos 2 anos), a raiva (sem limite de idade, recomendada para crian\u00e7as que tenham contacto pr\u00f3ximo com animais em zonas end\u00e9micas), a encefalite japonesa (a partir dos 2 meses) e a febre amarela (a partir dos 9 meses, com precau\u00e7\u00f5es em crian\u00e7as entre 6-9 meses).<\/p><p>A vacina da febre amarela merece considera\u00e7\u00e3o especial em crian\u00e7as: est\u00e1 contraindicada em menores de 6 meses pelo risco de doen\u00e7a neurol\u00f3gica associada \u00e0 vacina (YEL-AND). Entre 6-9 meses, s\u00f3 deve ser administrada em situa\u00e7\u00f5es de risco elevado de exposi\u00e7\u00e3o. A partir dos 9 meses, \u00e9 administrada de forma semelhante aos adultos. O Instituto de Higiene e Medicina Tropical (IHMT) \u00e9 o centro de refer\u00eancia em Portugal para vacina\u00e7\u00e3o de viajantes pedi\u00e1tricos.<\/p><h2>Preven\u00e7\u00e3o de Mal\u00e1ria e Outras Doen\u00e7as Tropicais em Crian\u00e7as<\/h2><p>A mal\u00e1ria \u00e9 a principal preocupa\u00e7\u00e3o em <b>crian\u00e7as viajantes<\/b> para zonas end\u00e9micas, com risco de doen\u00e7a grave e mortalidade significativamente superior ao dos adultos. A prote\u00e7\u00e3o contra picadas de mosquitos \u00e9 fundamental: repelentes com DEET (at\u00e9 30 % em crian\u00e7as &gt;2 meses, nunca em menores), roupa comprida de cor clara, redes mosquiteiras impregnadas com permetrina e ar condicionado.<\/p><p>A quimioprofilaxia antipal\u00fadica em crian\u00e7as deve ser prescrita segundo o peso e idade. O atovaquona-proguanil (Malarone pedi\u00e1trico) \u00e9 autorizado a partir dos 5 kg, a doxiciclina a partir dos 8 anos (contraindicada antes pelo efeito nos dentes em desenvolvimento), e a mefloquina a partir dos 5 kg. A American Academy of Pediatrics desaconselha viagens a zonas de mal\u00e1ria com crian\u00e7as pequenas, exceto quando absolutamente necess\u00e1rio.<\/p><p>Outras precau\u00e7\u00f5es incluem a preven\u00e7\u00e3o de esquistossomose (evitar \u00e1gua doce em \u00c1frica Subsaariana), de infe\u00e7\u00f5es transmitidas por carra\u00e7as e da larva migrans cut\u00e2nea (evitar contacto direto da pele com areia de praia tropical). A prote\u00e7\u00e3o solar intensiva \u00e9 essencial \u2014 chap\u00e9u, roupa UV-protetora, protetor solar mineral FPS 50+ \u2014 dado que crian\u00e7as pequenas t\u00eam maior sensibilidade cut\u00e2nea ao sol e risco acrescido de queimaduras.<\/p><h2>Sa\u00fade em Viagem com Crian\u00e7as: Transporte, Alimenta\u00e7\u00e3o e Emerg\u00eancias<\/h2><p>O transporte a\u00e9reo com beb\u00e9s e crian\u00e7as requer precau\u00e7\u00f5es espec\u00edficas. A descompress\u00e3o dos ouvidos durante a descida pode ser aliviada pela amamenta\u00e7\u00e3o, biber\u00e3o ou chupeta. Beb\u00e9s com menos de 7 dias, infe\u00e7\u00e3o respirat\u00f3ria aguda ou otite m\u00e9dia ativa devem adiar viagens a\u00e9reas. As companhias a\u00e9reas t\u00eam regras espec\u00edficas para viajantes pedi\u00e1tricos.<\/p><p>A alimenta\u00e7\u00e3o da\u00a0<a href=\"https:\/\/staging.mediconanet.pt\/doenca-tropical-de-viagem-prevencao\/\" target=\"_blank\" rel=\"noopener\"><b>crian\u00e7a viajante<\/b><\/a>\u00a0deve privilegiar \u00e1gua engarrafada, alimentos bem cozinhados e servidos quentes, frutas descasc\u00e1veis e biber\u00f5es preparados com \u00e1gua fervida e arrefecida. A amamenta\u00e7\u00e3o materna deve ser mantida quando poss\u00edvel, oferecendo prote\u00e7\u00e3o imunol\u00f3gica e reduzindo o risco de gastroenterite. Em caso de diarreia, a reidrata\u00e7\u00e3o oral com solu\u00e7\u00f5es adequadas \u00e9 essencial \u2014 as crian\u00e7as desidratam rapidamente e a desidrata\u00e7\u00e3o grave \u00e9 uma emerg\u00eancia m\u00e9dica.<\/p><p>O kit m\u00e9dico pedi\u00e1trico de viagem deve incluir: paracetamol e ibuprofeno em suspens\u00e3o, anti-histam\u00ednico oral, sais de reidrata\u00e7\u00e3o oral, term\u00f3metro digital, soro fisiol\u00f3gico nasal, protetor solar, repelente apropriado para a idade, adesivos, antiss\u00e9ptico cut\u00e2neo, medica\u00e7\u00e3o cr\u00f3nica (em quantidade suficiente) e c\u00f3pia da receita m\u00e9dica. O CDC e a ISTM recomendam que os pais conhe\u00e7am a localiza\u00e7\u00e3o de hospitais pedi\u00e1tricos no destino e disponham de seguro de viagem com cobertura adequada para evacua\u00e7\u00e3o m\u00e9dica pedi\u00e1trica.<\/p><p><em>Na <strong>M\u00e9dico na Net<\/strong>, a <strong>equipa cl\u00ednica<\/strong> oferece consulta do viajante pedi\u00e1trica, com avalia\u00e7\u00e3o adaptada \u00e0 idade da crian\u00e7a, vacina\u00e7\u00e3o adequada, quimioprofilaxia antipal\u00fadica e orienta\u00e7\u00e3o completa para viajar com seguran\u00e7a em fam\u00edlia.<\/em><\/p>\t\t\t\t\t\t\t\t<\/div>\n\t\t\t\t\t<\/div>\n\t\t\t\t<\/div>\n\t\t<div class=\"elementor-element elementor-element-1545e08 e-flex e-con-boxed e-con e-parent\" data-id=\"1545e08\" data-element_type=\"container\" data-e-type=\"container\">\n\t\t\t\t\t<div class=\"e-con-inner\">\n\t\t\t\t<div class=\"elementor-element elementor-element-375973d elementor-widget elementor-widget-image\" data-id=\"375973d\" data-element_type=\"widget\" data-e-type=\"widget\" data-widget_type=\"image.default\">\n\t\t\t\t\t\t\t\t\t\t\t\t\t\t\t<img decoding=\"async\" src=\"https:\/\/staging.mediconanet.pt\/wp-content\/uploads\/2026\/04\/Imagem-para-Redes-Sociais-a-Rosa-sobre-Descontos-de-Primavera-2026-04-15T085619.572.jpg\" title=\"Consulta online pedi\u00e1trica para crian\u00e7as\" alt=\"Consulta m\u00e9dica online para acompanhamento de crian\u00e7as\" loading=\"lazy\" \/>\t\t\t\t\t\t\t\t\t\t\t\t\t\t\t<\/div>\n\t\t<div class=\"elementor-element elementor-element-9ad30cf e-con-full e-flex e-con e-child\" data-id=\"9ad30cf\" data-element_type=\"container\" data-e-type=\"container\">\n\t\t<div class=\"elementor-element elementor-element-66e4f21 e-con-full e-flex e-con e-child\" data-id=\"66e4f21\" data-element_type=\"container\" data-e-type=\"container\">\n\t\t\t\t<div class=\"elementor-element elementor-element-c44ae3e elementor-widget elementor-widget-heading\" data-id=\"c44ae3e\" data-element_type=\"widget\" data-e-type=\"widget\" data-widget_type=\"heading.default\">\n\t\t\t\t\t<h2 class=\"elementor-heading-title elementor-size-default\">Perguntas frequentes (FAQ)<\/h2>\t\t\t\t<\/div>\n\t\t\t\t<div class=\"elementor-element elementor-element-439b5c3 elementor-widget elementor-widget-n-accordion\" data-id=\"439b5c3\" data-element_type=\"widget\" data-e-type=\"widget\" data-settings=\"{&quot;default_state&quot;:&quot;all_collapsed&quot;,&quot;max_items_expended&quot;:&quot;one&quot;,&quot;n_accordion_animation_duration&quot;:{&quot;unit&quot;:&quot;ms&quot;,&quot;size&quot;:400,&quot;sizes&quot;:[]}}\" data-widget_type=\"nested-accordion.default\">\n\t\t\t\t\t\t\t<div class=\"e-n-accordion\" aria-label=\"Accordion. Open links with Enter or Space, close with Escape, and navigate with Arrow Keys\">\n\t\t\t\t\t\t<details id=\"e-n-accordion-item-7080\" class=\"e-n-accordion-item\" >\n\t\t\t\t<summary class=\"e-n-accordion-item-title\" data-accordion-index=\"1\" tabindex=\"0\" aria-expanded=\"false\" aria-controls=\"e-n-accordion-item-7080\" >\n\t\t\t\t\t<span class='e-n-accordion-item-title-header'><div class=\"e-n-accordion-item-title-text\"> A partir de que idade \u00e9 seguro viajar para os tr\u00f3picos com uma crian\u00e7a? <\/div><\/span>\n\t\t\t\t\t\t\t<span class='e-n-accordion-item-title-icon'>\n\t\t\t<span class='e-opened' ><svg aria-hidden=\"true\" class=\"e-font-icon-svg e-fas-minus\" viewBox=\"0 0 448 512\" xmlns=\"http:\/\/www.w3.org\/2000\/svg\"><path d=\"M416 208H32c-17.67 0-32 14.33-32 32v32c0 17.67 14.33 32 32 32h384c17.67 0 32-14.33 32-32v-32c0-17.67-14.33-32-32-32z\"><\/path><\/svg><\/span>\n\t\t\t<span class='e-closed'><svg aria-hidden=\"true\" class=\"e-font-icon-svg e-fas-plus\" viewBox=\"0 0 448 512\" xmlns=\"http:\/\/www.w3.org\/2000\/svg\"><path d=\"M416 208H272V64c0-17.67-14.33-32-32-32h-32c-17.67 0-32 14.33-32 32v144H32c-17.67 0-32 14.33-32 32v32c0 17.67 14.33 32 32 32h144v144c0 17.67 14.33 32 32 32h32c17.67 0 32-14.33 32-32V304h144c17.67 0 32-14.33 32-32v-32c0-17.67-14.33-32-32-32z\"><\/path><\/svg><\/span>\n\t\t<\/span>\n\n\t\t\t\t\t\t<\/summary>\n\t\t\t\t<div role=\"region\" aria-labelledby=\"e-n-accordion-item-7080\" class=\"elementor-element elementor-element-d801294 e-con-full e-flex e-con e-child\" data-id=\"d801294\" data-element_type=\"container\" data-e-type=\"container\">\n\t\t<div role=\"region\" aria-labelledby=\"e-n-accordion-item-7080\" class=\"elementor-element elementor-element-67dd609 e-flex e-con-boxed e-con e-child\" data-id=\"67dd609\" data-element_type=\"container\" data-e-type=\"container\">\n\t\t\t\t\t<div class=\"e-con-inner\">\n\t\t\t\t<div class=\"elementor-element elementor-element-2204be5 elementor-widget elementor-widget-text-editor\" data-id=\"2204be5\" data-element_type=\"widget\" data-e-type=\"widget\" data-widget_type=\"text-editor.default\">\n\t\t\t\t\t\t\t\t\t<p>Crian\u00e7as saud\u00e1veis podem viajar internacionalmente desde os primeiros meses, mas viagens a zonas com mal\u00e1ria ou doen\u00e7as tropicais graves devem ser adiadas se poss\u00edvel. A partir de 1-2 anos, as vacina\u00e7\u00f5es e a profilaxia antipal\u00fadica s\u00e3o mais abrangentes.<\/p>\t\t\t\t\t\t\t\t<\/div>\n\t\t\t\t\t<\/div>\n\t\t\t\t<\/div>\n\t\t\t\t<\/div>\n\t\t\t\t\t<\/details>\n\t\t\t\t\t\t<details id=\"e-n-accordion-item-7081\" class=\"e-n-accordion-item\" >\n\t\t\t\t<summary class=\"e-n-accordion-item-title\" data-accordion-index=\"2\" tabindex=\"-1\" aria-expanded=\"false\" aria-controls=\"e-n-accordion-item-7081\" >\n\t\t\t\t\t<span class='e-n-accordion-item-title-header'><div class=\"e-n-accordion-item-title-text\"> Posso usar repelente de DEET em crian\u00e7as? <\/div><\/span>\n\t\t\t\t\t\t\t<span class='e-n-accordion-item-title-icon'>\n\t\t\t<span class='e-opened' ><svg aria-hidden=\"true\" class=\"e-font-icon-svg e-fas-minus\" viewBox=\"0 0 448 512\" xmlns=\"http:\/\/www.w3.org\/2000\/svg\"><path d=\"M416 208H32c-17.67 0-32 14.33-32 32v32c0 17.67 14.33 32 32 32h384c17.67 0 32-14.33 32-32v-32c0-17.67-14.33-32-32-32z\"><\/path><\/svg><\/span>\n\t\t\t<span class='e-closed'><svg aria-hidden=\"true\" class=\"e-font-icon-svg e-fas-plus\" viewBox=\"0 0 448 512\" xmlns=\"http:\/\/www.w3.org\/2000\/svg\"><path d=\"M416 208H272V64c0-17.67-14.33-32-32-32h-32c-17.67 0-32 14.33-32 32v144H32c-17.67 0-32 14.33-32 32v32c0 17.67 14.33 32 32 32h144v144c0 17.67 14.33 32 32 32h32c17.67 0 32-14.33 32-32V304h144c17.67 0 32-14.33 32-32v-32c0-17.67-14.33-32-32-32z\"><\/path><\/svg><\/span>\n\t\t<\/span>\n\n\t\t\t\t\t\t<\/summary>\n\t\t\t\t<div role=\"region\" aria-labelledby=\"e-n-accordion-item-7081\" class=\"elementor-element elementor-element-f07e3ff e-con-full e-flex e-con e-child\" data-id=\"f07e3ff\" data-element_type=\"container\" data-e-type=\"container\">\n\t\t<div role=\"region\" aria-labelledby=\"e-n-accordion-item-7081\" class=\"elementor-element elementor-element-ba0d7df e-flex e-con-boxed e-con e-child\" data-id=\"ba0d7df\" data-element_type=\"container\" data-e-type=\"container\">\n\t\t\t\t\t<div class=\"e-con-inner\">\n\t\t\t\t<div class=\"elementor-element elementor-element-bd0918d elementor-widget elementor-widget-text-editor\" data-id=\"bd0918d\" data-element_type=\"widget\" data-e-type=\"widget\" data-widget_type=\"text-editor.default\">\n\t\t\t\t\t\t\t\t\t<p>Sim, a partir dos 2 meses, em concentra\u00e7\u00f5es at\u00e9 30%. Aplique nas m\u00e3os de um adulto e depois espalhe na crian\u00e7a, evitando m\u00e3os, olhos e boca. Nunca use DEET em beb\u00e9s com menos de 2 meses.<\/p>\t\t\t\t\t\t\t\t<\/div>\n\t\t\t\t\t<\/div>\n\t\t\t\t<\/div>\n\t\t\t\t<\/div>\n\t\t\t\t\t<\/details>\n\t\t\t\t\t\t<details id=\"e-n-accordion-item-7082\" class=\"e-n-accordion-item\" >\n\t\t\t\t<summary class=\"e-n-accordion-item-title\" data-accordion-index=\"3\" tabindex=\"-1\" aria-expanded=\"false\" aria-controls=\"e-n-accordion-item-7082\" >\n\t\t\t\t\t<span class='e-n-accordion-item-title-header'><div class=\"e-n-accordion-item-title-text\"> A profilaxia da mal\u00e1ria \u00e9 segura em crian\u00e7as pequenas? <\/div><\/span>\n\t\t\t\t\t\t\t<span class='e-n-accordion-item-title-icon'>\n\t\t\t<span class='e-opened' ><svg aria-hidden=\"true\" class=\"e-font-icon-svg e-fas-minus\" viewBox=\"0 0 448 512\" xmlns=\"http:\/\/www.w3.org\/2000\/svg\"><path d=\"M416 208H32c-17.67 0-32 14.33-32 32v32c0 17.67 14.33 32 32 32h384c17.67 0 32-14.33 32-32v-32c0-17.67-14.33-32-32-32z\"><\/path><\/svg><\/span>\n\t\t\t<span class='e-closed'><svg aria-hidden=\"true\" class=\"e-font-icon-svg e-fas-plus\" viewBox=\"0 0 448 512\" xmlns=\"http:\/\/www.w3.org\/2000\/svg\"><path d=\"M416 208H272V64c0-17.67-14.33-32-32-32h-32c-17.67 0-32 14.33-32 32v144H32c-17.67 0-32 14.33-32 32v32c0 17.67 14.33 32 32 32h144v144c0 17.67 14.33 32 32 32h32c17.67 0 32-14.33 32-32V304h144c17.67 0 32-14.33 32-32v-32c0-17.67-14.33-32-32-32z\"><\/path><\/svg><\/span>\n\t\t<\/span>\n\n\t\t\t\t\t\t<\/summary>\n\t\t\t\t<div role=\"region\" aria-labelledby=\"e-n-accordion-item-7082\" class=\"elementor-element elementor-element-1948aa2 e-con-full e-flex e-con e-child\" data-id=\"1948aa2\" data-element_type=\"container\" data-e-type=\"container\">\n\t\t<div role=\"region\" aria-labelledby=\"e-n-accordion-item-7082\" class=\"elementor-element elementor-element-44203e4 e-flex e-con-boxed e-con e-child\" data-id=\"44203e4\" data-element_type=\"container\" data-e-type=\"container\">\n\t\t\t\t\t<div class=\"e-con-inner\">\n\t\t\t\t<div class=\"elementor-element elementor-element-90363e4 elementor-widget elementor-widget-text-editor\" data-id=\"90363e4\" data-element_type=\"widget\" data-e-type=\"widget\" data-widget_type=\"text-editor.default\">\n\t\t\t\t\t\t\t\t\t<p>O atovaquona-proguanil pedi\u00e1trico \u00e9 seguro a partir dos 5 kg. A doxiciclina \u00e9 contraindicada antes dos 8 anos. A escolha deve ser individualizada em consulta de medicina do viajante especializada.<\/p>\t\t\t\t\t\t\t\t<\/div>\n\t\t\t\t\t<\/div>\n\t\t\t\t<\/div>\n\t\t\t\t<\/div>\n\t\t\t\t\t<\/details>\n\t\t\t\t\t\t<details id=\"e-n-accordion-item-7083\" class=\"e-n-accordion-item\" >\n\t\t\t\t<summary class=\"e-n-accordion-item-title\" data-accordion-index=\"4\" tabindex=\"-1\" aria-expanded=\"false\" aria-controls=\"e-n-accordion-item-7083\" >\n\t\t\t\t\t<span class='e-n-accordion-item-title-header'><div class=\"e-n-accordion-item-title-text\"> O que fazer se a minha crian\u00e7a tiver diarreia em viagem? <\/div><\/span>\n\t\t\t\t\t\t\t<span class='e-n-accordion-item-title-icon'>\n\t\t\t<span class='e-opened' ><svg aria-hidden=\"true\" class=\"e-font-icon-svg e-fas-minus\" viewBox=\"0 0 448 512\" xmlns=\"http:\/\/www.w3.org\/2000\/svg\"><path d=\"M416 208H32c-17.67 0-32 14.33-32 32v32c0 17.67 14.33 32 32 32h384c17.67 0 32-14.33 32-32v-32c0-17.67-14.33-32-32-32z\"><\/path><\/svg><\/span>\n\t\t\t<span class='e-closed'><svg aria-hidden=\"true\" class=\"e-font-icon-svg e-fas-plus\" viewBox=\"0 0 448 512\" xmlns=\"http:\/\/www.w3.org\/2000\/svg\"><path d=\"M416 208H272V64c0-17.67-14.33-32-32-32h-32c-17.67 0-32 14.33-32 32v144H32c-17.67 0-32 14.33-32 32v32c0 17.67 14.33 32 32 32h144v144c0 17.67 14.33 32 32 32h32c17.67 0 32-14.33 32-32V304h144c17.67 0 32-14.33 32-32v-32c0-17.67-14.33-32-32-32z\"><\/path><\/svg><\/span>\n\t\t<\/span>\n\n\t\t\t\t\t\t<\/summary>\n\t\t\t\t<div role=\"region\" aria-labelledby=\"e-n-accordion-item-7083\" class=\"elementor-element elementor-element-e6b82d0 e-con-full e-flex e-con e-child\" data-id=\"e6b82d0\" data-element_type=\"container\" data-e-type=\"container\">\n\t\t<div role=\"region\" aria-labelledby=\"e-n-accordion-item-7083\" class=\"elementor-element elementor-element-ff98332 e-flex e-con-boxed e-con e-child\" data-id=\"ff98332\" data-element_type=\"container\" data-e-type=\"container\">\n\t\t\t\t\t<div class=\"e-con-inner\">\n\t\t\t\t<div class=\"elementor-element elementor-element-b745fb3 elementor-widget elementor-widget-text-editor\" data-id=\"b745fb3\" data-element_type=\"widget\" data-e-type=\"widget\" data-widget_type=\"text-editor.default\">\n\t\t\t\t\t\t\t\t\t<p>Mantenha a hidrata\u00e7\u00e3o com SRO (sais de reidrata\u00e7\u00e3o oral), n\u00e3o interrompa a alimenta\u00e7\u00e3o habitual e a amamenta\u00e7\u00e3o. Procure ajuda m\u00e9dica se houver febre alta, sangue nas fezes, v\u00f3mitos persistentes ou sinais de desidrata\u00e7\u00e3o.<\/p>\t\t\t\t\t\t\t\t<\/div>\n\t\t\t\t\t<\/div>\n\t\t\t\t<\/div>\n\t\t\t\t<\/div>\n\t\t\t\t\t<\/details>\n\t\t\t\t\t\t<details id=\"e-n-accordion-item-7084\" class=\"e-n-accordion-item\" >\n\t\t\t\t<summary class=\"e-n-accordion-item-title\" data-accordion-index=\"5\" tabindex=\"-1\" aria-expanded=\"false\" aria-controls=\"e-n-accordion-item-7084\" >\n\t\t\t\t\t<span class='e-n-accordion-item-title-header'><div class=\"e-n-accordion-item-title-text\"> As crian\u00e7as podem fazer a vacina da febre amarela? <\/div><\/span>\n\t\t\t\t\t\t\t<span class='e-n-accordion-item-title-icon'>\n\t\t\t<span class='e-opened' ><svg aria-hidden=\"true\" class=\"e-font-icon-svg e-fas-minus\" viewBox=\"0 0 448 512\" xmlns=\"http:\/\/www.w3.org\/2000\/svg\"><path d=\"M416 208H32c-17.67 0-32 14.33-32 32v32c0 17.67 14.33 32 32 32h384c17.67 0 32-14.33 32-32v-32c0-17.67-14.33-32-32-32z\"><\/path><\/svg><\/span>\n\t\t\t<span class='e-closed'><svg aria-hidden=\"true\" class=\"e-font-icon-svg e-fas-plus\" viewBox=\"0 0 448 512\" xmlns=\"http:\/\/www.w3.org\/2000\/svg\"><path d=\"M416 208H272V64c0-17.67-14.33-32-32-32h-32c-17.67 0-32 14.33-32 32v144H32c-17.67 0-32 14.33-32 32v32c0 17.67 14.33 32 32 32h144v144c0 17.67 14.33 32 32 32h32c17.67 0 32-14.33 32-32V304h144c17.67 0 32-14.33 32-32v-32c0-17.67-14.33-32-32-32z\"><\/path><\/svg><\/span>\n\t\t<\/span>\n\n\t\t\t\t\t\t<\/summary>\n\t\t\t\t<div role=\"region\" aria-labelledby=\"e-n-accordion-item-7084\" class=\"elementor-element elementor-element-7547615 e-con-full e-flex e-con e-child\" data-id=\"7547615\" data-element_type=\"container\" data-e-type=\"container\">\n\t\t<div role=\"region\" aria-labelledby=\"e-n-accordion-item-7084\" class=\"elementor-element elementor-element-8c9a957 e-flex e-con-boxed e-con e-child\" data-id=\"8c9a957\" data-element_type=\"container\" data-e-type=\"container\">\n\t\t\t\t\t<div class=\"e-con-inner\">\n\t\t\t\t<div class=\"elementor-element elementor-element-2f07efa elementor-widget elementor-widget-text-editor\" data-id=\"2f07efa\" data-element_type=\"widget\" data-e-type=\"widget\" data-widget_type=\"text-editor.default\">\n\t\t\t\t\t\t\t\t\t<p>A partir dos 9 meses, sim. Entre 6-9 meses, apenas em situa\u00e7\u00f5es de risco elevado. Antes dos 6 meses, est\u00e1 contraindicada pelo risco de complica\u00e7\u00f5es neurol\u00f3gicas. Consulte um centro de vacina\u00e7\u00e3o internacional.<\/p>\t\t\t\t\t\t\t\t<\/div>\n\t\t\t\t\t<\/div>\n\t\t\t\t<\/div>\n\t\t\t\t<\/div>\n\t\t\t\t\t<\/details>\n\t\t\t\t\t<\/div>\n\t\t\t\t\t<script type=\"application\/ld+json\">{\"@context\":\"https:\\\/\\\/schema.org\",\"@type\":\"FAQPage\",\"mainEntity\":[{\"@type\":\"Question\",\"name\":\"A partir de que idade \\u00e9 seguro viajar para os tr\\u00f3picos com uma crian\\u00e7a?\",\"acceptedAnswer\":{\"@type\":\"Answer\",\"text\":\"Crian\\u00e7as saud\\u00e1veis podem viajar internacionalmente desde os primeiros meses, mas viagens a zonas com mal\\u00e1ria ou doen\\u00e7as tropicais graves devem ser adiadas se poss\\u00edvel. A partir de 1-2 anos, as vacina\\u00e7\\u00f5es e a profilaxia antipal\\u00fadica s\\u00e3o mais abrangentes.\"}},{\"@type\":\"Question\",\"name\":\"Posso usar repelente de DEET em crian\\u00e7as?\",\"acceptedAnswer\":{\"@type\":\"Answer\",\"text\":\"Sim, a partir dos 2 meses, em concentra\\u00e7\\u00f5es at\\u00e9 30%. Aplique nas m\\u00e3os de um adulto e depois espalhe na crian\\u00e7a, evitando m\\u00e3os, olhos e boca. Nunca use DEET em beb\\u00e9s com menos de 2 meses.\"}},{\"@type\":\"Question\",\"name\":\"A profilaxia da mal\\u00e1ria \\u00e9 segura em crian\\u00e7as pequenas?\",\"acceptedAnswer\":{\"@type\":\"Answer\",\"text\":\"O atovaquona-proguanil pedi\\u00e1trico \\u00e9 seguro a partir dos 5 kg. A doxiciclina \\u00e9 contraindicada antes dos 8 anos. A escolha deve ser individualizada em consulta de medicina do viajante especializada.\"}},{\"@type\":\"Question\",\"name\":\"O que fazer se a minha crian\\u00e7a tiver diarreia em viagem?\",\"acceptedAnswer\":{\"@type\":\"Answer\",\"text\":\"Mantenha a hidrata\\u00e7\\u00e3o com SRO (sais de reidrata\\u00e7\\u00e3o oral), n\\u00e3o interrompa a alimenta\\u00e7\\u00e3o habitual e a amamenta\\u00e7\\u00e3o. Procure ajuda m\\u00e9dica se houver febre alta, sangue nas fezes, v\\u00f3mitos persistentes ou sinais de desidrata\\u00e7\\u00e3o.\"}},{\"@type\":\"Question\",\"name\":\"As crian\\u00e7as podem fazer a vacina da febre amarela?\",\"acceptedAnswer\":{\"@type\":\"Answer\",\"text\":\"A partir dos 9 meses, sim. Entre 6-9 meses, apenas em situa\\u00e7\\u00f5es de risco elevado. Antes dos 6 meses, est\\u00e1 contraindicada pelo risco de complica\\u00e7\\u00f5es neurol\\u00f3gicas. Consulte um centro de vacina\\u00e7\\u00e3o internacional.\"}}]}<\/script>\n\t\t\t\t\t\t\t<\/div>\n\t\t\t\t<\/div>\n\t\t\t\t<\/div>\n\t\t\t\t\t<\/div>\n\t\t\t\t<\/div>\n\t\t<div class=\"elementor-element elementor-element-02d7fba e-flex e-con-boxed e-con e-parent\" data-id=\"02d7fba\" data-element_type=\"container\" data-e-type=\"container\">\n\t\t\t\t\t<div class=\"e-con-inner\">\n\t\t\t\t<div class=\"elementor-element elementor-element-ca91313 elementor-widget elementor-widget-text-editor\" data-id=\"ca91313\" data-element_type=\"widget\" data-e-type=\"widget\" data-widget_type=\"text-editor.default\">\n\t\t\t\t\t\t\t\t\t<h2>Conclus\u00e3o<\/h2><p><b>Viajar com crian\u00e7as<\/b> requer prepara\u00e7\u00e3o espec\u00edfica que considere a sua vulnerabilidade a doen\u00e7as infeciosas, a sua resposta imunit\u00e1ria particular e as restri\u00e7\u00f5es de idade para vacinas e medica\u00e7\u00e3o. A consulta do viajante pedi\u00e1trica \u00e9 essencial para garantir a vacina\u00e7\u00e3o adequada, a profilaxia antipal\u00fadica segura e a educa\u00e7\u00e3o dos pais sobre preven\u00e7\u00e3o e autotratamento das doen\u00e7as mais comuns em <b>viagem com crian\u00e7as<\/b>.<\/p><h2>Refer\u00eancias<\/h2><p><a href=\"https:\/\/www.aap.org\/\" target=\"_blank\" rel=\"dofollow noopener\">American Academy of Pediatrics (AAP)<\/a><\/p><p><a href=\"https:\/\/www.cdc.gov\/\" target=\"_blank\" rel=\"dofollow noopener\">Centers for Disease Control and Prevention (CDC)<\/a><\/p><p><a href=\"https:\/\/www.istm.org\/\" target=\"_blank\" rel=\"dofollow noopener\">International Society of Travel Medicine (ISTM)<\/a><\/p>\t\t\t\t\t\t\t\t<\/div>\n\t\t\t\t\t<\/div>\n\t\t\t\t<\/div>\n\t\t\t\t<\/div>\n\t\t","protected":false},"excerpt":{"rendered":"<p>Introdu\u00e7\u00e3o Viajar com crian\u00e7as para destinos internacionais, particularmente para pa\u00edses tropicais ou em desenvolvimento, requer prepara\u00e7\u00e3o espec\u00edfica que tenha em conta as particularidades pedi\u00e1tricas. As crian\u00e7as s\u00e3o mais vulner\u00e1veis a v\u00e1rias doen\u00e7as infeciosas, t\u00eam maior risco de desidrata\u00e7\u00e3o, apresentam respostas imunit\u00e1rias diferentes \u00e0s vacinas e podem manifestar rea\u00e7\u00f5es at\u00edpicas a medicamentos. A American Academy of [&hellip;]<\/p>\n","protected":false},"author":13102,"featured_media":61467,"comment_status":"closed","ping_status":"closed","sticky":false,"template":"","format":"standard","meta":{"_jetpack_memberships_contains_paid_content":false,"footnotes":""},"categories":[256,257],"tags":[],"class_list":["post-61457","post","type-post","status-publish","format-standard","has-post-thumbnail","hentry","category-medicina-do-viajante","category-pediatria"],"jetpack_featured_media_url":"https:\/\/staging.mediconanet.pt\/wp-content\/uploads\/2026\/04\/Imagem-para-Redes-Sociais-a-Rosa-sobre-Descontos-de-Primavera-2026-04-15T085300.392.jpg","jetpack_sharing_enabled":true,"_links":{"self":[{"href":"https:\/\/staging.mediconanet.pt\/en\/wp-json\/wp\/v2\/posts\/61457","targetHints":{"allow":["GET"]}}],"collection":[{"href":"https:\/\/staging.mediconanet.pt\/en\/wp-json\/wp\/v2\/posts"}],"about":[{"href":"https:\/\/staging.mediconanet.pt\/en\/wp-json\/wp\/v2\/types\/post"}],"author":[{"embeddable":true,"href":"https:\/\/staging.mediconanet.pt\/en\/wp-json\/wp\/v2\/users\/13102"}],"replies":[{"embeddable":true,"href":"https:\/\/staging.mediconanet.pt\/en\/wp-json\/wp\/v2\/comments?post=61457"}],"version-history":[{"count":7,"href":"https:\/\/staging.mediconanet.pt\/en\/wp-json\/wp\/v2\/posts\/61457\/revisions"}],"predecessor-version":[{"id":61466,"href":"https:\/\/staging.mediconanet.pt\/en\/wp-json\/wp\/v2\/posts\/61457\/revisions\/61466"}],"wp:featuredmedia":[{"embeddable":true,"href":"https:\/\/staging.mediconanet.pt\/en\/wp-json\/wp\/v2\/media\/61467"}],"wp:attachment":[{"href":"https:\/\/staging.mediconanet.pt\/en\/wp-json\/wp\/v2\/media?parent=61457"}],"wp:term":[{"taxonomy":"category","embeddable":true,"href":"https:\/\/staging.mediconanet.pt\/en\/wp-json\/wp\/v2\/categories?post=61457"},{"taxonomy":"post_tag","embeddable":true,"href":"https:\/\/staging.mediconanet.pt\/en\/wp-json\/wp\/v2\/tags?post=61457"}],"curies":[{"name":"wp","href":"https:\/\/api.w.org\/{rel}","templated":true}]}}