{"id":61284,"date":"2026-04-14T08:15:58","date_gmt":"2026-04-14T07:15:58","guid":{"rendered":"https:\/\/www.mediconanet.pt\/?p=61284"},"modified":"2026-04-17T16:34:01","modified_gmt":"2026-04-17T15:34:01","slug":"apneia-do-sono-obesidade-perda-peso","status":"publish","type":"post","link":"https:\/\/staging.mediconanet.pt\/en\/apneia-do-sono-obesidade-perda-peso\/","title":{"rendered":"Apneia do Sono e Obesidade: Como os Injet\u00e1veis para Emagrecer Podem Melhorar a Qualidade do Sono"},"content":{"rendered":"\t\t<div data-elementor-type=\"wp-post\" data-elementor-id=\"61284\" class=\"elementor elementor-61284\" data-elementor-post-type=\"post\">\n\t\t\t\t<div class=\"elementor-element elementor-element-570cfe3 e-con-full e-flex e-con e-parent\" data-id=\"570cfe3\" data-element_type=\"container\" data-e-type=\"container\">\n\t\t\t\t<div class=\"elementor-element elementor-element-1761780 elementor-widget elementor-widget-text-editor\" data-id=\"1761780\" data-element_type=\"widget\" data-e-type=\"widget\" data-widget_type=\"text-editor.default\">\n\t\t\t\t\t\t\t\t\t<h2>Introdu\u00e7\u00e3o<\/h2><p>A <b>apneia obstrutiva do sono<\/b> (AOS) \u00e9 uma das comorbilidades mais comuns da obesidade, afetando at\u00e9 45% das pessoas com \u00edndice de massa corporal superior a 30. Caracteriza-se por epis\u00f3dios repetidos de obstru\u00e7\u00e3o das vias a\u00e9reas superiores durante o sono, causando interrup\u00e7\u00f5es na respira\u00e7\u00e3o, dessatura\u00e7\u00e3o de oxig\u00e9nio e fragmenta\u00e7\u00e3o do sono. Em Portugal, estima-se que esta condi\u00e7\u00e3o afete mais de 500.000 adultos, muitos dos quais permanecem sem diagn\u00f3stico. Os injet\u00e1veis \u00e0 base de agonistas do recetor GLP-1, ao promoverem perda de peso significativa, demonstraram benef\u00edcios not\u00e1veis na gravidade da <b>apneia do sono<\/b>.<\/p><h2>A Rela\u00e7\u00e3o Entre Obesidade e Apneia do Sono<\/h2><p>O excesso de peso contribui para a <b>apneia do sono<\/b> atrav\u00e9s de m\u00faltiplos mecanismos: deposi\u00e7\u00e3o de gordura na regi\u00e3o do pesco\u00e7o e faringe, que estreita as vias a\u00e9reas; aumento do volume abdominal, que dificulta a mec\u00e2nica respirat\u00f3ria; e inflama\u00e7\u00e3o sist\u00e9mica que afeta o t\u00f3nus muscular das vias a\u00e9reas superiores. A Sociedade Portuguesa de Pneumologia (SPP) estima que a redu\u00e7\u00e3o de 10% do peso corporal pode diminuir o \u00edndice de apneia-hipopneia (IAH) em 30 a 50%, transformando uma apneia grave numa moderada ou ligeira.<\/p><h2>O Estudo STEP \u2014 Dados Sobre o Sono<\/h2><p>O ensaio cl\u00ednico STEP HFpEF e suban\u00e1lises do programa STEP, publicados no The New England Journal of Medicine (2023) e no American Journal of Respiratory and Critical Care Medicine (2024), demonstraram que o tratamento com agonistas GLP-1 reduziu significativamente a gravidade da\u00a0<a href=\"https:\/\/staging.mediconanet.pt\/produto\/deixar-de-fumar\/\" target=\"_blank\" rel=\"noopener\"><b>apneia do sono<\/b><\/a>. Num estudo dedicado, o tratamento com agonistas GLP-1 reduziu o \u00edndice de apneia-hipopneia em mais de 50% em doentes com apneia moderada a grave. Paralelamente, os doentes reportaram melhoria na sonol\u00eancia diurna, fadiga e qualidade de vida. A European Respiratory Society (ERS) considerou estes dados um avan\u00e7o relevante no tratamento da AOS associada \u00e0 obesidade.<\/p><h2>Implica\u00e7\u00f5es Cl\u00ednicas e Terap\u00eauticas<\/h2><p>Para muitos doentes, a perda de peso com injet\u00e1veis pode reduzir ou eliminar a necessidade de CPAP (press\u00e3o positiva cont\u00ednua das vias a\u00e9reas), o dispositivo mais utilizado no tratamento da AOS. Contudo, a Sociedade Portuguesa de Pneumologia (SPP) e a American Academy of Sleep Medicine (AASM) recomendam que a descontinua\u00e7\u00e3o do CPAP s\u00f3 deve ser considerada ap\u00f3s polissonografia de controlo que confirme a resolu\u00e7\u00e3o ou melhoria substancial da apneia. A monitoriza\u00e7\u00e3o do sono deve ser mantida durante todo o per\u00edodo de perda de peso.<\/p><h2>Benef\u00edcios Adicionais na Qualidade do Sono<\/h2><p>Para al\u00e9m da melhoria direta na apneia, a perda de peso com agonistas GLP-1 est\u00e1 associada a melhoria da qualidade global do sono, redu\u00e7\u00e3o do ressonar, diminui\u00e7\u00e3o da noct\u00faria e melhoria da arquitetura do sono. Um estudo publicado na Sleep Medicine Reviews (2023) concluiu que a perda de peso melhora todos os par\u00e2metros de qualidade do sono avaliados, com impacto direto na produtividade diurna, no humor e na fun\u00e7\u00e3o cognitiva.<\/p>\t\t\t\t\t\t\t\t<\/div>\n\t\t\t\t<\/div>\n\t\t<div class=\"elementor-element elementor-element-1545e08 e-flex e-con-boxed e-con e-parent\" data-id=\"1545e08\" data-element_type=\"container\" data-e-type=\"container\">\n\t\t\t\t\t<div class=\"e-con-inner\">\n\t\t\t\t<div class=\"elementor-element elementor-element-375973d elementor-widget elementor-widget-image\" data-id=\"375973d\" data-element_type=\"widget\" data-e-type=\"widget\" data-widget_type=\"image.default\">\n\t\t\t\t\t\t\t\t\t\t\t\t\t\t\t<img decoding=\"async\" src=\"https:\/\/staging.mediconanet.pt\/wp-content\/uploads\/2026\/04\/Imagem-para-Redes-Sociais-a-Rosa-sobre-Descontos-de-Primavera-2026-04-14T082641.151.jpg\" title=\"Consulta online para apneia do sono\" alt=\"Consulta m\u00e9dica online para diagn\u00f3stico de apneia do sono\" loading=\"lazy\" \/>\t\t\t\t\t\t\t\t\t\t\t\t\t\t\t<\/div>\n\t\t<div class=\"elementor-element elementor-element-9ad30cf e-con-full e-flex e-con e-child\" data-id=\"9ad30cf\" data-element_type=\"container\" data-e-type=\"container\">\n\t\t<div class=\"elementor-element elementor-element-66e4f21 e-con-full e-flex e-con e-child\" data-id=\"66e4f21\" data-element_type=\"container\" data-e-type=\"container\">\n\t\t\t\t<div class=\"elementor-element elementor-element-c44ae3e elementor-widget elementor-widget-heading\" data-id=\"c44ae3e\" data-element_type=\"widget\" data-e-type=\"widget\" data-widget_type=\"heading.default\">\n\t\t\t\t\t<h2 class=\"elementor-heading-title elementor-size-default\">Perguntas frequentes (FAQ)<\/h2>\t\t\t\t<\/div>\n\t\t\t\t<div class=\"elementor-element elementor-element-439b5c3 elementor-widget elementor-widget-n-accordion\" data-id=\"439b5c3\" data-element_type=\"widget\" data-e-type=\"widget\" data-settings=\"{&quot;default_state&quot;:&quot;all_collapsed&quot;,&quot;max_items_expended&quot;:&quot;one&quot;,&quot;n_accordion_animation_duration&quot;:{&quot;unit&quot;:&quot;ms&quot;,&quot;size&quot;:400,&quot;sizes&quot;:[]}}\" data-widget_type=\"nested-accordion.default\">\n\t\t\t\t\t\t\t<div class=\"e-n-accordion\" aria-label=\"Accordion. Open links with Enter or Space, close with Escape, and navigate with Arrow Keys\">\n\t\t\t\t\t\t<details id=\"e-n-accordion-item-7080\" class=\"e-n-accordion-item\" >\n\t\t\t\t<summary class=\"e-n-accordion-item-title\" data-accordion-index=\"1\" tabindex=\"0\" aria-expanded=\"false\" aria-controls=\"e-n-accordion-item-7080\" >\n\t\t\t\t\t<span class='e-n-accordion-item-title-header'><div class=\"e-n-accordion-item-title-text\"> Posso deixar de usar o CPAP se perder peso com os injet\u00e1veis? <\/div><\/span>\n\t\t\t\t\t\t\t<span class='e-n-accordion-item-title-icon'>\n\t\t\t<span class='e-opened' ><svg aria-hidden=\"true\" class=\"e-font-icon-svg e-fas-minus\" viewBox=\"0 0 448 512\" xmlns=\"http:\/\/www.w3.org\/2000\/svg\"><path d=\"M416 208H32c-17.67 0-32 14.33-32 32v32c0 17.67 14.33 32 32 32h384c17.67 0 32-14.33 32-32v-32c0-17.67-14.33-32-32-32z\"><\/path><\/svg><\/span>\n\t\t\t<span class='e-closed'><svg aria-hidden=\"true\" class=\"e-font-icon-svg e-fas-plus\" viewBox=\"0 0 448 512\" xmlns=\"http:\/\/www.w3.org\/2000\/svg\"><path d=\"M416 208H272V64c0-17.67-14.33-32-32-32h-32c-17.67 0-32 14.33-32 32v144H32c-17.67 0-32 14.33-32 32v32c0 17.67 14.33 32 32 32h144v144c0 17.67 14.33 32 32 32h32c17.67 0 32-14.33 32-32V304h144c17.67 0 32-14.33 32-32v-32c0-17.67-14.33-32-32-32z\"><\/path><\/svg><\/span>\n\t\t<\/span>\n\n\t\t\t\t\t\t<\/summary>\n\t\t\t\t<div role=\"region\" aria-labelledby=\"e-n-accordion-item-7080\" class=\"elementor-element elementor-element-d801294 e-con-full e-flex e-con e-child\" data-id=\"d801294\" data-element_type=\"container\" data-e-type=\"container\">\n\t\t<div role=\"region\" aria-labelledby=\"e-n-accordion-item-7080\" class=\"elementor-element elementor-element-67dd609 e-flex e-con-boxed e-con e-child\" data-id=\"67dd609\" data-element_type=\"container\" data-e-type=\"container\">\n\t\t\t\t\t<div class=\"e-con-inner\">\n\t\t\t\t<div class=\"elementor-element elementor-element-2204be5 elementor-widget elementor-widget-text-editor\" data-id=\"2204be5\" data-element_type=\"widget\" data-e-type=\"widget\" data-widget_type=\"text-editor.default\">\n\t\t\t\t\t\t\t\t\t<p>Possivelmente, mas apenas ap\u00f3s avalia\u00e7\u00e3o com polissonografia de controlo que confirme a resolu\u00e7\u00e3o ou melhoria significativa da apneia. Nunca descontinue o CPAP sem orienta\u00e7\u00e3o do seu m\u00e9dico.<\/p>\t\t\t\t\t\t\t\t<\/div>\n\t\t\t\t\t<\/div>\n\t\t\t\t<\/div>\n\t\t\t\t<\/div>\n\t\t\t\t\t<\/details>\n\t\t\t\t\t\t<details id=\"e-n-accordion-item-7081\" class=\"e-n-accordion-item\" >\n\t\t\t\t<summary class=\"e-n-accordion-item-title\" data-accordion-index=\"2\" tabindex=\"-1\" aria-expanded=\"false\" aria-controls=\"e-n-accordion-item-7081\" >\n\t\t\t\t\t<span class='e-n-accordion-item-title-header'><div class=\"e-n-accordion-item-title-text\"> Quanta perda de peso \u00e9 necess\u00e1ria para melhorar a apneia? <\/div><\/span>\n\t\t\t\t\t\t\t<span class='e-n-accordion-item-title-icon'>\n\t\t\t<span class='e-opened' ><svg aria-hidden=\"true\" class=\"e-font-icon-svg e-fas-minus\" viewBox=\"0 0 448 512\" xmlns=\"http:\/\/www.w3.org\/2000\/svg\"><path d=\"M416 208H32c-17.67 0-32 14.33-32 32v32c0 17.67 14.33 32 32 32h384c17.67 0 32-14.33 32-32v-32c0-17.67-14.33-32-32-32z\"><\/path><\/svg><\/span>\n\t\t\t<span class='e-closed'><svg aria-hidden=\"true\" class=\"e-font-icon-svg e-fas-plus\" viewBox=\"0 0 448 512\" xmlns=\"http:\/\/www.w3.org\/2000\/svg\"><path d=\"M416 208H272V64c0-17.67-14.33-32-32-32h-32c-17.67 0-32 14.33-32 32v144H32c-17.67 0-32 14.33-32 32v32c0 17.67 14.33 32 32 32h144v144c0 17.67 14.33 32 32 32h32c17.67 0 32-14.33 32-32V304h144c17.67 0 32-14.33 32-32v-32c0-17.67-14.33-32-32-32z\"><\/path><\/svg><\/span>\n\t\t<\/span>\n\n\t\t\t\t\t\t<\/summary>\n\t\t\t\t<div role=\"region\" aria-labelledby=\"e-n-accordion-item-7081\" class=\"elementor-element elementor-element-f07e3ff e-con-full e-flex e-con e-child\" data-id=\"f07e3ff\" data-element_type=\"container\" data-e-type=\"container\">\n\t\t<div role=\"region\" aria-labelledby=\"e-n-accordion-item-7081\" class=\"elementor-element elementor-element-ba0d7df e-flex e-con-boxed e-con e-child\" data-id=\"ba0d7df\" data-element_type=\"container\" data-e-type=\"container\">\n\t\t\t\t\t<div class=\"e-con-inner\">\n\t\t\t\t<div class=\"elementor-element elementor-element-bd0918d elementor-widget elementor-widget-text-editor\" data-id=\"bd0918d\" data-element_type=\"widget\" data-e-type=\"widget\" data-widget_type=\"text-editor.default\">\n\t\t\t\t\t\t\t\t\t<p>Estudos demonstram que perdas de 10% ou mais do peso corporal podem reduzir significativamente a gravidade da apneia. Com os injet\u00e1veis, que frequentemente produzem perdas superiores a 15%, os benef\u00edcios s\u00e3o ainda mais pronunciados.<\/p>\t\t\t\t\t\t\t\t<\/div>\n\t\t\t\t\t<\/div>\n\t\t\t\t<\/div>\n\t\t\t\t<\/div>\n\t\t\t\t\t<\/details>\n\t\t\t\t\t\t<details id=\"e-n-accordion-item-7082\" class=\"e-n-accordion-item\" >\n\t\t\t\t<summary class=\"e-n-accordion-item-title\" data-accordion-index=\"3\" tabindex=\"-1\" aria-expanded=\"false\" aria-controls=\"e-n-accordion-item-7082\" >\n\t\t\t\t\t<span class='e-n-accordion-item-title-header'><div class=\"e-n-accordion-item-title-text\"> A apneia do sono pode voltar se recuperar o peso? <\/div><\/span>\n\t\t\t\t\t\t\t<span class='e-n-accordion-item-title-icon'>\n\t\t\t<span class='e-opened' ><svg aria-hidden=\"true\" class=\"e-font-icon-svg e-fas-minus\" viewBox=\"0 0 448 512\" xmlns=\"http:\/\/www.w3.org\/2000\/svg\"><path d=\"M416 208H32c-17.67 0-32 14.33-32 32v32c0 17.67 14.33 32 32 32h384c17.67 0 32-14.33 32-32v-32c0-17.67-14.33-32-32-32z\"><\/path><\/svg><\/span>\n\t\t\t<span class='e-closed'><svg aria-hidden=\"true\" class=\"e-font-icon-svg e-fas-plus\" viewBox=\"0 0 448 512\" xmlns=\"http:\/\/www.w3.org\/2000\/svg\"><path d=\"M416 208H272V64c0-17.67-14.33-32-32-32h-32c-17.67 0-32 14.33-32 32v144H32c-17.67 0-32 14.33-32 32v32c0 17.67 14.33 32 32 32h144v144c0 17.67 14.33 32 32 32h32c17.67 0 32-14.33 32-32V304h144c17.67 0 32-14.33 32-32v-32c0-17.67-14.33-32-32-32z\"><\/path><\/svg><\/span>\n\t\t<\/span>\n\n\t\t\t\t\t\t<\/summary>\n\t\t\t\t<div role=\"region\" aria-labelledby=\"e-n-accordion-item-7082\" class=\"elementor-element elementor-element-1948aa2 e-con-full e-flex e-con e-child\" data-id=\"1948aa2\" data-element_type=\"container\" data-e-type=\"container\">\n\t\t<div role=\"region\" aria-labelledby=\"e-n-accordion-item-7082\" class=\"elementor-element elementor-element-44203e4 e-flex e-con-boxed e-con e-child\" data-id=\"44203e4\" data-element_type=\"container\" data-e-type=\"container\">\n\t\t\t\t\t<div class=\"e-con-inner\">\n\t\t\t\t<div class=\"elementor-element elementor-element-90363e4 elementor-widget elementor-widget-text-editor\" data-id=\"90363e4\" data-element_type=\"widget\" data-e-type=\"widget\" data-widget_type=\"text-editor.default\">\n\t\t\t\t\t\t\t\t\t<p>Sim. Se ocorrer recupera\u00e7\u00e3o significativa do peso, a <b>apneia do sono<\/b> pode regressar. Por isso \u00e9 importante manter h\u00e1bitos de vida saud\u00e1veis e acompanhamento m\u00e9dico continuado.<\/p>\t\t\t\t\t\t\t\t<\/div>\n\t\t\t\t\t<\/div>\n\t\t\t\t<\/div>\n\t\t\t\t<\/div>\n\t\t\t\t\t<\/details>\n\t\t\t\t\t\t<details id=\"e-n-accordion-item-7083\" class=\"e-n-accordion-item\" >\n\t\t\t\t<summary class=\"e-n-accordion-item-title\" data-accordion-index=\"4\" tabindex=\"-1\" aria-expanded=\"false\" aria-controls=\"e-n-accordion-item-7083\" >\n\t\t\t\t\t<span class='e-n-accordion-item-title-header'><div class=\"e-n-accordion-item-title-text\"> Como sei se tenho apneia do sono? <\/div><\/span>\n\t\t\t\t\t\t\t<span class='e-n-accordion-item-title-icon'>\n\t\t\t<span class='e-opened' ><svg aria-hidden=\"true\" class=\"e-font-icon-svg e-fas-minus\" viewBox=\"0 0 448 512\" xmlns=\"http:\/\/www.w3.org\/2000\/svg\"><path d=\"M416 208H32c-17.67 0-32 14.33-32 32v32c0 17.67 14.33 32 32 32h384c17.67 0 32-14.33 32-32v-32c0-17.67-14.33-32-32-32z\"><\/path><\/svg><\/span>\n\t\t\t<span class='e-closed'><svg aria-hidden=\"true\" class=\"e-font-icon-svg e-fas-plus\" viewBox=\"0 0 448 512\" xmlns=\"http:\/\/www.w3.org\/2000\/svg\"><path d=\"M416 208H272V64c0-17.67-14.33-32-32-32h-32c-17.67 0-32 14.33-32 32v144H32c-17.67 0-32 14.33-32 32v32c0 17.67 14.33 32 32 32h144v144c0 17.67 14.33 32 32 32h32c17.67 0 32-14.33 32-32V304h144c17.67 0 32-14.33 32-32v-32c0-17.67-14.33-32-32-32z\"><\/path><\/svg><\/span>\n\t\t<\/span>\n\n\t\t\t\t\t\t<\/summary>\n\t\t\t\t<div role=\"region\" aria-labelledby=\"e-n-accordion-item-7083\" class=\"elementor-element elementor-element-e6b82d0 e-con-full e-flex e-con e-child\" data-id=\"e6b82d0\" data-element_type=\"container\" data-e-type=\"container\">\n\t\t<div role=\"region\" aria-labelledby=\"e-n-accordion-item-7083\" class=\"elementor-element elementor-element-ff98332 e-flex e-con-boxed e-con e-child\" data-id=\"ff98332\" data-element_type=\"container\" data-e-type=\"container\">\n\t\t\t\t\t<div class=\"e-con-inner\">\n\t\t\t\t<div class=\"elementor-element elementor-element-b745fb3 elementor-widget elementor-widget-text-editor\" data-id=\"b745fb3\" data-element_type=\"widget\" data-e-type=\"widget\" data-widget_type=\"text-editor.default\">\n\t\t\t\t\t\t\t\t\t<p>Os sintomas mais comuns incluem ressonar forte, pausas respirat\u00f3rias observadas por terceiros, sonol\u00eancia diurna excessiva e cefaleias matinais. O diagn\u00f3stico definitivo \u00e9 feito por polissonografia (estudo do sono).<\/p>\t\t\t\t\t\t\t\t<\/div>\n\t\t\t\t\t<\/div>\n\t\t\t\t<\/div>\n\t\t\t\t<\/div>\n\t\t\t\t\t<\/details>\n\t\t\t\t\t\t<details id=\"e-n-accordion-item-7084\" class=\"e-n-accordion-item\" >\n\t\t\t\t<summary class=\"e-n-accordion-item-title\" data-accordion-index=\"5\" tabindex=\"-1\" aria-expanded=\"false\" aria-controls=\"e-n-accordion-item-7084\" >\n\t\t\t\t\t<span class='e-n-accordion-item-title-header'><div class=\"e-n-accordion-item-title-text\"> Os injet\u00e1veis est\u00e3o indicados especificamente para a apneia? <\/div><\/span>\n\t\t\t\t\t\t\t<span class='e-n-accordion-item-title-icon'>\n\t\t\t<span class='e-opened' ><svg aria-hidden=\"true\" class=\"e-font-icon-svg e-fas-minus\" viewBox=\"0 0 448 512\" xmlns=\"http:\/\/www.w3.org\/2000\/svg\"><path d=\"M416 208H32c-17.67 0-32 14.33-32 32v32c0 17.67 14.33 32 32 32h384c17.67 0 32-14.33 32-32v-32c0-17.67-14.33-32-32-32z\"><\/path><\/svg><\/span>\n\t\t\t<span class='e-closed'><svg aria-hidden=\"true\" class=\"e-font-icon-svg e-fas-plus\" viewBox=\"0 0 448 512\" xmlns=\"http:\/\/www.w3.org\/2000\/svg\"><path d=\"M416 208H272V64c0-17.67-14.33-32-32-32h-32c-17.67 0-32 14.33-32 32v144H32c-17.67 0-32 14.33-32 32v32c0 17.67 14.33 32 32 32h144v144c0 17.67 14.33 32 32 32h32c17.67 0 32-14.33 32-32V304h144c17.67 0 32-14.33 32-32v-32c0-17.67-14.33-32-32-32z\"><\/path><\/svg><\/span>\n\t\t<\/span>\n\n\t\t\t\t\t\t<\/summary>\n\t\t\t\t<div role=\"region\" aria-labelledby=\"e-n-accordion-item-7084\" class=\"elementor-element elementor-element-7547615 e-con-full e-flex e-con e-child\" data-id=\"7547615\" data-element_type=\"container\" data-e-type=\"container\">\n\t\t<div role=\"region\" aria-labelledby=\"e-n-accordion-item-7084\" class=\"elementor-element elementor-element-8c9a957 e-flex e-con-boxed e-con e-child\" data-id=\"8c9a957\" data-element_type=\"container\" data-e-type=\"container\">\n\t\t\t\t\t<div class=\"e-con-inner\">\n\t\t\t\t<div class=\"elementor-element elementor-element-2f07efa elementor-widget elementor-widget-text-editor\" data-id=\"2f07efa\" data-element_type=\"widget\" data-e-type=\"widget\" data-widget_type=\"text-editor.default\">\n\t\t\t\t\t\t\t\t\t<p>N\u00e3o s\u00e3o aprovados especificamente para a <b>apneia do sono<\/b>, mas a perda de peso que proporcionam \u00e9 uma das interven\u00e7\u00f5es mais eficazes para esta condi\u00e7\u00e3o quando associada \u00e0 obesidade.<\/p>\t\t\t\t\t\t\t\t<\/div>\n\t\t\t\t\t<\/div>\n\t\t\t\t<\/div>\n\t\t\t\t<\/div>\n\t\t\t\t\t<\/details>\n\t\t\t\t\t<\/div>\n\t\t\t\t\t<script type=\"application\/ld+json\">{\"@context\":\"https:\\\/\\\/schema.org\",\"@type\":\"FAQPage\",\"mainEntity\":[{\"@type\":\"Question\",\"name\":\"Posso deixar de usar o CPAP se perder peso com os injet\\u00e1veis?\",\"acceptedAnswer\":{\"@type\":\"Answer\",\"text\":\"Possivelmente, mas apenas ap\\u00f3s avalia\\u00e7\\u00e3o com polissonografia de controlo que confirme a resolu\\u00e7\\u00e3o ou melhoria significativa da apneia. Nunca descontinue o CPAP sem orienta\\u00e7\\u00e3o do seu m\\u00e9dico.\"}},{\"@type\":\"Question\",\"name\":\"Quanta perda de peso \\u00e9 necess\\u00e1ria para melhorar a apneia?\",\"acceptedAnswer\":{\"@type\":\"Answer\",\"text\":\"Estudos demonstram que perdas de 10% ou mais do peso corporal podem reduzir significativamente a gravidade da apneia. Com os injet\\u00e1veis, que frequentemente produzem perdas superiores a 15%, os benef\\u00edcios s\\u00e3o ainda mais pronunciados.\"}},{\"@type\":\"Question\",\"name\":\"A apneia do sono pode voltar se recuperar o peso?\",\"acceptedAnswer\":{\"@type\":\"Answer\",\"text\":\"Sim. Se ocorrer recupera\\u00e7\\u00e3o significativa do peso, a apneia do sono pode regressar. Por isso \\u00e9 importante manter h\\u00e1bitos de vida saud\\u00e1veis e acompanhamento m\\u00e9dico continuado.\"}},{\"@type\":\"Question\",\"name\":\"Como sei se tenho apneia do sono?\",\"acceptedAnswer\":{\"@type\":\"Answer\",\"text\":\"Os sintomas mais comuns incluem ressonar forte, pausas respirat\\u00f3rias observadas por terceiros, sonol\\u00eancia diurna excessiva e cefaleias matinais. O diagn\\u00f3stico definitivo \\u00e9 feito por polissonografia (estudo do sono).\"}},{\"@type\":\"Question\",\"name\":\"Os injet\\u00e1veis est\\u00e3o indicados especificamente para a apneia?\",\"acceptedAnswer\":{\"@type\":\"Answer\",\"text\":\"N\\u00e3o s\\u00e3o aprovados especificamente para a apneia do sono, mas a perda de peso que proporcionam \\u00e9 uma das interven\\u00e7\\u00f5es mais eficazes para esta condi\\u00e7\\u00e3o quando associada \\u00e0 obesidade.\"}}]}<\/script>\n\t\t\t\t\t\t\t<\/div>\n\t\t\t\t<\/div>\n\t\t\t\t<\/div>\n\t\t\t\t\t<\/div>\n\t\t\t\t<\/div>\n\t\t<div class=\"elementor-element elementor-element-02d7fba e-flex e-con-boxed e-con e-parent\" data-id=\"02d7fba\" data-element_type=\"container\" data-e-type=\"container\">\n\t\t\t\t\t<div class=\"e-con-inner\">\n\t\t\t\t<div class=\"elementor-element elementor-element-ca91313 elementor-widget elementor-widget-text-editor\" data-id=\"ca91313\" data-element_type=\"widget\" data-e-type=\"widget\" data-widget_type=\"text-editor.default\">\n\t\t\t\t\t\t\t\t\t<h2><strong>Refer\u00eancias<\/strong><\/h2><a href=\"https:\/\/www.atsjournals.org\/\" target=\"_blank\" rel=\"dofollow noopener\">American Journal of Respiratory and Critical Care Medicine<\/a>\n\n<a href=\"https:\/\/www.sppneumologia.pt\/\" target=\"_blank\" rel=\"dofollow noopener\">Sociedade Portuguesa de Pneumologia (SPP)<\/a>\n\n<a href=\"https:\/\/www.ersnet.org\/\" target=\"_blank\" rel=\"dofollow noopener\">European Respiratory Society (ERS)<\/a>\n\n<a href=\"https:\/\/aasm.org\/\" target=\"_blank\" rel=\"dofollow noopener\">American Academy of Sleep Medicine (AASM)<\/a>\n\n<a href=\"https:\/\/www.journals.elsevier.com\/sleep-medicine-reviews\" target=\"_blank\" rel=\"dofollow noopener\">Sleep Medicine Reviews<\/a>\t\t\t\t\t\t\t\t<\/div>\n\t\t\t\t\t<\/div>\n\t\t\t\t<\/div>\n\t\t<div class=\"elementor-element elementor-element-52f935a e-flex e-con-boxed e-con e-parent\" data-id=\"52f935a\" data-element_type=\"container\" data-e-type=\"container\">\n\t\t\t\t\t<div class=\"e-con-inner\">\n\t\t\t\t<div class=\"elementor-element elementor-element-b308e3d elementor-widget elementor-widget-text-editor\" data-id=\"b308e3d\" data-element_type=\"widget\" data-e-type=\"widget\" data-widget_type=\"text-editor.default\">\n\t\t\t\t\t\t\t\t\t<p style=\"text-align: center;\"><span style=\"color: #595959;\">Este artigo tem fins informativos e n\u00e3o substitui o aconselhamento m\u00e9dico profissional.<\/span><br \/><span style=\"color: #595959;\">Consulte sempre o seu m\u00e9dico antes de iniciar qualquer tratamento<\/span><\/p>\t\t\t\t\t\t\t\t<\/div>\n\t\t\t\t\t<\/div>\n\t\t\t\t<\/div>\n\t\t\t\t<\/div>\n\t\t","protected":false},"excerpt":{"rendered":"<p>Introdu\u00e7\u00e3o A apneia obstrutiva do sono (AOS) \u00e9 uma das comorbilidades mais comuns da obesidade, afetando at\u00e9 45% das pessoas com \u00edndice de massa corporal superior a 30. Caracteriza-se por epis\u00f3dios repetidos de obstru\u00e7\u00e3o das vias a\u00e9reas superiores durante o sono, causando interrup\u00e7\u00f5es na respira\u00e7\u00e3o, dessatura\u00e7\u00e3o de oxig\u00e9nio e fragmenta\u00e7\u00e3o do sono. Em Portugal, estima-se [&hellip;]<\/p>\n","protected":false},"author":13102,"featured_media":61292,"comment_status":"closed","ping_status":"closed","sticky":false,"template":"","format":"standard","meta":{"_jetpack_memberships_contains_paid_content":false,"footnotes":""},"categories":[111],"tags":[],"class_list":["post-61284","post","type-post","status-publish","format-standard","has-post-thumbnail","hentry","category-perda-de-peso"],"jetpack_featured_media_url":"https:\/\/staging.mediconanet.pt\/wp-content\/uploads\/2026\/04\/Imagem-para-Redes-Sociais-a-Rosa-sobre-Descontos-de-Primavera-2026-04-14T082649.170.jpg","jetpack_sharing_enabled":true,"_links":{"self":[{"href":"https:\/\/staging.mediconanet.pt\/en\/wp-json\/wp\/v2\/posts\/61284","targetHints":{"allow":["GET"]}}],"collection":[{"href":"https:\/\/staging.mediconanet.pt\/en\/wp-json\/wp\/v2\/posts"}],"about":[{"href":"https:\/\/staging.mediconanet.pt\/en\/wp-json\/wp\/v2\/types\/post"}],"author":[{"embeddable":true,"href":"https:\/\/staging.mediconanet.pt\/en\/wp-json\/wp\/v2\/users\/13102"}],"replies":[{"embeddable":true,"href":"https:\/\/staging.mediconanet.pt\/en\/wp-json\/wp\/v2\/comments?post=61284"}],"version-history":[{"count":4,"href":"https:\/\/staging.mediconanet.pt\/en\/wp-json\/wp\/v2\/posts\/61284\/revisions"}],"predecessor-version":[{"id":61291,"href":"https:\/\/staging.mediconanet.pt\/en\/wp-json\/wp\/v2\/posts\/61284\/revisions\/61291"}],"wp:featuredmedia":[{"embeddable":true,"href":"https:\/\/staging.mediconanet.pt\/en\/wp-json\/wp\/v2\/media\/61292"}],"wp:attachment":[{"href":"https:\/\/staging.mediconanet.pt\/en\/wp-json\/wp\/v2\/media?parent=61284"}],"wp:term":[{"taxonomy":"category","embeddable":true,"href":"https:\/\/staging.mediconanet.pt\/en\/wp-json\/wp\/v2\/categories?post=61284"},{"taxonomy":"post_tag","embeddable":true,"href":"https:\/\/staging.mediconanet.pt\/en\/wp-json\/wp\/v2\/tags?post=61284"}],"curies":[{"name":"wp","href":"https:\/\/api.w.org\/{rel}","templated":true}]}}