{"id":61045,"date":"2026-04-10T16:48:35","date_gmt":"2026-04-10T15:48:35","guid":{"rendered":"https:\/\/www.mediconanet.pt\/?p=61045"},"modified":"2026-04-17T16:34:59","modified_gmt":"2026-04-17T15:34:59","slug":"saude-mental-perda-de-peso-injetaveis","status":"publish","type":"post","link":"https:\/\/staging.mediconanet.pt\/en\/saude-mental-perda-de-peso-injetaveis\/","title":{"rendered":"Sa\u00fade Mental e Emagrecimento com Injet\u00e1veis: Impacto Psicol\u00f3gico e Bem-Estar Emocional"},"content":{"rendered":"\t\t<div data-elementor-type=\"wp-post\" data-elementor-id=\"61045\" class=\"elementor elementor-61045\" data-elementor-post-type=\"post\">\n\t\t\t\t<div class=\"elementor-element elementor-element-570cfe3 e-flex e-con-boxed e-con e-parent\" data-id=\"570cfe3\" data-element_type=\"container\" data-e-type=\"container\">\n\t\t\t\t\t<div class=\"e-con-inner\">\n\t\t\t\t<div class=\"elementor-element elementor-element-1761780 elementor-widget elementor-widget-text-editor\" data-id=\"1761780\" data-element_type=\"widget\" data-e-type=\"widget\" data-widget_type=\"text-editor.default\">\n\t\t\t\t\t\t\t\t\t<h2>Introdu\u00e7\u00e3o<\/h2><p>A rela\u00e7\u00e3o entre obesidade e sa\u00fade mental \u00e9 bidirecional e complexa. A depress\u00e3o, a ansiedade e a baixa autoestima s\u00e3o mais prevalentes em pessoas com obesidade, e estas condi\u00e7\u00f5es podem, por sua vez, dificultar a <b>perda de peso<\/b>. Os injet\u00e1veis \u00e0 base de agonistas do recetor GLP-1, ao proporcionarem perdas de peso significativas, podem ter um impacto profundo no bem-estar psicol\u00f3gico dos doentes. No entanto, a <b>perda de peso<\/b> r\u00e1pida tamb\u00e9m pode desencadear desafios emocionais inesperados que importa compreender e antecipar.<\/p><h2>Benef\u00edcios Psicol\u00f3gicos da Perda de Peso<\/h2><p>Estudos publicados na revista Obesity Reviews (2023) demonstraram que a <b>perda de peso<\/b> com agonistas GLP-1 est\u00e1 associada a melhorias significativas na qualidade de vida, autoestima, imagem corporal e sintomas de depress\u00e3o e ansiedade. O ensaio cl\u00ednico STEP 5, publicado no The Lancet (2023), avaliou especificamente o impacto na qualidade de vida e constatou melhorias em todas as dimens\u00f5es avaliadas, incluindo funcionamento f\u00edsico, social e emocional. A Organiza\u00e7\u00e3o Mundial da Sa\u00fade (OMS) reconhece que o tratamento eficaz da obesidade tem repercuss\u00f5es positivas transversais na sa\u00fade mental.<\/p><h2>Efeitos Diretos no C\u00e9rebro?<\/h2><p>Investiga\u00e7\u00e3o emergente sugere que os agonistas GLP-1 podem ter efeitos diretos sobre o sistema nervoso central que v\u00e3o al\u00e9m da supress\u00e3o do apetite. Estudos pr\u00e9-cl\u00ednicos publicados na revista Molecular Psychiatry (2023) identificaram propriedades neuroprotetoras e anti-inflamat\u00f3rias no c\u00e9rebro. Ensaios cl\u00ednicos est\u00e3o em curso para avaliar o potencial destes f\u00e1rmacos no tratamento de perturba\u00e7\u00f5es aditivas (\u00e1lcool, tabaco) e neurodegenerativas (doen\u00e7a de Alzheimer). A Sociedade Europeia de Neuropsicofarmacologia (ECNP) considerou estas descobertas promissoras, embora sublinhe que s\u00e3o necess\u00e1rios mais dados.<\/p><h2>Desafios Emocionais a Considerar<\/h2><p>A <b>perda de peso<\/b> r\u00e1pida pode trazer desafios psicol\u00f3gicos inesperados. Alguns doentes reportam dificuldade em adaptar-se \u00e0 sua nova imagem corporal, mudan\u00e7as nas din\u00e2micas relacionais e perda da rela\u00e7\u00e3o emocional com a comida como mecanismo de regula\u00e7\u00e3o emocional. A Sociedade Portuguesa de Psiquiatria e Sa\u00fade Mental (SPPSM) recomenda aten\u00e7\u00e3o particular a doentes com hist\u00f3ria de perturba\u00e7\u00f5es do comportamento alimentar, depress\u00e3o ou ansiedade pr\u00e9-existente. O acompanhamento psicol\u00f3gico pode ser ben\u00e9fico durante todo o processo de tratamento.<\/p><h2>A Import\u00e2ncia do Acompanhamento Psicol\u00f3gico<\/h2><p>Um programa integrado de tratamento da obesidade deve incluir avalia\u00e7\u00e3o e suporte psicol\u00f3gico. A Associa\u00e7\u00e3o Portuguesa de Psicologia da Sa\u00fade defende que a interven\u00e7\u00e3o psicol\u00f3gica \u2014 incluindo terapia cognitivo-comportamental \u2014 melhora n\u00e3o apenas os resultados de\u00a0<a href=\"https:\/\/staging.mediconanet.pt\/produto\/hepatite-b\/\" target=\"_blank\" rel=\"noopener\"><b>perda de peso<\/b><\/a>, mas tamb\u00e9m a manuten\u00e7\u00e3o a longo prazo. A Dire\u00e7\u00e3o-Geral da Sa\u00fade (DGS) integra a avalia\u00e7\u00e3o psicol\u00f3gica nas suas normas de orienta\u00e7\u00e3o para o tratamento da obesidade.<\/p>\t\t\t\t\t\t\t\t<\/div>\n\t\t\t\t\t<\/div>\n\t\t\t\t<\/div>\n\t\t<div class=\"elementor-element elementor-element-1545e08 e-flex e-con-boxed e-con e-parent\" data-id=\"1545e08\" data-element_type=\"container\" data-e-type=\"container\">\n\t\t\t\t\t<div class=\"e-con-inner\">\n\t\t\t\t<div class=\"elementor-element elementor-element-375973d elementor-widget elementor-widget-image\" data-id=\"375973d\" data-element_type=\"widget\" data-e-type=\"widget\" data-widget_type=\"image.default\">\n\t\t\t\t\t\t\t\t\t\t\t\t\t\t\t<img decoding=\"async\" src=\"https:\/\/staging.mediconanet.pt\/wp-content\/uploads\/2026\/04\/Imagem-para-Redes-Sociais-a-Rosa-sobre-Descontos-de-Primavera-2026-04-10T170135.568.jpg\" title=\"Perda de peso com acompanhamento m\u00e9dico online\" alt=\"Homem em teleconsulta m\u00e9dica para plano de perda de peso\" loading=\"lazy\" \/>\t\t\t\t\t\t\t\t\t\t\t\t\t\t\t<\/div>\n\t\t<div class=\"elementor-element elementor-element-9ad30cf e-con-full e-flex e-con e-child\" data-id=\"9ad30cf\" data-element_type=\"container\" data-e-type=\"container\">\n\t\t<div class=\"elementor-element elementor-element-66e4f21 e-con-full e-flex e-con e-child\" data-id=\"66e4f21\" data-element_type=\"container\" data-e-type=\"container\">\n\t\t\t\t<div class=\"elementor-element elementor-element-c44ae3e elementor-widget elementor-widget-heading\" data-id=\"c44ae3e\" data-element_type=\"widget\" data-e-type=\"widget\" data-widget_type=\"heading.default\">\n\t\t\t\t\t<h2 class=\"elementor-heading-title elementor-size-default\">Perguntas frequentes (FAQ)<\/h2>\t\t\t\t<\/div>\n\t\t\t\t<div class=\"elementor-element elementor-element-439b5c3 elementor-widget elementor-widget-n-accordion\" data-id=\"439b5c3\" data-element_type=\"widget\" data-e-type=\"widget\" data-settings=\"{&quot;default_state&quot;:&quot;all_collapsed&quot;,&quot;max_items_expended&quot;:&quot;one&quot;,&quot;n_accordion_animation_duration&quot;:{&quot;unit&quot;:&quot;ms&quot;,&quot;size&quot;:400,&quot;sizes&quot;:[]}}\" data-widget_type=\"nested-accordion.default\">\n\t\t\t\t\t\t\t<div class=\"e-n-accordion\" aria-label=\"Accordion. Open links with Enter or Space, close with Escape, and navigate with Arrow Keys\">\n\t\t\t\t\t\t<details id=\"e-n-accordion-item-7080\" class=\"e-n-accordion-item\" >\n\t\t\t\t<summary class=\"e-n-accordion-item-title\" data-accordion-index=\"1\" tabindex=\"0\" aria-expanded=\"false\" aria-controls=\"e-n-accordion-item-7080\" >\n\t\t\t\t\t<span class='e-n-accordion-item-title-header'><div class=\"e-n-accordion-item-title-text\"> Os injet\u00e1veis para emagrecer podem causar depress\u00e3o? <\/div><\/span>\n\t\t\t\t\t\t\t<span class='e-n-accordion-item-title-icon'>\n\t\t\t<span class='e-opened' ><svg aria-hidden=\"true\" class=\"e-font-icon-svg e-fas-minus\" viewBox=\"0 0 448 512\" xmlns=\"http:\/\/www.w3.org\/2000\/svg\"><path d=\"M416 208H32c-17.67 0-32 14.33-32 32v32c0 17.67 14.33 32 32 32h384c17.67 0 32-14.33 32-32v-32c0-17.67-14.33-32-32-32z\"><\/path><\/svg><\/span>\n\t\t\t<span class='e-closed'><svg aria-hidden=\"true\" class=\"e-font-icon-svg e-fas-plus\" viewBox=\"0 0 448 512\" xmlns=\"http:\/\/www.w3.org\/2000\/svg\"><path d=\"M416 208H272V64c0-17.67-14.33-32-32-32h-32c-17.67 0-32 14.33-32 32v144H32c-17.67 0-32 14.33-32 32v32c0 17.67 14.33 32 32 32h144v144c0 17.67 14.33 32 32 32h32c17.67 0 32-14.33 32-32V304h144c17.67 0 32-14.33 32-32v-32c0-17.67-14.33-32-32-32z\"><\/path><\/svg><\/span>\n\t\t<\/span>\n\n\t\t\t\t\t\t<\/summary>\n\t\t\t\t<div role=\"region\" aria-labelledby=\"e-n-accordion-item-7080\" class=\"elementor-element elementor-element-d801294 e-con-full e-flex e-con e-child\" data-id=\"d801294\" data-element_type=\"container\" data-e-type=\"container\">\n\t\t<div role=\"region\" aria-labelledby=\"e-n-accordion-item-7080\" class=\"elementor-element elementor-element-67dd609 e-flex e-con-boxed e-con e-child\" data-id=\"67dd609\" data-element_type=\"container\" data-e-type=\"container\">\n\t\t\t\t\t<div class=\"e-con-inner\">\n\t\t\t\t<div class=\"elementor-element elementor-element-2204be5 elementor-widget elementor-widget-text-editor\" data-id=\"2204be5\" data-element_type=\"widget\" data-e-type=\"widget\" data-widget_type=\"text-editor.default\">\n\t\t\t\t\t\t\t\t\t<p>N\u00e3o existe evid\u00eancia de que estes medicamentos causem depress\u00e3o. Pelo contr\u00e1rio, a maioria dos estudos mostra melhoria dos sintomas depressivos. No entanto, se surgirem altera\u00e7\u00f5es de humor significativas, deve informar o seu m\u00e9dico.<\/p>\t\t\t\t\t\t\t\t<\/div>\n\t\t\t\t\t<\/div>\n\t\t\t\t<\/div>\n\t\t\t\t<\/div>\n\t\t\t\t\t<\/details>\n\t\t\t\t\t\t<details id=\"e-n-accordion-item-7081\" class=\"e-n-accordion-item\" >\n\t\t\t\t<summary class=\"e-n-accordion-item-title\" data-accordion-index=\"2\" tabindex=\"-1\" aria-expanded=\"false\" aria-controls=\"e-n-accordion-item-7081\" >\n\t\t\t\t\t<span class='e-n-accordion-item-title-header'><div class=\"e-n-accordion-item-title-text\"> Preciso de acompanhamento psicol\u00f3gico durante o tratamento? <\/div><\/span>\n\t\t\t\t\t\t\t<span class='e-n-accordion-item-title-icon'>\n\t\t\t<span class='e-opened' ><svg aria-hidden=\"true\" class=\"e-font-icon-svg e-fas-minus\" viewBox=\"0 0 448 512\" xmlns=\"http:\/\/www.w3.org\/2000\/svg\"><path d=\"M416 208H32c-17.67 0-32 14.33-32 32v32c0 17.67 14.33 32 32 32h384c17.67 0 32-14.33 32-32v-32c0-17.67-14.33-32-32-32z\"><\/path><\/svg><\/span>\n\t\t\t<span class='e-closed'><svg aria-hidden=\"true\" class=\"e-font-icon-svg e-fas-plus\" viewBox=\"0 0 448 512\" xmlns=\"http:\/\/www.w3.org\/2000\/svg\"><path d=\"M416 208H272V64c0-17.67-14.33-32-32-32h-32c-17.67 0-32 14.33-32 32v144H32c-17.67 0-32 14.33-32 32v32c0 17.67 14.33 32 32 32h144v144c0 17.67 14.33 32 32 32h32c17.67 0 32-14.33 32-32V304h144c17.67 0 32-14.33 32-32v-32c0-17.67-14.33-32-32-32z\"><\/path><\/svg><\/span>\n\t\t<\/span>\n\n\t\t\t\t\t\t<\/summary>\n\t\t\t\t<div role=\"region\" aria-labelledby=\"e-n-accordion-item-7081\" class=\"elementor-element elementor-element-f07e3ff e-con-full e-flex e-con e-child\" data-id=\"f07e3ff\" data-element_type=\"container\" data-e-type=\"container\">\n\t\t<div role=\"region\" aria-labelledby=\"e-n-accordion-item-7081\" class=\"elementor-element elementor-element-ba0d7df e-flex e-con-boxed e-con e-child\" data-id=\"ba0d7df\" data-element_type=\"container\" data-e-type=\"container\">\n\t\t\t\t\t<div class=\"e-con-inner\">\n\t\t\t\t<div class=\"elementor-element elementor-element-bd0918d elementor-widget elementor-widget-text-editor\" data-id=\"bd0918d\" data-element_type=\"widget\" data-e-type=\"widget\" data-widget_type=\"text-editor.default\">\n\t\t\t\t\t\t\t\t\t<p>N\u00e3o \u00e9 obrigat\u00f3rio para todos, mas \u00e9 recomendado, especialmente para doentes com hist\u00f3ria de perturba\u00e7\u00f5es do comportamento alimentar, depress\u00e3o ou ansiedade. O apoio psicol\u00f3gico melhora a ades\u00e3o e os resultados a longo prazo.<\/p>\t\t\t\t\t\t\t\t<\/div>\n\t\t\t\t\t<\/div>\n\t\t\t\t<\/div>\n\t\t\t\t<\/div>\n\t\t\t\t\t<\/details>\n\t\t\t\t\t\t<details id=\"e-n-accordion-item-7082\" class=\"e-n-accordion-item\" >\n\t\t\t\t<summary class=\"e-n-accordion-item-title\" data-accordion-index=\"3\" tabindex=\"-1\" aria-expanded=\"false\" aria-controls=\"e-n-accordion-item-7082\" >\n\t\t\t\t\t<span class='e-n-accordion-item-title-header'><div class=\"e-n-accordion-item-title-text\"> \u00c9 verdade que estes medicamentos reduzem a vontade de beber \u00e1lcool? <\/div><\/span>\n\t\t\t\t\t\t\t<span class='e-n-accordion-item-title-icon'>\n\t\t\t<span class='e-opened' ><svg aria-hidden=\"true\" class=\"e-font-icon-svg e-fas-minus\" viewBox=\"0 0 448 512\" xmlns=\"http:\/\/www.w3.org\/2000\/svg\"><path d=\"M416 208H32c-17.67 0-32 14.33-32 32v32c0 17.67 14.33 32 32 32h384c17.67 0 32-14.33 32-32v-32c0-17.67-14.33-32-32-32z\"><\/path><\/svg><\/span>\n\t\t\t<span class='e-closed'><svg aria-hidden=\"true\" class=\"e-font-icon-svg e-fas-plus\" viewBox=\"0 0 448 512\" xmlns=\"http:\/\/www.w3.org\/2000\/svg\"><path d=\"M416 208H272V64c0-17.67-14.33-32-32-32h-32c-17.67 0-32 14.33-32 32v144H32c-17.67 0-32 14.33-32 32v32c0 17.67 14.33 32 32 32h144v144c0 17.67 14.33 32 32 32h32c17.67 0 32-14.33 32-32V304h144c17.67 0 32-14.33 32-32v-32c0-17.67-14.33-32-32-32z\"><\/path><\/svg><\/span>\n\t\t<\/span>\n\n\t\t\t\t\t\t<\/summary>\n\t\t\t\t<div role=\"region\" aria-labelledby=\"e-n-accordion-item-7082\" class=\"elementor-element elementor-element-1948aa2 e-con-full e-flex e-con e-child\" data-id=\"1948aa2\" data-element_type=\"container\" data-e-type=\"container\">\n\t\t<div role=\"region\" aria-labelledby=\"e-n-accordion-item-7082\" class=\"elementor-element elementor-element-44203e4 e-flex e-con-boxed e-con e-child\" data-id=\"44203e4\" data-element_type=\"container\" data-e-type=\"container\">\n\t\t\t\t\t<div class=\"e-con-inner\">\n\t\t\t\t<div class=\"elementor-element elementor-element-90363e4 elementor-widget elementor-widget-text-editor\" data-id=\"90363e4\" data-element_type=\"widget\" data-e-type=\"widget\" data-widget_type=\"text-editor.default\">\n\t\t\t\t\t\t\t\t\t<p>Dados preliminares sugerem que os agonistas GLP-1 podem reduzir o desejo por \u00e1lcool e outras subst\u00e2ncias. Ensaios cl\u00ednicos est\u00e3o em curso, mas ainda n\u00e3o existem aprova\u00e7\u00f5es para esta indica\u00e7\u00e3o.<\/p>\t\t\t\t\t\t\t\t<\/div>\n\t\t\t\t\t<\/div>\n\t\t\t\t<\/div>\n\t\t\t\t<\/div>\n\t\t\t\t\t<\/details>\n\t\t\t\t\t\t<details id=\"e-n-accordion-item-7083\" class=\"e-n-accordion-item\" >\n\t\t\t\t<summary class=\"e-n-accordion-item-title\" data-accordion-index=\"4\" tabindex=\"-1\" aria-expanded=\"false\" aria-controls=\"e-n-accordion-item-7083\" >\n\t\t\t\t\t<span class='e-n-accordion-item-title-header'><div class=\"e-n-accordion-item-title-text\"> Como lidar com a mudan\u00e7a de imagem corporal? <\/div><\/span>\n\t\t\t\t\t\t\t<span class='e-n-accordion-item-title-icon'>\n\t\t\t<span class='e-opened' ><svg aria-hidden=\"true\" class=\"e-font-icon-svg e-fas-minus\" viewBox=\"0 0 448 512\" xmlns=\"http:\/\/www.w3.org\/2000\/svg\"><path d=\"M416 208H32c-17.67 0-32 14.33-32 32v32c0 17.67 14.33 32 32 32h384c17.67 0 32-14.33 32-32v-32c0-17.67-14.33-32-32-32z\"><\/path><\/svg><\/span>\n\t\t\t<span class='e-closed'><svg aria-hidden=\"true\" class=\"e-font-icon-svg e-fas-plus\" viewBox=\"0 0 448 512\" xmlns=\"http:\/\/www.w3.org\/2000\/svg\"><path d=\"M416 208H272V64c0-17.67-14.33-32-32-32h-32c-17.67 0-32 14.33-32 32v144H32c-17.67 0-32 14.33-32 32v32c0 17.67 14.33 32 32 32h144v144c0 17.67 14.33 32 32 32h32c17.67 0 32-14.33 32-32V304h144c17.67 0 32-14.33 32-32v-32c0-17.67-14.33-32-32-32z\"><\/path><\/svg><\/span>\n\t\t<\/span>\n\n\t\t\t\t\t\t<\/summary>\n\t\t\t\t<div role=\"region\" aria-labelledby=\"e-n-accordion-item-7083\" class=\"elementor-element elementor-element-e6b82d0 e-con-full e-flex e-con e-child\" data-id=\"e6b82d0\" data-element_type=\"container\" data-e-type=\"container\">\n\t\t<div role=\"region\" aria-labelledby=\"e-n-accordion-item-7083\" class=\"elementor-element elementor-element-ff98332 e-flex e-con-boxed e-con e-child\" data-id=\"ff98332\" data-element_type=\"container\" data-e-type=\"container\">\n\t\t\t\t\t<div class=\"e-con-inner\">\n\t\t\t\t<div class=\"elementor-element elementor-element-b745fb3 elementor-widget elementor-widget-text-editor\" data-id=\"b745fb3\" data-element_type=\"widget\" data-e-type=\"widget\" data-widget_type=\"text-editor.default\">\n\t\t\t\t\t\t\t\t\t<p>A adapta\u00e7\u00e3o \u00e0 nova imagem corporal pode ser desafiante. Recomenda-se paci\u00eancia, autocompaix\u00e3o e, se necess\u00e1rio, acompanhamento psicol\u00f3gico. Grupos de apoio e partilha de experi\u00eancias tamb\u00e9m podem ser \u00fateis.<\/p>\t\t\t\t\t\t\t\t<\/div>\n\t\t\t\t\t<\/div>\n\t\t\t\t<\/div>\n\t\t\t\t<\/div>\n\t\t\t\t\t<\/details>\n\t\t\t\t\t\t<details id=\"e-n-accordion-item-7084\" class=\"e-n-accordion-item\" >\n\t\t\t\t<summary class=\"e-n-accordion-item-title\" data-accordion-index=\"5\" tabindex=\"-1\" aria-expanded=\"false\" aria-controls=\"e-n-accordion-item-7084\" >\n\t\t\t\t\t<span class='e-n-accordion-item-title-header'><div class=\"e-n-accordion-item-title-text\"> A perda de peso pode piorar uma perturba\u00e7\u00e3o alimentar? <\/div><\/span>\n\t\t\t\t\t\t\t<span class='e-n-accordion-item-title-icon'>\n\t\t\t<span class='e-opened' ><svg aria-hidden=\"true\" class=\"e-font-icon-svg e-fas-minus\" viewBox=\"0 0 448 512\" xmlns=\"http:\/\/www.w3.org\/2000\/svg\"><path d=\"M416 208H32c-17.67 0-32 14.33-32 32v32c0 17.67 14.33 32 32 32h384c17.67 0 32-14.33 32-32v-32c0-17.67-14.33-32-32-32z\"><\/path><\/svg><\/span>\n\t\t\t<span class='e-closed'><svg aria-hidden=\"true\" class=\"e-font-icon-svg e-fas-plus\" viewBox=\"0 0 448 512\" xmlns=\"http:\/\/www.w3.org\/2000\/svg\"><path d=\"M416 208H272V64c0-17.67-14.33-32-32-32h-32c-17.67 0-32 14.33-32 32v144H32c-17.67 0-32 14.33-32 32v32c0 17.67 14.33 32 32 32h144v144c0 17.67 14.33 32 32 32h32c17.67 0 32-14.33 32-32V304h144c17.67 0 32-14.33 32-32v-32c0-17.67-14.33-32-32-32z\"><\/path><\/svg><\/span>\n\t\t<\/span>\n\n\t\t\t\t\t\t<\/summary>\n\t\t\t\t<div role=\"region\" aria-labelledby=\"e-n-accordion-item-7084\" class=\"elementor-element elementor-element-7547615 e-con-full e-flex e-con e-child\" data-id=\"7547615\" data-element_type=\"container\" data-e-type=\"container\">\n\t\t<div role=\"region\" aria-labelledby=\"e-n-accordion-item-7084\" class=\"elementor-element elementor-element-8c9a957 e-flex e-con-boxed e-con e-child\" data-id=\"8c9a957\" data-element_type=\"container\" data-e-type=\"container\">\n\t\t\t\t\t<div class=\"e-con-inner\">\n\t\t\t\t<div class=\"elementor-element elementor-element-2f07efa elementor-widget elementor-widget-text-editor\" data-id=\"2f07efa\" data-element_type=\"widget\" data-e-type=\"widget\" data-widget_type=\"text-editor.default\">\n\t\t\t\t\t\t\t\t\t<p>Em doentes com hist\u00f3ria de bulimia ou anorexia, o tratamento com injet\u00e1veis requer avalia\u00e7\u00e3o cuidadosa e acompanhamento especializado. Estes medicamentos est\u00e3o contraindicados em perturba\u00e7\u00f5es alimentares ativas n\u00e3o tratadas.<\/p>\t\t\t\t\t\t\t\t<\/div>\n\t\t\t\t\t<\/div>\n\t\t\t\t<\/div>\n\t\t\t\t<\/div>\n\t\t\t\t\t<\/details>\n\t\t\t\t\t<\/div>\n\t\t\t\t\t<script type=\"application\/ld+json\">{\"@context\":\"https:\\\/\\\/schema.org\",\"@type\":\"FAQPage\",\"mainEntity\":[{\"@type\":\"Question\",\"name\":\"Os injet\\u00e1veis para emagrecer podem causar depress\\u00e3o?\",\"acceptedAnswer\":{\"@type\":\"Answer\",\"text\":\"N\\u00e3o existe evid\\u00eancia de que estes medicamentos causem depress\\u00e3o. Pelo contr\\u00e1rio, a maioria dos estudos mostra melhoria dos sintomas depressivos. No entanto, se surgirem altera\\u00e7\\u00f5es de humor significativas, deve informar o seu m\\u00e9dico.\"}},{\"@type\":\"Question\",\"name\":\"Preciso de acompanhamento psicol\\u00f3gico durante o tratamento?\",\"acceptedAnswer\":{\"@type\":\"Answer\",\"text\":\"N\\u00e3o \\u00e9 obrigat\\u00f3rio para todos, mas \\u00e9 recomendado, especialmente para doentes com hist\\u00f3ria de perturba\\u00e7\\u00f5es do comportamento alimentar, depress\\u00e3o ou ansiedade. O apoio psicol\\u00f3gico melhora a ades\\u00e3o e os resultados a longo prazo.\"}},{\"@type\":\"Question\",\"name\":\"\\u00c9 verdade que estes medicamentos reduzem a vontade de beber \\u00e1lcool?\",\"acceptedAnswer\":{\"@type\":\"Answer\",\"text\":\"Dados preliminares sugerem que os agonistas GLP-1 podem reduzir o desejo por \\u00e1lcool e outras subst\\u00e2ncias. Ensaios cl\\u00ednicos est\\u00e3o em curso, mas ainda n\\u00e3o existem aprova\\u00e7\\u00f5es para esta indica\\u00e7\\u00e3o.\"}},{\"@type\":\"Question\",\"name\":\"Como lidar com a mudan\\u00e7a de imagem corporal?\",\"acceptedAnswer\":{\"@type\":\"Answer\",\"text\":\"A adapta\\u00e7\\u00e3o \\u00e0 nova imagem corporal pode ser desafiante. Recomenda-se paci\\u00eancia, autocompaix\\u00e3o e, se necess\\u00e1rio, acompanhamento psicol\\u00f3gico. Grupos de apoio e partilha de experi\\u00eancias tamb\\u00e9m podem ser \\u00fateis.\"}},{\"@type\":\"Question\",\"name\":\"A perda de peso pode piorar uma perturba\\u00e7\\u00e3o alimentar?\",\"acceptedAnswer\":{\"@type\":\"Answer\",\"text\":\"Em doentes com hist\\u00f3ria de bulimia ou anorexia, o tratamento com injet\\u00e1veis requer avalia\\u00e7\\u00e3o cuidadosa e acompanhamento especializado. Estes medicamentos est\\u00e3o contraindicados em perturba\\u00e7\\u00f5es alimentares ativas n\\u00e3o tratadas.\"}}]}<\/script>\n\t\t\t\t\t\t\t<\/div>\n\t\t\t\t<\/div>\n\t\t\t\t<\/div>\n\t\t\t\t\t<\/div>\n\t\t\t\t<\/div>\n\t\t<div class=\"elementor-element elementor-element-02d7fba e-flex e-con-boxed e-con e-parent\" data-id=\"02d7fba\" data-element_type=\"container\" data-e-type=\"container\">\n\t\t\t\t\t<div class=\"e-con-inner\">\n\t\t\t\t<div class=\"elementor-element elementor-element-ca91313 elementor-widget elementor-widget-text-editor\" data-id=\"ca91313\" data-element_type=\"widget\" data-e-type=\"widget\" data-widget_type=\"text-editor.default\">\n\t\t\t\t\t\t\t\t\t<h2><strong>Refer\u00eancias<\/strong><\/h2><a href=\"https:\/\/www.thelancet.com\/\" target=\"_blank\" rel=\"dofollow noopener\">The Lancet<\/a>\n\n<a href=\"https:\/\/onlinelibrary.wiley.com\/journal\/1467789x\" target=\"_blank\" rel=\"dofollow noopener\">Obesity Reviews<\/a>\n\n<a href=\"https:\/\/www.nature.com\/mp\/\" target=\"_blank\" rel=\"dofollow noopener\">Molecular Psychiatry<\/a>\n\n<a href=\"https:\/\/www.dgs.pt\/\" target=\"_blank\" rel=\"dofollow noopener\">Dire\u00e7\u00e3o-Geral da Sa\u00fade (DGS)<\/a>\n\n<a href=\"https:\/\/www.sppsm.org\/\" target=\"_blank\" rel=\"dofollow noopener\">Sociedade Portuguesa de Psiquiatria e Sa\u00fade Mental (SPPSM)<\/a>\t\t\t\t\t\t\t\t<\/div>\n\t\t\t\t\t<\/div>\n\t\t\t\t<\/div>\n\t\t<div class=\"elementor-element elementor-element-52f935a e-flex e-con-boxed e-con e-parent\" data-id=\"52f935a\" data-element_type=\"container\" data-e-type=\"container\">\n\t\t\t\t\t<div class=\"e-con-inner\">\n\t\t\t\t<div class=\"elementor-element elementor-element-b308e3d elementor-widget elementor-widget-text-editor\" data-id=\"b308e3d\" data-element_type=\"widget\" data-e-type=\"widget\" data-widget_type=\"text-editor.default\">\n\t\t\t\t\t\t\t\t\t<p style=\"text-align: center;\"><span style=\"color: #595959;\">Este artigo tem fins informativos e n\u00e3o substitui o aconselhamento m\u00e9dico profissional.<\/span><br \/><span style=\"color: #595959;\">Consulte sempre o seu m\u00e9dico antes de iniciar qualquer tratamento<\/span><\/p>\t\t\t\t\t\t\t\t<\/div>\n\t\t\t\t\t<\/div>\n\t\t\t\t<\/div>\n\t\t\t\t<\/div>\n\t\t","protected":false},"excerpt":{"rendered":"<p>Introdu\u00e7\u00e3o A rela\u00e7\u00e3o entre obesidade e sa\u00fade mental \u00e9 bidirecional e complexa. A depress\u00e3o, a ansiedade e a baixa autoestima s\u00e3o mais prevalentes em pessoas com obesidade, e estas condi\u00e7\u00f5es podem, por sua vez, dificultar a perda de peso. Os injet\u00e1veis \u00e0 base de agonistas do recetor GLP-1, ao proporcionarem perdas de peso significativas, podem [&hellip;]<\/p>\n","protected":false},"author":13102,"featured_media":61055,"comment_status":"closed","ping_status":"closed","sticky":false,"template":"","format":"standard","meta":{"_jetpack_memberships_contains_paid_content":false,"footnotes":""},"categories":[111],"tags":[],"class_list":["post-61045","post","type-post","status-publish","format-standard","has-post-thumbnail","hentry","category-perda-de-peso"],"jetpack_featured_media_url":"https:\/\/staging.mediconanet.pt\/wp-content\/uploads\/2026\/04\/Imagem-para-Redes-Sociais-a-Rosa-sobre-Descontos-de-Primavera-2026-04-10T170522.969.jpg","jetpack_sharing_enabled":true,"_links":{"self":[{"href":"https:\/\/staging.mediconanet.pt\/en\/wp-json\/wp\/v2\/posts\/61045","targetHints":{"allow":["GET"]}}],"collection":[{"href":"https:\/\/staging.mediconanet.pt\/en\/wp-json\/wp\/v2\/posts"}],"about":[{"href":"https:\/\/staging.mediconanet.pt\/en\/wp-json\/wp\/v2\/types\/post"}],"author":[{"embeddable":true,"href":"https:\/\/staging.mediconanet.pt\/en\/wp-json\/wp\/v2\/users\/13102"}],"replies":[{"embeddable":true,"href":"https:\/\/staging.mediconanet.pt\/en\/wp-json\/wp\/v2\/comments?post=61045"}],"version-history":[{"count":5,"href":"https:\/\/staging.mediconanet.pt\/en\/wp-json\/wp\/v2\/posts\/61045\/revisions"}],"predecessor-version":[{"id":61056,"href":"https:\/\/staging.mediconanet.pt\/en\/wp-json\/wp\/v2\/posts\/61045\/revisions\/61056"}],"wp:featuredmedia":[{"embeddable":true,"href":"https:\/\/staging.mediconanet.pt\/en\/wp-json\/wp\/v2\/media\/61055"}],"wp:attachment":[{"href":"https:\/\/staging.mediconanet.pt\/en\/wp-json\/wp\/v2\/media?parent=61045"}],"wp:term":[{"taxonomy":"category","embeddable":true,"href":"https:\/\/staging.mediconanet.pt\/en\/wp-json\/wp\/v2\/categories?post=61045"},{"taxonomy":"post_tag","embeddable":true,"href":"https:\/\/staging.mediconanet.pt\/en\/wp-json\/wp\/v2\/tags?post=61045"}],"curies":[{"name":"wp","href":"https:\/\/api.w.org\/{rel}","templated":true}]}}