{"id":61004,"date":"2026-04-10T09:49:04","date_gmt":"2026-04-10T08:49:04","guid":{"rendered":"https:\/\/www.mediconanet.pt\/?p=61004"},"modified":"2026-04-17T16:35:02","modified_gmt":"2026-04-17T15:35:02","slug":"perda-peso-massa-muscular-como-evitar","status":"publish","type":"post","link":"https:\/\/staging.mediconanet.pt\/en\/perda-peso-massa-muscular-como-evitar\/","title":{"rendered":"Perda de Massa Muscular com Injet\u00e1veis para Emagrecer: Como Prevenir e o Que Saber"},"content":{"rendered":"\t\t<div data-elementor-type=\"wp-post\" data-elementor-id=\"61004\" class=\"elementor elementor-61004\" data-elementor-post-type=\"post\">\n\t\t\t\t<div class=\"elementor-element elementor-element-570cfe3 e-flex e-con-boxed e-con e-parent\" data-id=\"570cfe3\" data-element_type=\"container\" data-e-type=\"container\">\n\t\t\t\t\t<div class=\"e-con-inner\">\n\t\t\t\t<div class=\"elementor-element elementor-element-1761780 elementor-widget elementor-widget-text-editor\" data-id=\"1761780\" data-element_type=\"widget\" data-e-type=\"widget\" data-widget_type=\"text-editor.default\">\n\t\t\t\t\t\t\t\t\t<h2>Introdu\u00e7\u00e3o<\/h2><p>Uma das preocupa\u00e7\u00f5es mais discutidas na comunidade m\u00e9dica sobre os injet\u00e1veis para <b>perda de peso<\/b> \u00e9 a chamada &#8220;face de ozempic&#8221; \u2014 um termo medi\u00e1tico que descreve o aspeto envelhecido que pode surgir com a <b>perda r\u00e1pida de peso<\/b> \u2014 e, de forma mais ampla, a perda de massa muscular e \u00f3ssea associada a perdas de peso muito pronunciadas. A sarcopenia (perda de massa muscular e fun\u00e7\u00e3o muscular) \u00e9 um risco real que merece aten\u00e7\u00e3o cl\u00ednica, mas que pode ser significativamente minimizado com as estrat\u00e9gias adequadas.<\/p><h2>O Problema: Perder Peso N\u00e3o \u00c9 o Mesmo Que Perder Gordura<\/h2><p>Quando uma pessoa <b>perde peso<\/b>, perde inevitavelmente uma combina\u00e7\u00e3o de gordura, \u00e1gua e massa magra (m\u00fasculo e osso). Em condi\u00e7\u00f5es normais, cerca de 25% do peso perdido pode corresponder a massa magra. Com os agonistas GLP-1 de alta efic\u00e1cia, onde as perdas podem atingir 15 a 22% do peso corporal, a quantidade absoluta de massa muscular perdida pode ser clinicamente relevante. Um estudo publicado na revista Nature Medicine (2023) analisou a composi\u00e7\u00e3o corporal de participantes em ensaios com agonistas duplos GIP\/GLP-1, confirmando que a <b>perda de massa magra<\/b> acompanha a perda de gordura, embora numa propor\u00e7\u00e3o mais favor\u00e1vel do que em dietas muito restritivas sem medica\u00e7\u00e3o.<\/p><h2>Consequ\u00eancias da Perda de Massa Muscular<\/h2><p>A <b>perda de massa muscular<\/b> tem implica\u00e7\u00f5es que v\u00e3o muito al\u00e9m da est\u00e9tica. O m\u00fasculo \u00e9 o principal respons\u00e1vel pelo metabolismo basal \u2014 quanto menos m\u00fasculo, menos calorias o corpo consome em repouso, o que facilita a recupera\u00e7\u00e3o do peso. Al\u00e9m disso, a sarcopenia aumenta o risco de quedas e fraturas em idosos, reduz a capacidade funcional e compromete a qualidade de vida. A Sociedade Europeia de Nutri\u00e7\u00e3o Cl\u00ednica e Metabolismo (ESPEN) classificou a preserva\u00e7\u00e3o da massa muscular como uma prioridade em qualquer programa de <b>perda de peso<\/b>, especialmente em doentes acima dos 60 anos.<\/p><h2>Estrat\u00e9gias de Preven\u00e7\u00e3o Baseadas em Evid\u00eancia<\/h2><p>A preven\u00e7\u00e3o da\u00a0<a href=\"https:\/\/staging.mediconanet.pt\/produto\/sifilis-tratamento\/\" target=\"_blank\" rel=\"noopener\"><b>perda muscular<\/b><\/a>\u00a0assenta em tr\u00eas pilares fundamentais: exerc\u00edcio de resist\u00eancia, ingest\u00e3o proteica adequada e monitoriza\u00e7\u00e3o regular. O treino de resist\u00eancia, realizado 2 a 3 vezes por semana, \u00e9 a interven\u00e7\u00e3o mais eficaz, conforme demonstrado em estudos publicados no British Journal of Sports Medicine (2023). A ingest\u00e3o di\u00e1ria de prote\u00edna deve situar-se entre 1,2 e 1,5 g por quilograma de peso corporal, distribu\u00edda ao longo do dia, conforme recomendado pela ESPEN. A monitoriza\u00e7\u00e3o da composi\u00e7\u00e3o corporal por bioimped\u00e2ncia ou DEXA permite acompanhar a evolu\u00e7\u00e3o e ajustar as interven\u00e7\u00f5es. A Dire\u00e7\u00e3o-Geral da Sa\u00fade (DGS) recomenda que estas estrat\u00e9gias sejam integradas desde o in\u00edcio do tratamento.<\/p><h2>Perspetivas Futuras<\/h2><p>A investiga\u00e7\u00e3o nesta \u00e1rea est\u00e1 em r\u00e1pida evolu\u00e7\u00e3o. Ensaios cl\u00ednicos est\u00e3o a testar a combina\u00e7\u00e3o de agonistas GLP-1 com f\u00e1rmacos que promovem o crescimento muscular, como anticorpos anti-miostatina e ativadores seletivos do recetor de androg\u00e9nios (SARMs), conforme reportado na Nature Reviews Drug Discovery (2024). Enquanto estas abordagens n\u00e3o est\u00e3o dispon\u00edveis, a combina\u00e7\u00e3o de exerc\u00edcio e nutri\u00e7\u00e3o adequada continua a ser a melhor estrat\u00e9gia dispon\u00edvel.<\/p>\t\t\t\t\t\t\t\t<\/div>\n\t\t\t\t\t<\/div>\n\t\t\t\t<\/div>\n\t\t<div class=\"elementor-element elementor-element-1545e08 e-flex e-con-boxed e-con e-parent\" data-id=\"1545e08\" data-element_type=\"container\" data-e-type=\"container\">\n\t\t\t\t\t<div class=\"e-con-inner\">\n\t\t\t\t<div class=\"elementor-element elementor-element-375973d elementor-widget elementor-widget-image\" data-id=\"375973d\" data-element_type=\"widget\" data-e-type=\"widget\" data-widget_type=\"image.default\">\n\t\t\t\t\t\t\t\t\t\t\t\t\t\t\t<img decoding=\"async\" src=\"https:\/\/staging.mediconanet.pt\/wp-content\/uploads\/2026\/04\/Imagem-para-Redes-Sociais-a-Rosa-sobre-Descontos-de-Primavera-2026-04-10T101334.760.jpg\" title=\"Acompanhamento para perda de peso em teleconsulta\" alt=\"Homem em casa em teleconsulta m\u00e9dica para plano de perda de peso\" loading=\"lazy\" \/>\t\t\t\t\t\t\t\t\t\t\t\t\t\t\t<\/div>\n\t\t<div class=\"elementor-element elementor-element-9ad30cf e-con-full e-flex e-con e-child\" data-id=\"9ad30cf\" data-element_type=\"container\" data-e-type=\"container\">\n\t\t<div class=\"elementor-element elementor-element-66e4f21 e-con-full e-flex e-con e-child\" data-id=\"66e4f21\" data-element_type=\"container\" data-e-type=\"container\">\n\t\t\t\t<div class=\"elementor-element elementor-element-c44ae3e elementor-widget elementor-widget-heading\" data-id=\"c44ae3e\" data-element_type=\"widget\" data-e-type=\"widget\" data-widget_type=\"heading.default\">\n\t\t\t\t\t<h2 class=\"elementor-heading-title elementor-size-default\">Perguntas frequentes (FAQ)<\/h2>\t\t\t\t<\/div>\n\t\t\t\t<div class=\"elementor-element elementor-element-439b5c3 elementor-widget elementor-widget-n-accordion\" data-id=\"439b5c3\" data-element_type=\"widget\" data-e-type=\"widget\" data-settings=\"{&quot;default_state&quot;:&quot;all_collapsed&quot;,&quot;max_items_expended&quot;:&quot;one&quot;,&quot;n_accordion_animation_duration&quot;:{&quot;unit&quot;:&quot;ms&quot;,&quot;size&quot;:400,&quot;sizes&quot;:[]}}\" data-widget_type=\"nested-accordion.default\">\n\t\t\t\t\t\t\t<div class=\"e-n-accordion\" aria-label=\"Accordion. Open links with Enter or Space, close with Escape, and navigate with Arrow Keys\">\n\t\t\t\t\t\t<details id=\"e-n-accordion-item-7080\" class=\"e-n-accordion-item\" >\n\t\t\t\t<summary class=\"e-n-accordion-item-title\" data-accordion-index=\"1\" tabindex=\"0\" aria-expanded=\"false\" aria-controls=\"e-n-accordion-item-7080\" >\n\t\t\t\t\t<span class='e-n-accordion-item-title-header'><div class=\"e-n-accordion-item-title-text\"> \u00c9 inevit\u00e1vel perder m\u00fasculo com os injet\u00e1veis para emagrecer? <\/div><\/span>\n\t\t\t\t\t\t\t<span class='e-n-accordion-item-title-icon'>\n\t\t\t<span class='e-opened' ><svg aria-hidden=\"true\" class=\"e-font-icon-svg e-fas-minus\" viewBox=\"0 0 448 512\" xmlns=\"http:\/\/www.w3.org\/2000\/svg\"><path d=\"M416 208H32c-17.67 0-32 14.33-32 32v32c0 17.67 14.33 32 32 32h384c17.67 0 32-14.33 32-32v-32c0-17.67-14.33-32-32-32z\"><\/path><\/svg><\/span>\n\t\t\t<span class='e-closed'><svg aria-hidden=\"true\" class=\"e-font-icon-svg e-fas-plus\" viewBox=\"0 0 448 512\" xmlns=\"http:\/\/www.w3.org\/2000\/svg\"><path d=\"M416 208H272V64c0-17.67-14.33-32-32-32h-32c-17.67 0-32 14.33-32 32v144H32c-17.67 0-32 14.33-32 32v32c0 17.67 14.33 32 32 32h144v144c0 17.67 14.33 32 32 32h32c17.67 0 32-14.33 32-32V304h144c17.67 0 32-14.33 32-32v-32c0-17.67-14.33-32-32-32z\"><\/path><\/svg><\/span>\n\t\t<\/span>\n\n\t\t\t\t\t\t<\/summary>\n\t\t\t\t<div role=\"region\" aria-labelledby=\"e-n-accordion-item-7080\" class=\"elementor-element elementor-element-d801294 e-con-full e-flex e-con e-child\" data-id=\"d801294\" data-element_type=\"container\" data-e-type=\"container\">\n\t\t<div role=\"region\" aria-labelledby=\"e-n-accordion-item-7080\" class=\"elementor-element elementor-element-67dd609 e-flex e-con-boxed e-con e-child\" data-id=\"67dd609\" data-element_type=\"container\" data-e-type=\"container\">\n\t\t\t\t\t<div class=\"e-con-inner\">\n\t\t\t\t<div class=\"elementor-element elementor-element-2204be5 elementor-widget elementor-widget-text-editor\" data-id=\"2204be5\" data-element_type=\"widget\" data-e-type=\"widget\" data-widget_type=\"text-editor.default\">\n\t\t\t\t\t\t\t\t\t<p>Alguma <b>perda de massa magra<\/b> ocorre sempre que h\u00e1 redu\u00e7\u00e3o de peso significativa. No entanto, com treino de resist\u00eancia regular e ingest\u00e3o proteica adequada, \u00e9 poss\u00edvel minimizar substancialmente esta perda.<\/p>\t\t\t\t\t\t\t\t<\/div>\n\t\t\t\t\t<\/div>\n\t\t\t\t<\/div>\n\t\t\t\t<\/div>\n\t\t\t\t\t<\/details>\n\t\t\t\t\t\t<details id=\"e-n-accordion-item-7081\" class=\"e-n-accordion-item\" >\n\t\t\t\t<summary class=\"e-n-accordion-item-title\" data-accordion-index=\"2\" tabindex=\"-1\" aria-expanded=\"false\" aria-controls=\"e-n-accordion-item-7081\" >\n\t\t\t\t\t<span class='e-n-accordion-item-title-header'><div class=\"e-n-accordion-item-title-text\"> O que \u00e9 a \"face de ozempic\"? <\/div><\/span>\n\t\t\t\t\t\t\t<span class='e-n-accordion-item-title-icon'>\n\t\t\t<span class='e-opened' ><svg aria-hidden=\"true\" class=\"e-font-icon-svg e-fas-minus\" viewBox=\"0 0 448 512\" xmlns=\"http:\/\/www.w3.org\/2000\/svg\"><path d=\"M416 208H32c-17.67 0-32 14.33-32 32v32c0 17.67 14.33 32 32 32h384c17.67 0 32-14.33 32-32v-32c0-17.67-14.33-32-32-32z\"><\/path><\/svg><\/span>\n\t\t\t<span class='e-closed'><svg aria-hidden=\"true\" class=\"e-font-icon-svg e-fas-plus\" viewBox=\"0 0 448 512\" xmlns=\"http:\/\/www.w3.org\/2000\/svg\"><path d=\"M416 208H272V64c0-17.67-14.33-32-32-32h-32c-17.67 0-32 14.33-32 32v144H32c-17.67 0-32 14.33-32 32v32c0 17.67 14.33 32 32 32h144v144c0 17.67 14.33 32 32 32h32c17.67 0 32-14.33 32-32V304h144c17.67 0 32-14.33 32-32v-32c0-17.67-14.33-32-32-32z\"><\/path><\/svg><\/span>\n\t\t<\/span>\n\n\t\t\t\t\t\t<\/summary>\n\t\t\t\t<div role=\"region\" aria-labelledby=\"e-n-accordion-item-7081\" class=\"elementor-element elementor-element-f07e3ff e-con-full e-flex e-con e-child\" data-id=\"f07e3ff\" data-element_type=\"container\" data-e-type=\"container\">\n\t\t<div role=\"region\" aria-labelledby=\"e-n-accordion-item-7081\" class=\"elementor-element elementor-element-ba0d7df e-flex e-con-boxed e-con e-child\" data-id=\"ba0d7df\" data-element_type=\"container\" data-e-type=\"container\">\n\t\t\t\t\t<div class=\"e-con-inner\">\n\t\t\t\t<div class=\"elementor-element elementor-element-bd0918d elementor-widget elementor-widget-text-editor\" data-id=\"bd0918d\" data-element_type=\"widget\" data-e-type=\"widget\" data-widget_type=\"text-editor.default\">\n\t\t\t\t\t\t\t\t\t<p>\u00c9 um termo popular que descreve a <b>perda de volume facial<\/b> e aspeto envelhecido que pode ocorrer com <b>perdas de peso r\u00e1pidas<\/b> e muito pronunciadas. N\u00e3o \u00e9 espec\u00edfico destes medicamentos \u2014 ocorre com qualquer perda de peso significativa.<\/p>\t\t\t\t\t\t\t\t<\/div>\n\t\t\t\t\t<\/div>\n\t\t\t\t<\/div>\n\t\t\t\t<\/div>\n\t\t\t\t\t<\/details>\n\t\t\t\t\t\t<details id=\"e-n-accordion-item-7082\" class=\"e-n-accordion-item\" >\n\t\t\t\t<summary class=\"e-n-accordion-item-title\" data-accordion-index=\"3\" tabindex=\"-1\" aria-expanded=\"false\" aria-controls=\"e-n-accordion-item-7082\" >\n\t\t\t\t\t<span class='e-n-accordion-item-title-header'><div class=\"e-n-accordion-item-title-text\"> Quanta prote\u00edna devo comer por dia? <\/div><\/span>\n\t\t\t\t\t\t\t<span class='e-n-accordion-item-title-icon'>\n\t\t\t<span class='e-opened' ><svg aria-hidden=\"true\" class=\"e-font-icon-svg e-fas-minus\" viewBox=\"0 0 448 512\" xmlns=\"http:\/\/www.w3.org\/2000\/svg\"><path d=\"M416 208H32c-17.67 0-32 14.33-32 32v32c0 17.67 14.33 32 32 32h384c17.67 0 32-14.33 32-32v-32c0-17.67-14.33-32-32-32z\"><\/path><\/svg><\/span>\n\t\t\t<span class='e-closed'><svg aria-hidden=\"true\" class=\"e-font-icon-svg e-fas-plus\" viewBox=\"0 0 448 512\" xmlns=\"http:\/\/www.w3.org\/2000\/svg\"><path d=\"M416 208H272V64c0-17.67-14.33-32-32-32h-32c-17.67 0-32 14.33-32 32v144H32c-17.67 0-32 14.33-32 32v32c0 17.67 14.33 32 32 32h144v144c0 17.67 14.33 32 32 32h32c17.67 0 32-14.33 32-32V304h144c17.67 0 32-14.33 32-32v-32c0-17.67-14.33-32-32-32z\"><\/path><\/svg><\/span>\n\t\t<\/span>\n\n\t\t\t\t\t\t<\/summary>\n\t\t\t\t<div role=\"region\" aria-labelledby=\"e-n-accordion-item-7082\" class=\"elementor-element elementor-element-1948aa2 e-con-full e-flex e-con e-child\" data-id=\"1948aa2\" data-element_type=\"container\" data-e-type=\"container\">\n\t\t<div role=\"region\" aria-labelledby=\"e-n-accordion-item-7082\" class=\"elementor-element elementor-element-44203e4 e-flex e-con-boxed e-con e-child\" data-id=\"44203e4\" data-element_type=\"container\" data-e-type=\"container\">\n\t\t\t\t\t<div class=\"e-con-inner\">\n\t\t\t\t<div class=\"elementor-element elementor-element-90363e4 elementor-widget elementor-widget-text-editor\" data-id=\"90363e4\" data-element_type=\"widget\" data-e-type=\"widget\" data-widget_type=\"text-editor.default\">\n\t\t\t\t\t\t\t\t\t<p>Durante o tratamento com injet\u00e1veis, recomenda-se 1,2 a 1,5 gramas de prote\u00edna por quilograma de peso corporal por dia, distribu\u00edda em 3 a 4 refei\u00e7\u00f5es. Fontes como ovos, peixe, carne magra, latic\u00ednios e leguminosas s\u00e3o ideais.<\/p>\t\t\t\t\t\t\t\t<\/div>\n\t\t\t\t\t<\/div>\n\t\t\t\t<\/div>\n\t\t\t\t<\/div>\n\t\t\t\t\t<\/details>\n\t\t\t\t\t\t<details id=\"e-n-accordion-item-7083\" class=\"e-n-accordion-item\" >\n\t\t\t\t<summary class=\"e-n-accordion-item-title\" data-accordion-index=\"4\" tabindex=\"-1\" aria-expanded=\"false\" aria-controls=\"e-n-accordion-item-7083\" >\n\t\t\t\t\t<span class='e-n-accordion-item-title-header'><div class=\"e-n-accordion-item-title-text\"> Como posso saber se estou a perder m\u00fasculo? <\/div><\/span>\n\t\t\t\t\t\t\t<span class='e-n-accordion-item-title-icon'>\n\t\t\t<span class='e-opened' ><svg aria-hidden=\"true\" class=\"e-font-icon-svg e-fas-minus\" viewBox=\"0 0 448 512\" xmlns=\"http:\/\/www.w3.org\/2000\/svg\"><path d=\"M416 208H32c-17.67 0-32 14.33-32 32v32c0 17.67 14.33 32 32 32h384c17.67 0 32-14.33 32-32v-32c0-17.67-14.33-32-32-32z\"><\/path><\/svg><\/span>\n\t\t\t<span class='e-closed'><svg aria-hidden=\"true\" class=\"e-font-icon-svg e-fas-plus\" viewBox=\"0 0 448 512\" xmlns=\"http:\/\/www.w3.org\/2000\/svg\"><path d=\"M416 208H272V64c0-17.67-14.33-32-32-32h-32c-17.67 0-32 14.33-32 32v144H32c-17.67 0-32 14.33-32 32v32c0 17.67 14.33 32 32 32h144v144c0 17.67 14.33 32 32 32h32c17.67 0 32-14.33 32-32V304h144c17.67 0 32-14.33 32-32v-32c0-17.67-14.33-32-32-32z\"><\/path><\/svg><\/span>\n\t\t<\/span>\n\n\t\t\t\t\t\t<\/summary>\n\t\t\t\t<div role=\"region\" aria-labelledby=\"e-n-accordion-item-7083\" class=\"elementor-element elementor-element-e6b82d0 e-con-full e-flex e-con e-child\" data-id=\"e6b82d0\" data-element_type=\"container\" data-e-type=\"container\">\n\t\t<div role=\"region\" aria-labelledby=\"e-n-accordion-item-7083\" class=\"elementor-element elementor-element-ff98332 e-flex e-con-boxed e-con e-child\" data-id=\"ff98332\" data-element_type=\"container\" data-e-type=\"container\">\n\t\t\t\t\t<div class=\"e-con-inner\">\n\t\t\t\t<div class=\"elementor-element elementor-element-b745fb3 elementor-widget elementor-widget-text-editor\" data-id=\"b745fb3\" data-element_type=\"widget\" data-e-type=\"widget\" data-widget_type=\"text-editor.default\">\n\t\t\t\t\t\t\t\t\t<p>A avalia\u00e7\u00e3o da composi\u00e7\u00e3o corporal por bioimped\u00e2ncia ou DEXA (densitometria) permite quantificar a massa muscular. Sinais cl\u00ednicos incluem fraqueza progressiva, dificuldade em tarefas quotidianas e diminui\u00e7\u00e3o do per\u00edmetro dos membros.<\/p>\t\t\t\t\t\t\t\t<\/div>\n\t\t\t\t\t<\/div>\n\t\t\t\t<\/div>\n\t\t\t\t<\/div>\n\t\t\t\t\t<\/details>\n\t\t\t\t\t\t<details id=\"e-n-accordion-item-7084\" class=\"e-n-accordion-item\" >\n\t\t\t\t<summary class=\"e-n-accordion-item-title\" data-accordion-index=\"5\" tabindex=\"-1\" aria-expanded=\"false\" aria-controls=\"e-n-accordion-item-7084\" >\n\t\t\t\t\t<span class='e-n-accordion-item-title-header'><div class=\"e-n-accordion-item-title-text\"> Os suplementos proteicos s\u00e3o necess\u00e1rios? <\/div><\/span>\n\t\t\t\t\t\t\t<span class='e-n-accordion-item-title-icon'>\n\t\t\t<span class='e-opened' ><svg aria-hidden=\"true\" class=\"e-font-icon-svg e-fas-minus\" viewBox=\"0 0 448 512\" xmlns=\"http:\/\/www.w3.org\/2000\/svg\"><path d=\"M416 208H32c-17.67 0-32 14.33-32 32v32c0 17.67 14.33 32 32 32h384c17.67 0 32-14.33 32-32v-32c0-17.67-14.33-32-32-32z\"><\/path><\/svg><\/span>\n\t\t\t<span class='e-closed'><svg aria-hidden=\"true\" class=\"e-font-icon-svg e-fas-plus\" viewBox=\"0 0 448 512\" xmlns=\"http:\/\/www.w3.org\/2000\/svg\"><path d=\"M416 208H272V64c0-17.67-14.33-32-32-32h-32c-17.67 0-32 14.33-32 32v144H32c-17.67 0-32 14.33-32 32v32c0 17.67 14.33 32 32 32h144v144c0 17.67 14.33 32 32 32h32c17.67 0 32-14.33 32-32V304h144c17.67 0 32-14.33 32-32v-32c0-17.67-14.33-32-32-32z\"><\/path><\/svg><\/span>\n\t\t<\/span>\n\n\t\t\t\t\t\t<\/summary>\n\t\t\t\t<div role=\"region\" aria-labelledby=\"e-n-accordion-item-7084\" class=\"elementor-element elementor-element-7547615 e-con-full e-flex e-con e-child\" data-id=\"7547615\" data-element_type=\"container\" data-e-type=\"container\">\n\t\t<div role=\"region\" aria-labelledby=\"e-n-accordion-item-7084\" class=\"elementor-element elementor-element-8c9a957 e-flex e-con-boxed e-con e-child\" data-id=\"8c9a957\" data-element_type=\"container\" data-e-type=\"container\">\n\t\t\t\t\t<div class=\"e-con-inner\">\n\t\t\t\t<div class=\"elementor-element elementor-element-2f07efa elementor-widget elementor-widget-text-editor\" data-id=\"2f07efa\" data-element_type=\"widget\" data-e-type=\"widget\" data-widget_type=\"text-editor.default\">\n\t\t\t\t\t\t\t\t\t<p>Apenas se a ingest\u00e3o alimentar n\u00e3o for suficiente para atingir as metas proteicas recomendadas. Suplementos de prote\u00edna de soro de leite (whey) ou de ervilha podem ser \u00fateis, mas devem ser vistos como complemento e n\u00e3o substituto de uma alimenta\u00e7\u00e3o equilibrada.<\/p>\t\t\t\t\t\t\t\t<\/div>\n\t\t\t\t\t<\/div>\n\t\t\t\t<\/div>\n\t\t\t\t<\/div>\n\t\t\t\t\t<\/details>\n\t\t\t\t\t<\/div>\n\t\t\t\t\t<script type=\"application\/ld+json\">{\"@context\":\"https:\\\/\\\/schema.org\",\"@type\":\"FAQPage\",\"mainEntity\":[{\"@type\":\"Question\",\"name\":\"\\u00c9 inevit\\u00e1vel perder m\\u00fasculo com os injet\\u00e1veis para emagrecer?\",\"acceptedAnswer\":{\"@type\":\"Answer\",\"text\":\"Alguma perda de massa magra ocorre sempre que h\\u00e1 redu\\u00e7\\u00e3o de peso significativa. No entanto, com treino de resist\\u00eancia regular e ingest\\u00e3o proteica adequada, \\u00e9 poss\\u00edvel minimizar substancialmente esta perda.\"}},{\"@type\":\"Question\",\"name\":\"O que \\u00e9 a \\\"face de ozempic\\\"?\",\"acceptedAnswer\":{\"@type\":\"Answer\",\"text\":\"\\u00c9 um termo popular que descreve a perda de volume facial e aspeto envelhecido que pode ocorrer com perdas de peso r\\u00e1pidas e muito pronunciadas. N\\u00e3o \\u00e9 espec\\u00edfico destes medicamentos \\u2014 ocorre com qualquer perda de peso significativa.\"}},{\"@type\":\"Question\",\"name\":\"Quanta prote\\u00edna devo comer por dia?\",\"acceptedAnswer\":{\"@type\":\"Answer\",\"text\":\"Durante o tratamento com injet\\u00e1veis, recomenda-se 1,2 a 1,5 gramas de prote\\u00edna por quilograma de peso corporal por dia, distribu\\u00edda em 3 a 4 refei\\u00e7\\u00f5es. Fontes como ovos, peixe, carne magra, latic\\u00ednios e leguminosas s\\u00e3o ideais.\"}},{\"@type\":\"Question\",\"name\":\"Como posso saber se estou a perder m\\u00fasculo?\",\"acceptedAnswer\":{\"@type\":\"Answer\",\"text\":\"A avalia\\u00e7\\u00e3o da composi\\u00e7\\u00e3o corporal por bioimped\\u00e2ncia ou DEXA (densitometria) permite quantificar a massa muscular. Sinais cl\\u00ednicos incluem fraqueza progressiva, dificuldade em tarefas quotidianas e diminui\\u00e7\\u00e3o do per\\u00edmetro dos membros.\"}},{\"@type\":\"Question\",\"name\":\"Os suplementos proteicos s\\u00e3o necess\\u00e1rios?\",\"acceptedAnswer\":{\"@type\":\"Answer\",\"text\":\"Apenas se a ingest\\u00e3o alimentar n\\u00e3o for suficiente para atingir as metas proteicas recomendadas. Suplementos de prote\\u00edna de soro de leite (whey) ou de ervilha podem ser \\u00fateis, mas devem ser vistos como complemento e n\\u00e3o substituto de uma alimenta\\u00e7\\u00e3o equilibrada.\"}}]}<\/script>\n\t\t\t\t\t\t\t<\/div>\n\t\t\t\t<\/div>\n\t\t\t\t<\/div>\n\t\t\t\t\t<\/div>\n\t\t\t\t<\/div>\n\t\t<div class=\"elementor-element elementor-element-02d7fba e-flex e-con-boxed e-con e-parent\" data-id=\"02d7fba\" data-element_type=\"container\" data-e-type=\"container\">\n\t\t\t\t\t<div class=\"e-con-inner\">\n\t\t\t\t<div class=\"elementor-element elementor-element-ca91313 elementor-widget elementor-widget-text-editor\" data-id=\"ca91313\" data-element_type=\"widget\" data-e-type=\"widget\" data-widget_type=\"text-editor.default\">\n\t\t\t\t\t\t\t\t\t<h2><strong>Refer\u00eancias<\/strong><\/h2><p><a href=\"https:\/\/www.nature.com\/\" target=\"_blank\" rel=\"dofollow noopener\">Nature Medicine \u2014 Lean mass changes<\/a><\/p><p><a href=\"https:\/\/www.espen.org\/\" target=\"_blank\" rel=\"dofollow noopener\">ESPEN \u2014 Protein guidelines<\/a><\/p><p><a href=\"https:\/\/bjsm.bmj.com\/\" target=\"_blank\" rel=\"dofollow noopener\">British Journal of Sports Medicine<\/a><\/p><p><a href=\"https:\/\/www.nature.com\/nrd\/\" target=\"_blank\" rel=\"dofollow noopener\">Nature Reviews Drug Discovery<\/a><\/p><p><a href=\"https:\/\/www.dgs.pt\/\" target=\"_blank\" rel=\"dofollow noopener\">Dire\u00e7\u00e3o-Geral da Sa\u00fade (DGS)<\/a><\/p>\t\t\t\t\t\t\t\t<\/div>\n\t\t\t\t\t<\/div>\n\t\t\t\t<\/div>\n\t\t<div class=\"elementor-element elementor-element-52f935a e-flex e-con-boxed e-con e-parent\" data-id=\"52f935a\" data-element_type=\"container\" data-e-type=\"container\">\n\t\t\t\t\t<div class=\"e-con-inner\">\n\t\t\t\t<div class=\"elementor-element elementor-element-b308e3d elementor-widget elementor-widget-text-editor\" data-id=\"b308e3d\" data-element_type=\"widget\" data-e-type=\"widget\" data-widget_type=\"text-editor.default\">\n\t\t\t\t\t\t\t\t\t<p style=\"text-align: center;\"><span style=\"color: #595959;\">Este artigo tem fins informativos e n\u00e3o substitui o aconselhamento m\u00e9dico profissional.<\/span><br \/><span style=\"color: #595959;\">Consulte sempre o seu m\u00e9dico antes de iniciar qualquer tratamento<\/span><\/p>\t\t\t\t\t\t\t\t<\/div>\n\t\t\t\t\t<\/div>\n\t\t\t\t<\/div>\n\t\t\t\t<\/div>\n\t\t","protected":false},"excerpt":{"rendered":"<p>Introdu\u00e7\u00e3o Uma das preocupa\u00e7\u00f5es mais discutidas na comunidade m\u00e9dica sobre os injet\u00e1veis para perda de peso \u00e9 a chamada &#8220;face de ozempic&#8221; \u2014 um termo medi\u00e1tico que descreve o aspeto envelhecido que pode surgir com a perda r\u00e1pida de peso \u2014 e, de forma mais ampla, a perda de massa muscular e \u00f3ssea associada a [&hellip;]<\/p>\n","protected":false},"author":13102,"featured_media":61015,"comment_status":"closed","ping_status":"closed","sticky":false,"template":"","format":"standard","meta":{"_jetpack_memberships_contains_paid_content":false,"footnotes":""},"categories":[111],"tags":[],"class_list":["post-61004","post","type-post","status-publish","format-standard","has-post-thumbnail","hentry","category-perda-de-peso"],"jetpack_featured_media_url":"https:\/\/staging.mediconanet.pt\/wp-content\/uploads\/2026\/04\/Imagem-para-Redes-Sociais-a-Rosa-sobre-Descontos-de-Primavera-2026-04-10T101346.920.jpg","jetpack_sharing_enabled":true,"_links":{"self":[{"href":"https:\/\/staging.mediconanet.pt\/en\/wp-json\/wp\/v2\/posts\/61004","targetHints":{"allow":["GET"]}}],"collection":[{"href":"https:\/\/staging.mediconanet.pt\/en\/wp-json\/wp\/v2\/posts"}],"about":[{"href":"https:\/\/staging.mediconanet.pt\/en\/wp-json\/wp\/v2\/types\/post"}],"author":[{"embeddable":true,"href":"https:\/\/staging.mediconanet.pt\/en\/wp-json\/wp\/v2\/users\/13102"}],"replies":[{"embeddable":true,"href":"https:\/\/staging.mediconanet.pt\/en\/wp-json\/wp\/v2\/comments?post=61004"}],"version-history":[{"count":4,"href":"https:\/\/staging.mediconanet.pt\/en\/wp-json\/wp\/v2\/posts\/61004\/revisions"}],"predecessor-version":[{"id":61014,"href":"https:\/\/staging.mediconanet.pt\/en\/wp-json\/wp\/v2\/posts\/61004\/revisions\/61014"}],"wp:featuredmedia":[{"embeddable":true,"href":"https:\/\/staging.mediconanet.pt\/en\/wp-json\/wp\/v2\/media\/61015"}],"wp:attachment":[{"href":"https:\/\/staging.mediconanet.pt\/en\/wp-json\/wp\/v2\/media?parent=61004"}],"wp:term":[{"taxonomy":"category","embeddable":true,"href":"https:\/\/staging.mediconanet.pt\/en\/wp-json\/wp\/v2\/categories?post=61004"},{"taxonomy":"post_tag","embeddable":true,"href":"https:\/\/staging.mediconanet.pt\/en\/wp-json\/wp\/v2\/tags?post=61004"}],"curies":[{"name":"wp","href":"https:\/\/api.w.org\/{rel}","templated":true}]}}