{"id":60612,"date":"2026-04-08T14:55:25","date_gmt":"2026-04-08T13:55:25","guid":{"rendered":"https:\/\/www.mediconanet.pt\/?p=60612"},"modified":"2026-04-09T12:42:18","modified_gmt":"2026-04-09T11:42:18","slug":"urticaria-causas-tipos-tratamento","status":"publish","type":"post","link":"https:\/\/staging.mediconanet.pt\/en\/urticaria-causas-tipos-tratamento\/","title":{"rendered":"Urtic\u00e1ria: Causas, Tipos e Tratamento"},"content":{"rendered":"\t\t<div data-elementor-type=\"wp-post\" data-elementor-id=\"60612\" class=\"elementor elementor-60612\" data-elementor-post-type=\"post\">\n\t\t\t\t<div class=\"elementor-element elementor-element-570cfe3 e-flex e-con-boxed e-con e-parent\" data-id=\"570cfe3\" data-element_type=\"container\" data-e-type=\"container\">\n\t\t\t\t\t<div class=\"e-con-inner\">\n\t\t\t\t<div class=\"elementor-element elementor-element-1761780 elementor-widget elementor-widget-text-editor\" data-id=\"1761780\" data-element_type=\"widget\" data-e-type=\"widget\" data-widget_type=\"text-editor.default\">\n\t\t\t\t\t\t\t\t\t<h2><strong>Introdu\u00e7\u00e3o<\/strong><\/h2><p>A <b>urtic\u00e1ria <\/b>\u00e9 uma das rea\u00e7\u00f5es cut\u00e2neas mais comuns, caracterizada pelo aparecimento de placas vermelhas, salientes e pruriginosas (&#8220;verg\u00f5es&#8221; ou &#8220;babas&#8221;) que surgem subitamente e podem desaparecer em minutos a horas, reaparecendo noutras zonas do corpo. Afeta cerca de 20% da popula\u00e7\u00e3o pelo menos uma vez na vida, segundo a European Academy of Allergy and Clinical Immunology (EAACI). Em Portugal, a SPAIC confirma esta preval\u00eancia elevada.<\/p><p>Pode ser aguda (dura\u00e7\u00e3o inferior a 6 semanas) ou cr\u00f3nica (superior a 6 semanas). Enquanto a aguda tem frequentemente uma causa identific\u00e1vel \u2014 alimento, medicamento, infe\u00e7\u00e3o \u2014 a cr\u00f3nica \u00e9, na maioria dos casos, espont\u00e2nea (sem causa externa identific\u00e1vel), resultante de mecanismos autoimunes. A European Dermatology Forum e a EAACI\/GA\u00b2LEN\/EDF\/WAO publicaram guidelines internacionais para o diagn\u00f3stico e tratamento que servem de refer\u00eancia na pr\u00e1tica cl\u00ednica.<\/p><h2><strong>Tipos de Urtic\u00e1ria e Causas<\/strong><\/h2><p>A <b>urtic\u00e1ria<\/b> aguda \u00e9 frequentemente desencadeada por alergias alimentares (marisco, frutos secos, leite, ovo), medicamentos (AINEs, antibi\u00f3ticos), picadas de insetos ou infe\u00e7\u00f5es virais. Na maioria dos epis\u00f3dios agudos, a causa \u00e9 identific\u00e1vel e o quadro resolve em dias a poucas semanas. A urtic\u00e1ria cr\u00f3nica espont\u00e2nea (UCE) \u00e9 a forma cr\u00f3nica mais frequente, afetando at\u00e9 1% da popula\u00e7\u00e3o, e resulta geralmente da ativa\u00e7\u00e3o de mast\u00f3citos cut\u00e2neos por mecanismos autoimunes.<\/p><p>Existem ainda urtic\u00e1rias f\u00edsicas, desencadeadas por est\u00edmulos espec\u00edficos: frio, press\u00e3o, exerc\u00edcio f\u00edsico, vibra\u00e7\u00e3o ou exposi\u00e7\u00e3o solar. A <b>urtic\u00e1ria <\/b>colin\u00e9rgica, desencadeada pelo aumento da temperatura corporal (exerc\u00edcio, banho quente, stress), \u00e9 particularmente comum em jovens. A identifica\u00e7\u00e3o do tipo \u00e9 essencial para orientar o tratamento adequado.<\/p><h2><strong>Diagn\u00f3stico: Quando Investigar?<\/strong><\/h2><p>Na <b>urtic\u00e1ria <\/b>aguda com causa aparente (alimento, medicamento), geralmente n\u00e3o \u00e9 necess\u00e1ria investiga\u00e7\u00e3o adicional. Na cr\u00f3nica (dura\u00e7\u00e3o superior a 6 semanas), recomenda-se avalia\u00e7\u00e3o laboratorial b\u00e1sica: hemograma, PCR, velocidade de sedimenta\u00e7\u00e3o, fun\u00e7\u00e3o tiroideia e anticorpos antitiroideus. A EAACI recomenda que os testes al\u00e9rgicos sejam realizados apenas quando a hist\u00f3ria cl\u00ednica sugere um al\u00e9rgeno espec\u00edfico, e n\u00e3o por rotina.<\/p><p>O diagn\u00f3stico diferencial inclui vasculite urticariforme (les\u00f5es que persistem mais de 24 horas no mesmo local e deixam hematoma), angioedema heredit\u00e1rio e mastocitose. A referencia\u00e7\u00e3o para imunoalergologia ou dermatologia \u00e9 recomendada em urtic\u00e1rias cr\u00f3nicas que n\u00e3o respondem ao tratamento de primeira linha.<\/p><h2><strong>Tratamento: Anti-histam\u00ednicos e Al\u00e9m<\/strong><\/h2><p>Os anti-histam\u00ednicos H1 de segunda gera\u00e7\u00e3o (cetirizina, bilastina, fexofenadina, rupatadina) s\u00e3o o tratamento de primeira linha, tomados em dose standard. Se insuficiente, as guidelines recomendam aumentar a dose at\u00e9 4 vezes a dose habitual (off-label mas com evid\u00eancia robusta). Em caso de fal\u00eancia, o omalizumab (anticorpo monoclonal anti-IgE) \u00e9 o tratamento de segunda linha recomendado para UCE, aprovado pela EMA e dispon\u00edvel em Portugal.<\/p><p>Os corticosteroides sist\u00e9micos podem ser usados em ciclos curtos (3-7 dias) para agudiza\u00e7\u00f5es graves, mas n\u00e3o devem ser usados de forma prolongada devido aos efeitos adversos. A ciclosporina \u00e9 reservada como terceira linha para casos refrat\u00e1rios. O tratamento deve ser mantido at\u00e9 remiss\u00e3o est\u00e1vel e depois reduzido gradualmente.<\/p><h2><strong>Urtic\u00e1ria e Angioedema: Quando \u00c9 Grave?<\/strong><\/h2><p>A <b>urtic\u00e1ria <\/b>pode associar-se a angioedema \u2014 incha\u00e7o dos tecidos profundos, tipicamente dos l\u00e1bios, p\u00e1lpebras, m\u00e3os, p\u00e9s ou genitais. O angioedema associado \u00e9 geralmente mediado por histamina e responde a anti-histam\u00ednicos. No entanto, o angioedema isolado pode ser mediado por bradicinina e n\u00e3o responder a anti-histam\u00ednicos nem a adrenalina, requerendo tratamento espec\u00edfico.<\/p><p>A anafilaxia \u2014 rea\u00e7\u00e3o sist\u00e9mica grave com <b>urtic\u00e1ria<\/b>, dificuldade respirat\u00f3ria, hipotens\u00e3o e\/ou perda de consci\u00eancia \u2014 \u00e9 uma emerg\u00eancia m\u00e9dica que requer adrenalina intramuscular imediata e ativa\u00e7\u00e3o do 112. A WAO recomenda que doentes com epis\u00f3dios de anafilaxia tenham sempre dispon\u00edvel um auto-injetor de adrenalina.<\/p><p><em>Na <strong>M\u00e9dico na Net<\/strong>, <b>avaliamos <\/b>epis\u00f3dios de\u00a0<\/em><a href=\"https:\/\/staging.mediconanet.pt\/alergia-alimentar-sintomas-diagnostico\/\" target=\"_blank\" rel=\"noopener\"><b><i>urtic\u00e1ria\u00a0<\/i><\/b><\/a><em>aguda e cr\u00f3nica por teleconsulta, prescrevemos tratamento anti-histam\u00ednico adequado, orientamos sobre investiga\u00e7\u00e3o diagn\u00f3stica e referenciamos para imunoalergologia ou dermatologia em casos que necessitem de tratamento avan\u00e7ado.<\/em><\/p>\t\t\t\t\t\t\t\t<\/div>\n\t\t\t\t\t<\/div>\n\t\t\t\t<\/div>\n\t\t<div class=\"elementor-element elementor-element-1545e08 e-flex e-con-boxed e-con e-parent\" data-id=\"1545e08\" data-element_type=\"container\" data-e-type=\"container\">\n\t\t\t\t\t<div class=\"e-con-inner\">\n\t\t\t\t<div class=\"elementor-element elementor-element-375973d elementor-widget elementor-widget-image\" data-id=\"375973d\" data-element_type=\"widget\" data-e-type=\"widget\" data-widget_type=\"image.default\">\n\t\t\t\t\t\t\t\t\t\t\t\t\t\t\t<img decoding=\"async\" src=\"https:\/\/staging.mediconanet.pt\/wp-content\/uploads\/2026\/04\/Imagem-para-Redes-Sociais-a-Rosa-sobre-Descontos-de-Primavera-66.jpg\" title=\"Avalia\u00e7\u00e3o de urtic\u00e1ria em teleconsulta\" alt=\"Avalia\u00e7\u00e3o de urtic\u00e1ria em teleconsulta\" loading=\"lazy\" \/>\t\t\t\t\t\t\t\t\t\t\t\t\t\t\t<\/div>\n\t\t<div class=\"elementor-element elementor-element-9ad30cf e-con-full e-flex e-con e-child\" data-id=\"9ad30cf\" data-element_type=\"container\" data-e-type=\"container\">\n\t\t<div class=\"elementor-element elementor-element-66e4f21 e-con-full e-flex e-con e-child\" data-id=\"66e4f21\" data-element_type=\"container\" data-e-type=\"container\">\n\t\t\t\t<div class=\"elementor-element elementor-element-c44ae3e elementor-widget elementor-widget-heading\" data-id=\"c44ae3e\" data-element_type=\"widget\" data-e-type=\"widget\" data-widget_type=\"heading.default\">\n\t\t\t\t\t<h2 class=\"elementor-heading-title elementor-size-default\">Perguntas frequentes (FAQ)<\/h2>\t\t\t\t<\/div>\n\t\t\t\t<div class=\"elementor-element elementor-element-439b5c3 elementor-widget elementor-widget-n-accordion\" data-id=\"439b5c3\" data-element_type=\"widget\" data-e-type=\"widget\" data-settings=\"{&quot;default_state&quot;:&quot;all_collapsed&quot;,&quot;max_items_expended&quot;:&quot;one&quot;,&quot;n_accordion_animation_duration&quot;:{&quot;unit&quot;:&quot;ms&quot;,&quot;size&quot;:400,&quot;sizes&quot;:[]}}\" data-widget_type=\"nested-accordion.default\">\n\t\t\t\t\t\t\t<div class=\"e-n-accordion\" aria-label=\"Accordion. Open links with Enter or Space, close with Escape, and navigate with Arrow Keys\">\n\t\t\t\t\t\t<details id=\"e-n-accordion-item-7080\" class=\"e-n-accordion-item\" >\n\t\t\t\t<summary class=\"e-n-accordion-item-title\" data-accordion-index=\"1\" tabindex=\"0\" aria-expanded=\"false\" aria-controls=\"e-n-accordion-item-7080\" >\n\t\t\t\t\t<span class='e-n-accordion-item-title-header'><div class=\"e-n-accordion-item-title-text\"> A urtic\u00e1ria \u00e9 perigosa? <\/div><\/span>\n\t\t\t\t\t\t\t<span class='e-n-accordion-item-title-icon'>\n\t\t\t<span class='e-opened' ><svg aria-hidden=\"true\" class=\"e-font-icon-svg e-fas-minus\" viewBox=\"0 0 448 512\" xmlns=\"http:\/\/www.w3.org\/2000\/svg\"><path d=\"M416 208H32c-17.67 0-32 14.33-32 32v32c0 17.67 14.33 32 32 32h384c17.67 0 32-14.33 32-32v-32c0-17.67-14.33-32-32-32z\"><\/path><\/svg><\/span>\n\t\t\t<span class='e-closed'><svg aria-hidden=\"true\" class=\"e-font-icon-svg e-fas-plus\" viewBox=\"0 0 448 512\" xmlns=\"http:\/\/www.w3.org\/2000\/svg\"><path d=\"M416 208H272V64c0-17.67-14.33-32-32-32h-32c-17.67 0-32 14.33-32 32v144H32c-17.67 0-32 14.33-32 32v32c0 17.67 14.33 32 32 32h144v144c0 17.67 14.33 32 32 32h32c17.67 0 32-14.33 32-32V304h144c17.67 0 32-14.33 32-32v-32c0-17.67-14.33-32-32-32z\"><\/path><\/svg><\/span>\n\t\t<\/span>\n\n\t\t\t\t\t\t<\/summary>\n\t\t\t\t<div role=\"region\" aria-labelledby=\"e-n-accordion-item-7080\" class=\"elementor-element elementor-element-d801294 e-con-full e-flex e-con e-child\" data-id=\"d801294\" data-element_type=\"container\" data-e-type=\"container\">\n\t\t<div role=\"region\" aria-labelledby=\"e-n-accordion-item-7080\" class=\"elementor-element elementor-element-67dd609 e-flex e-con-boxed e-con e-child\" data-id=\"67dd609\" data-element_type=\"container\" data-e-type=\"container\">\n\t\t\t\t\t<div class=\"e-con-inner\">\n\t\t\t\t<div class=\"elementor-element elementor-element-2204be5 elementor-widget elementor-widget-text-editor\" data-id=\"2204be5\" data-element_type=\"widget\" data-e-type=\"widget\" data-widget_type=\"text-editor.default\">\n\t\t\t\t\t\t\t\t\t<p>Na maioria dos casos, \u00e9 desconfort\u00e1vel mas n\u00e3o perigosa. O risco surge quando se associa a angioedema das vias a\u00e9reas ou a anafilaxia. Se sentir dificuldade em respirar, incha\u00e7o da garganta ou tonturas, ligue 112 imediatamente.<\/p>\t\t\t\t\t\t\t\t<\/div>\n\t\t\t\t\t<\/div>\n\t\t\t\t<\/div>\n\t\t\t\t<\/div>\n\t\t\t\t\t<\/details>\n\t\t\t\t\t\t<details id=\"e-n-accordion-item-7081\" class=\"e-n-accordion-item\" >\n\t\t\t\t<summary class=\"e-n-accordion-item-title\" data-accordion-index=\"2\" tabindex=\"-1\" aria-expanded=\"false\" aria-controls=\"e-n-accordion-item-7081\" >\n\t\t\t\t\t<span class='e-n-accordion-item-title-header'><div class=\"e-n-accordion-item-title-text\"> A urtic\u00e1ria cr\u00f3nica tem cura? <\/div><\/span>\n\t\t\t\t\t\t\t<span class='e-n-accordion-item-title-icon'>\n\t\t\t<span class='e-opened' ><svg aria-hidden=\"true\" class=\"e-font-icon-svg e-fas-minus\" viewBox=\"0 0 448 512\" xmlns=\"http:\/\/www.w3.org\/2000\/svg\"><path d=\"M416 208H32c-17.67 0-32 14.33-32 32v32c0 17.67 14.33 32 32 32h384c17.67 0 32-14.33 32-32v-32c0-17.67-14.33-32-32-32z\"><\/path><\/svg><\/span>\n\t\t\t<span class='e-closed'><svg aria-hidden=\"true\" class=\"e-font-icon-svg e-fas-plus\" viewBox=\"0 0 448 512\" xmlns=\"http:\/\/www.w3.org\/2000\/svg\"><path d=\"M416 208H272V64c0-17.67-14.33-32-32-32h-32c-17.67 0-32 14.33-32 32v144H32c-17.67 0-32 14.33-32 32v32c0 17.67 14.33 32 32 32h144v144c0 17.67 14.33 32 32 32h32c17.67 0 32-14.33 32-32V304h144c17.67 0 32-14.33 32-32v-32c0-17.67-14.33-32-32-32z\"><\/path><\/svg><\/span>\n\t\t<\/span>\n\n\t\t\t\t\t\t<\/summary>\n\t\t\t\t<div role=\"region\" aria-labelledby=\"e-n-accordion-item-7081\" class=\"elementor-element elementor-element-f07e3ff e-con-full e-flex e-con e-child\" data-id=\"f07e3ff\" data-element_type=\"container\" data-e-type=\"container\">\n\t\t<div role=\"region\" aria-labelledby=\"e-n-accordion-item-7081\" class=\"elementor-element elementor-element-ba0d7df e-flex e-con-boxed e-con e-child\" data-id=\"ba0d7df\" data-element_type=\"container\" data-e-type=\"container\">\n\t\t\t\t\t<div class=\"e-con-inner\">\n\t\t\t\t<div class=\"elementor-element elementor-element-bd0918d elementor-widget elementor-widget-text-editor\" data-id=\"bd0918d\" data-element_type=\"widget\" data-e-type=\"widget\" data-widget_type=\"text-editor.default\">\n\t\t\t\t\t\t\t\t\t<p>Sim, tende a resolver-se com o tempo na maioria dos doentes: cerca de 50% ficam livres de sintomas em 1-2 anos. Enquanto persiste, pode ser controlada eficazmente com anti-histam\u00ednicos e, nos casos refrat\u00e1rios, com omalizumab.<\/p>\t\t\t\t\t\t\t\t<\/div>\n\t\t\t\t\t<\/div>\n\t\t\t\t<\/div>\n\t\t\t\t<\/div>\n\t\t\t\t\t<\/details>\n\t\t\t\t\t\t<details id=\"e-n-accordion-item-7082\" class=\"e-n-accordion-item\" >\n\t\t\t\t<summary class=\"e-n-accordion-item-title\" data-accordion-index=\"3\" tabindex=\"-1\" aria-expanded=\"false\" aria-controls=\"e-n-accordion-item-7082\" >\n\t\t\t\t\t<span class='e-n-accordion-item-title-header'><div class=\"e-n-accordion-item-title-text\"> Devo fazer testes de alergia se tenho urtic\u00e1ria? <\/div><\/span>\n\t\t\t\t\t\t\t<span class='e-n-accordion-item-title-icon'>\n\t\t\t<span class='e-opened' ><svg aria-hidden=\"true\" class=\"e-font-icon-svg e-fas-minus\" viewBox=\"0 0 448 512\" xmlns=\"http:\/\/www.w3.org\/2000\/svg\"><path d=\"M416 208H32c-17.67 0-32 14.33-32 32v32c0 17.67 14.33 32 32 32h384c17.67 0 32-14.33 32-32v-32c0-17.67-14.33-32-32-32z\"><\/path><\/svg><\/span>\n\t\t\t<span class='e-closed'><svg aria-hidden=\"true\" class=\"e-font-icon-svg e-fas-plus\" viewBox=\"0 0 448 512\" xmlns=\"http:\/\/www.w3.org\/2000\/svg\"><path d=\"M416 208H272V64c0-17.67-14.33-32-32-32h-32c-17.67 0-32 14.33-32 32v144H32c-17.67 0-32 14.33-32 32v32c0 17.67 14.33 32 32 32h144v144c0 17.67 14.33 32 32 32h32c17.67 0 32-14.33 32-32V304h144c17.67 0 32-14.33 32-32v-32c0-17.67-14.33-32-32-32z\"><\/path><\/svg><\/span>\n\t\t<\/span>\n\n\t\t\t\t\t\t<\/summary>\n\t\t\t\t<div role=\"region\" aria-labelledby=\"e-n-accordion-item-7082\" class=\"elementor-element elementor-element-1948aa2 e-con-full e-flex e-con e-child\" data-id=\"1948aa2\" data-element_type=\"container\" data-e-type=\"container\">\n\t\t<div role=\"region\" aria-labelledby=\"e-n-accordion-item-7082\" class=\"elementor-element elementor-element-44203e4 e-flex e-con-boxed e-con e-child\" data-id=\"44203e4\" data-element_type=\"container\" data-e-type=\"container\">\n\t\t\t\t\t<div class=\"e-con-inner\">\n\t\t\t\t<div class=\"elementor-element elementor-element-90363e4 elementor-widget elementor-widget-text-editor\" data-id=\"90363e4\" data-element_type=\"widget\" data-e-type=\"widget\" data-widget_type=\"text-editor.default\">\n\t\t\t\t\t\t\t\t\t<p>Apenas se a hist\u00f3ria cl\u00ednica sugerir uma causa al\u00e9rgica espec\u00edfica (alimento, medicamento). Na urtic\u00e1ria cr\u00f3nica espont\u00e2nea, os testes al\u00e9rgicos n\u00e3o s\u00e3o rotineiramente recomendados, pois a causa \u00e9 geralmente autoimune e n\u00e3o al\u00e9rgica.<\/p>\t\t\t\t\t\t\t\t<\/div>\n\t\t\t\t\t<\/div>\n\t\t\t\t<\/div>\n\t\t\t\t<\/div>\n\t\t\t\t\t<\/details>\n\t\t\t\t\t\t<details id=\"e-n-accordion-item-7083\" class=\"e-n-accordion-item\" >\n\t\t\t\t<summary class=\"e-n-accordion-item-title\" data-accordion-index=\"4\" tabindex=\"-1\" aria-expanded=\"false\" aria-controls=\"e-n-accordion-item-7083\" >\n\t\t\t\t\t<span class='e-n-accordion-item-title-header'><div class=\"e-n-accordion-item-title-text\"> Posso tomar 4 comprimidos de anti-histam\u00ednico por dia? <\/div><\/span>\n\t\t\t\t\t\t\t<span class='e-n-accordion-item-title-icon'>\n\t\t\t<span class='e-opened' ><svg aria-hidden=\"true\" class=\"e-font-icon-svg e-fas-minus\" viewBox=\"0 0 448 512\" xmlns=\"http:\/\/www.w3.org\/2000\/svg\"><path d=\"M416 208H32c-17.67 0-32 14.33-32 32v32c0 17.67 14.33 32 32 32h384c17.67 0 32-14.33 32-32v-32c0-17.67-14.33-32-32-32z\"><\/path><\/svg><\/span>\n\t\t\t<span class='e-closed'><svg aria-hidden=\"true\" class=\"e-font-icon-svg e-fas-plus\" viewBox=\"0 0 448 512\" xmlns=\"http:\/\/www.w3.org\/2000\/svg\"><path d=\"M416 208H272V64c0-17.67-14.33-32-32-32h-32c-17.67 0-32 14.33-32 32v144H32c-17.67 0-32 14.33-32 32v32c0 17.67 14.33 32 32 32h144v144c0 17.67 14.33 32 32 32h32c17.67 0 32-14.33 32-32V304h144c17.67 0 32-14.33 32-32v-32c0-17.67-14.33-32-32-32z\"><\/path><\/svg><\/span>\n\t\t<\/span>\n\n\t\t\t\t\t\t<\/summary>\n\t\t\t\t<div role=\"region\" aria-labelledby=\"e-n-accordion-item-7083\" class=\"elementor-element elementor-element-e6b82d0 e-con-full e-flex e-con e-child\" data-id=\"e6b82d0\" data-element_type=\"container\" data-e-type=\"container\">\n\t\t<div role=\"region\" aria-labelledby=\"e-n-accordion-item-7083\" class=\"elementor-element elementor-element-ff98332 e-flex e-con-boxed e-con e-child\" data-id=\"ff98332\" data-element_type=\"container\" data-e-type=\"container\">\n\t\t\t\t\t<div class=\"e-con-inner\">\n\t\t\t\t<div class=\"elementor-element elementor-element-b745fb3 elementor-widget elementor-widget-text-editor\" data-id=\"b745fb3\" data-element_type=\"widget\" data-e-type=\"widget\" data-widget_type=\"text-editor.default\">\n\t\t\t\t\t\t\t\t\t<p>Sim, as guidelines internacionais recomendam o aumento da dose de anti-histam\u00ednicos H1 de segunda gera\u00e7\u00e3o at\u00e9 4 vezes a dose standard como segundo passo terap\u00eautico. Deve ser feito sob orienta\u00e7\u00e3o m\u00e9dica.<\/p>\t\t\t\t\t\t\t\t<\/div>\n\t\t\t\t\t<\/div>\n\t\t\t\t<\/div>\n\t\t\t\t<\/div>\n\t\t\t\t\t<\/details>\n\t\t\t\t\t\t<details id=\"e-n-accordion-item-7084\" class=\"e-n-accordion-item\" >\n\t\t\t\t<summary class=\"e-n-accordion-item-title\" data-accordion-index=\"5\" tabindex=\"-1\" aria-expanded=\"false\" aria-controls=\"e-n-accordion-item-7084\" >\n\t\t\t\t\t<span class='e-n-accordion-item-title-header'><div class=\"e-n-accordion-item-title-text\"> O stress pode causar urtic\u00e1ria? <\/div><\/span>\n\t\t\t\t\t\t\t<span class='e-n-accordion-item-title-icon'>\n\t\t\t<span class='e-opened' ><svg aria-hidden=\"true\" class=\"e-font-icon-svg e-fas-minus\" viewBox=\"0 0 448 512\" xmlns=\"http:\/\/www.w3.org\/2000\/svg\"><path d=\"M416 208H32c-17.67 0-32 14.33-32 32v32c0 17.67 14.33 32 32 32h384c17.67 0 32-14.33 32-32v-32c0-17.67-14.33-32-32-32z\"><\/path><\/svg><\/span>\n\t\t\t<span class='e-closed'><svg aria-hidden=\"true\" class=\"e-font-icon-svg e-fas-plus\" viewBox=\"0 0 448 512\" xmlns=\"http:\/\/www.w3.org\/2000\/svg\"><path d=\"M416 208H272V64c0-17.67-14.33-32-32-32h-32c-17.67 0-32 14.33-32 32v144H32c-17.67 0-32 14.33-32 32v32c0 17.67 14.33 32 32 32h144v144c0 17.67 14.33 32 32 32h32c17.67 0 32-14.33 32-32V304h144c17.67 0 32-14.33 32-32v-32c0-17.67-14.33-32-32-32z\"><\/path><\/svg><\/span>\n\t\t<\/span>\n\n\t\t\t\t\t\t<\/summary>\n\t\t\t\t<div role=\"region\" aria-labelledby=\"e-n-accordion-item-7084\" class=\"elementor-element elementor-element-7547615 e-con-full e-flex e-con e-child\" data-id=\"7547615\" data-element_type=\"container\" data-e-type=\"container\">\n\t\t<div role=\"region\" aria-labelledby=\"e-n-accordion-item-7084\" class=\"elementor-element elementor-element-8c9a957 e-flex e-con-boxed e-con e-child\" data-id=\"8c9a957\" data-element_type=\"container\" data-e-type=\"container\">\n\t\t\t\t\t<div class=\"e-con-inner\">\n\t\t\t\t<div class=\"elementor-element elementor-element-2f07efa elementor-widget elementor-widget-text-editor\" data-id=\"2f07efa\" data-element_type=\"widget\" data-e-type=\"widget\" data-widget_type=\"text-editor.default\">\n\t\t\t\t\t\t\t\t\t<p>O stress pode ser um fator agravante ou desencadeante, sobretudo na urtic\u00e1ria cr\u00f3nica. Os mecanismos incluem liberta\u00e7\u00e3o de neurop\u00e9ptidos que ativam os mast\u00f3citos. A gest\u00e3o do stress pode contribuir para o controlo da doen\u00e7a.<\/p>\t\t\t\t\t\t\t\t<\/div>\n\t\t\t\t\t<\/div>\n\t\t\t\t<\/div>\n\t\t\t\t<\/div>\n\t\t\t\t\t<\/details>\n\t\t\t\t\t<\/div>\n\t\t\t\t\t<script type=\"application\/ld+json\">{\"@context\":\"https:\\\/\\\/schema.org\",\"@type\":\"FAQPage\",\"mainEntity\":[{\"@type\":\"Question\",\"name\":\"A urtic\\u00e1ria \\u00e9 perigosa?\",\"acceptedAnswer\":{\"@type\":\"Answer\",\"text\":\"Na maioria dos casos, \\u00e9 desconfort\\u00e1vel mas n\\u00e3o perigosa. O risco surge quando se associa a angioedema das vias a\\u00e9reas ou a anafilaxia. Se sentir dificuldade em respirar, incha\\u00e7o da garganta ou tonturas, ligue 112 imediatamente.\"}},{\"@type\":\"Question\",\"name\":\"A urtic\\u00e1ria cr\\u00f3nica tem cura?\",\"acceptedAnswer\":{\"@type\":\"Answer\",\"text\":\"Sim, tende a resolver-se com o tempo na maioria dos doentes: cerca de 50% ficam livres de sintomas em 1-2 anos. Enquanto persiste, pode ser controlada eficazmente com anti-histam\\u00ednicos e, nos casos refrat\\u00e1rios, com omalizumab.\"}},{\"@type\":\"Question\",\"name\":\"Devo fazer testes de alergia se tenho urtic\\u00e1ria?\",\"acceptedAnswer\":{\"@type\":\"Answer\",\"text\":\"Apenas se a hist\\u00f3ria cl\\u00ednica sugerir uma causa al\\u00e9rgica espec\\u00edfica (alimento, medicamento). Na urtic\\u00e1ria cr\\u00f3nica espont\\u00e2nea, os testes al\\u00e9rgicos n\\u00e3o s\\u00e3o rotineiramente recomendados, pois a causa \\u00e9 geralmente autoimune e n\\u00e3o al\\u00e9rgica.\"}},{\"@type\":\"Question\",\"name\":\"Posso tomar 4 comprimidos de anti-histam\\u00ednico por dia?\",\"acceptedAnswer\":{\"@type\":\"Answer\",\"text\":\"Sim, as guidelines internacionais recomendam o aumento da dose de anti-histam\\u00ednicos H1 de segunda gera\\u00e7\\u00e3o at\\u00e9 4 vezes a dose standard como segundo passo terap\\u00eautico. Deve ser feito sob orienta\\u00e7\\u00e3o m\\u00e9dica.\"}},{\"@type\":\"Question\",\"name\":\"O stress pode causar urtic\\u00e1ria?\",\"acceptedAnswer\":{\"@type\":\"Answer\",\"text\":\"O stress pode ser um fator agravante ou desencadeante, sobretudo na urtic\\u00e1ria cr\\u00f3nica. Os mecanismos incluem liberta\\u00e7\\u00e3o de neurop\\u00e9ptidos que ativam os mast\\u00f3citos. A gest\\u00e3o do stress pode contribuir para o controlo da doen\\u00e7a.\"}}]}<\/script>\n\t\t\t\t\t\t\t<\/div>\n\t\t\t\t<\/div>\n\t\t\t\t<\/div>\n\t\t\t\t\t<\/div>\n\t\t\t\t<\/div>\n\t\t<div class=\"elementor-element elementor-element-02d7fba e-flex e-con-boxed e-con e-parent\" data-id=\"02d7fba\" data-element_type=\"container\" data-e-type=\"container\">\n\t\t\t\t\t<div class=\"e-con-inner\">\n\t\t\t\t<div class=\"elementor-element elementor-element-ca91313 elementor-widget elementor-widget-text-editor\" data-id=\"ca91313\" data-element_type=\"widget\" data-e-type=\"widget\" data-widget_type=\"text-editor.default\">\n\t\t\t\t\t\t\t\t\t<h2><strong>Conclus\u00e3o<\/strong><\/h2><p>A <strong>urtic\u00e1ria<\/strong> \u00e9 uma condi\u00e7\u00e3o muito frequente que, embora geralmente benigna, pode ter impacto significativo na qualidade de vida. O diagn\u00f3stico correto do tipo e o tratamento adequado \u2014 com anti-histam\u00ednicos em doses otimizadas e, quando necess\u00e1rio, terap\u00eauticas biol\u00f3gicas \u2014 permitem controlar eficazmente a maioria dos casos. A referencia\u00e7\u00e3o para imunoalergologia \u00e9 recomendada na <strong>urtic\u00e1ria<\/strong> cr\u00f3nica refrat\u00e1ria.<\/p><h2><strong>Refer\u00eancias<br \/><\/strong><\/h2><p><a href=\"https:\/\/www.eaaci.org\/\" target=\"_blank\" rel=\"dofollow noopener\">European Academy of Allergy and Clinical Immunology (EAACI). Urticaria Guidelines<\/a><\/p><p><a href=\"https:\/\/www.spaic.pt\/\" target=\"_blank\" rel=\"dofollow noopener\">Sociedade Portuguesa de Alergologia e Imunologia Cl\u00ednica (SPAIC). Urtic\u00e1ria \u2014 orienta\u00e7\u00f5es cl\u00ednicas<\/a><\/p><p><a href=\"https:\/\/www.ema.europa.eu\/\" target=\"_blank\" rel=\"dofollow noopener\">European Medicines Agency (EMA). Omalizumab (Xolair)<\/a><\/p><p><a href=\"https:\/\/www.worldallergy.org\/\" target=\"_blank\" rel=\"dofollow noopener\">World Allergy Organization (WAO). Urticaria and angioedema<\/a><\/p><p><a href=\"https:\/\/www.nejm.org\/\" target=\"_blank\" rel=\"dofollow noopener\">New England Journal of Medicine. Omalizumab in chronic urticaria<\/a><\/p><p><a href=\"https:\/\/www.dgs.pt\/\" target=\"_blank\" rel=\"dofollow noopener\">Dire\u00e7\u00e3o-Geral da Sa\u00fade (DGS). Anafilaxia \u2014 norma cl\u00ednica<\/a><\/p>\t\t\t\t\t\t\t\t<\/div>\n\t\t\t\t\t<\/div>\n\t\t\t\t<\/div>\n\t\t\t\t<\/div>\n\t\t","protected":false},"excerpt":{"rendered":"<p>Introdu\u00e7\u00e3o A urtic\u00e1ria \u00e9 uma das rea\u00e7\u00f5es cut\u00e2neas mais comuns, caracterizada pelo aparecimento de placas vermelhas, salientes e pruriginosas (&#8220;verg\u00f5es&#8221; ou &#8220;babas&#8221;) que surgem subitamente e podem desaparecer em minutos a horas, reaparecendo noutras zonas do corpo. Afeta cerca de 20% da popula\u00e7\u00e3o pelo menos uma vez na vida, segundo a European Academy of Allergy [&hellip;]<\/p>\n","protected":false},"author":13102,"featured_media":60817,"comment_status":"closed","ping_status":"closed","sticky":false,"template":"","format":"standard","meta":{"_jetpack_memberships_contains_paid_content":false,"footnotes":""},"categories":[253,250],"tags":[],"class_list":["post-60612","post","type-post","status-publish","format-standard","has-post-thumbnail","hentry","category-alergologia","category-dermatologia"],"jetpack_featured_media_url":"https:\/\/staging.mediconanet.pt\/wp-content\/uploads\/2026\/04\/Imagem-para-Redes-Sociais-a-Rosa-sobre-Descontos-de-Primavera-94.jpg","jetpack_sharing_enabled":true,"_links":{"self":[{"href":"https:\/\/staging.mediconanet.pt\/en\/wp-json\/wp\/v2\/posts\/60612","targetHints":{"allow":["GET"]}}],"collection":[{"href":"https:\/\/staging.mediconanet.pt\/en\/wp-json\/wp\/v2\/posts"}],"about":[{"href":"https:\/\/staging.mediconanet.pt\/en\/wp-json\/wp\/v2\/types\/post"}],"author":[{"embeddable":true,"href":"https:\/\/staging.mediconanet.pt\/en\/wp-json\/wp\/v2\/users\/13102"}],"replies":[{"embeddable":true,"href":"https:\/\/staging.mediconanet.pt\/en\/wp-json\/wp\/v2\/comments?post=60612"}],"version-history":[{"count":7,"href":"https:\/\/staging.mediconanet.pt\/en\/wp-json\/wp\/v2\/posts\/60612\/revisions"}],"predecessor-version":[{"id":60816,"href":"https:\/\/staging.mediconanet.pt\/en\/wp-json\/wp\/v2\/posts\/60612\/revisions\/60816"}],"wp:featuredmedia":[{"embeddable":true,"href":"https:\/\/staging.mediconanet.pt\/en\/wp-json\/wp\/v2\/media\/60817"}],"wp:attachment":[{"href":"https:\/\/staging.mediconanet.pt\/en\/wp-json\/wp\/v2\/media?parent=60612"}],"wp:term":[{"taxonomy":"category","embeddable":true,"href":"https:\/\/staging.mediconanet.pt\/en\/wp-json\/wp\/v2\/categories?post=60612"},{"taxonomy":"post_tag","embeddable":true,"href":"https:\/\/staging.mediconanet.pt\/en\/wp-json\/wp\/v2\/tags?post=60612"}],"curies":[{"name":"wp","href":"https:\/\/api.w.org\/{rel}","templated":true}]}}