{"id":60589,"date":"2026-04-07T17:48:10","date_gmt":"2026-04-07T16:48:10","guid":{"rendered":"https:\/\/www.mediconanet.pt\/?p=60589"},"modified":"2026-04-09T12:42:22","modified_gmt":"2026-04-09T11:42:22","slug":"alergia-medicamentos-sintomas-diagnostico","status":"publish","type":"post","link":"https:\/\/staging.mediconanet.pt\/en\/alergia-medicamentos-sintomas-diagnostico\/","title":{"rendered":"Alergia a Medicamentos: Sintomas, Diagn\u00f3stico e Preven\u00e7\u00e3o"},"content":{"rendered":"\t\t<div data-elementor-type=\"wp-post\" data-elementor-id=\"60589\" class=\"elementor elementor-60589\" data-elementor-post-type=\"post\">\n\t\t\t\t<div class=\"elementor-element elementor-element-570cfe3 e-flex e-con-boxed e-con e-parent\" data-id=\"570cfe3\" data-element_type=\"container\" data-e-type=\"container\">\n\t\t\t\t\t<div class=\"e-con-inner\">\n\t\t\t\t<div class=\"elementor-element elementor-element-1761780 elementor-widget elementor-widget-text-editor\" data-id=\"1761780\" data-element_type=\"widget\" data-e-type=\"widget\" data-widget_type=\"text-editor.default\">\n\t\t\t\t\t\t\t\t\t<h2><strong>Introdu\u00e7\u00e3o<\/strong><\/h2><p>A <b>alergia a medicamentos<\/b> \u00e9 uma rea\u00e7\u00e3o adversa imprevis\u00edvel do sistema imunit\u00e1rio a um f\u00e1rmaco, que pode variar de erup\u00e7\u00f5es cut\u00e2neas ligeiras a rea\u00e7\u00f5es anafil\u00e1ticas potencialmente fatais. Segundo a European Academy of Allergy and Clinical Immunology (EAACI), as <b>rea\u00e7\u00f5es al\u00e9rgicas a medicamentos<\/b> afetam cerca de 7% da popula\u00e7\u00e3o geral e s\u00e3o respons\u00e1veis por 5 a 10% de todas as rea\u00e7\u00f5es adversas a medicamentos. Em Portugal, a SPAIC estima que a alergia a medicamentos \u00e9 frequentemente sobrediagnosticada, levando a evic\u00e7\u00f5es desnecess\u00e1rias de f\u00e1rmacos importantes.<\/p><p>Os <b>medicamentos <\/b>mais frequentemente envolvidos em <b>rea\u00e7\u00f5es al\u00e9rgicas<\/b> incluem os antibi\u00f3ticos (sobretudo penicilinas e cefalosporinas), os anti-inflamat\u00f3rios n\u00e3o esteroides (AINEs como o ibuprofeno e o diclofenac), os anest\u00e9sicos locais e os meios de contraste radiol\u00f3gico. A distin\u00e7\u00e3o entre alergia verdadeira e outros tipos de rea\u00e7\u00f5es adversas \u00e9 fundamental para evitar restri\u00e7\u00f5es terap\u00eauticas injustificadas e garantir a seguran\u00e7a do doente.<\/p><h2><strong>Sintomas: Como Se Manifesta?<\/strong><\/h2><p>As <b>rea\u00e7\u00f5es al\u00e9rgicas a medicamentos<\/b> podem ser imediatas (minutos a 1 hora ap\u00f3s a toma) ou tardias (horas a dias). As rea\u00e7\u00f5es imediatas incluem urtic\u00e1ria, angioedema, broncoespasmo e anafilaxia. As rea\u00e7\u00f5es tardias manifestam-se tipicamente como exantema maculopapular (erup\u00e7\u00e3o cut\u00e2nea generalizada), exantema fixo medicamentoso ou, raramente, rea\u00e7\u00f5es cut\u00e2neas graves como a s\u00edndrome de Stevens-Johnson e a necr\u00f3lise epid\u00e9rmica t\u00f3xica.<\/p><p>A World Allergy Organization (WAO) sublinha que a anafilaxia medicamentosa \u00e9 uma emerg\u00eancia que requer administra\u00e7\u00e3o imediata de adrenalina intramuscular. Os sinais de alarme incluem dificuldade respirat\u00f3ria, queda da tens\u00e3o arterial, incha\u00e7o da face e garganta e perda de consci\u00eancia. Qualquer suspeita de rea\u00e7\u00e3o al\u00e9rgica grave a um medicamento deve motivar ida imediata ao servi\u00e7o de urg\u00eancia.<\/p><h2><strong>Diagn\u00f3stico: A Import\u00e2ncia da Avalia\u00e7\u00e3o Especializada<\/strong><\/h2><p>O diagn\u00f3stico correto de alergia a medicamentos requer avalia\u00e7\u00e3o por imunoalergologista. A hist\u00f3ria cl\u00ednica detalhada \u2014 o f\u00e1rmaco suspeito, o intervalo entre a toma e os sintomas, o tipo de rea\u00e7\u00e3o e a resolu\u00e7\u00e3o \u2014 \u00e9 o primeiro passo. Os testes cut\u00e2neos (prick e intrad\u00e9rmicos) s\u00e3o utilizados para f\u00e1rmacos como penicilinas e anest\u00e9sicos locais. Os testes in vitro (IgE espec\u00edficas, teste de ativa\u00e7\u00e3o dos bas\u00f3filos) complementam a avalia\u00e7\u00e3o.<\/p><p>A prova de provoca\u00e7\u00e3o oral controlada, realizada em meio hospitalar, \u00e9 o gold standard para confirmar ou excluir a alergia. A EAACI alerta que muitos doentes rotulados como &#8220;al\u00e9rgicos \u00e0 penicilina&#8221; n\u00e3o o s\u00e3o verdadeiramente: estudos demonstram que mais de 90% dos doentes com esse r\u00f3tulo toleram penicilinas ap\u00f3s avalia\u00e7\u00e3o alergol\u00f3gica adequada, o que \u00e9 clinicamente muito relevante dado que as penicilinas s\u00e3o antibi\u00f3ticos de primeira linha para m\u00faltiplas infe\u00e7\u00f5es.<\/p><h2><strong>Alergia \u00e0 Penicilina: O R\u00f3tulo Mais Frequente<\/strong><\/h2><p>A &#8220;alergia \u00e0 penicilina&#8221; \u00e9 o r\u00f3tulo de <b>alergia medicamentosa<\/b> mais comum, presente em cerca de 10% dos processos cl\u00ednicos. Contudo, a verdadeira alergia mediada por IgE \u00e0 penicilina \u00e9 rara e tende a diminuir com o tempo: ap\u00f3s 10 anos, mais de 80% dos doentes previamente al\u00e9rgicos perderam a sensibiliza\u00e7\u00e3o. O r\u00f3tulo incorreto de alergia \u00e0 penicilina tem consequ\u00eancias cl\u00ednicas significativas: leva ao uso de antibi\u00f3ticos alternativos frequentemente mais caros, com mais efeitos adversos e maior risco de resist\u00eancias.<\/p><p>A Sociedade Portuguesa de Alergologia e Imunologia Cl\u00ednica (SPAIC) recomenda a referencia\u00e7\u00e3o para consulta de imunoalergologia de todos os doentes com r\u00f3tulo de alergia \u00e0 penicilina para avalia\u00e7\u00e3o e, quando seguro, desrotulagem. A British Society for Allergy and Clinical Immunology (BSACI) publicou protocolos de desrotulagem que est\u00e3o a ser implementados em v\u00e1rios hospitais europeus.<\/p><h2><strong>Preven\u00e7\u00e3o e O Que Fazer em Caso de Rea\u00e7\u00e3o<\/strong><\/h2><p>A preven\u00e7\u00e3o prim\u00e1ria passa por uma hist\u00f3ria medicamentosa cuidadosa em cada consulta m\u00e9dica. Os doentes devem informar sempre os profissionais de sa\u00fade sobre alergias conhecidas a <b>medicamentos<\/b>. O uso de pulseiras de identifica\u00e7\u00e3o m\u00e9dica \u00e9 recomendado para doentes com <b>alergias <\/b>graves. Antes de procedimentos m\u00e9dicos com meios de contraste ou anest\u00e9sicos, o m\u00e9dico deve questionar sobre rea\u00e7\u00f5es pr\u00e9vias.<\/p><p>Em caso de <b>rea\u00e7\u00e3o al\u00e9rgica a um medicamento<\/b>, deve-se interromper imediatamente o f\u00e1rmaco, procurar atendimento m\u00e9dico, registar o nome do medicamento e descrever detalhadamente a rea\u00e7\u00e3o (tipo de sintomas, tempo de in\u00edcio, dura\u00e7\u00e3o). Esta informa\u00e7\u00e3o \u00e9 essencial para a avalia\u00e7\u00e3o alergol\u00f3gica posterior. A SPAIC recomenda que todos os epis\u00f3dios de suspeita de alergia medicamentosa sejam registados no processo cl\u00ednico eletr\u00f3nico e investigados por imunoalergologista.<\/p><p><em>Na <strong>M\u00e9dico na Net<\/strong>, avaliamos suspeitas de\u00a0<\/em><a href=\"https:\/\/staging.mediconanet.pt\/produto\/alergias\/\" target=\"_blank\" rel=\"noopener\"><b><i>alergia a medicamentos<\/i><\/b><\/a><em>, orientamos sobre alternativas terap\u00eauticas seguras, registamos alergias no processo cl\u00ednico e referenciamos para consulta de imunoalergologia para confirma\u00e7\u00e3o diagn\u00f3stica quando indicado.<\/em><\/p>\t\t\t\t\t\t\t\t<\/div>\n\t\t\t\t\t<\/div>\n\t\t\t\t<\/div>\n\t\t<div class=\"elementor-element elementor-element-1545e08 e-flex e-con-boxed e-con e-parent\" data-id=\"1545e08\" data-element_type=\"container\" data-e-type=\"container\">\n\t\t\t\t\t<div class=\"e-con-inner\">\n\t\t\t\t<div class=\"elementor-element elementor-element-375973d elementor-widget elementor-widget-image\" data-id=\"375973d\" data-element_type=\"widget\" data-e-type=\"widget\" data-widget_type=\"image.default\">\n\t\t\t\t\t\t\t\t\t\t\t\t\t\t\t<img decoding=\"async\" src=\"https:\/\/staging.mediconanet.pt\/wp-content\/uploads\/2026\/04\/Imagem-para-Redes-Sociais-a-Rosa-sobre-Descontos-de-Primavera-75.jpg\" title=\"Consulta online para gest\u00e3o de medicamentos\" alt=\"Homem em casa em consulta m\u00e9dica online para orienta\u00e7\u00e3o sobre medicamentos\" loading=\"lazy\" \/>\t\t\t\t\t\t\t\t\t\t\t\t\t\t\t<\/div>\n\t\t<div class=\"elementor-element elementor-element-9ad30cf e-con-full e-flex e-con e-child\" data-id=\"9ad30cf\" data-element_type=\"container\" data-e-type=\"container\">\n\t\t<div class=\"elementor-element elementor-element-66e4f21 e-con-full e-flex e-con e-child\" data-id=\"66e4f21\" data-element_type=\"container\" data-e-type=\"container\">\n\t\t\t\t<div class=\"elementor-element elementor-element-c44ae3e elementor-widget elementor-widget-heading\" data-id=\"c44ae3e\" data-element_type=\"widget\" data-e-type=\"widget\" data-widget_type=\"heading.default\">\n\t\t\t\t\t<h2 class=\"elementor-heading-title elementor-size-default\">Perguntas frequentes (FAQ)<\/h2>\t\t\t\t<\/div>\n\t\t\t\t<div class=\"elementor-element elementor-element-439b5c3 elementor-widget elementor-widget-n-accordion\" data-id=\"439b5c3\" data-element_type=\"widget\" data-e-type=\"widget\" data-settings=\"{&quot;default_state&quot;:&quot;all_collapsed&quot;,&quot;max_items_expended&quot;:&quot;one&quot;,&quot;n_accordion_animation_duration&quot;:{&quot;unit&quot;:&quot;ms&quot;,&quot;size&quot;:400,&quot;sizes&quot;:[]}}\" data-widget_type=\"nested-accordion.default\">\n\t\t\t\t\t\t\t<div class=\"e-n-accordion\" aria-label=\"Accordion. Open links with Enter or Space, close with Escape, and navigate with Arrow Keys\">\n\t\t\t\t\t\t<details id=\"e-n-accordion-item-7080\" class=\"e-n-accordion-item\" >\n\t\t\t\t<summary class=\"e-n-accordion-item-title\" data-accordion-index=\"1\" tabindex=\"0\" aria-expanded=\"false\" aria-controls=\"e-n-accordion-item-7080\" >\n\t\t\t\t\t<span class='e-n-accordion-item-title-header'><div class=\"e-n-accordion-item-title-text\"> Se tive uma rea\u00e7\u00e3o a um medicamento, sou al\u00e9rgico para sempre? <\/div><\/span>\n\t\t\t\t\t\t\t<span class='e-n-accordion-item-title-icon'>\n\t\t\t<span class='e-opened' ><svg aria-hidden=\"true\" class=\"e-font-icon-svg e-fas-minus\" viewBox=\"0 0 448 512\" xmlns=\"http:\/\/www.w3.org\/2000\/svg\"><path d=\"M416 208H32c-17.67 0-32 14.33-32 32v32c0 17.67 14.33 32 32 32h384c17.67 0 32-14.33 32-32v-32c0-17.67-14.33-32-32-32z\"><\/path><\/svg><\/span>\n\t\t\t<span class='e-closed'><svg aria-hidden=\"true\" class=\"e-font-icon-svg e-fas-plus\" viewBox=\"0 0 448 512\" xmlns=\"http:\/\/www.w3.org\/2000\/svg\"><path d=\"M416 208H272V64c0-17.67-14.33-32-32-32h-32c-17.67 0-32 14.33-32 32v144H32c-17.67 0-32 14.33-32 32v32c0 17.67 14.33 32 32 32h144v144c0 17.67 14.33 32 32 32h32c17.67 0 32-14.33 32-32V304h144c17.67 0 32-14.33 32-32v-32c0-17.67-14.33-32-32-32z\"><\/path><\/svg><\/span>\n\t\t<\/span>\n\n\t\t\t\t\t\t<\/summary>\n\t\t\t\t<div role=\"region\" aria-labelledby=\"e-n-accordion-item-7080\" class=\"elementor-element elementor-element-d801294 e-con-full e-flex e-con e-child\" data-id=\"d801294\" data-element_type=\"container\" data-e-type=\"container\">\n\t\t<div role=\"region\" aria-labelledby=\"e-n-accordion-item-7080\" class=\"elementor-element elementor-element-67dd609 e-flex e-con-boxed e-con e-child\" data-id=\"67dd609\" data-element_type=\"container\" data-e-type=\"container\">\n\t\t\t\t\t<div class=\"e-con-inner\">\n\t\t\t\t<div class=\"elementor-element elementor-element-2204be5 elementor-widget elementor-widget-text-editor\" data-id=\"2204be5\" data-element_type=\"widget\" data-e-type=\"widget\" data-widget_type=\"text-editor.default\">\n\t\t\t\t\t\t\t\t\t<p>N\u00e3o necessariamente. Muitas sensibiliza\u00e7\u00f5es medicamentosas diminuem com o tempo. A alergia \u00e0 penicilina, por exemplo, perde-se em mais de 80% dos casos ap\u00f3s 10 anos. Uma avalia\u00e7\u00e3o por imunoalergologista pode confirmar se a alergia persiste.<\/p>\t\t\t\t\t\t\t\t<\/div>\n\t\t\t\t\t<\/div>\n\t\t\t\t<\/div>\n\t\t\t\t<\/div>\n\t\t\t\t\t<\/details>\n\t\t\t\t\t\t<details id=\"e-n-accordion-item-7081\" class=\"e-n-accordion-item\" >\n\t\t\t\t<summary class=\"e-n-accordion-item-title\" data-accordion-index=\"2\" tabindex=\"-1\" aria-expanded=\"false\" aria-controls=\"e-n-accordion-item-7081\" >\n\t\t\t\t\t<span class='e-n-accordion-item-title-header'><div class=\"e-n-accordion-item-title-text\"> Posso tomar ibuprofeno se sou al\u00e9rgico \u00e0 aspirina? <\/div><\/span>\n\t\t\t\t\t\t\t<span class='e-n-accordion-item-title-icon'>\n\t\t\t<span class='e-opened' ><svg aria-hidden=\"true\" class=\"e-font-icon-svg e-fas-minus\" viewBox=\"0 0 448 512\" xmlns=\"http:\/\/www.w3.org\/2000\/svg\"><path d=\"M416 208H32c-17.67 0-32 14.33-32 32v32c0 17.67 14.33 32 32 32h384c17.67 0 32-14.33 32-32v-32c0-17.67-14.33-32-32-32z\"><\/path><\/svg><\/span>\n\t\t\t<span class='e-closed'><svg aria-hidden=\"true\" class=\"e-font-icon-svg e-fas-plus\" viewBox=\"0 0 448 512\" xmlns=\"http:\/\/www.w3.org\/2000\/svg\"><path d=\"M416 208H272V64c0-17.67-14.33-32-32-32h-32c-17.67 0-32 14.33-32 32v144H32c-17.67 0-32 14.33-32 32v32c0 17.67 14.33 32 32 32h144v144c0 17.67 14.33 32 32 32h32c17.67 0 32-14.33 32-32V304h144c17.67 0 32-14.33 32-32v-32c0-17.67-14.33-32-32-32z\"><\/path><\/svg><\/span>\n\t\t<\/span>\n\n\t\t\t\t\t\t<\/summary>\n\t\t\t\t<div role=\"region\" aria-labelledby=\"e-n-accordion-item-7081\" class=\"elementor-element elementor-element-f07e3ff e-con-full e-flex e-con e-child\" data-id=\"f07e3ff\" data-element_type=\"container\" data-e-type=\"container\">\n\t\t<div role=\"region\" aria-labelledby=\"e-n-accordion-item-7081\" class=\"elementor-element elementor-element-ba0d7df e-flex e-con-boxed e-con e-child\" data-id=\"ba0d7df\" data-element_type=\"container\" data-e-type=\"container\">\n\t\t\t\t\t<div class=\"e-con-inner\">\n\t\t\t\t<div class=\"elementor-element elementor-element-bd0918d elementor-widget elementor-widget-text-editor\" data-id=\"bd0918d\" data-element_type=\"widget\" data-e-type=\"widget\" data-widget_type=\"text-editor.default\">\n\t\t\t\t\t\t\t\t\t<p>Depende do tipo de rea\u00e7\u00e3o. Muitos doentes com intoler\u00e2ncia \u00e0 aspirina reagem tamb\u00e9m a outros AINEs (rea\u00e7\u00e3o cruzada). No entanto, existem AINEs com menor risco de rea\u00e7\u00e3o cruzada. A avalia\u00e7\u00e3o por imunoalergologista \u00e9 essencial para orientar alternativas seguras.<\/p>\t\t\t\t\t\t\t\t<\/div>\n\t\t\t\t\t<\/div>\n\t\t\t\t<\/div>\n\t\t\t\t<\/div>\n\t\t\t\t\t<\/details>\n\t\t\t\t\t\t<details id=\"e-n-accordion-item-7082\" class=\"e-n-accordion-item\" >\n\t\t\t\t<summary class=\"e-n-accordion-item-title\" data-accordion-index=\"3\" tabindex=\"-1\" aria-expanded=\"false\" aria-controls=\"e-n-accordion-item-7082\" >\n\t\t\t\t\t<span class='e-n-accordion-item-title-header'><div class=\"e-n-accordion-item-title-text\"> Como sei se a minha rea\u00e7\u00e3o foi alergia ou efeito secund\u00e1rio? <\/div><\/span>\n\t\t\t\t\t\t\t<span class='e-n-accordion-item-title-icon'>\n\t\t\t<span class='e-opened' ><svg aria-hidden=\"true\" class=\"e-font-icon-svg e-fas-minus\" viewBox=\"0 0 448 512\" xmlns=\"http:\/\/www.w3.org\/2000\/svg\"><path d=\"M416 208H32c-17.67 0-32 14.33-32 32v32c0 17.67 14.33 32 32 32h384c17.67 0 32-14.33 32-32v-32c0-17.67-14.33-32-32-32z\"><\/path><\/svg><\/span>\n\t\t\t<span class='e-closed'><svg aria-hidden=\"true\" class=\"e-font-icon-svg e-fas-plus\" viewBox=\"0 0 448 512\" xmlns=\"http:\/\/www.w3.org\/2000\/svg\"><path d=\"M416 208H272V64c0-17.67-14.33-32-32-32h-32c-17.67 0-32 14.33-32 32v144H32c-17.67 0-32 14.33-32 32v32c0 17.67 14.33 32 32 32h144v144c0 17.67 14.33 32 32 32h32c17.67 0 32-14.33 32-32V304h144c17.67 0 32-14.33 32-32v-32c0-17.67-14.33-32-32-32z\"><\/path><\/svg><\/span>\n\t\t<\/span>\n\n\t\t\t\t\t\t<\/summary>\n\t\t\t\t<div role=\"region\" aria-labelledby=\"e-n-accordion-item-7082\" class=\"elementor-element elementor-element-1948aa2 e-con-full e-flex e-con e-child\" data-id=\"1948aa2\" data-element_type=\"container\" data-e-type=\"container\">\n\t\t<div role=\"region\" aria-labelledby=\"e-n-accordion-item-7082\" class=\"elementor-element elementor-element-44203e4 e-flex e-con-boxed e-con e-child\" data-id=\"44203e4\" data-element_type=\"container\" data-e-type=\"container\">\n\t\t\t\t\t<div class=\"e-con-inner\">\n\t\t\t\t<div class=\"elementor-element elementor-element-90363e4 elementor-widget elementor-widget-text-editor\" data-id=\"90363e4\" data-element_type=\"widget\" data-e-type=\"widget\" data-widget_type=\"text-editor.default\">\n\t\t\t\t\t\t\t\t\t<p>Os efeitos secund\u00e1rios s\u00e3o previs\u00edveis e dose-dependentes (ex: diarreia com antibi\u00f3ticos). As rea\u00e7\u00f5es al\u00e9rgicas s\u00e3o imprevis\u00edveis, envolvem o sistema imunit\u00e1rio e podem incluir urtic\u00e1ria, angioedema ou anafilaxia. A distin\u00e7\u00e3o requer avalia\u00e7\u00e3o m\u00e9dica especializada.<\/p>\t\t\t\t\t\t\t\t<\/div>\n\t\t\t\t\t<\/div>\n\t\t\t\t<\/div>\n\t\t\t\t<\/div>\n\t\t\t\t\t<\/details>\n\t\t\t\t\t\t<details id=\"e-n-accordion-item-7083\" class=\"e-n-accordion-item\" >\n\t\t\t\t<summary class=\"e-n-accordion-item-title\" data-accordion-index=\"4\" tabindex=\"-1\" aria-expanded=\"false\" aria-controls=\"e-n-accordion-item-7083\" >\n\t\t\t\t\t<span class='e-n-accordion-item-title-header'><div class=\"e-n-accordion-item-title-text\"> Devo usar pulseira de identifica\u00e7\u00e3o de alergia? <\/div><\/span>\n\t\t\t\t\t\t\t<span class='e-n-accordion-item-title-icon'>\n\t\t\t<span class='e-opened' ><svg aria-hidden=\"true\" class=\"e-font-icon-svg e-fas-minus\" viewBox=\"0 0 448 512\" xmlns=\"http:\/\/www.w3.org\/2000\/svg\"><path d=\"M416 208H32c-17.67 0-32 14.33-32 32v32c0 17.67 14.33 32 32 32h384c17.67 0 32-14.33 32-32v-32c0-17.67-14.33-32-32-32z\"><\/path><\/svg><\/span>\n\t\t\t<span class='e-closed'><svg aria-hidden=\"true\" class=\"e-font-icon-svg e-fas-plus\" viewBox=\"0 0 448 512\" xmlns=\"http:\/\/www.w3.org\/2000\/svg\"><path d=\"M416 208H272V64c0-17.67-14.33-32-32-32h-32c-17.67 0-32 14.33-32 32v144H32c-17.67 0-32 14.33-32 32v32c0 17.67 14.33 32 32 32h144v144c0 17.67 14.33 32 32 32h32c17.67 0 32-14.33 32-32V304h144c17.67 0 32-14.33 32-32v-32c0-17.67-14.33-32-32-32z\"><\/path><\/svg><\/span>\n\t\t<\/span>\n\n\t\t\t\t\t\t<\/summary>\n\t\t\t\t<div role=\"region\" aria-labelledby=\"e-n-accordion-item-7083\" class=\"elementor-element elementor-element-e6b82d0 e-con-full e-flex e-con e-child\" data-id=\"e6b82d0\" data-element_type=\"container\" data-e-type=\"container\">\n\t\t<div role=\"region\" aria-labelledby=\"e-n-accordion-item-7083\" class=\"elementor-element elementor-element-ff98332 e-flex e-con-boxed e-con e-child\" data-id=\"ff98332\" data-element_type=\"container\" data-e-type=\"container\">\n\t\t\t\t\t<div class=\"e-con-inner\">\n\t\t\t\t<div class=\"elementor-element elementor-element-b745fb3 elementor-widget elementor-widget-text-editor\" data-id=\"b745fb3\" data-element_type=\"widget\" data-e-type=\"widget\" data-widget_type=\"text-editor.default\">\n\t\t\t\t\t\t\t\t\t<p>Sim, se tem uma alergia medicamentosa confirmada e grave (especialmente com risco de anafilaxia). A pulseira garante que os profissionais de sa\u00fade s\u00e3o alertados em situa\u00e7\u00f5es de emerg\u00eancia quando o doente pode n\u00e3o conseguir comunicar.<\/p>\t\t\t\t\t\t\t\t<\/div>\n\t\t\t\t\t<\/div>\n\t\t\t\t<\/div>\n\t\t\t\t<\/div>\n\t\t\t\t\t<\/details>\n\t\t\t\t\t\t<details id=\"e-n-accordion-item-7084\" class=\"e-n-accordion-item\" >\n\t\t\t\t<summary class=\"e-n-accordion-item-title\" data-accordion-index=\"5\" tabindex=\"-1\" aria-expanded=\"false\" aria-controls=\"e-n-accordion-item-7084\" >\n\t\t\t\t\t<span class='e-n-accordion-item-title-header'><div class=\"e-n-accordion-item-title-text\"> O meu filho pode ser al\u00e9rgico a um medicamento na primeira toma? <\/div><\/span>\n\t\t\t\t\t\t\t<span class='e-n-accordion-item-title-icon'>\n\t\t\t<span class='e-opened' ><svg aria-hidden=\"true\" class=\"e-font-icon-svg e-fas-minus\" viewBox=\"0 0 448 512\" xmlns=\"http:\/\/www.w3.org\/2000\/svg\"><path d=\"M416 208H32c-17.67 0-32 14.33-32 32v32c0 17.67 14.33 32 32 32h384c17.67 0 32-14.33 32-32v-32c0-17.67-14.33-32-32-32z\"><\/path><\/svg><\/span>\n\t\t\t<span class='e-closed'><svg aria-hidden=\"true\" class=\"e-font-icon-svg e-fas-plus\" viewBox=\"0 0 448 512\" xmlns=\"http:\/\/www.w3.org\/2000\/svg\"><path d=\"M416 208H272V64c0-17.67-14.33-32-32-32h-32c-17.67 0-32 14.33-32 32v144H32c-17.67 0-32 14.33-32 32v32c0 17.67 14.33 32 32 32h144v144c0 17.67 14.33 32 32 32h32c17.67 0 32-14.33 32-32V304h144c17.67 0 32-14.33 32-32v-32c0-17.67-14.33-32-32-32z\"><\/path><\/svg><\/span>\n\t\t<\/span>\n\n\t\t\t\t\t\t<\/summary>\n\t\t\t\t<div role=\"region\" aria-labelledby=\"e-n-accordion-item-7084\" class=\"elementor-element elementor-element-7547615 e-con-full e-flex e-con e-child\" data-id=\"7547615\" data-element_type=\"container\" data-e-type=\"container\">\n\t\t<div role=\"region\" aria-labelledby=\"e-n-accordion-item-7084\" class=\"elementor-element elementor-element-8c9a957 e-flex e-con-boxed e-con e-child\" data-id=\"8c9a957\" data-element_type=\"container\" data-e-type=\"container\">\n\t\t\t\t\t<div class=\"e-con-inner\">\n\t\t\t\t<div class=\"elementor-element elementor-element-2f07efa elementor-widget elementor-widget-text-editor\" data-id=\"2f07efa\" data-element_type=\"widget\" data-e-type=\"widget\" data-widget_type=\"text-editor.default\">\n\t\t\t\t\t\t\t\t\t<p>A rea\u00e7\u00e3o al\u00e9rgica cl\u00e1ssica (mediada por IgE) requer uma primeira exposi\u00e7\u00e3o de sensibiliza\u00e7\u00e3o, geralmente sem sintomas, e a rea\u00e7\u00e3o surge na reexposi\u00e7\u00e3o. No entanto, rea\u00e7\u00f5es na primeira toma conhecida podem ocorrer se houve exposi\u00e7\u00e3o pr\u00e9via n\u00e3o reconhecida (ex: antibi\u00f3ticos na alimenta\u00e7\u00e3o).<\/p>\t\t\t\t\t\t\t\t<\/div>\n\t\t\t\t\t<\/div>\n\t\t\t\t<\/div>\n\t\t\t\t<\/div>\n\t\t\t\t\t<\/details>\n\t\t\t\t\t<\/div>\n\t\t\t\t\t<script type=\"application\/ld+json\">{\"@context\":\"https:\\\/\\\/schema.org\",\"@type\":\"FAQPage\",\"mainEntity\":[{\"@type\":\"Question\",\"name\":\"Se tive uma rea\\u00e7\\u00e3o a um medicamento, sou al\\u00e9rgico para sempre?\",\"acceptedAnswer\":{\"@type\":\"Answer\",\"text\":\"N\\u00e3o necessariamente. Muitas sensibiliza\\u00e7\\u00f5es medicamentosas diminuem com o tempo. A alergia \\u00e0 penicilina, por exemplo, perde-se em mais de 80% dos casos ap\\u00f3s 10 anos. Uma avalia\\u00e7\\u00e3o por imunoalergologista pode confirmar se a alergia persiste.\"}},{\"@type\":\"Question\",\"name\":\"Posso tomar ibuprofeno se sou al\\u00e9rgico \\u00e0 aspirina?\",\"acceptedAnswer\":{\"@type\":\"Answer\",\"text\":\"Depende do tipo de rea\\u00e7\\u00e3o. Muitos doentes com intoler\\u00e2ncia \\u00e0 aspirina reagem tamb\\u00e9m a outros AINEs (rea\\u00e7\\u00e3o cruzada). No entanto, existem AINEs com menor risco de rea\\u00e7\\u00e3o cruzada. A avalia\\u00e7\\u00e3o por imunoalergologista \\u00e9 essencial para orientar alternativas seguras.\"}},{\"@type\":\"Question\",\"name\":\"Como sei se a minha rea\\u00e7\\u00e3o foi alergia ou efeito secund\\u00e1rio?\",\"acceptedAnswer\":{\"@type\":\"Answer\",\"text\":\"Os efeitos secund\\u00e1rios s\\u00e3o previs\\u00edveis e dose-dependentes (ex: diarreia com antibi\\u00f3ticos). As rea\\u00e7\\u00f5es al\\u00e9rgicas s\\u00e3o imprevis\\u00edveis, envolvem o sistema imunit\\u00e1rio e podem incluir urtic\\u00e1ria, angioedema ou anafilaxia. A distin\\u00e7\\u00e3o requer avalia\\u00e7\\u00e3o m\\u00e9dica especializada.\"}},{\"@type\":\"Question\",\"name\":\"Devo usar pulseira de identifica\\u00e7\\u00e3o de alergia?\",\"acceptedAnswer\":{\"@type\":\"Answer\",\"text\":\"Sim, se tem uma alergia medicamentosa confirmada e grave (especialmente com risco de anafilaxia). A pulseira garante que os profissionais de sa\\u00fade s\\u00e3o alertados em situa\\u00e7\\u00f5es de emerg\\u00eancia quando o doente pode n\\u00e3o conseguir comunicar.\"}},{\"@type\":\"Question\",\"name\":\"O meu filho pode ser al\\u00e9rgico a um medicamento na primeira toma?\",\"acceptedAnswer\":{\"@type\":\"Answer\",\"text\":\"A rea\\u00e7\\u00e3o al\\u00e9rgica cl\\u00e1ssica (mediada por IgE) requer uma primeira exposi\\u00e7\\u00e3o de sensibiliza\\u00e7\\u00e3o, geralmente sem sintomas, e a rea\\u00e7\\u00e3o surge na reexposi\\u00e7\\u00e3o. No entanto, rea\\u00e7\\u00f5es na primeira toma conhecida podem ocorrer se houve exposi\\u00e7\\u00e3o pr\\u00e9via n\\u00e3o reconhecida (ex: antibi\\u00f3ticos na alimenta\\u00e7\\u00e3o).\"}}]}<\/script>\n\t\t\t\t\t\t\t<\/div>\n\t\t\t\t<\/div>\n\t\t\t\t<\/div>\n\t\t\t\t\t<\/div>\n\t\t\t\t<\/div>\n\t\t<div class=\"elementor-element elementor-element-02d7fba e-flex e-con-boxed e-con e-parent\" data-id=\"02d7fba\" data-element_type=\"container\" data-e-type=\"container\">\n\t\t\t\t\t<div class=\"e-con-inner\">\n\t\t\t\t<div class=\"elementor-element elementor-element-ca91313 elementor-widget elementor-widget-text-editor\" data-id=\"ca91313\" data-element_type=\"widget\" data-e-type=\"widget\" data-widget_type=\"text-editor.default\">\n\t\t\t\t\t\t\t\t\t<h2><strong>Conclus\u00e3o<\/strong><\/h2><p>A <b>alergia a medicamentos<\/b> \u00e9 uma condi\u00e7\u00e3o clinicamente relevante que requer diagn\u00f3stico preciso para evitar evic\u00e7\u00f5es desnecess\u00e1rias e garantir a seguran\u00e7a terap\u00eautica. A avalia\u00e7\u00e3o por imunoalergologista \u00e9 fundamental para confirmar a alergia e identificar alternativas seguras. A comunica\u00e7\u00e3o clara entre doente e profissionais de sa\u00fade sobre <b>alergias medicamentosas<\/b> \u00e9 essencial em todas as situa\u00e7\u00f5es de cuidados de sa\u00fade.<\/p><h2><strong>Refer\u00eancias<br \/><\/strong><\/h2><p><a href=\"https:\/\/www.eaaci.org\/\" target=\"_blank\" rel=\"dofollow noopener\">European Academy of Allergy and Clinical Immunology (EAACI). Drug Allergy Guidelines<\/a><\/p><p><a href=\"https:\/\/www.spaic.pt\/\" target=\"_blank\" rel=\"dofollow noopener\">Sociedade Portuguesa de Alergologia e Imunologia Cl\u00ednica (SPAIC). Alergia a medicamentos<\/a><\/p><p><a href=\"https:\/\/www.worldallergy.org\/\" target=\"_blank\" rel=\"dofollow noopener\">World Allergy Organization (WAO). Drug Allergy Position Paper<\/a><\/p><p><a href=\"https:\/\/www.bsaci.org\/\" target=\"_blank\" rel=\"dofollow noopener\">British Society for Allergy and Clinical Immunology (BSACI). Penicillin allergy guidelines<\/a><\/p><p><a href=\"https:\/\/www.infarmed.pt\/\" target=\"_blank\" rel=\"dofollow noopener\">INFARMED. Farmacovigil\u00e2ncia \u2014 rea\u00e7\u00f5es adversas a medicamentos<\/a><\/p><p><a href=\"https:\/\/www.jaci-inpractice.org\/\" target=\"_blank\" rel=\"dofollow noopener\">Journal of Allergy and Clinical Immunology Practice. Penicillin allergy evaluation<\/a><\/p>\t\t\t\t\t\t\t\t<\/div>\n\t\t\t\t\t<\/div>\n\t\t\t\t<\/div>\n\t\t\t\t<\/div>\n\t\t","protected":false},"excerpt":{"rendered":"<p>Introdu\u00e7\u00e3o A alergia a medicamentos \u00e9 uma rea\u00e7\u00e3o adversa imprevis\u00edvel do sistema imunit\u00e1rio a um f\u00e1rmaco, que pode variar de erup\u00e7\u00f5es cut\u00e2neas ligeiras a rea\u00e7\u00f5es anafil\u00e1ticas potencialmente fatais. Segundo a European Academy of Allergy and Clinical Immunology (EAACI), as rea\u00e7\u00f5es al\u00e9rgicas a medicamentos afetam cerca de 7% da popula\u00e7\u00e3o geral e s\u00e3o respons\u00e1veis por 5 [&hellip;]<\/p>\n","protected":false},"author":13102,"featured_media":60831,"comment_status":"closed","ping_status":"closed","sticky":false,"template":"","format":"standard","meta":{"_jetpack_memberships_contains_paid_content":false,"footnotes":""},"categories":[253],"tags":[],"class_list":["post-60589","post","type-post","status-publish","format-standard","has-post-thumbnail","hentry","category-alergologia"],"jetpack_featured_media_url":"https:\/\/staging.mediconanet.pt\/wp-content\/uploads\/2026\/04\/Imagem-para-Redes-Sociais-a-Rosa-sobre-Descontos-de-Primavera-96.jpg","jetpack_sharing_enabled":true,"_links":{"self":[{"href":"https:\/\/staging.mediconanet.pt\/en\/wp-json\/wp\/v2\/posts\/60589","targetHints":{"allow":["GET"]}}],"collection":[{"href":"https:\/\/staging.mediconanet.pt\/en\/wp-json\/wp\/v2\/posts"}],"about":[{"href":"https:\/\/staging.mediconanet.pt\/en\/wp-json\/wp\/v2\/types\/post"}],"author":[{"embeddable":true,"href":"https:\/\/staging.mediconanet.pt\/en\/wp-json\/wp\/v2\/users\/13102"}],"replies":[{"embeddable":true,"href":"https:\/\/staging.mediconanet.pt\/en\/wp-json\/wp\/v2\/comments?post=60589"}],"version-history":[{"count":11,"href":"https:\/\/staging.mediconanet.pt\/en\/wp-json\/wp\/v2\/posts\/60589\/revisions"}],"predecessor-version":[{"id":60829,"href":"https:\/\/staging.mediconanet.pt\/en\/wp-json\/wp\/v2\/posts\/60589\/revisions\/60829"}],"wp:featuredmedia":[{"embeddable":true,"href":"https:\/\/staging.mediconanet.pt\/en\/wp-json\/wp\/v2\/media\/60831"}],"wp:attachment":[{"href":"https:\/\/staging.mediconanet.pt\/en\/wp-json\/wp\/v2\/media?parent=60589"}],"wp:term":[{"taxonomy":"category","embeddable":true,"href":"https:\/\/staging.mediconanet.pt\/en\/wp-json\/wp\/v2\/categories?post=60589"},{"taxonomy":"post_tag","embeddable":true,"href":"https:\/\/staging.mediconanet.pt\/en\/wp-json\/wp\/v2\/tags?post=60589"}],"curies":[{"name":"wp","href":"https:\/\/api.w.org\/{rel}","templated":true}]}}