{"id":59888,"date":"2026-03-31T16:53:54","date_gmt":"2026-03-31T15:53:54","guid":{"rendered":"https:\/\/www.mediconanet.pt\/?p=59888"},"modified":"2026-04-01T16:36:28","modified_gmt":"2026-04-01T15:36:28","slug":"consulta-do-viajante-quando-marcar","status":"publish","type":"post","link":"https:\/\/staging.mediconanet.pt\/en\/consulta-do-viajante-quando-marcar\/","title":{"rendered":"Consulta do Viajante: Quando e Porqu\u00ea Marcar"},"content":{"rendered":"\t\t<div data-elementor-type=\"wp-post\" data-elementor-id=\"59888\" class=\"elementor elementor-59888\" data-elementor-post-type=\"post\">\n\t\t\t\t<div class=\"elementor-element elementor-element-570cfe3 e-flex e-con-boxed e-con e-parent\" data-id=\"570cfe3\" data-element_type=\"container\" data-e-type=\"container\">\n\t\t\t\t\t<div class=\"e-con-inner\">\n\t\t\t\t<div class=\"elementor-element elementor-element-1761780 elementor-widget elementor-widget-text-editor\" data-id=\"1761780\" data-element_type=\"widget\" data-e-type=\"widget\" data-widget_type=\"text-editor.default\">\n\t\t\t\t\t\t\t\t\t<h2><strong>Introdu\u00e7\u00e3o<\/strong><\/h2><p>Viajar para destinos tropicais ou com condi\u00e7\u00f5es sanit\u00e1rias diferentes exige prepara\u00e7\u00e3o pr\u00e9via. A <b>consulta do viajante<\/b> \u00e9 uma consulta especializada que avalia riscos de sa\u00fade associados ao destino, recomenda vacinas e medidas preventivas, e prepara o viajante para lidar com problemas de sa\u00fade durante a viagem. O Instituto de Higiene e Medicina Tropical (IHMT) e a Dire\u00e7\u00e3o-Geral da Sa\u00fade (DGS) s\u00e3o as entidades de refer\u00eancia em Portugal.<\/p><p>A Organiza\u00e7\u00e3o Mundial da Sa\u00fade (OMS) recomenda que esta <b>consulta do viajante<\/b> seja realizada pelo menos 4 a 6 semanas antes da partida, para permitir a administra\u00e7\u00e3o completa das vacinas necess\u00e1rias. O planeamento antecipado \u00e9 essencial: algumas vacinas requerem m\u00faltiplas doses e a prote\u00e7\u00e3o completa pode demorar semanas a ser alcan\u00e7ada.<\/p><h2><strong>Quem Deve Fazer a Consulta?<\/strong><\/h2><p>A <b>consulta do viajante<\/b> \u00e9 recomendada a todos os viajantes para regi\u00f5es tropicais ou subtropicais (\u00c1frica, \u00c1sia, Am\u00e9rica Central e do Sul), bem como destinos com riscos espec\u00edficos como mal\u00e1ria, febre amarela, dengue ou c\u00f3lera. \u00c9 particularmente importante para crian\u00e7as, gr\u00e1vidas, idosos, imunodeprimidos e viajantes com doen\u00e7as cr\u00f3nicas.<\/p><p>A DGS recomenda tamb\u00e9m a <b>consulta do viajante<\/b> para quem pretende realizar atividades de risco acrescido: trekking em altitude, mergulho, voluntariado em zonas rurais ou visita a familiares em pa\u00edses end\u00e9micos. Mesmo destinos considerados &#8220;seguros&#8221; podem requerer precau\u00e7\u00f5es espec\u00edficas consoante o tipo de viagem.<\/p><h2><strong>O Que Acontece na Consulta?<\/strong><\/h2><p>O m\u00e9dico recolhe informa\u00e7\u00f5es sobre o itiner\u00e1rio completo \u2014 datas, regi\u00f5es, tipo de alojamento e atividades. Rev\u00ea o estado vacinal e verifica necessidade de atualizar vacinas do PNV ou administrar vacinas espec\u00edficas. Avalia a necessidade de profilaxia da mal\u00e1ria. Fornece conselhos sobre preven\u00e7\u00e3o de doen\u00e7as transmitidas por alimentos e \u00e1gua, prote\u00e7\u00e3o contra picadas de insetos, preven\u00e7\u00e3o de DSTs e seguran\u00e7a rodovi\u00e1ria.<\/p><p>\u00c9 tamb\u00e9m preparado um kit de viagem com medicamentos essenciais, adaptado ao destino e ao perfil do viajante. As condi\u00e7\u00f5es m\u00e9dicas pr\u00e9-existentes s\u00e3o avaliadas e \u00e9 garantido que o viajante tem medica\u00e7\u00e3o suficiente para toda a viagem, com prescri\u00e7\u00e3o em Denomina\u00e7\u00e3o Comum Internacional (DCI).<\/p><h2><strong>Onde Realizar a Consulta em Portugal?<\/strong><\/h2><p>A <b>consulta do viajante<\/b> est\u00e1 dispon\u00edvel nos centros de sa\u00fade, no IHMT em Lisboa, no INSA, e em hospitais e cl\u00ednicas privadas. Algumas vacinas, como a da febre amarela, s\u00f3 podem ser administradas em centros de vacina\u00e7\u00e3o internacional autorizados. A DGS disponibiliza no portal uma lista atualizada de centros em todo o pa\u00eds.<\/p><p>O custo da<b>\u00a0<a href=\"https:\/\/staging.mediconanet.pt\/produto\/consulta-do-viajante\/\" target=\"_blank\" rel=\"noopener\">consulta do viajante<\/a>\u00a0<\/b>varia entre o setor p\u00fablico e privado. No SNS, a consulta \u00e9 acess\u00edvel mediante marca\u00e7\u00e3o pr\u00e9via, embora os tempos de espera possam ser consider\u00e1veis nas \u00e9pocas de maior procura (ver\u00e3o). Recomenda-se a marca\u00e7\u00e3o antecipada.<\/p><h2><strong>Depois da Viagem: Quando Procurar Ajuda<\/strong><\/h2><p>Ap\u00f3s o regresso, \u00e9 importante estar atento a febre, diarreia persistente, erup\u00e7\u00f5es cut\u00e2neas ou mal-estar geral, que podem surgir dias a semanas ap\u00f3s a viagem. Qualquer febre at\u00e9 3 meses ap\u00f3s viagem a zona end\u00e9mica de mal\u00e1ria deve ser considerada mal\u00e1ria at\u00e9 prova em contr\u00e1rio, segundo o CDC. Deve procurar-se atendimento urgente informando sobre o historial de viagem.<\/p><p>Outras condi\u00e7\u00f5es que podem manifestar-se tardiamente incluem a esquistossomose (ap\u00f3s contacto com \u00e1guas doces em \u00c1frica), a tuberculose e infe\u00e7\u00f5es intestinais parasit\u00e1rias. O acompanhamento p\u00f3s-viagem \u00e9 recomendado para viajantes com sintomas persistentes.<\/p><p><em>Na <strong>M\u00e9dico na Net<\/strong>, <strong>oferecemos aconselhamento<\/strong> pr\u00e9-viagem, verifica\u00e7\u00e3o do estado vacinal, prescri\u00e7\u00e3o de profilaxia da mal\u00e1ria e de medica\u00e7\u00e3o para o kit de viagem, e avalia\u00e7\u00e3o de sintomas p\u00f3s-viagem, com referencia\u00e7\u00e3o para medicina tropical quando necess\u00e1rio.<\/em><\/p>\t\t\t\t\t\t\t\t<\/div>\n\t\t\t\t<div class=\"elementor-element elementor-element-375973d elementor-widget elementor-widget-image\" data-id=\"375973d\" data-element_type=\"widget\" data-e-type=\"widget\" data-widget_type=\"image.default\">\n\t\t\t\t\t\t\t\t\t\t\t\t\t\t\t<img decoding=\"async\" src=\"https:\/\/staging.mediconanet.pt\/wp-content\/uploads\/2026\/03\/Imagem-para-Redes-Sociais-a-Rosa-sobre-Descontos-de-Primavera-41.jpg\" title=\"Consulta do viajante: aconselhamento antes da viagem\" alt=\"Pessoa em casa a fazer consulta do viajante online atrav\u00e9s de videochamada\" loading=\"lazy\" \/>\t\t\t\t\t\t\t\t\t\t\t\t\t\t\t<\/div>\n\t\t\t\t\t<\/div>\n\t\t\t\t<\/div>\n\t\t<div class=\"elementor-element elementor-element-1545e08 e-flex e-con-boxed e-con e-parent\" data-id=\"1545e08\" data-element_type=\"container\" data-e-type=\"container\">\n\t\t\t\t\t<div class=\"e-con-inner\">\n\t\t<div class=\"elementor-element elementor-element-9ad30cf e-con-full e-flex e-con e-child\" data-id=\"9ad30cf\" data-element_type=\"container\" data-e-type=\"container\">\n\t\t<div class=\"elementor-element elementor-element-66e4f21 e-con-full e-flex e-con e-child\" data-id=\"66e4f21\" data-element_type=\"container\" data-e-type=\"container\">\n\t\t\t\t<div class=\"elementor-element elementor-element-c44ae3e elementor-widget elementor-widget-heading\" data-id=\"c44ae3e\" data-element_type=\"widget\" data-e-type=\"widget\" data-widget_type=\"heading.default\">\n\t\t\t\t\t<h2 class=\"elementor-heading-title elementor-size-default\">Perguntas frequentes (FAQ)<\/h2>\t\t\t\t<\/div>\n\t\t\t\t<div class=\"elementor-element elementor-element-439b5c3 elementor-widget elementor-widget-n-accordion\" data-id=\"439b5c3\" data-element_type=\"widget\" data-e-type=\"widget\" data-settings=\"{&quot;default_state&quot;:&quot;all_collapsed&quot;,&quot;max_items_expended&quot;:&quot;one&quot;,&quot;n_accordion_animation_duration&quot;:{&quot;unit&quot;:&quot;ms&quot;,&quot;size&quot;:400,&quot;sizes&quot;:[]}}\" data-widget_type=\"nested-accordion.default\">\n\t\t\t\t\t\t\t<div class=\"e-n-accordion\" aria-label=\"Accordion. Open links with Enter or Space, close with Escape, and navigate with Arrow Keys\">\n\t\t\t\t\t\t<details id=\"e-n-accordion-item-7080\" class=\"e-n-accordion-item\" >\n\t\t\t\t<summary class=\"e-n-accordion-item-title\" data-accordion-index=\"1\" tabindex=\"0\" aria-expanded=\"false\" aria-controls=\"e-n-accordion-item-7080\" >\n\t\t\t\t\t<span class='e-n-accordion-item-title-header'><div class=\"e-n-accordion-item-title-text\"> Com quanto tempo de anteced\u00eancia devo marcar a consulta? <\/div><\/span>\n\t\t\t\t\t\t\t<span class='e-n-accordion-item-title-icon'>\n\t\t\t<span class='e-opened' ><svg aria-hidden=\"true\" class=\"e-font-icon-svg e-fas-minus\" viewBox=\"0 0 448 512\" xmlns=\"http:\/\/www.w3.org\/2000\/svg\"><path d=\"M416 208H32c-17.67 0-32 14.33-32 32v32c0 17.67 14.33 32 32 32h384c17.67 0 32-14.33 32-32v-32c0-17.67-14.33-32-32-32z\"><\/path><\/svg><\/span>\n\t\t\t<span class='e-closed'><svg aria-hidden=\"true\" class=\"e-font-icon-svg e-fas-plus\" viewBox=\"0 0 448 512\" xmlns=\"http:\/\/www.w3.org\/2000\/svg\"><path d=\"M416 208H272V64c0-17.67-14.33-32-32-32h-32c-17.67 0-32 14.33-32 32v144H32c-17.67 0-32 14.33-32 32v32c0 17.67 14.33 32 32 32h144v144c0 17.67 14.33 32 32 32h32c17.67 0 32-14.33 32-32V304h144c17.67 0 32-14.33 32-32v-32c0-17.67-14.33-32-32-32z\"><\/path><\/svg><\/span>\n\t\t<\/span>\n\n\t\t\t\t\t\t<\/summary>\n\t\t\t\t<div role=\"region\" aria-labelledby=\"e-n-accordion-item-7080\" class=\"elementor-element elementor-element-d801294 e-con-full e-flex e-con e-child\" data-id=\"d801294\" data-element_type=\"container\" data-e-type=\"container\">\n\t\t<div role=\"region\" aria-labelledby=\"e-n-accordion-item-7080\" class=\"elementor-element elementor-element-67dd609 e-flex e-con-boxed e-con e-child\" data-id=\"67dd609\" data-element_type=\"container\" data-e-type=\"container\">\n\t\t\t\t\t<div class=\"e-con-inner\">\n\t\t\t\t<div class=\"elementor-element elementor-element-2204be5 elementor-widget elementor-widget-text-editor\" data-id=\"2204be5\" data-element_type=\"widget\" data-e-type=\"widget\" data-widget_type=\"text-editor.default\">\n\t\t\t\t\t\t\t\t\t<p>A \u00e9poca principal \u00e9 de mar\u00e7o a julho, com picos vari\u00e1veis: gram\u00edneas entre abril e julho, oliveira entre maio e junho. No sul, a pariet\u00e1ria pode causar sintomas quase todo o ano. A RPA disponibiliza boletins pol\u00ednicos atualizados.<\/p>\t\t\t\t\t\t\t\t<\/div>\n\t\t\t\t\t<\/div>\n\t\t\t\t<\/div>\n\t\t\t\t<\/div>\n\t\t\t\t\t<\/details>\n\t\t\t\t\t\t<details id=\"e-n-accordion-item-7081\" class=\"e-n-accordion-item\" >\n\t\t\t\t<summary class=\"e-n-accordion-item-title\" data-accordion-index=\"2\" tabindex=\"-1\" aria-expanded=\"false\" aria-controls=\"e-n-accordion-item-7081\" >\n\t\t\t\t\t<span class='e-n-accordion-item-title-header'><div class=\"e-n-accordion-item-title-text\"> Preciso de consulta para ir \u00e0 Europa? <\/div><\/span>\n\t\t\t\t\t\t\t<span class='e-n-accordion-item-title-icon'>\n\t\t\t<span class='e-opened' ><svg aria-hidden=\"true\" class=\"e-font-icon-svg e-fas-minus\" viewBox=\"0 0 448 512\" xmlns=\"http:\/\/www.w3.org\/2000\/svg\"><path d=\"M416 208H32c-17.67 0-32 14.33-32 32v32c0 17.67 14.33 32 32 32h384c17.67 0 32-14.33 32-32v-32c0-17.67-14.33-32-32-32z\"><\/path><\/svg><\/span>\n\t\t\t<span class='e-closed'><svg aria-hidden=\"true\" class=\"e-font-icon-svg e-fas-plus\" viewBox=\"0 0 448 512\" xmlns=\"http:\/\/www.w3.org\/2000\/svg\"><path d=\"M416 208H272V64c0-17.67-14.33-32-32-32h-32c-17.67 0-32 14.33-32 32v144H32c-17.67 0-32 14.33-32 32v32c0 17.67 14.33 32 32 32h144v144c0 17.67 14.33 32 32 32h32c17.67 0 32-14.33 32-32V304h144c17.67 0 32-14.33 32-32v-32c0-17.67-14.33-32-32-32z\"><\/path><\/svg><\/span>\n\t\t<\/span>\n\n\t\t\t\t\t\t<\/summary>\n\t\t\t\t<div role=\"region\" aria-labelledby=\"e-n-accordion-item-7081\" class=\"elementor-element elementor-element-f07e3ff e-con-full e-flex e-con e-child\" data-id=\"f07e3ff\" data-element_type=\"container\" data-e-type=\"container\">\n\t\t<div role=\"region\" aria-labelledby=\"e-n-accordion-item-7081\" class=\"elementor-element elementor-element-ba0d7df e-flex e-con-boxed e-con e-child\" data-id=\"ba0d7df\" data-element_type=\"container\" data-e-type=\"container\">\n\t\t\t\t\t<div class=\"e-con-inner\">\n\t\t\t\t<div class=\"elementor-element elementor-element-bd0918d elementor-widget elementor-widget-text-editor\" data-id=\"bd0918d\" data-element_type=\"widget\" data-e-type=\"widget\" data-widget_type=\"text-editor.default\">\n\t\t\t\t\t\t\t\t\t<p>Para viagens na Uni\u00e3o Europeia geralmente n\u00e3o \u00e9 necess\u00e1ria <b>consulta do viajante<\/b> espec\u00edfica. Contudo, \u00e9 importante verificar se o Cart\u00e3o Europeu de Seguro de Doen\u00e7a est\u00e1 atualizado e se as vacinas do PNV est\u00e3o em dia.<\/p>\t\t\t\t\t\t\t\t<\/div>\n\t\t\t\t\t<\/div>\n\t\t\t\t<\/div>\n\t\t\t\t<\/div>\n\t\t\t\t\t<\/details>\n\t\t\t\t\t\t<details id=\"e-n-accordion-item-7082\" class=\"e-n-accordion-item\" >\n\t\t\t\t<summary class=\"e-n-accordion-item-title\" data-accordion-index=\"3\" tabindex=\"-1\" aria-expanded=\"false\" aria-controls=\"e-n-accordion-item-7082\" >\n\t\t\t\t\t<span class='e-n-accordion-item-title-header'><div class=\"e-n-accordion-item-title-text\"> A consulta do viajante \u00e9 gratuita no SNS? <\/div><\/span>\n\t\t\t\t\t\t\t<span class='e-n-accordion-item-title-icon'>\n\t\t\t<span class='e-opened' ><svg aria-hidden=\"true\" class=\"e-font-icon-svg e-fas-minus\" viewBox=\"0 0 448 512\" xmlns=\"http:\/\/www.w3.org\/2000\/svg\"><path d=\"M416 208H32c-17.67 0-32 14.33-32 32v32c0 17.67 14.33 32 32 32h384c17.67 0 32-14.33 32-32v-32c0-17.67-14.33-32-32-32z\"><\/path><\/svg><\/span>\n\t\t\t<span class='e-closed'><svg aria-hidden=\"true\" class=\"e-font-icon-svg e-fas-plus\" viewBox=\"0 0 448 512\" xmlns=\"http:\/\/www.w3.org\/2000\/svg\"><path d=\"M416 208H272V64c0-17.67-14.33-32-32-32h-32c-17.67 0-32 14.33-32 32v144H32c-17.67 0-32 14.33-32 32v32c0 17.67 14.33 32 32 32h144v144c0 17.67 14.33 32 32 32h32c17.67 0 32-14.33 32-32V304h144c17.67 0 32-14.33 32-32v-32c0-17.67-14.33-32-32-32z\"><\/path><\/svg><\/span>\n\t\t<\/span>\n\n\t\t\t\t\t\t<\/summary>\n\t\t\t\t<div role=\"region\" aria-labelledby=\"e-n-accordion-item-7082\" class=\"elementor-element elementor-element-1948aa2 e-con-full e-flex e-con e-child\" data-id=\"1948aa2\" data-element_type=\"container\" data-e-type=\"container\">\n\t\t<div role=\"region\" aria-labelledby=\"e-n-accordion-item-7082\" class=\"elementor-element elementor-element-44203e4 e-flex e-con-boxed e-con e-child\" data-id=\"44203e4\" data-element_type=\"container\" data-e-type=\"container\">\n\t\t\t\t\t<div class=\"e-con-inner\">\n\t\t\t\t<div class=\"elementor-element elementor-element-90363e4 elementor-widget elementor-widget-text-editor\" data-id=\"90363e4\" data-element_type=\"widget\" data-e-type=\"widget\" data-widget_type=\"text-editor.default\">\n\t\t\t\t\t\t\t\t\t<p>A consulta est\u00e1 dispon\u00edvel no SNS mediante pagamento de taxa moderadora, quando aplic\u00e1vel. As vacinas espec\u00edficas para viajantes (exceto as do PNV) s\u00e3o pagas pelo viajante. Os pre\u00e7os variam consoante as vacinas necess\u00e1rias.<\/p>\t\t\t\t\t\t\t\t<\/div>\n\t\t\t\t\t<\/div>\n\t\t\t\t<\/div>\n\t\t\t\t<\/div>\n\t\t\t\t\t<\/details>\n\t\t\t\t\t\t<details id=\"e-n-accordion-item-7083\" class=\"e-n-accordion-item\" >\n\t\t\t\t<summary class=\"e-n-accordion-item-title\" data-accordion-index=\"4\" tabindex=\"-1\" aria-expanded=\"false\" aria-controls=\"e-n-accordion-item-7083\" >\n\t\t\t\t\t<span class='e-n-accordion-item-title-header'><div class=\"e-n-accordion-item-title-text\"> Que vacinas s\u00e3o obrigat\u00f3rias para viajar? <\/div><\/span>\n\t\t\t\t\t\t\t<span class='e-n-accordion-item-title-icon'>\n\t\t\t<span class='e-opened' ><svg aria-hidden=\"true\" class=\"e-font-icon-svg e-fas-minus\" viewBox=\"0 0 448 512\" xmlns=\"http:\/\/www.w3.org\/2000\/svg\"><path d=\"M416 208H32c-17.67 0-32 14.33-32 32v32c0 17.67 14.33 32 32 32h384c17.67 0 32-14.33 32-32v-32c0-17.67-14.33-32-32-32z\"><\/path><\/svg><\/span>\n\t\t\t<span class='e-closed'><svg aria-hidden=\"true\" class=\"e-font-icon-svg e-fas-plus\" viewBox=\"0 0 448 512\" xmlns=\"http:\/\/www.w3.org\/2000\/svg\"><path d=\"M416 208H272V64c0-17.67-14.33-32-32-32h-32c-17.67 0-32 14.33-32 32v144H32c-17.67 0-32 14.33-32 32v32c0 17.67 14.33 32 32 32h144v144c0 17.67 14.33 32 32 32h32c17.67 0 32-14.33 32-32V304h144c17.67 0 32-14.33 32-32v-32c0-17.67-14.33-32-32-32z\"><\/path><\/svg><\/span>\n\t\t<\/span>\n\n\t\t\t\t\t\t<\/summary>\n\t\t\t\t<div role=\"region\" aria-labelledby=\"e-n-accordion-item-7083\" class=\"elementor-element elementor-element-e6b82d0 e-con-full e-flex e-con e-child\" data-id=\"e6b82d0\" data-element_type=\"container\" data-e-type=\"container\">\n\t\t<div role=\"region\" aria-labelledby=\"e-n-accordion-item-7083\" class=\"elementor-element elementor-element-ff98332 e-flex e-con-boxed e-con e-child\" data-id=\"ff98332\" data-element_type=\"container\" data-e-type=\"container\">\n\t\t\t\t\t<div class=\"e-con-inner\">\n\t\t\t\t<div class=\"elementor-element elementor-element-b745fb3 elementor-widget elementor-widget-text-editor\" data-id=\"b745fb3\" data-element_type=\"widget\" data-e-type=\"widget\" data-widget_type=\"text-editor.default\">\n\t\t\t\t\t\t\t\t\t<p>A \u00fanica vacina que pode ser exigida como requisito de entrada \u00e9 a da febre amarela, para determinados pa\u00edses de \u00c1frica e Am\u00e9rica do Sul. A vacina antimeningoc\u00f3cica ACWY \u00e9 obrigat\u00f3ria para peregrinos a Meca.<\/p>\t\t\t\t\t\t\t\t<\/div>\n\t\t\t\t\t<\/div>\n\t\t\t\t<\/div>\n\t\t\t\t<\/div>\n\t\t\t\t\t<\/details>\n\t\t\t\t\t\t<details id=\"e-n-accordion-item-7084\" class=\"e-n-accordion-item\" >\n\t\t\t\t<summary class=\"e-n-accordion-item-title\" data-accordion-index=\"5\" tabindex=\"-1\" aria-expanded=\"false\" aria-controls=\"e-n-accordion-item-7084\" >\n\t\t\t\t\t<span class='e-n-accordion-item-title-header'><div class=\"e-n-accordion-item-title-text\"> Devo fazer a consulta mesmo para viagens curtas? <\/div><\/span>\n\t\t\t\t\t\t\t<span class='e-n-accordion-item-title-icon'>\n\t\t\t<span class='e-opened' ><svg aria-hidden=\"true\" class=\"e-font-icon-svg e-fas-minus\" viewBox=\"0 0 448 512\" xmlns=\"http:\/\/www.w3.org\/2000\/svg\"><path d=\"M416 208H32c-17.67 0-32 14.33-32 32v32c0 17.67 14.33 32 32 32h384c17.67 0 32-14.33 32-32v-32c0-17.67-14.33-32-32-32z\"><\/path><\/svg><\/span>\n\t\t\t<span class='e-closed'><svg aria-hidden=\"true\" class=\"e-font-icon-svg e-fas-plus\" viewBox=\"0 0 448 512\" xmlns=\"http:\/\/www.w3.org\/2000\/svg\"><path d=\"M416 208H272V64c0-17.67-14.33-32-32-32h-32c-17.67 0-32 14.33-32 32v144H32c-17.67 0-32 14.33-32 32v32c0 17.67 14.33 32 32 32h144v144c0 17.67 14.33 32 32 32h32c17.67 0 32-14.33 32-32V304h144c17.67 0 32-14.33 32-32v-32c0-17.67-14.33-32-32-32z\"><\/path><\/svg><\/span>\n\t\t<\/span>\n\n\t\t\t\t\t\t<\/summary>\n\t\t\t\t<div role=\"region\" aria-labelledby=\"e-n-accordion-item-7084\" class=\"elementor-element elementor-element-7547615 e-con-full e-flex e-con e-child\" data-id=\"7547615\" data-element_type=\"container\" data-e-type=\"container\">\n\t\t<div role=\"region\" aria-labelledby=\"e-n-accordion-item-7084\" class=\"elementor-element elementor-element-8c9a957 e-flex e-con-boxed e-con e-child\" data-id=\"8c9a957\" data-element_type=\"container\" data-e-type=\"container\">\n\t\t\t\t\t<div class=\"e-con-inner\">\n\t\t\t\t<div class=\"elementor-element elementor-element-2f07efa elementor-widget elementor-widget-text-editor\" data-id=\"2f07efa\" data-element_type=\"widget\" data-e-type=\"widget\" data-widget_type=\"text-editor.default\">\n\t\t\t\t\t\t\t\t\t<p>Sim, se o destino for uma zona de risco. Mesmo viagens curtas a regi\u00f5es tropicais envolvem risco de doen\u00e7as como mal\u00e1ria, dengue ou diarreia do viajante. A dura\u00e7\u00e3o da viagem n\u00e3o elimina o risco.<\/p>\t\t\t\t\t\t\t\t<\/div>\n\t\t\t\t\t<\/div>\n\t\t\t\t<\/div>\n\t\t\t\t<\/div>\n\t\t\t\t\t<\/details>\n\t\t\t\t\t<\/div>\n\t\t\t\t\t<script type=\"application\/ld+json\">{\"@context\":\"https:\\\/\\\/schema.org\",\"@type\":\"FAQPage\",\"mainEntity\":[{\"@type\":\"Question\",\"name\":\"Com quanto tempo de anteced\\u00eancia devo marcar a consulta?\",\"acceptedAnswer\":{\"@type\":\"Answer\",\"text\":\"A \\u00e9poca principal \\u00e9 de mar\\u00e7o a julho, com picos vari\\u00e1veis: gram\\u00edneas entre abril e julho, oliveira entre maio e junho. No sul, a pariet\\u00e1ria pode causar sintomas quase todo o ano. A RPA disponibiliza boletins pol\\u00ednicos atualizados.\"}},{\"@type\":\"Question\",\"name\":\"Preciso de consulta para ir \\u00e0 Europa?\",\"acceptedAnswer\":{\"@type\":\"Answer\",\"text\":\"Para viagens na Uni\\u00e3o Europeia geralmente n\\u00e3o \\u00e9 necess\\u00e1ria consulta do viajante espec\\u00edfica. Contudo, \\u00e9 importante verificar se o Cart\\u00e3o Europeu de Seguro de Doen\\u00e7a est\\u00e1 atualizado e se as vacinas do PNV est\\u00e3o em dia.\"}},{\"@type\":\"Question\",\"name\":\"A consulta do viajante \\u00e9 gratuita no SNS?\",\"acceptedAnswer\":{\"@type\":\"Answer\",\"text\":\"A consulta est\\u00e1 dispon\\u00edvel no SNS mediante pagamento de taxa moderadora, quando aplic\\u00e1vel. As vacinas espec\\u00edficas para viajantes (exceto as do PNV) s\\u00e3o pagas pelo viajante. Os pre\\u00e7os variam consoante as vacinas necess\\u00e1rias.\"}},{\"@type\":\"Question\",\"name\":\"Que vacinas s\\u00e3o obrigat\\u00f3rias para viajar?\",\"acceptedAnswer\":{\"@type\":\"Answer\",\"text\":\"A \\u00fanica vacina que pode ser exigida como requisito de entrada \\u00e9 a da febre amarela, para determinados pa\\u00edses de \\u00c1frica e Am\\u00e9rica do Sul. A vacina antimeningoc\\u00f3cica ACWY \\u00e9 obrigat\\u00f3ria para peregrinos a Meca.\"}},{\"@type\":\"Question\",\"name\":\"Devo fazer a consulta mesmo para viagens curtas?\",\"acceptedAnswer\":{\"@type\":\"Answer\",\"text\":\"Sim, se o destino for uma zona de risco. Mesmo viagens curtas a regi\\u00f5es tropicais envolvem risco de doen\\u00e7as como mal\\u00e1ria, dengue ou diarreia do viajante. A dura\\u00e7\\u00e3o da viagem n\\u00e3o elimina o risco.\"}}]}<\/script>\n\t\t\t\t\t\t\t<\/div>\n\t\t\t\t<\/div>\n\t\t\t\t<\/div>\n\t\t\t\t\t<\/div>\n\t\t\t\t<\/div>\n\t\t<div class=\"elementor-element elementor-element-02d7fba e-flex e-con-boxed e-con e-parent\" data-id=\"02d7fba\" data-element_type=\"container\" data-e-type=\"container\">\n\t\t\t\t\t<div class=\"e-con-inner\">\n\t\t\t\t<div class=\"elementor-element elementor-element-ca91313 elementor-widget elementor-widget-text-editor\" data-id=\"ca91313\" data-element_type=\"widget\" data-e-type=\"widget\" data-widget_type=\"text-editor.default\">\n\t\t\t\t\t\t\t\t\t<h2><strong>Conclus\u00e3o<\/strong><\/h2>\n<p>A <b>consulta do viajante <\/b>\u00e9 uma ferramenta essencial de preven\u00e7\u00e3o em sa\u00fade para quem viaja para destinos com riscos sanit\u00e1rios espec\u00edficos. O planeamento antecipado, a vacina\u00e7\u00e3o adequada e a prepara\u00e7\u00e3o para eventuais problemas de sa\u00fade s\u00e3o investimentos na seguran\u00e7a e no bem-estar durante a viagem.<\/p>\n<h2><strong>Refer\u00eancias<\/strong><\/h2>\n<p><a href=\"https:\/\/www.ihmt.unl.pt\/\" target=\"_blank\" rel=\"dofollow noopener\">Instituto de Higiene e Medicina Tropical (IHMT). Consulta do Viajante<\/a><\/p>\n<p><a href=\"https:\/\/www.dgs.pt\/\" target=\"_blank\" rel=\"dofollow noopener\">Dire\u00e7\u00e3o-Geral da Sa\u00fade (DGS). Sa\u00fade do Viajante \u2014 Recomenda\u00e7\u00f5es<\/a><\/p>\n<p><a href=\"https:\/\/www.who.int\/\" target=\"_blank\" rel=\"dofollow noopener\">Organiza\u00e7\u00e3o Mundial da Sa\u00fade (OMS). International Travel and Health<\/a><\/p>\n<p><a href=\"https:\/\/wwwnc.cdc.gov\/travel\" target=\"_blank\" rel=\"dofollow noopener\">Centers for Disease Control and Prevention (CDC). Travelers&#8217; Health \u2014 Yellow Book<\/a><\/p>\n<p><a href=\"https:\/\/www.ecdc.europa.eu\/\" target=\"_blank\" rel=\"dofollow noopener\">European Centre for Disease Prevention and Control (ECDC). Travel health advice<\/a><\/p>\n<p><a href=\"https:\/\/academic.oup.com\/jtm\" target=\"_blank\" rel=\"dofollow noopener\">Steffen R, et al. Travel medicine \u2014 prevention based on evidence<\/a><\/p>\t\t\t\t\t\t\t\t<\/div>\n\t\t\t\t\t<\/div>\n\t\t\t\t<\/div>\n\t\t\t\t<\/div>\n\t\t","protected":false},"excerpt":{"rendered":"<p>Introdu\u00e7\u00e3o Viajar para destinos tropicais ou com condi\u00e7\u00f5es sanit\u00e1rias diferentes exige prepara\u00e7\u00e3o pr\u00e9via. A consulta do viajante \u00e9 uma consulta especializada que avalia riscos de sa\u00fade associados ao destino, recomenda vacinas e medidas preventivas, e prepara o viajante para lidar com problemas de sa\u00fade durante a viagem. O Instituto de Higiene e Medicina Tropical (IHMT) [&hellip;]<\/p>\n","protected":false},"author":13102,"featured_media":59947,"comment_status":"closed","ping_status":"closed","sticky":false,"template":"","format":"standard","meta":{"_jetpack_memberships_contains_paid_content":false,"footnotes":""},"categories":[256],"tags":[],"class_list":["post-59888","post","type-post","status-publish","format-standard","has-post-thumbnail","hentry","category-medicina-do-viajante"],"jetpack_featured_media_url":"https:\/\/staging.mediconanet.pt\/wp-content\/uploads\/2026\/03\/Imagem-para-Redes-Sociais-a-Rosa-sobre-Descontos-de-Primavera-42.jpg","jetpack_sharing_enabled":true,"_links":{"self":[{"href":"https:\/\/staging.mediconanet.pt\/en\/wp-json\/wp\/v2\/posts\/59888","targetHints":{"allow":["GET"]}}],"collection":[{"href":"https:\/\/staging.mediconanet.pt\/en\/wp-json\/wp\/v2\/posts"}],"about":[{"href":"https:\/\/staging.mediconanet.pt\/en\/wp-json\/wp\/v2\/types\/post"}],"author":[{"embeddable":true,"href":"https:\/\/staging.mediconanet.pt\/en\/wp-json\/wp\/v2\/users\/13102"}],"replies":[{"embeddable":true,"href":"https:\/\/staging.mediconanet.pt\/en\/wp-json\/wp\/v2\/comments?post=59888"}],"version-history":[{"count":10,"href":"https:\/\/staging.mediconanet.pt\/en\/wp-json\/wp\/v2\/posts\/59888\/revisions"}],"predecessor-version":[{"id":60058,"href":"https:\/\/staging.mediconanet.pt\/en\/wp-json\/wp\/v2\/posts\/59888\/revisions\/60058"}],"wp:featuredmedia":[{"embeddable":true,"href":"https:\/\/staging.mediconanet.pt\/en\/wp-json\/wp\/v2\/media\/59947"}],"wp:attachment":[{"href":"https:\/\/staging.mediconanet.pt\/en\/wp-json\/wp\/v2\/media?parent=59888"}],"wp:term":[{"taxonomy":"category","embeddable":true,"href":"https:\/\/staging.mediconanet.pt\/en\/wp-json\/wp\/v2\/categories?post=59888"},{"taxonomy":"post_tag","embeddable":true,"href":"https:\/\/staging.mediconanet.pt\/en\/wp-json\/wp\/v2\/tags?post=59888"}],"curies":[{"name":"wp","href":"https:\/\/api.w.org\/{rel}","templated":true}]}}