{"id":59851,"date":"2026-03-31T15:50:39","date_gmt":"2026-03-31T14:50:39","guid":{"rendered":"https:\/\/www.mediconanet.pt\/?p=59851"},"modified":"2026-04-01T16:33:11","modified_gmt":"2026-04-01T15:33:11","slug":"eczema-no-adulto-como-controlar-crises","status":"publish","type":"post","link":"https:\/\/staging.mediconanet.pt\/en\/eczema-no-adulto-como-controlar-crises\/","title":{"rendered":"Eczema no Adulto: Como Controlar as Crises e Melhorar a Qualidade de Vida"},"content":{"rendered":"\t\t<div data-elementor-type=\"wp-post\" data-elementor-id=\"59851\" class=\"elementor elementor-59851\" data-elementor-post-type=\"post\">\n\t\t\t\t<div class=\"elementor-element elementor-element-570cfe3 e-flex e-con-boxed e-con e-parent\" data-id=\"570cfe3\" data-element_type=\"container\" data-e-type=\"container\">\n\t\t\t\t\t<div class=\"e-con-inner\">\n\t\t\t\t<div class=\"elementor-element elementor-element-1761780 elementor-widget elementor-widget-text-editor\" data-id=\"1761780\" data-element_type=\"widget\" data-e-type=\"widget\" data-widget_type=\"text-editor.default\">\n\t\t\t\t\t\t\t\t\t<h2><strong>Introdu\u00e7\u00e3o<\/strong><\/h2><p>Embora o <b>eczema at\u00f3pico<\/b> seja frequentemente associado \u00e0 inf\u00e2ncia, estima-se que 2 a 5% dos adultos europeus vivam com esta doen\u00e7a cr\u00f3nica. Em muitos casos persiste desde a inf\u00e2ncia; noutros, surge pela primeira vez na idade adulta. A European Academy of Dermatology and Venereology (EADV) reconhece que o<b> eczema <\/b>no adulto est\u00e1 associado a um impacto na qualidade de vida compar\u00e1vel ao de outras doen\u00e7as cr\u00f3nicas como a diabetes ou a insufici\u00eancia card\u00edaca.<\/p><p>No adulto, o <b>eczema <\/b>tende a afetar predominantemente as m\u00e3os, a face, o pesco\u00e7o e as pregas de flex\u00e3o. A pele apresenta-se frequentemente seca, espessada e com fissuras, podendo haver per\u00edodos de agudiza\u00e7\u00e3o com vermelhid\u00e3o intensa e exsuda\u00e7\u00e3o. O eczema das m\u00e3os \u00e9 particularmente incapacitante, sobretudo em profiss\u00f5es com exposi\u00e7\u00e3o frequente a \u00e1gua e irritantes. A Sociedade Portuguesa de Dermatologia e Venereologia (SPDV) estima que o eczema das m\u00e3os afete at\u00e9 10% da popula\u00e7\u00e3o adulta.<\/p><h2><strong>Impacto na Sa\u00fade Mental e na Vida Profissional<\/strong><\/h2><p>O <b>eczema at\u00f3pico<\/b> no adulto est\u00e1 fortemente associado a ansiedade, depress\u00e3o e perturba\u00e7\u00f5es do sono. Um estudo publicado no Journal of the American Academy of Dermatology demonstrou que adultos com eczema moderado a grave t\u00eam um risco 44% superior de idea\u00e7\u00e3o suicida. A comich\u00e3o cr\u00f3nica \u00e9 frequentemente descrita como o sintoma mais debilitante, interferindo com a concentra\u00e7\u00e3o, a produtividade e as rela\u00e7\u00f5es interpessoais.<\/p><p>O impacto profissional \u00e9 igualmente significativo: o absentismo e o presente\u00edsmo representam um custo socioecon\u00f3mico consider\u00e1vel. A SPDV recomenda a avalia\u00e7\u00e3o regular do impacto psicol\u00f3gico e a referencia\u00e7\u00e3o para apoio de sa\u00fade mental quando necess\u00e1rio.<\/p><h2><strong>Op\u00e7\u00f5es Terap\u00eauticas Atuais<\/strong><\/h2><p>O tratamento segue uma abordagem escalonada. A hidrata\u00e7\u00e3o com emolientes e o uso criterioso de corticosteroides t\u00f3picos continuam a ser a base. Os inibidores da calcineurina t\u00f3picos s\u00e3o uma alternativa para a face e pregas. Para casos moderados a graves, as op\u00e7\u00f5es sist\u00e9micas incluem a fototerapia com UVB de banda estreita, a ciclosporina e, mais recentemente, os biol\u00f3gicos e os inibidores de JAK.<\/p><p>O dupilumab foi o primeiro biol\u00f3gico aprovado para o eczema e demonstrou melhorias significativas em ensaios de fase III publicados no New England Journal of Medicine. Os inibidores de JAK (baricitinib, upadacitinib, abrocitinib), aprovados pela EMA, oferecem efic\u00e1cia r\u00e1pida por via oral. A escolha terap\u00eautica deve ser individualizada, tendo em conta a gravidade, as comorbilidades e as prefer\u00eancias do doente.<\/p><h2><strong>Prevenir as Crises: Estrat\u00e9gias Di\u00e1rias<\/strong><\/h2><p>A preven\u00e7\u00e3o passa por uma rotina rigorosa de hidrata\u00e7\u00e3o, pela identifica\u00e7\u00e3o e evic\u00e7\u00e3o dos fatores desencadeantes e pela gest\u00e3o do stress. T\u00e9cnicas de relaxamento, exerc\u00edcio regular e higiene do sono contribuem para reduzir a frequ\u00eancia das crises. O uso de luvas de prote\u00e7\u00e3o em atividades com contacto com \u00e1gua e qu\u00edmicos \u00e9 essencial para prevenir o<b> eczema <\/b>das m\u00e3os.<\/p><p>A terap\u00eautica proactiva \u2014 aplica\u00e7\u00e3o intermitente de corticosteroides t\u00f3picos ou inibidores da calcineurina nas \u00e1reas habitualmente afetadas, mesmo na aus\u00eancia de crise \u2014 demonstrou reduzir significativamente as recidivas, segundo a ETFAD.<\/p><h2><strong>Acompanhamento e Recursos de Apoio<\/strong><\/h2><p>O seguimento regular com o dermatologista \u00e9 fundamental para ajustar o tratamento e monitorizar efeitos adversos da terap\u00eautica sist\u00e9mica. A comunica\u00e7\u00e3o aberta entre m\u00e9dico e doente sobre expectativas, efeitos secund\u00e1rios e impacto na qualidade de vida \u00e9 essencial para o sucesso terap\u00eautico.<\/p><p>Em Portugal, a AAARDA (Associa\u00e7\u00e3o de Apoio \u00e0 Dermatite At\u00f3pica) e as consultas especializadas dos hospitais centrais oferecem apoio diferenciado. Os grupos de suporte online podem tamb\u00e9m ser uma fonte valiosa de partilha de experi\u00eancias e informa\u00e7\u00e3o entre doentes.<\/p><p><em>Na <strong>M\u00e9dico na Net<\/strong>, a <strong>equipa cl\u00ednica<\/strong> oferece avalia\u00e7\u00e3o de <a href=\"https:\/\/staging.mediconanet.pt\/produto\/eczema\/?slug_pagina_visitada=eczema\"><b>eczema<\/b> <\/a>no adulto, orienta\u00e7\u00e3o terap\u00eautica personalizada, acompanhamento regular e referencia\u00e7\u00e3o para dermatologia quando necess\u00e1rio para acesso a terap\u00eauticas avan\u00e7adas.<\/em><\/p>\t\t\t\t\t\t\t\t<\/div>\n\t\t\t\t<div class=\"elementor-element elementor-element-375973d elementor-widget elementor-widget-image\" data-id=\"375973d\" data-element_type=\"widget\" data-e-type=\"widget\" data-widget_type=\"image.default\">\n\t\t\t\t\t\t\t\t\t\t\t\t\t\t\t<img decoding=\"async\" src=\"https:\/\/staging.mediconanet.pt\/wp-content\/uploads\/2026\/03\/Imagem-para-Redes-Sociais-a-Rosa-sobre-Descontos-de-Primavera-40-1.jpg\" title=\"Eczema: acompanhamento e gest\u00e3o dos sintomas\" alt=\"Pessoa a fazer acompanhamento de eczema atrav\u00e9s de videochamada no computador\" loading=\"lazy\" \/>\t\t\t\t\t\t\t\t\t\t\t\t\t\t\t<\/div>\n\t\t\t\t\t<\/div>\n\t\t\t\t<\/div>\n\t\t<div class=\"elementor-element elementor-element-1545e08 e-flex e-con-boxed e-con e-parent\" data-id=\"1545e08\" data-element_type=\"container\" data-e-type=\"container\">\n\t\t\t\t\t<div class=\"e-con-inner\">\n\t\t<div class=\"elementor-element elementor-element-9ad30cf e-con-full e-flex e-con e-child\" data-id=\"9ad30cf\" data-element_type=\"container\" data-e-type=\"container\">\n\t\t<div class=\"elementor-element elementor-element-66e4f21 e-con-full e-flex e-con e-child\" data-id=\"66e4f21\" data-element_type=\"container\" data-e-type=\"container\">\n\t\t\t\t<div class=\"elementor-element elementor-element-c44ae3e elementor-widget elementor-widget-heading\" data-id=\"c44ae3e\" data-element_type=\"widget\" data-e-type=\"widget\" data-widget_type=\"heading.default\">\n\t\t\t\t\t<h2 class=\"elementor-heading-title elementor-size-default\">Perguntas frequentes (FAQ)<\/h2>\t\t\t\t<\/div>\n\t\t\t\t<div class=\"elementor-element elementor-element-439b5c3 elementor-widget elementor-widget-n-accordion\" data-id=\"439b5c3\" data-element_type=\"widget\" data-e-type=\"widget\" data-settings=\"{&quot;default_state&quot;:&quot;all_collapsed&quot;,&quot;max_items_expended&quot;:&quot;one&quot;,&quot;n_accordion_animation_duration&quot;:{&quot;unit&quot;:&quot;ms&quot;,&quot;size&quot;:400,&quot;sizes&quot;:[]}}\" data-widget_type=\"nested-accordion.default\">\n\t\t\t\t\t\t\t<div class=\"e-n-accordion\" aria-label=\"Accordion. Open links with Enter or Space, close with Escape, and navigate with Arrow Keys\">\n\t\t\t\t\t\t<details id=\"e-n-accordion-item-7080\" class=\"e-n-accordion-item\" >\n\t\t\t\t<summary class=\"e-n-accordion-item-title\" data-accordion-index=\"1\" tabindex=\"0\" aria-expanded=\"false\" aria-controls=\"e-n-accordion-item-7080\" >\n\t\t\t\t\t<span class='e-n-accordion-item-title-header'><div class=\"e-n-accordion-item-title-text\"> Posso ter eczema pela primeira vez em adulto? <\/div><\/span>\n\t\t\t\t\t\t\t<span class='e-n-accordion-item-title-icon'>\n\t\t\t<span class='e-opened' ><svg aria-hidden=\"true\" class=\"e-font-icon-svg e-fas-minus\" viewBox=\"0 0 448 512\" xmlns=\"http:\/\/www.w3.org\/2000\/svg\"><path d=\"M416 208H32c-17.67 0-32 14.33-32 32v32c0 17.67 14.33 32 32 32h384c17.67 0 32-14.33 32-32v-32c0-17.67-14.33-32-32-32z\"><\/path><\/svg><\/span>\n\t\t\t<span class='e-closed'><svg aria-hidden=\"true\" class=\"e-font-icon-svg e-fas-plus\" viewBox=\"0 0 448 512\" xmlns=\"http:\/\/www.w3.org\/2000\/svg\"><path d=\"M416 208H272V64c0-17.67-14.33-32-32-32h-32c-17.67 0-32 14.33-32 32v144H32c-17.67 0-32 14.33-32 32v32c0 17.67 14.33 32 32 32h144v144c0 17.67 14.33 32 32 32h32c17.67 0 32-14.33 32-32V304h144c17.67 0 32-14.33 32-32v-32c0-17.67-14.33-32-32-32z\"><\/path><\/svg><\/span>\n\t\t<\/span>\n\n\t\t\t\t\t\t<\/summary>\n\t\t\t\t<div role=\"region\" aria-labelledby=\"e-n-accordion-item-7080\" class=\"elementor-element elementor-element-d801294 e-con-full e-flex e-con e-child\" data-id=\"d801294\" data-element_type=\"container\" data-e-type=\"container\">\n\t\t<div role=\"region\" aria-labelledby=\"e-n-accordion-item-7080\" class=\"elementor-element elementor-element-67dd609 e-flex e-con-boxed e-con e-child\" data-id=\"67dd609\" data-element_type=\"container\" data-e-type=\"container\">\n\t\t\t\t\t<div class=\"e-con-inner\">\n\t\t\t\t<div class=\"elementor-element elementor-element-2204be5 elementor-widget elementor-widget-text-editor\" data-id=\"2204be5\" data-element_type=\"widget\" data-e-type=\"widget\" data-widget_type=\"text-editor.default\">\n\t\t\t\t\t\t\t\t\t<p>Sim. Embora a maioria dos casos comece na inf\u00e2ncia, o <b>eczema at\u00f3pico<\/b> pode surgir pela primeira vez na idade adulta. O diagn\u00f3stico diferencial com dermatite de contacto e outras dermatoses \u00e9 importante.<\/p>\t\t\t\t\t\t\t\t<\/div>\n\t\t\t\t\t<\/div>\n\t\t\t\t<\/div>\n\t\t\t\t<\/div>\n\t\t\t\t\t<\/details>\n\t\t\t\t\t\t<details id=\"e-n-accordion-item-7081\" class=\"e-n-accordion-item\" >\n\t\t\t\t<summary class=\"e-n-accordion-item-title\" data-accordion-index=\"2\" tabindex=\"-1\" aria-expanded=\"false\" aria-controls=\"e-n-accordion-item-7081\" >\n\t\t\t\t\t<span class='e-n-accordion-item-title-header'><div class=\"e-n-accordion-item-title-text\"> O stress pode causar crises de eczema? <\/div><\/span>\n\t\t\t\t\t\t\t<span class='e-n-accordion-item-title-icon'>\n\t\t\t<span class='e-opened' ><svg aria-hidden=\"true\" class=\"e-font-icon-svg e-fas-minus\" viewBox=\"0 0 448 512\" xmlns=\"http:\/\/www.w3.org\/2000\/svg\"><path d=\"M416 208H32c-17.67 0-32 14.33-32 32v32c0 17.67 14.33 32 32 32h384c17.67 0 32-14.33 32-32v-32c0-17.67-14.33-32-32-32z\"><\/path><\/svg><\/span>\n\t\t\t<span class='e-closed'><svg aria-hidden=\"true\" class=\"e-font-icon-svg e-fas-plus\" viewBox=\"0 0 448 512\" xmlns=\"http:\/\/www.w3.org\/2000\/svg\"><path d=\"M416 208H272V64c0-17.67-14.33-32-32-32h-32c-17.67 0-32 14.33-32 32v144H32c-17.67 0-32 14.33-32 32v32c0 17.67 14.33 32 32 32h144v144c0 17.67 14.33 32 32 32h32c17.67 0 32-14.33 32-32V304h144c17.67 0 32-14.33 32-32v-32c0-17.67-14.33-32-32-32z\"><\/path><\/svg><\/span>\n\t\t<\/span>\n\n\t\t\t\t\t\t<\/summary>\n\t\t\t\t<div role=\"region\" aria-labelledby=\"e-n-accordion-item-7081\" class=\"elementor-element elementor-element-f07e3ff e-con-full e-flex e-con e-child\" data-id=\"f07e3ff\" data-element_type=\"container\" data-e-type=\"container\">\n\t\t<div role=\"region\" aria-labelledby=\"e-n-accordion-item-7081\" class=\"elementor-element elementor-element-ba0d7df e-flex e-con-boxed e-con e-child\" data-id=\"ba0d7df\" data-element_type=\"container\" data-e-type=\"container\">\n\t\t\t\t\t<div class=\"e-con-inner\">\n\t\t\t\t<div class=\"elementor-element elementor-element-bd0918d elementor-widget elementor-widget-text-editor\" data-id=\"bd0918d\" data-element_type=\"widget\" data-e-type=\"widget\" data-widget_type=\"text-editor.default\">\n\t\t\t\t\t\t\t\t\t<p>Sim, o stress emocional \u00e9 um fator desencadeante reconhecido. N\u00e3o causa o <b>eczema<\/b> diretamente, mas pode agravar a inflama\u00e7\u00e3o e a comich\u00e3o. T\u00e9cnicas de gest\u00e3o do stress, exerc\u00edcio f\u00edsico e apoio psicol\u00f3gico podem ajudar.<\/p>\t\t\t\t\t\t\t\t<\/div>\n\t\t\t\t\t<\/div>\n\t\t\t\t<\/div>\n\t\t\t\t<\/div>\n\t\t\t\t\t<\/details>\n\t\t\t\t\t\t<details id=\"e-n-accordion-item-7082\" class=\"e-n-accordion-item\" >\n\t\t\t\t<summary class=\"e-n-accordion-item-title\" data-accordion-index=\"3\" tabindex=\"-1\" aria-expanded=\"false\" aria-controls=\"e-n-accordion-item-7082\" >\n\t\t\t\t\t<span class='e-n-accordion-item-title-header'><div class=\"e-n-accordion-item-title-text\"> Os novos tratamentos biol\u00f3gicos s\u00e3o seguros? <\/div><\/span>\n\t\t\t\t\t\t\t<span class='e-n-accordion-item-title-icon'>\n\t\t\t<span class='e-opened' ><svg aria-hidden=\"true\" class=\"e-font-icon-svg e-fas-minus\" viewBox=\"0 0 448 512\" xmlns=\"http:\/\/www.w3.org\/2000\/svg\"><path d=\"M416 208H32c-17.67 0-32 14.33-32 32v32c0 17.67 14.33 32 32 32h384c17.67 0 32-14.33 32-32v-32c0-17.67-14.33-32-32-32z\"><\/path><\/svg><\/span>\n\t\t\t<span class='e-closed'><svg aria-hidden=\"true\" class=\"e-font-icon-svg e-fas-plus\" viewBox=\"0 0 448 512\" xmlns=\"http:\/\/www.w3.org\/2000\/svg\"><path d=\"M416 208H272V64c0-17.67-14.33-32-32-32h-32c-17.67 0-32 14.33-32 32v144H32c-17.67 0-32 14.33-32 32v32c0 17.67 14.33 32 32 32h144v144c0 17.67 14.33 32 32 32h32c17.67 0 32-14.33 32-32V304h144c17.67 0 32-14.33 32-32v-32c0-17.67-14.33-32-32-32z\"><\/path><\/svg><\/span>\n\t\t<\/span>\n\n\t\t\t\t\t\t<\/summary>\n\t\t\t\t<div role=\"region\" aria-labelledby=\"e-n-accordion-item-7082\" class=\"elementor-element elementor-element-1948aa2 e-con-full e-flex e-con e-child\" data-id=\"1948aa2\" data-element_type=\"container\" data-e-type=\"container\">\n\t\t<div role=\"region\" aria-labelledby=\"e-n-accordion-item-7082\" class=\"elementor-element elementor-element-44203e4 e-flex e-con-boxed e-con e-child\" data-id=\"44203e4\" data-element_type=\"container\" data-e-type=\"container\">\n\t\t\t\t\t<div class=\"e-con-inner\">\n\t\t\t\t<div class=\"elementor-element elementor-element-90363e4 elementor-widget elementor-widget-text-editor\" data-id=\"90363e4\" data-element_type=\"widget\" data-e-type=\"widget\" data-widget_type=\"text-editor.default\">\n\t\t\t\t\t\t\t\t\t<p>Os biol\u00f3gicos como o dupilumab demonstraram um bom perfil de seguran\u00e7a em ensaios cl\u00ednicos de larga escala. Os efeitos adversos mais comuns s\u00e3o a conjuntivite e rea\u00e7\u00f5es no local de inje\u00e7\u00e3o. O acompanhamento pelo dermatologista \u00e9 fundamental.<\/p>\t\t\t\t\t\t\t\t<\/div>\n\t\t\t\t\t<\/div>\n\t\t\t\t<\/div>\n\t\t\t\t<\/div>\n\t\t\t\t\t<\/details>\n\t\t\t\t\t\t<details id=\"e-n-accordion-item-7083\" class=\"e-n-accordion-item\" >\n\t\t\t\t<summary class=\"e-n-accordion-item-title\" data-accordion-index=\"4\" tabindex=\"-1\" aria-expanded=\"false\" aria-controls=\"e-n-accordion-item-7083\" >\n\t\t\t\t\t<span class='e-n-accordion-item-title-header'><div class=\"e-n-accordion-item-title-text\"> O eczema das m\u00e3os pode ser de origem profissional? <\/div><\/span>\n\t\t\t\t\t\t\t<span class='e-n-accordion-item-title-icon'>\n\t\t\t<span class='e-opened' ><svg aria-hidden=\"true\" class=\"e-font-icon-svg e-fas-minus\" viewBox=\"0 0 448 512\" xmlns=\"http:\/\/www.w3.org\/2000\/svg\"><path d=\"M416 208H32c-17.67 0-32 14.33-32 32v32c0 17.67 14.33 32 32 32h384c17.67 0 32-14.33 32-32v-32c0-17.67-14.33-32-32-32z\"><\/path><\/svg><\/span>\n\t\t\t<span class='e-closed'><svg aria-hidden=\"true\" class=\"e-font-icon-svg e-fas-plus\" viewBox=\"0 0 448 512\" xmlns=\"http:\/\/www.w3.org\/2000\/svg\"><path d=\"M416 208H272V64c0-17.67-14.33-32-32-32h-32c-17.67 0-32 14.33-32 32v144H32c-17.67 0-32 14.33-32 32v32c0 17.67 14.33 32 32 32h144v144c0 17.67 14.33 32 32 32h32c17.67 0 32-14.33 32-32V304h144c17.67 0 32-14.33 32-32v-32c0-17.67-14.33-32-32-32z\"><\/path><\/svg><\/span>\n\t\t<\/span>\n\n\t\t\t\t\t\t<\/summary>\n\t\t\t\t<div role=\"region\" aria-labelledby=\"e-n-accordion-item-7083\" class=\"elementor-element elementor-element-e6b82d0 e-con-full e-flex e-con e-child\" data-id=\"e6b82d0\" data-element_type=\"container\" data-e-type=\"container\">\n\t\t<div role=\"region\" aria-labelledby=\"e-n-accordion-item-7083\" class=\"elementor-element elementor-element-ff98332 e-flex e-con-boxed e-con e-child\" data-id=\"ff98332\" data-element_type=\"container\" data-e-type=\"container\">\n\t\t\t\t\t<div class=\"e-con-inner\">\n\t\t\t\t<div class=\"elementor-element elementor-element-b745fb3 elementor-widget elementor-widget-text-editor\" data-id=\"b745fb3\" data-element_type=\"widget\" data-e-type=\"widget\" data-widget_type=\"text-editor.default\">\n\t\t\t\t\t\t\t\t\t<p>Sim. O <b>eczema <\/b>das m\u00e3os \u00e9 frequentemente agravado pela exposi\u00e7\u00e3o ocupacional a \u00e1gua, detergentes e outros irritantes. Profissionais de sa\u00fade, cabeleireiros e trabalhadores de limpeza est\u00e3o particularmente em risco.<\/p>\t\t\t\t\t\t\t\t<\/div>\n\t\t\t\t\t<\/div>\n\t\t\t\t<\/div>\n\t\t\t\t<\/div>\n\t\t\t\t\t<\/details>\n\t\t\t\t\t\t<details id=\"e-n-accordion-item-7084\" class=\"e-n-accordion-item\" >\n\t\t\t\t<summary class=\"e-n-accordion-item-title\" data-accordion-index=\"5\" tabindex=\"-1\" aria-expanded=\"false\" aria-controls=\"e-n-accordion-item-7084\" >\n\t\t\t\t\t<span class='e-n-accordion-item-title-header'><div class=\"e-n-accordion-item-title-text\"> Devo evitar tomar banho di\u00e1rio? <\/div><\/span>\n\t\t\t\t\t\t\t<span class='e-n-accordion-item-title-icon'>\n\t\t\t<span class='e-opened' ><svg aria-hidden=\"true\" class=\"e-font-icon-svg e-fas-minus\" viewBox=\"0 0 448 512\" xmlns=\"http:\/\/www.w3.org\/2000\/svg\"><path d=\"M416 208H32c-17.67 0-32 14.33-32 32v32c0 17.67 14.33 32 32 32h384c17.67 0 32-14.33 32-32v-32c0-17.67-14.33-32-32-32z\"><\/path><\/svg><\/span>\n\t\t\t<span class='e-closed'><svg aria-hidden=\"true\" class=\"e-font-icon-svg e-fas-plus\" viewBox=\"0 0 448 512\" xmlns=\"http:\/\/www.w3.org\/2000\/svg\"><path d=\"M416 208H272V64c0-17.67-14.33-32-32-32h-32c-17.67 0-32 14.33-32 32v144H32c-17.67 0-32 14.33-32 32v32c0 17.67 14.33 32 32 32h144v144c0 17.67 14.33 32 32 32h32c17.67 0 32-14.33 32-32V304h144c17.67 0 32-14.33 32-32v-32c0-17.67-14.33-32-32-32z\"><\/path><\/svg><\/span>\n\t\t<\/span>\n\n\t\t\t\t\t\t<\/summary>\n\t\t\t\t<div role=\"region\" aria-labelledby=\"e-n-accordion-item-7084\" class=\"elementor-element elementor-element-7547615 e-con-full e-flex e-con e-child\" data-id=\"7547615\" data-element_type=\"container\" data-e-type=\"container\">\n\t\t<div role=\"region\" aria-labelledby=\"e-n-accordion-item-7084\" class=\"elementor-element elementor-element-8c9a957 e-flex e-con-boxed e-con e-child\" data-id=\"8c9a957\" data-element_type=\"container\" data-e-type=\"container\">\n\t\t\t\t\t<div class=\"e-con-inner\">\n\t\t\t\t<div class=\"elementor-element elementor-element-2f07efa elementor-widget elementor-widget-text-editor\" data-id=\"2f07efa\" data-element_type=\"widget\" data-e-type=\"widget\" data-widget_type=\"text-editor.default\">\n\t\t\t\t\t\t\t\t\t<p>N\u00e3o necessariamente. O banho di\u00e1rio \u00e9 aceit\u00e1vel desde que seja curto, com \u00e1gua morna e produtos suaves. O mais importante \u00e9 aplicar emoliente generosamente logo ap\u00f3s o banho, aproveitando a hidrata\u00e7\u00e3o residual da pele.<\/p>\t\t\t\t\t\t\t\t<\/div>\n\t\t\t\t\t<\/div>\n\t\t\t\t<\/div>\n\t\t\t\t<\/div>\n\t\t\t\t\t<\/details>\n\t\t\t\t\t<\/div>\n\t\t\t\t\t<script type=\"application\/ld+json\">{\"@context\":\"https:\\\/\\\/schema.org\",\"@type\":\"FAQPage\",\"mainEntity\":[{\"@type\":\"Question\",\"name\":\"Posso ter eczema pela primeira vez em adulto?\",\"acceptedAnswer\":{\"@type\":\"Answer\",\"text\":\"Sim. Embora a maioria dos casos comece na inf\\u00e2ncia, o eczema at\\u00f3pico pode surgir pela primeira vez na idade adulta. O diagn\\u00f3stico diferencial com dermatite de contacto e outras dermatoses \\u00e9 importante.\"}},{\"@type\":\"Question\",\"name\":\"O stress pode causar crises de eczema?\",\"acceptedAnswer\":{\"@type\":\"Answer\",\"text\":\"Sim, o stress emocional \\u00e9 um fator desencadeante reconhecido. N\\u00e3o causa o eczema diretamente, mas pode agravar a inflama\\u00e7\\u00e3o e a comich\\u00e3o. T\\u00e9cnicas de gest\\u00e3o do stress, exerc\\u00edcio f\\u00edsico e apoio psicol\\u00f3gico podem ajudar.\"}},{\"@type\":\"Question\",\"name\":\"Os novos tratamentos biol\\u00f3gicos s\\u00e3o seguros?\",\"acceptedAnswer\":{\"@type\":\"Answer\",\"text\":\"Os biol\\u00f3gicos como o dupilumab demonstraram um bom perfil de seguran\\u00e7a em ensaios cl\\u00ednicos de larga escala. Os efeitos adversos mais comuns s\\u00e3o a conjuntivite e rea\\u00e7\\u00f5es no local de inje\\u00e7\\u00e3o. O acompanhamento pelo dermatologista \\u00e9 fundamental.\"}},{\"@type\":\"Question\",\"name\":\"O eczema das m\\u00e3os pode ser de origem profissional?\",\"acceptedAnswer\":{\"@type\":\"Answer\",\"text\":\"Sim. O eczema das m\\u00e3os \\u00e9 frequentemente agravado pela exposi\\u00e7\\u00e3o ocupacional a \\u00e1gua, detergentes e outros irritantes. Profissionais de sa\\u00fade, cabeleireiros e trabalhadores de limpeza est\\u00e3o particularmente em risco.\"}},{\"@type\":\"Question\",\"name\":\"Devo evitar tomar banho di\\u00e1rio?\",\"acceptedAnswer\":{\"@type\":\"Answer\",\"text\":\"N\\u00e3o necessariamente. O banho di\\u00e1rio \\u00e9 aceit\\u00e1vel desde que seja curto, com \\u00e1gua morna e produtos suaves. O mais importante \\u00e9 aplicar emoliente generosamente logo ap\\u00f3s o banho, aproveitando a hidrata\\u00e7\\u00e3o residual da pele.\"}}]}<\/script>\n\t\t\t\t\t\t\t<\/div>\n\t\t\t\t<\/div>\n\t\t\t\t<\/div>\n\t\t\t\t\t<\/div>\n\t\t\t\t<\/div>\n\t\t<div class=\"elementor-element elementor-element-02d7fba e-flex e-con-boxed e-con e-parent\" data-id=\"02d7fba\" data-element_type=\"container\" data-e-type=\"container\">\n\t\t\t\t\t<div class=\"e-con-inner\">\n\t\t\t\t<div class=\"elementor-element elementor-element-ca91313 elementor-widget elementor-widget-text-editor\" data-id=\"ca91313\" data-element_type=\"widget\" data-e-type=\"widget\" data-widget_type=\"text-editor.default\">\n\t\t\t\t\t\t\t\t\t<h2><strong>Conclus\u00e3o<\/strong><\/h2><p>O <b>eczema at\u00f3pico <\/b>no adulto \u00e9 uma doen\u00e7a cr\u00f3nica com impacto consider\u00e1vel na qualidade de vida, mas os avan\u00e7os terap\u00eauticos recentes \u2014 nomeadamente os biol\u00f3gicos e os inibidores de JAK \u2014 oferecem novas possibilidades de controlo eficaz. Uma abordagem integrada que combine cuidados de pele, tratamento farmacol\u00f3gico adequado e apoio psicol\u00f3gico \u00e9 a chave para viver bem com eczema.<\/p><h2><strong>Refer\u00eancias<\/strong><\/h2><p><a href=\"https:\/\/www.eadv.org\/\" target=\"_blank\" rel=\"dofollow noopener\">European Academy of Dermatology and Venereology (EADV). Guidelines for treatment of atopic eczema in adults<\/a><\/p><p><a href=\"https:\/\/www.spdv.pt\/\" target=\"_blank\" rel=\"dofollow noopener\">Sociedade Portuguesa de Dermatologia e Venereologia (SPDV). Eczema das m\u00e3os \u2014 Orienta\u00e7\u00f5es cl\u00ednicas<\/a><\/p><p><a href=\"https:\/\/www.jaad.org\/\" target=\"_blank\" rel=\"dofollow noopener\">Thyssen JP, et al. Atopic dermatitis in adults: association with mental health<\/a><\/p><p><a href=\"https:\/\/www.nejm.org\/\" target=\"_blank\" rel=\"dofollow noopener\">Simpson EL, et al. Dupilumab trials in atopic dermatitis<\/a><\/p><p><a href=\"https:\/\/www.ema.europa.eu\/\" target=\"_blank\" rel=\"dofollow noopener\">European Medicines Agency (EMA). Rinvoq (upadacitinib)<\/a><\/p><p><a href=\"https:\/\/www.aaarda.pt\/\" target=\"_blank\" rel=\"dofollow noopener\">AAARDA \u2014 Associa\u00e7\u00e3o de Apoio \u00e0 Dermatite At\u00f3pica<\/a><\/p>\t\t\t\t\t\t\t\t<\/div>\n\t\t\t\t\t<\/div>\n\t\t\t\t<\/div>\n\t\t\t\t<\/div>\n\t\t","protected":false},"excerpt":{"rendered":"<p>Introdu\u00e7\u00e3o Embora o eczema at\u00f3pico seja frequentemente associado \u00e0 inf\u00e2ncia, estima-se que 2 a 5% dos adultos europeus vivam com esta doen\u00e7a cr\u00f3nica. Em muitos casos persiste desde a inf\u00e2ncia; noutros, surge pela primeira vez na idade adulta. A European Academy of Dermatology and Venereology (EADV) reconhece que o eczema no adulto est\u00e1 associado a [&hellip;]<\/p>\n","protected":false},"author":13102,"featured_media":59989,"comment_status":"closed","ping_status":"closed","sticky":false,"template":"","format":"standard","meta":{"_jetpack_memberships_contains_paid_content":false,"footnotes":""},"categories":[250],"tags":[],"class_list":["post-59851","post","type-post","status-publish","format-standard","has-post-thumbnail","hentry","category-dermatologia"],"jetpack_featured_media_url":"https:\/\/staging.mediconanet.pt\/wp-content\/uploads\/2026\/03\/Imagem-para-Redes-Sociais-a-Rosa-sobre-Descontos-de-Primavera-47.jpg","jetpack_sharing_enabled":true,"_links":{"self":[{"href":"https:\/\/staging.mediconanet.pt\/en\/wp-json\/wp\/v2\/posts\/59851","targetHints":{"allow":["GET"]}}],"collection":[{"href":"https:\/\/staging.mediconanet.pt\/en\/wp-json\/wp\/v2\/posts"}],"about":[{"href":"https:\/\/staging.mediconanet.pt\/en\/wp-json\/wp\/v2\/types\/post"}],"author":[{"embeddable":true,"href":"https:\/\/staging.mediconanet.pt\/en\/wp-json\/wp\/v2\/users\/13102"}],"replies":[{"embeddable":true,"href":"https:\/\/staging.mediconanet.pt\/en\/wp-json\/wp\/v2\/comments?post=59851"}],"version-history":[{"count":10,"href":"https:\/\/staging.mediconanet.pt\/en\/wp-json\/wp\/v2\/posts\/59851\/revisions"}],"predecessor-version":[{"id":60042,"href":"https:\/\/staging.mediconanet.pt\/en\/wp-json\/wp\/v2\/posts\/59851\/revisions\/60042"}],"wp:featuredmedia":[{"embeddable":true,"href":"https:\/\/staging.mediconanet.pt\/en\/wp-json\/wp\/v2\/media\/59989"}],"wp:attachment":[{"href":"https:\/\/staging.mediconanet.pt\/en\/wp-json\/wp\/v2\/media?parent=59851"}],"wp:term":[{"taxonomy":"category","embeddable":true,"href":"https:\/\/staging.mediconanet.pt\/en\/wp-json\/wp\/v2\/categories?post=59851"},{"taxonomy":"post_tag","embeddable":true,"href":"https:\/\/staging.mediconanet.pt\/en\/wp-json\/wp\/v2\/tags?post=59851"}],"curies":[{"name":"wp","href":"https:\/\/api.w.org\/{rel}","templated":true}]}}