{"id":59715,"date":"2026-03-30T16:48:46","date_gmt":"2026-03-30T15:48:46","guid":{"rendered":"https:\/\/www.mediconanet.pt\/?p=59715"},"modified":"2026-04-01T16:31:28","modified_gmt":"2026-04-01T15:31:28","slug":"eczema-nas-criancas-guia-completo","status":"publish","type":"post","link":"https:\/\/staging.mediconanet.pt\/en\/eczema-nas-criancas-guia-completo\/","title":{"rendered":"Eczema nas Crian\u00e7as: Guia Completo para Pais"},"content":{"rendered":"\t\t<div data-elementor-type=\"wp-post\" data-elementor-id=\"59715\" class=\"elementor elementor-59715\" data-elementor-post-type=\"post\">\n\t\t\t\t<div class=\"elementor-element elementor-element-570cfe3 e-flex e-con-boxed e-con e-parent\" data-id=\"570cfe3\" data-element_type=\"container\" data-e-type=\"container\">\n\t\t\t\t\t<div class=\"e-con-inner\">\n\t\t\t\t<div class=\"elementor-element elementor-element-1761780 elementor-widget elementor-widget-text-editor\" data-id=\"1761780\" data-element_type=\"widget\" data-e-type=\"widget\" data-widget_type=\"text-editor.default\">\n\t\t\t\t\t\t\t\t\t<h2><strong>Introdu\u00e7\u00e3o<\/strong><\/h2><p>O <b>eczema<\/b> \u00e9 a doen\u00e7a de pele cr\u00f3nica mais comum na inf\u00e2ncia, afetando at\u00e9 uma em cada cinco crian\u00e7as em Portugal. O in\u00edcio ocorre frequentemente nos primeiros meses de vida, causando grande preocupa\u00e7\u00e3o nos pais. A Sociedade Portuguesa de Pediatria (SPP) sublinha que, com os cuidados adequados, a maioria das crian\u00e7as consegue ter a doen\u00e7a bem controlada, e muitas apresentam melhoria significativa ou mesmo remiss\u00e3o com o crescimento.<\/p><p>O <b>eczema at\u00f3pico<\/b> surge habitualmente entre os 3 e os 6 meses de idade, embora possa aparecer em qualquer momento. Nos beb\u00e9s, as les\u00f5es tendem a afetar a face, o couro cabeludo e as superf\u00edcies extensoras dos membros. \u00c0 medida que a crian\u00e7a cresce, migram para as pregas de flex\u00e3o (cotovelos, joelhos, pulsos). Cerca de 60 a 70% das crian\u00e7as apresentam resolu\u00e7\u00e3o antes da adolesc\u00eancia, segundo dados do European Journal of Pediatric Dermatology.<\/p><h2><strong>Cuidados Di\u00e1rios da Pele<\/strong><\/h2><p>A rotina de cuidados \u00e9 a pedra angular do controlo do <b>eczema infantil<\/b>. Os pais devem aplicar emolientes (cremes ou pomadas hidratantes sem fragr\u00e2ncia) em toda a pele pelo menos duas vezes por dia, idealmente ap\u00f3s o banho. O banho deve ser curto (5 a 10 minutos), com \u00e1gua morna e produtos de limpeza suaves sem sab\u00e3o. Ap\u00f3s o banho, a pele deve ser seca com suavidade, sem friccionar.<\/p><p>A National Eczema Society (Reino Unido) recomenda a utiliza\u00e7\u00e3o generosa de emolientes, sugerindo at\u00e9 250-500g por semana em crian\u00e7as com <b>eczema extenso<\/b>. A escolha do emoliente deve ser adaptada \u00e0s prefer\u00eancias da crian\u00e7a e da fam\u00edlia, pois a ades\u00e3o \u00e9 t\u00e3o importante quanto o produto escolhido.<\/p><h2><strong>Tratamento das Crises<\/strong><\/h2><p>Quando surgem crises (vermelhid\u00e3o, comich\u00e3o intensa, ves\u00edculas), o m\u00e9dico pode prescrever corticosteroides t\u00f3picos. \u00c9 essencial que os pais compreendam que estes medicamentos s\u00e3o seguros quando utilizados corretamente, na pot\u00eancia adequada e durante o per\u00edodo indicado. O medo injustificado dos corticosteroides \u2014 a chamada &#8220;corticofobia&#8221; \u2014 \u00e9 uma das principais causas de subtratamento, como alertam a SPDV e a European Task Force on Atopic Dermatitis (ETFAD).<\/p><p>Para zonas delicadas como a face e as pregas, podem ser utilizados inibidores da calcineurina t\u00f3picos (tacrol\u00edmus, pimecrol\u00edmus). A t\u00e9cnica de &#8220;wet wrapping&#8221; (pensos h\u00famidos) pode ser \u00fatil em crises intensas, sob orienta\u00e7\u00e3o m\u00e9dica.<\/p><h2><strong>Alimenta\u00e7\u00e3o e Eczema: Esclarecer Mitos<\/strong><\/h2><p>A rela\u00e7\u00e3o entre alimenta\u00e7\u00e3o e eczema gera muitas d\u00favidas. Embora as alergias alimentares possam coexistir com o <b>eczema<\/b> (sobretudo ao leite de vaca, ovo e frutos secos), a elimina\u00e7\u00e3o de alimentos sem confirma\u00e7\u00e3o diagn\u00f3stica n\u00e3o \u00e9 recomendada e pode ser prejudicial para o crescimento. A European Academy of Allergy and Clinical Immunology (EAACI) recomenda dietas de elimina\u00e7\u00e3o apenas sob orienta\u00e7\u00e3o m\u00e9dica, ap\u00f3s testes al\u00e9rgicos e prova de provoca\u00e7\u00e3o oral quando indicada.<\/p><p>A diversifica\u00e7\u00e3o alimentar precoce e variada (a partir dos 4-6 meses) pode, na verdade, ter um efeito protetor contra o desenvolvimento de alergias alimentares, segundo estudos como o LEAP (Learning Early About Peanut) e o EAT (Enquiring About Tolerance).<\/p><h2><strong>Dicas Pr\u00e1ticas para o Dia a Dia<\/strong><\/h2><p>Para minimizar as crises: manter as unhas da crian\u00e7a curtas, vestir roupa de algod\u00e3o, manter a temperatura do quarto fresca e est\u00e1vel, usar detergente hipoal\u00e9rgico sem amaciador, e evitar a exposi\u00e7\u00e3o ao fumo de tabaco. A pr\u00e1tica de atividade f\u00edsica \u00e9 encorajada \u2014 deve-se aplicar emoliente antes e tomar duche imediatamente ap\u00f3s o exerc\u00edcio.<\/p><p>O apoio emocional da crian\u00e7a \u00e9 igualmente importante. A comich\u00e3o e a apar\u00eancia das les\u00f5es podem afetar a autoestima e o bem-estar psicol\u00f3gico, particularmente em idade escolar. Falar abertamente sobre a doen\u00e7a com professores e colegas pode ajudar a crian\u00e7a a sentir-se mais confort\u00e1vel e apoiada.<\/p><p><em>Na <strong>M\u00e9dico na Net<\/strong>, a <b>equipa pedi\u00e1trica<\/b> avalia e acompanha crian\u00e7as com\u00a0<a href=\"https:\/\/staging.mediconanet.pt\/produto\/eczema\/?slug_pagina_visitada=eczema\"><b>eczema<\/b><\/a>,\u00a0orienta os pais sobre cuidados da pele, prescreve tratamento adequado e referencia para dermatologia pedi\u00e1trica ou imunoalergologia quando necess\u00e1rio.<\/em><\/p>\t\t\t\t\t\t\t\t<\/div>\n\t\t\t\t<div class=\"elementor-element elementor-element-375973d elementor-widget elementor-widget-image\" data-id=\"375973d\" data-element_type=\"widget\" data-e-type=\"widget\" data-widget_type=\"image.default\">\n\t\t\t\t\t\t\t\t\t\t\t\t\t\t\t<img decoding=\"async\" src=\"https:\/\/staging.mediconanet.pt\/wp-content\/uploads\/2026\/03\/Imagem-para-Redes-Sociais-a-Rosa-sobre-Descontos-de-Primavera-30.jpg\" title=\"Consulta Online de Dermatologia no Conforto de Casa\" alt=\"Mulher em casa a realizar consulta m\u00e9dica por v\u00eddeo no port\u00e1til para avalia\u00e7\u00e3o de eczema com m\u00e9dico dermatologista.\" loading=\"lazy\" \/>\t\t\t\t\t\t\t\t\t\t\t\t\t\t\t<\/div>\n\t\t\t\t\t<\/div>\n\t\t\t\t<\/div>\n\t\t<div class=\"elementor-element elementor-element-1545e08 e-flex e-con-boxed e-con e-parent\" data-id=\"1545e08\" data-element_type=\"container\" data-e-type=\"container\">\n\t\t\t\t\t<div class=\"e-con-inner\">\n\t\t<div class=\"elementor-element elementor-element-9ad30cf e-con-full e-flex e-con e-child\" data-id=\"9ad30cf\" data-element_type=\"container\" data-e-type=\"container\">\n\t\t<div class=\"elementor-element elementor-element-66e4f21 e-con-full e-flex e-con e-child\" data-id=\"66e4f21\" data-element_type=\"container\" data-e-type=\"container\">\n\t\t\t\t<div class=\"elementor-element elementor-element-c44ae3e elementor-widget elementor-widget-heading\" data-id=\"c44ae3e\" data-element_type=\"widget\" data-e-type=\"widget\" data-widget_type=\"heading.default\">\n\t\t\t\t\t<h2 class=\"elementor-heading-title elementor-size-default\">Perguntas frequentes (FAQ)<\/h2>\t\t\t\t<\/div>\n\t\t\t\t<div class=\"elementor-element elementor-element-439b5c3 elementor-widget elementor-widget-n-accordion\" data-id=\"439b5c3\" data-element_type=\"widget\" data-e-type=\"widget\" data-settings=\"{&quot;default_state&quot;:&quot;all_collapsed&quot;,&quot;max_items_expended&quot;:&quot;one&quot;,&quot;n_accordion_animation_duration&quot;:{&quot;unit&quot;:&quot;ms&quot;,&quot;size&quot;:400,&quot;sizes&quot;:[]}}\" data-widget_type=\"nested-accordion.default\">\n\t\t\t\t\t\t\t<div class=\"e-n-accordion\" aria-label=\"Accordion. Open links with Enter or Space, close with Escape, and navigate with Arrow Keys\">\n\t\t\t\t\t\t<details id=\"e-n-accordion-item-7080\" class=\"e-n-accordion-item\" >\n\t\t\t\t<summary class=\"e-n-accordion-item-title\" data-accordion-index=\"1\" tabindex=\"0\" aria-expanded=\"false\" aria-controls=\"e-n-accordion-item-7080\" >\n\t\t\t\t\t<span class='e-n-accordion-item-title-header'><div class=\"e-n-accordion-item-title-text\"> Que emoliente devo usar no meu filho? <\/div><\/span>\n\t\t\t\t\t\t\t<span class='e-n-accordion-item-title-icon'>\n\t\t\t<span class='e-opened' ><svg aria-hidden=\"true\" class=\"e-font-icon-svg e-fas-minus\" viewBox=\"0 0 448 512\" xmlns=\"http:\/\/www.w3.org\/2000\/svg\"><path d=\"M416 208H32c-17.67 0-32 14.33-32 32v32c0 17.67 14.33 32 32 32h384c17.67 0 32-14.33 32-32v-32c0-17.67-14.33-32-32-32z\"><\/path><\/svg><\/span>\n\t\t\t<span class='e-closed'><svg aria-hidden=\"true\" class=\"e-font-icon-svg e-fas-plus\" viewBox=\"0 0 448 512\" xmlns=\"http:\/\/www.w3.org\/2000\/svg\"><path d=\"M416 208H272V64c0-17.67-14.33-32-32-32h-32c-17.67 0-32 14.33-32 32v144H32c-17.67 0-32 14.33-32 32v32c0 17.67 14.33 32 32 32h144v144c0 17.67 14.33 32 32 32h32c17.67 0 32-14.33 32-32V304h144c17.67 0 32-14.33 32-32v-32c0-17.67-14.33-32-32-32z\"><\/path><\/svg><\/span>\n\t\t<\/span>\n\n\t\t\t\t\t\t<\/summary>\n\t\t\t\t<div role=\"region\" aria-labelledby=\"e-n-accordion-item-7080\" class=\"elementor-element elementor-element-d801294 e-con-full e-flex e-con e-child\" data-id=\"d801294\" data-element_type=\"container\" data-e-type=\"container\">\n\t\t<div role=\"region\" aria-labelledby=\"e-n-accordion-item-7080\" class=\"elementor-element elementor-element-67dd609 e-flex e-con-boxed e-con e-child\" data-id=\"67dd609\" data-element_type=\"container\" data-e-type=\"container\">\n\t\t\t\t\t<div class=\"e-con-inner\">\n\t\t\t\t<div class=\"elementor-element elementor-element-2204be5 elementor-widget elementor-widget-text-editor\" data-id=\"2204be5\" data-element_type=\"widget\" data-e-type=\"widget\" data-widget_type=\"text-editor.default\">\n\t\t\t\t\t\t\t\t\t<p>O melhor emoliente \u00e9 aquele que a crian\u00e7a aceita e que os pais conseguem aplicar regularmente. Deve ser sem fragr\u00e2ncia e sem corantes. Cremes mais espessos ou pomadas s\u00e3o geralmente mais eficazes do que lo\u00e7\u00f5es. Pe\u00e7a orienta\u00e7\u00e3o ao pediatra ou dermatologista.<\/p>\t\t\t\t\t\t\t\t<\/div>\n\t\t\t\t\t<\/div>\n\t\t\t\t<\/div>\n\t\t\t\t<\/div>\n\t\t\t\t\t<\/details>\n\t\t\t\t\t\t<details id=\"e-n-accordion-item-7081\" class=\"e-n-accordion-item\" >\n\t\t\t\t<summary class=\"e-n-accordion-item-title\" data-accordion-index=\"2\" tabindex=\"-1\" aria-expanded=\"false\" aria-controls=\"e-n-accordion-item-7081\" >\n\t\t\t\t\t<span class='e-n-accordion-item-title-header'><div class=\"e-n-accordion-item-title-text\"> O eczema do meu filho pode ser causado por alergia alimentar? <\/div><\/span>\n\t\t\t\t\t\t\t<span class='e-n-accordion-item-title-icon'>\n\t\t\t<span class='e-opened' ><svg aria-hidden=\"true\" class=\"e-font-icon-svg e-fas-minus\" viewBox=\"0 0 448 512\" xmlns=\"http:\/\/www.w3.org\/2000\/svg\"><path d=\"M416 208H32c-17.67 0-32 14.33-32 32v32c0 17.67 14.33 32 32 32h384c17.67 0 32-14.33 32-32v-32c0-17.67-14.33-32-32-32z\"><\/path><\/svg><\/span>\n\t\t\t<span class='e-closed'><svg aria-hidden=\"true\" class=\"e-font-icon-svg e-fas-plus\" viewBox=\"0 0 448 512\" xmlns=\"http:\/\/www.w3.org\/2000\/svg\"><path d=\"M416 208H272V64c0-17.67-14.33-32-32-32h-32c-17.67 0-32 14.33-32 32v144H32c-17.67 0-32 14.33-32 32v32c0 17.67 14.33 32 32 32h144v144c0 17.67 14.33 32 32 32h32c17.67 0 32-14.33 32-32V304h144c17.67 0 32-14.33 32-32v-32c0-17.67-14.33-32-32-32z\"><\/path><\/svg><\/span>\n\t\t<\/span>\n\n\t\t\t\t\t\t<\/summary>\n\t\t\t\t<div role=\"region\" aria-labelledby=\"e-n-accordion-item-7081\" class=\"elementor-element elementor-element-f07e3ff e-con-full e-flex e-con e-child\" data-id=\"f07e3ff\" data-element_type=\"container\" data-e-type=\"container\">\n\t\t<div role=\"region\" aria-labelledby=\"e-n-accordion-item-7081\" class=\"elementor-element elementor-element-ba0d7df e-flex e-con-boxed e-con e-child\" data-id=\"ba0d7df\" data-element_type=\"container\" data-e-type=\"container\">\n\t\t\t\t\t<div class=\"e-con-inner\">\n\t\t\t\t<div class=\"elementor-element elementor-element-bd0918d elementor-widget elementor-widget-text-editor\" data-id=\"bd0918d\" data-element_type=\"widget\" data-e-type=\"widget\" data-widget_type=\"text-editor.default\">\n\t\t\t\t\t\t\t\t\t<p>\u00c9 poss\u00edvel, mas a alergia alimentar \u00e9 causa de <b>eczema <\/b>em apenas uma minoria dos casos. Nunca elimine alimentos por conta pr\u00f3pria \u2014 solicite avalia\u00e7\u00e3o m\u00e9dica com testes al\u00e9rgicos antes de alterar a dieta.<\/p>\t\t\t\t\t\t\t\t<\/div>\n\t\t\t\t\t<\/div>\n\t\t\t\t<\/div>\n\t\t\t\t<\/div>\n\t\t\t\t\t<\/details>\n\t\t\t\t\t\t<details id=\"e-n-accordion-item-7082\" class=\"e-n-accordion-item\" >\n\t\t\t\t<summary class=\"e-n-accordion-item-title\" data-accordion-index=\"3\" tabindex=\"-1\" aria-expanded=\"false\" aria-controls=\"e-n-accordion-item-7082\" >\n\t\t\t\t\t<span class='e-n-accordion-item-title-header'><div class=\"e-n-accordion-item-title-text\"> Posso usar creme com cortisona na cara do meu filho? <\/div><\/span>\n\t\t\t\t\t\t\t<span class='e-n-accordion-item-title-icon'>\n\t\t\t<span class='e-opened' ><svg aria-hidden=\"true\" class=\"e-font-icon-svg e-fas-minus\" viewBox=\"0 0 448 512\" xmlns=\"http:\/\/www.w3.org\/2000\/svg\"><path d=\"M416 208H32c-17.67 0-32 14.33-32 32v32c0 17.67 14.33 32 32 32h384c17.67 0 32-14.33 32-32v-32c0-17.67-14.33-32-32-32z\"><\/path><\/svg><\/span>\n\t\t\t<span class='e-closed'><svg aria-hidden=\"true\" class=\"e-font-icon-svg e-fas-plus\" viewBox=\"0 0 448 512\" xmlns=\"http:\/\/www.w3.org\/2000\/svg\"><path d=\"M416 208H272V64c0-17.67-14.33-32-32-32h-32c-17.67 0-32 14.33-32 32v144H32c-17.67 0-32 14.33-32 32v32c0 17.67 14.33 32 32 32h144v144c0 17.67 14.33 32 32 32h32c17.67 0 32-14.33 32-32V304h144c17.67 0 32-14.33 32-32v-32c0-17.67-14.33-32-32-32z\"><\/path><\/svg><\/span>\n\t\t<\/span>\n\n\t\t\t\t\t\t<\/summary>\n\t\t\t\t<div role=\"region\" aria-labelledby=\"e-n-accordion-item-7082\" class=\"elementor-element elementor-element-1948aa2 e-con-full e-flex e-con e-child\" data-id=\"1948aa2\" data-element_type=\"container\" data-e-type=\"container\">\n\t\t<div role=\"region\" aria-labelledby=\"e-n-accordion-item-7082\" class=\"elementor-element elementor-element-44203e4 e-flex e-con-boxed e-con e-child\" data-id=\"44203e4\" data-element_type=\"container\" data-e-type=\"container\">\n\t\t\t\t\t<div class=\"e-con-inner\">\n\t\t\t\t<div class=\"elementor-element elementor-element-90363e4 elementor-widget elementor-widget-text-editor\" data-id=\"90363e4\" data-element_type=\"widget\" data-e-type=\"widget\" data-widget_type=\"text-editor.default\">\n\t\t\t\t\t\t\t\t\t<p>Sim, mas devem ser utilizados corticosteroides de baixa pot\u00eancia e por per\u00edodos curtos. Os inibidores da calcineurina (tacrol\u00edmus, pimecrol\u00edmus) s\u00e3o uma boa alternativa para a face e pregas. Siga sempre a orienta\u00e7\u00e3o m\u00e9dica.<\/p>\t\t\t\t\t\t\t\t<\/div>\n\t\t\t\t\t<\/div>\n\t\t\t\t<\/div>\n\t\t\t\t<\/div>\n\t\t\t\t\t<\/details>\n\t\t\t\t\t\t<details id=\"e-n-accordion-item-7083\" class=\"e-n-accordion-item\" >\n\t\t\t\t<summary class=\"e-n-accordion-item-title\" data-accordion-index=\"4\" tabindex=\"-1\" aria-expanded=\"false\" aria-controls=\"e-n-accordion-item-7083\" >\n\t\t\t\t\t<span class='e-n-accordion-item-title-header'><div class=\"e-n-accordion-item-title-text\"> O meu filho pode ir \u00e0 piscina? <\/div><\/span>\n\t\t\t\t\t\t\t<span class='e-n-accordion-item-title-icon'>\n\t\t\t<span class='e-opened' ><svg aria-hidden=\"true\" class=\"e-font-icon-svg e-fas-minus\" viewBox=\"0 0 448 512\" xmlns=\"http:\/\/www.w3.org\/2000\/svg\"><path d=\"M416 208H32c-17.67 0-32 14.33-32 32v32c0 17.67 14.33 32 32 32h384c17.67 0 32-14.33 32-32v-32c0-17.67-14.33-32-32-32z\"><\/path><\/svg><\/span>\n\t\t\t<span class='e-closed'><svg aria-hidden=\"true\" class=\"e-font-icon-svg e-fas-plus\" viewBox=\"0 0 448 512\" xmlns=\"http:\/\/www.w3.org\/2000\/svg\"><path d=\"M416 208H272V64c0-17.67-14.33-32-32-32h-32c-17.67 0-32 14.33-32 32v144H32c-17.67 0-32 14.33-32 32v32c0 17.67 14.33 32 32 32h144v144c0 17.67 14.33 32 32 32h32c17.67 0 32-14.33 32-32V304h144c17.67 0 32-14.33 32-32v-32c0-17.67-14.33-32-32-32z\"><\/path><\/svg><\/span>\n\t\t<\/span>\n\n\t\t\t\t\t\t<\/summary>\n\t\t\t\t<div role=\"region\" aria-labelledby=\"e-n-accordion-item-7083\" class=\"elementor-element elementor-element-e6b82d0 e-con-full e-flex e-con e-child\" data-id=\"e6b82d0\" data-element_type=\"container\" data-e-type=\"container\">\n\t\t<div role=\"region\" aria-labelledby=\"e-n-accordion-item-7083\" class=\"elementor-element elementor-element-ff98332 e-flex e-con-boxed e-con e-child\" data-id=\"ff98332\" data-element_type=\"container\" data-e-type=\"container\">\n\t\t\t\t\t<div class=\"e-con-inner\">\n\t\t\t\t<div class=\"elementor-element elementor-element-b745fb3 elementor-widget elementor-widget-text-editor\" data-id=\"b745fb3\" data-element_type=\"widget\" data-e-type=\"widget\" data-widget_type=\"text-editor.default\">\n\t\t\t\t\t\t\t\t\t<p>Sim, desde que aplique uma camada generosa de emoliente antes de entrar na \u00e1gua e tome duche imediatamente depois, reaplicando emoliente. O cloro pode irritar a pele, mas a nata\u00e7\u00e3o \u00e9 ben\u00e9fica para a sa\u00fade global.<\/p>\t\t\t\t\t\t\t\t<\/div>\n\t\t\t\t\t<\/div>\n\t\t\t\t<\/div>\n\t\t\t\t<\/div>\n\t\t\t\t\t<\/details>\n\t\t\t\t\t\t<details id=\"e-n-accordion-item-7084\" class=\"e-n-accordion-item\" >\n\t\t\t\t<summary class=\"e-n-accordion-item-title\" data-accordion-index=\"5\" tabindex=\"-1\" aria-expanded=\"false\" aria-controls=\"e-n-accordion-item-7084\" >\n\t\t\t\t\t<span class='e-n-accordion-item-title-header'><div class=\"e-n-accordion-item-title-text\"> Quando devo levar o meu filho ao dermatologista? <\/div><\/span>\n\t\t\t\t\t\t\t<span class='e-n-accordion-item-title-icon'>\n\t\t\t<span class='e-opened' ><svg aria-hidden=\"true\" class=\"e-font-icon-svg e-fas-minus\" viewBox=\"0 0 448 512\" xmlns=\"http:\/\/www.w3.org\/2000\/svg\"><path d=\"M416 208H32c-17.67 0-32 14.33-32 32v32c0 17.67 14.33 32 32 32h384c17.67 0 32-14.33 32-32v-32c0-17.67-14.33-32-32-32z\"><\/path><\/svg><\/span>\n\t\t\t<span class='e-closed'><svg aria-hidden=\"true\" class=\"e-font-icon-svg e-fas-plus\" viewBox=\"0 0 448 512\" xmlns=\"http:\/\/www.w3.org\/2000\/svg\"><path d=\"M416 208H272V64c0-17.67-14.33-32-32-32h-32c-17.67 0-32 14.33-32 32v144H32c-17.67 0-32 14.33-32 32v32c0 17.67 14.33 32 32 32h144v144c0 17.67 14.33 32 32 32h32c17.67 0 32-14.33 32-32V304h144c17.67 0 32-14.33 32-32v-32c0-17.67-14.33-32-32-32z\"><\/path><\/svg><\/span>\n\t\t<\/span>\n\n\t\t\t\t\t\t<\/summary>\n\t\t\t\t<div role=\"region\" aria-labelledby=\"e-n-accordion-item-7084\" class=\"elementor-element elementor-element-7547615 e-con-full e-flex e-con e-child\" data-id=\"7547615\" data-element_type=\"container\" data-e-type=\"container\">\n\t\t<div role=\"region\" aria-labelledby=\"e-n-accordion-item-7084\" class=\"elementor-element elementor-element-8c9a957 e-flex e-con-boxed e-con e-child\" data-id=\"8c9a957\" data-element_type=\"container\" data-e-type=\"container\">\n\t\t\t\t\t<div class=\"e-con-inner\">\n\t\t\t\t<div class=\"elementor-element elementor-element-2f07efa elementor-widget elementor-widget-text-editor\" data-id=\"2f07efa\" data-element_type=\"widget\" data-e-type=\"widget\" data-widget_type=\"text-editor.default\">\n\t\t\t\t\t\t\t\t\t<p>Deve procurar avalia\u00e7\u00e3o dermatol\u00f3gica se o eczema for extenso, n\u00e3o melhorar com os cuidados habituais, perturbar significativamente o sono, ou se houver sinais de infe\u00e7\u00e3o cut\u00e2nea (crosta amarelada, exsuda\u00e7\u00e3o, agravamento r\u00e1pido).<\/p>\t\t\t\t\t\t\t\t<\/div>\n\t\t\t\t\t<\/div>\n\t\t\t\t<\/div>\n\t\t\t\t<\/div>\n\t\t\t\t\t<\/details>\n\t\t\t\t\t<\/div>\n\t\t\t\t\t<script type=\"application\/ld+json\">{\"@context\":\"https:\\\/\\\/schema.org\",\"@type\":\"FAQPage\",\"mainEntity\":[{\"@type\":\"Question\",\"name\":\"Que emoliente devo usar no meu filho?\",\"acceptedAnswer\":{\"@type\":\"Answer\",\"text\":\"O melhor emoliente \\u00e9 aquele que a crian\\u00e7a aceita e que os pais conseguem aplicar regularmente. Deve ser sem fragr\\u00e2ncia e sem corantes. Cremes mais espessos ou pomadas s\\u00e3o geralmente mais eficazes do que lo\\u00e7\\u00f5es. Pe\\u00e7a orienta\\u00e7\\u00e3o ao pediatra ou dermatologista.\"}},{\"@type\":\"Question\",\"name\":\"O eczema do meu filho pode ser causado por alergia alimentar?\",\"acceptedAnswer\":{\"@type\":\"Answer\",\"text\":\"\\u00c9 poss\\u00edvel, mas a alergia alimentar \\u00e9 causa de eczema em apenas uma minoria dos casos. Nunca elimine alimentos por conta pr\\u00f3pria \\u2014 solicite avalia\\u00e7\\u00e3o m\\u00e9dica com testes al\\u00e9rgicos antes de alterar a dieta.\"}},{\"@type\":\"Question\",\"name\":\"Posso usar creme com cortisona na cara do meu filho?\",\"acceptedAnswer\":{\"@type\":\"Answer\",\"text\":\"Sim, mas devem ser utilizados corticosteroides de baixa pot\\u00eancia e por per\\u00edodos curtos. Os inibidores da calcineurina (tacrol\\u00edmus, pimecrol\\u00edmus) s\\u00e3o uma boa alternativa para a face e pregas. Siga sempre a orienta\\u00e7\\u00e3o m\\u00e9dica.\"}},{\"@type\":\"Question\",\"name\":\"O meu filho pode ir \\u00e0 piscina?\",\"acceptedAnswer\":{\"@type\":\"Answer\",\"text\":\"Sim, desde que aplique uma camada generosa de emoliente antes de entrar na \\u00e1gua e tome duche imediatamente depois, reaplicando emoliente. O cloro pode irritar a pele, mas a nata\\u00e7\\u00e3o \\u00e9 ben\\u00e9fica para a sa\\u00fade global.\"}},{\"@type\":\"Question\",\"name\":\"Quando devo levar o meu filho ao dermatologista?\",\"acceptedAnswer\":{\"@type\":\"Answer\",\"text\":\"Deve procurar avalia\\u00e7\\u00e3o dermatol\\u00f3gica se o eczema for extenso, n\\u00e3o melhorar com os cuidados habituais, perturbar significativamente o sono, ou se houver sinais de infe\\u00e7\\u00e3o cut\\u00e2nea (crosta amarelada, exsuda\\u00e7\\u00e3o, agravamento r\\u00e1pido).\"}}]}<\/script>\n\t\t\t\t\t\t\t<\/div>\n\t\t\t\t<\/div>\n\t\t\t\t<\/div>\n\t\t\t\t\t<\/div>\n\t\t\t\t<\/div>\n\t\t<div class=\"elementor-element elementor-element-02d7fba e-flex e-con-boxed e-con e-parent\" data-id=\"02d7fba\" data-element_type=\"container\" data-e-type=\"container\">\n\t\t\t\t\t<div class=\"e-con-inner\">\n\t\t\t\t<div class=\"elementor-element elementor-element-ca91313 elementor-widget elementor-widget-text-editor\" data-id=\"ca91313\" data-element_type=\"widget\" data-e-type=\"widget\" data-widget_type=\"text-editor.default\">\n\t\t\t\t\t\t\t\t\t<h2><strong>Conclus\u00e3o<\/strong><\/h2><p>O <b>eczema infantil<\/b> \u00e9 uma condi\u00e7\u00e3o frequente e geralmente control\u00e1vel com cuidados de pele adequados, tratamento correto das crises e identifica\u00e7\u00e3o dos fatores agravantes. Os pais desempenham um papel central na gest\u00e3o di\u00e1ria da doen\u00e7a. Com acompanhamento m\u00e9dico regular e informa\u00e7\u00e3o de qualidade, \u00e9 poss\u00edvel minimizar o impacto do <b>eczema <\/b>na vida da crian\u00e7a e da fam\u00edlia.<\/p><h2><strong>Refer\u00eancias<\/strong><\/h2><p><a href=\"https:\/\/www.spp.pt\/\" target=\"_blank\" rel=\"dofollow noopener\">Sociedade Portuguesa de Pediatria (SPP). Consenso sobre Dermatite At\u00f3pica na Crian\u00e7a<\/a><\/p><p><a href=\"https:\/\/www.spdv.pt\/\" target=\"_blank\" rel=\"dofollow noopener\">Sociedade Portuguesa de Dermatologia e Venereologia (SPDV). Recomenda\u00e7\u00f5es para Eczema At\u00f3pico Pedi\u00e1trico<\/a><\/p><p><a href=\"https:\/\/eczema.org\/\" target=\"_blank\" rel=\"dofollow noopener\">National Eczema Society (UK). Emollients for eczema<\/a><\/p><p><a href=\"https:\/\/www.etfad.org\/\" target=\"_blank\" rel=\"dofollow noopener\">European Task Force on Atopic Dermatitis (ETFAD). Position paper on topical corticosteroids<\/a><\/p><p><a href=\"https:\/\/www.eaaci.org\/\" target=\"_blank\" rel=\"dofollow noopener\">European Academy of Allergy and Clinical Immunology (EAACI). Food allergy and atopic dermatitis guidelines<\/a><\/p><p><a href=\"https:\/\/www.nejm.org\/\" target=\"_blank\" rel=\"dofollow noopener\">Du Toit G, et al. LEAP Study \u2014 Peanut allergy prevention<\/a><\/p>\t\t\t\t\t\t\t\t<\/div>\n\t\t\t\t\t<\/div>\n\t\t\t\t<\/div>\n\t\t\t\t<\/div>\n\t\t","protected":false},"excerpt":{"rendered":"<p>Introdu\u00e7\u00e3o O eczema \u00e9 a doen\u00e7a de pele cr\u00f3nica mais comum na inf\u00e2ncia, afetando at\u00e9 uma em cada cinco crian\u00e7as em Portugal. O in\u00edcio ocorre frequentemente nos primeiros meses de vida, causando grande preocupa\u00e7\u00e3o nos pais. A Sociedade Portuguesa de Pediatria (SPP) sublinha que, com os cuidados adequados, a maioria das crian\u00e7as consegue ter a [&hellip;]<\/p>\n","protected":false},"author":13102,"featured_media":59789,"comment_status":"closed","ping_status":"closed","sticky":false,"template":"","format":"standard","meta":{"_jetpack_memberships_contains_paid_content":false,"footnotes":""},"categories":[250,257],"tags":[],"class_list":["post-59715","post","type-post","status-publish","format-standard","has-post-thumbnail","hentry","category-dermatologia","category-pediatria"],"jetpack_featured_media_url":"https:\/\/staging.mediconanet.pt\/wp-content\/uploads\/2026\/03\/Imagem-para-Redes-Sociais-a-Rosa-sobre-Descontos-de-Primavera-31.jpg","jetpack_sharing_enabled":true,"_links":{"self":[{"href":"https:\/\/staging.mediconanet.pt\/en\/wp-json\/wp\/v2\/posts\/59715","targetHints":{"allow":["GET"]}}],"collection":[{"href":"https:\/\/staging.mediconanet.pt\/en\/wp-json\/wp\/v2\/posts"}],"about":[{"href":"https:\/\/staging.mediconanet.pt\/en\/wp-json\/wp\/v2\/types\/post"}],"author":[{"embeddable":true,"href":"https:\/\/staging.mediconanet.pt\/en\/wp-json\/wp\/v2\/users\/13102"}],"replies":[{"embeddable":true,"href":"https:\/\/staging.mediconanet.pt\/en\/wp-json\/wp\/v2\/comments?post=59715"}],"version-history":[{"count":13,"href":"https:\/\/staging.mediconanet.pt\/en\/wp-json\/wp\/v2\/posts\/59715\/revisions"}],"predecessor-version":[{"id":60035,"href":"https:\/\/staging.mediconanet.pt\/en\/wp-json\/wp\/v2\/posts\/59715\/revisions\/60035"}],"wp:featuredmedia":[{"embeddable":true,"href":"https:\/\/staging.mediconanet.pt\/en\/wp-json\/wp\/v2\/media\/59789"}],"wp:attachment":[{"href":"https:\/\/staging.mediconanet.pt\/en\/wp-json\/wp\/v2\/media?parent=59715"}],"wp:term":[{"taxonomy":"category","embeddable":true,"href":"https:\/\/staging.mediconanet.pt\/en\/wp-json\/wp\/v2\/categories?post=59715"},{"taxonomy":"post_tag","embeddable":true,"href":"https:\/\/staging.mediconanet.pt\/en\/wp-json\/wp\/v2\/tags?post=59715"}],"curies":[{"name":"wp","href":"https:\/\/api.w.org\/{rel}","templated":true}]}}