{"id":59704,"date":"2026-03-30T16:42:13","date_gmt":"2026-03-30T15:42:13","guid":{"rendered":"https:\/\/www.mediconanet.pt\/?p=59704"},"modified":"2026-04-01T16:31:35","modified_gmt":"2026-04-01T15:31:35","slug":"eczema-atopico-causas-sintomas-tratamento","status":"publish","type":"post","link":"https:\/\/staging.mediconanet.pt\/en\/eczema-atopico-causas-sintomas-tratamento\/","title":{"rendered":"Eczema At\u00f3pico: Causas, Sintomas e Tratamento"},"content":{"rendered":"\t\t<div data-elementor-type=\"wp-post\" data-elementor-id=\"59704\" class=\"elementor elementor-59704\" data-elementor-post-type=\"post\">\n\t\t\t\t<div class=\"elementor-element elementor-element-570cfe3 e-flex e-con-boxed e-con e-parent\" data-id=\"570cfe3\" data-element_type=\"container\" data-e-type=\"container\">\n\t\t\t\t\t<div class=\"e-con-inner\">\n\t\t\t\t<div class=\"elementor-element elementor-element-1761780 elementor-widget elementor-widget-text-editor\" data-id=\"1761780\" data-element_type=\"widget\" data-e-type=\"widget\" data-widget_type=\"text-editor.default\">\n\t\t\t\t\t\t\t\t\t<h2><strong>Introdu\u00e7\u00e3o<\/strong><\/h2><p><b>O eczema at\u00f3pico<\/b>, tamb\u00e9m designado dermatite at\u00f3pica, \u00e9 uma doen\u00e7a inflamat\u00f3ria cr\u00f3nica da pele que afeta 15 a 20% das crian\u00e7as e 2 a 5% dos adultos em Portugal, segundo a Sociedade Portuguesa de Dermatologia e Venereologia (SPDV). Caracteriza-se por pele seca, comich\u00e3o intensa e erup\u00e7\u00f5es cut\u00e2neas recorrentes, com um impacto significativo na qualidade de vida dos doentes e das suas fam\u00edlias.<\/p><p>O eczema at\u00f3pico \u00e9 uma doen\u00e7a de origem multifatorial, resultante da intera\u00e7\u00e3o entre fatores gen\u00e9ticos, imunol\u00f3gicos e ambientais. A altera\u00e7\u00e3o da barreira cut\u00e2nea, nomeadamente por muta\u00e7\u00f5es no gene da filagrina, desempenha um papel central na fisiopatologia da doen\u00e7a. A European Academy of Dermatology and Venereology (EADV) classifica-o como uma das doen\u00e7as cut\u00e2neas com maior carga de doen\u00e7a a n\u00edvel global, associando-se frequentemente a outras doen\u00e7as at\u00f3picas como a asma e a rinite al\u00e9rgica \u2014 a chamada &#8220;marcha at\u00f3pica&#8221;.<\/p><h2><strong>Sintomas e Apresenta\u00e7\u00e3o por Idade<\/strong><\/h2><p>Os sintomas variam conforme a idade. Nos beb\u00e9s, as les\u00f5es surgem tipicamente na face e no couro cabeludo. Nas crian\u00e7as mais velhas e adultos, as zonas mais afetadas s\u00e3o as pregas dos cotovelos e joelhos, o pesco\u00e7o e as m\u00e3os. A pele apresenta-se seca, vermelha, com ves\u00edculas e descama\u00e7\u00e3o nas fases agudas, e espessada (liquenificada) nas fases cr\u00f3nicas.<\/p><p>A comich\u00e3o \u00e9 o sintoma cardinal e pode ser extremamente perturbadora, interferindo com o sono, a concentra\u00e7\u00e3o e o desempenho di\u00e1rio. Segundo o British Journal of Dermatology, at\u00e9 60% das crian\u00e7as com <b>eczema at\u00f3pico<\/b> moderado a grave apresentam perturba\u00e7\u00f5es significativas do sono, com impacto no rendimento escolar e no bem-estar familiar.<\/p><h2><strong>Fatores Desencadeantes<\/strong><\/h2><p>Diversos fatores podem desencadear ou agravar as crises: al\u00e9rgenos ambientais (\u00e1caros, p\u00f3lenes, pelos de animais), irritantes (detergentes, sab\u00f5es, l\u00e3), stress emocional, altera\u00e7\u00f5es clim\u00e1ticas (frio e baixa humidade), infe\u00e7\u00f5es cut\u00e2neas e suda\u00e7\u00e3o excessiva. A identifica\u00e7\u00e3o e evic\u00e7\u00e3o dos fatores desencadeantes individuais \u00e9 uma componente essencial do plano terap\u00eautico.<\/p><p>A Sociedade Portuguesa de Alergologia e Imunologia Cl\u00ednica (SPAIC) recomenda a realiza\u00e7\u00e3o de testes al\u00e9rgicos em doentes com eczema\u00a0a grave para identificar al\u00e9rgenos agravantes, embora a alergia nem sempre seja a causa principal das crises.<\/p><h2><strong>Tratamento: Da Hidrata\u00e7\u00e3o \u00e0 Terap\u00eautica Biol\u00f3gica<\/strong><\/h2><p>O tratamento \u00e9 escalonado conforme a gravidade. A base \u00e9 a hidrata\u00e7\u00e3o regular com emolientes, aplicados pelo menos duas vezes por dia, mesmo nas fases de remiss\u00e3o. Nas crises, utilizam-se corticosteroides t\u00f3picos de pot\u00eancia adaptada \u00e0 localiza\u00e7\u00e3o e gravidade. Os inibidores da calcineurina t\u00f3picos (tacrol\u00edmus, pimecrol\u00edmus) s\u00e3o alternativas para zonas sens\u00edveis como a face e pregas.<\/p><p>Para os casos moderados a graves que n\u00e3o respondem ao tratamento convencional, est\u00e3o dispon\u00edveis terap\u00eauticas sist\u00e9micas: a fototerapia com UVB de banda estreita, a ciclosporina, e os biol\u00f3gicos como o dupilumab (anticorpo monoclonal anti-IL-4\/IL-13), aprovado pela European Medicines Agency (EMA) e pelo INFARMED para adultos e crian\u00e7as a partir dos 6 meses. Os inibidores de JAK (baricitinib, upadacitinib, abrocitinib) representam a mais recente classe terap\u00eautica aprovada.<\/p><h2><strong>Viver com Eczema At\u00f3pico<\/strong><\/h2><p>A gest\u00e3o do <a href=\"https:\/\/staging.mediconanet.pt\/produto\/eczema\/?slug_pagina_visitada=eczema\"><b>eczema at\u00f3pico<\/b><\/a> vai al\u00e9m da medica\u00e7\u00e3o. A educa\u00e7\u00e3o terap\u00eautica do doente e da fam\u00edlia, o suporte psicol\u00f3gico e a ades\u00e3o a rotinas de cuidados da pele s\u00e3o fundamentais. Os banhos devem ser curtos (5-10 minutos), com \u00e1gua morna e produtos de limpeza suaves sem sab\u00e3o (syndets). A roupa deve ser de algod\u00e3o, evitando l\u00e3 e fibras sint\u00e9ticas.<\/p><p>A Associa\u00e7\u00e3o Portuguesa de Dermatite At\u00f3pica (AAARDA) disponibiliza recursos e apoio para doentes e cuidadores. Com um plano de tratamento adequado e personalizado, \u00e9 poss\u00edvel controlar a doen\u00e7a e minimizar o seu impacto no dia a dia.<\/p><p><em>Na <strong>M\u00e9dico na Net<\/strong>, a <strong>equipa cl\u00ednica<\/strong> oferece avalia\u00e7\u00e3o dermatol\u00f3gica de eczema e dermatites, orienta\u00e7\u00e3o terap\u00eautica personalizada, educa\u00e7\u00e3o sobre cuidados da pele e referencia\u00e7\u00e3o para dermatologia ou imunoalergologia quando indicado.<\/em><\/p>\t\t\t\t\t\t\t\t<\/div>\n\t\t\t\t<div class=\"elementor-element elementor-element-375973d elementor-widget elementor-widget-image\" data-id=\"375973d\" data-element_type=\"widget\" data-e-type=\"widget\" data-widget_type=\"image.default\">\n\t\t\t\t\t\t\t\t\t\t\t\t\t\t\t<img decoding=\"async\" src=\"https:\/\/staging.mediconanet.pt\/wp-content\/uploads\/2026\/03\/Imagem-para-Redes-Sociais-a-Rosa-sobre-Descontos-de-Primavera-29.jpg\" title=\"Consulta de Dermatologia Online com Acompanhamento Personalizado\" alt=\"Mulher em casa a realizar consulta m\u00e9dica por v\u00eddeo no port\u00e1til para avalia\u00e7\u00e3o de eczema at\u00f3pico com m\u00e9dico dermatologista.\" loading=\"lazy\" \/>\t\t\t\t\t\t\t\t\t\t\t\t\t\t\t<\/div>\n\t\t\t\t\t<\/div>\n\t\t\t\t<\/div>\n\t\t<div class=\"elementor-element elementor-element-1545e08 e-flex e-con-boxed e-con e-parent\" data-id=\"1545e08\" data-element_type=\"container\" data-e-type=\"container\">\n\t\t\t\t\t<div class=\"e-con-inner\">\n\t\t<div class=\"elementor-element elementor-element-9ad30cf e-con-full e-flex e-con e-child\" data-id=\"9ad30cf\" data-element_type=\"container\" data-e-type=\"container\">\n\t\t<div class=\"elementor-element elementor-element-66e4f21 e-con-full e-flex e-con e-child\" data-id=\"66e4f21\" data-element_type=\"container\" data-e-type=\"container\">\n\t\t\t\t<div class=\"elementor-element elementor-element-c44ae3e elementor-widget elementor-widget-heading\" data-id=\"c44ae3e\" data-element_type=\"widget\" data-e-type=\"widget\" data-widget_type=\"heading.default\">\n\t\t\t\t\t<h2 class=\"elementor-heading-title elementor-size-default\">Perguntas frequentes (FAQ)<\/h2>\t\t\t\t<\/div>\n\t\t\t\t<div class=\"elementor-element elementor-element-439b5c3 elementor-widget elementor-widget-n-accordion\" data-id=\"439b5c3\" data-element_type=\"widget\" data-e-type=\"widget\" data-settings=\"{&quot;default_state&quot;:&quot;all_collapsed&quot;,&quot;max_items_expended&quot;:&quot;one&quot;,&quot;n_accordion_animation_duration&quot;:{&quot;unit&quot;:&quot;ms&quot;,&quot;size&quot;:400,&quot;sizes&quot;:[]}}\" data-widget_type=\"nested-accordion.default\">\n\t\t\t\t\t\t\t<div class=\"e-n-accordion\" aria-label=\"Accordion. Open links with Enter or Space, close with Escape, and navigate with Arrow Keys\">\n\t\t\t\t\t\t<details id=\"e-n-accordion-item-7080\" class=\"e-n-accordion-item\" >\n\t\t\t\t<summary class=\"e-n-accordion-item-title\" data-accordion-index=\"1\" tabindex=\"0\" aria-expanded=\"false\" aria-controls=\"e-n-accordion-item-7080\" >\n\t\t\t\t\t<span class='e-n-accordion-item-title-header'><div class=\"e-n-accordion-item-title-text\"> O eczema at\u00f3pico tem cura? <\/div><\/span>\n\t\t\t\t\t\t\t<span class='e-n-accordion-item-title-icon'>\n\t\t\t<span class='e-opened' ><svg aria-hidden=\"true\" class=\"e-font-icon-svg e-fas-minus\" viewBox=\"0 0 448 512\" xmlns=\"http:\/\/www.w3.org\/2000\/svg\"><path d=\"M416 208H32c-17.67 0-32 14.33-32 32v32c0 17.67 14.33 32 32 32h384c17.67 0 32-14.33 32-32v-32c0-17.67-14.33-32-32-32z\"><\/path><\/svg><\/span>\n\t\t\t<span class='e-closed'><svg aria-hidden=\"true\" class=\"e-font-icon-svg e-fas-plus\" viewBox=\"0 0 448 512\" xmlns=\"http:\/\/www.w3.org\/2000\/svg\"><path d=\"M416 208H272V64c0-17.67-14.33-32-32-32h-32c-17.67 0-32 14.33-32 32v144H32c-17.67 0-32 14.33-32 32v32c0 17.67 14.33 32 32 32h144v144c0 17.67 14.33 32 32 32h32c17.67 0 32-14.33 32-32V304h144c17.67 0 32-14.33 32-32v-32c0-17.67-14.33-32-32-32z\"><\/path><\/svg><\/span>\n\t\t<\/span>\n\n\t\t\t\t\t\t<\/summary>\n\t\t\t\t<div role=\"region\" aria-labelledby=\"e-n-accordion-item-7080\" class=\"elementor-element elementor-element-d801294 e-con-full e-flex e-con e-child\" data-id=\"d801294\" data-element_type=\"container\" data-e-type=\"container\">\n\t\t<div role=\"region\" aria-labelledby=\"e-n-accordion-item-7080\" class=\"elementor-element elementor-element-67dd609 e-flex e-con-boxed e-con e-child\" data-id=\"67dd609\" data-element_type=\"container\" data-e-type=\"container\">\n\t\t\t\t\t<div class=\"e-con-inner\">\n\t\t\t\t<div class=\"elementor-element elementor-element-2204be5 elementor-widget elementor-widget-text-editor\" data-id=\"2204be5\" data-element_type=\"widget\" data-e-type=\"widget\" data-widget_type=\"text-editor.default\">\n\t\t\t\t\t\t\t\t\t<p>O <b>eczema at\u00f3pico<\/b> \u00e9 uma doen\u00e7a cr\u00f3nica sem cura definitiva, mas \u00e9 control\u00e1vel. Com tratamento adequado \u2014 hidrata\u00e7\u00e3o regular, medica\u00e7\u00e3o quando necess\u00e1ria e evic\u00e7\u00e3o de fatores desencadeantes \u2014 a maioria dos doentes consegue ter longos per\u00edodos de remiss\u00e3o.<\/p>\t\t\t\t\t\t\t\t<\/div>\n\t\t\t\t\t<\/div>\n\t\t\t\t<\/div>\n\t\t\t\t<\/div>\n\t\t\t\t\t<\/details>\n\t\t\t\t\t\t<details id=\"e-n-accordion-item-7081\" class=\"e-n-accordion-item\" >\n\t\t\t\t<summary class=\"e-n-accordion-item-title\" data-accordion-index=\"2\" tabindex=\"-1\" aria-expanded=\"false\" aria-controls=\"e-n-accordion-item-7081\" >\n\t\t\t\t\t<span class='e-n-accordion-item-title-header'><div class=\"e-n-accordion-item-title-text\"> Os corticosteroides t\u00f3picos s\u00e3o seguros? <\/div><\/span>\n\t\t\t\t\t\t\t<span class='e-n-accordion-item-title-icon'>\n\t\t\t<span class='e-opened' ><svg aria-hidden=\"true\" class=\"e-font-icon-svg e-fas-minus\" viewBox=\"0 0 448 512\" xmlns=\"http:\/\/www.w3.org\/2000\/svg\"><path d=\"M416 208H32c-17.67 0-32 14.33-32 32v32c0 17.67 14.33 32 32 32h384c17.67 0 32-14.33 32-32v-32c0-17.67-14.33-32-32-32z\"><\/path><\/svg><\/span>\n\t\t\t<span class='e-closed'><svg aria-hidden=\"true\" class=\"e-font-icon-svg e-fas-plus\" viewBox=\"0 0 448 512\" xmlns=\"http:\/\/www.w3.org\/2000\/svg\"><path d=\"M416 208H272V64c0-17.67-14.33-32-32-32h-32c-17.67 0-32 14.33-32 32v144H32c-17.67 0-32 14.33-32 32v32c0 17.67 14.33 32 32 32h144v144c0 17.67 14.33 32 32 32h32c17.67 0 32-14.33 32-32V304h144c17.67 0 32-14.33 32-32v-32c0-17.67-14.33-32-32-32z\"><\/path><\/svg><\/span>\n\t\t<\/span>\n\n\t\t\t\t\t\t<\/summary>\n\t\t\t\t<div role=\"region\" aria-labelledby=\"e-n-accordion-item-7081\" class=\"elementor-element elementor-element-f07e3ff e-con-full e-flex e-con e-child\" data-id=\"f07e3ff\" data-element_type=\"container\" data-e-type=\"container\">\n\t\t<div role=\"region\" aria-labelledby=\"e-n-accordion-item-7081\" class=\"elementor-element elementor-element-ba0d7df e-flex e-con-boxed e-con e-child\" data-id=\"ba0d7df\" data-element_type=\"container\" data-e-type=\"container\">\n\t\t\t\t\t<div class=\"e-con-inner\">\n\t\t\t\t<div class=\"elementor-element elementor-element-bd0918d elementor-widget elementor-widget-text-editor\" data-id=\"bd0918d\" data-element_type=\"widget\" data-e-type=\"widget\" data-widget_type=\"text-editor.default\">\n\t\t\t\t\t\t\t\t\t<p>Sim, quando utilizados corretamente \u2014 na pot\u00eancia adequada, na dura\u00e7\u00e3o indicada e sob orienta\u00e7\u00e3o m\u00e9dica. O medo injustificado dos corticosteroides (&#8220;corticofobia&#8221;) \u00e9 uma das principais causas de subtratamento do eczema.<\/p>\t\t\t\t\t\t\t\t<\/div>\n\t\t\t\t\t<\/div>\n\t\t\t\t<\/div>\n\t\t\t\t<\/div>\n\t\t\t\t\t<\/details>\n\t\t\t\t\t\t<details id=\"e-n-accordion-item-7082\" class=\"e-n-accordion-item\" >\n\t\t\t\t<summary class=\"e-n-accordion-item-title\" data-accordion-index=\"3\" tabindex=\"-1\" aria-expanded=\"false\" aria-controls=\"e-n-accordion-item-7082\" >\n\t\t\t\t\t<span class='e-n-accordion-item-title-header'><div class=\"e-n-accordion-item-title-text\"> O eczema est\u00e1 relacionado com alergias alimentares? <\/div><\/span>\n\t\t\t\t\t\t\t<span class='e-n-accordion-item-title-icon'>\n\t\t\t<span class='e-opened' ><svg aria-hidden=\"true\" class=\"e-font-icon-svg e-fas-minus\" viewBox=\"0 0 448 512\" xmlns=\"http:\/\/www.w3.org\/2000\/svg\"><path d=\"M416 208H32c-17.67 0-32 14.33-32 32v32c0 17.67 14.33 32 32 32h384c17.67 0 32-14.33 32-32v-32c0-17.67-14.33-32-32-32z\"><\/path><\/svg><\/span>\n\t\t\t<span class='e-closed'><svg aria-hidden=\"true\" class=\"e-font-icon-svg e-fas-plus\" viewBox=\"0 0 448 512\" xmlns=\"http:\/\/www.w3.org\/2000\/svg\"><path d=\"M416 208H272V64c0-17.67-14.33-32-32-32h-32c-17.67 0-32 14.33-32 32v144H32c-17.67 0-32 14.33-32 32v32c0 17.67 14.33 32 32 32h144v144c0 17.67 14.33 32 32 32h32c17.67 0 32-14.33 32-32V304h144c17.67 0 32-14.33 32-32v-32c0-17.67-14.33-32-32-32z\"><\/path><\/svg><\/span>\n\t\t<\/span>\n\n\t\t\t\t\t\t<\/summary>\n\t\t\t\t<div role=\"region\" aria-labelledby=\"e-n-accordion-item-7082\" class=\"elementor-element elementor-element-1948aa2 e-con-full e-flex e-con e-child\" data-id=\"1948aa2\" data-element_type=\"container\" data-e-type=\"container\">\n\t\t<div role=\"region\" aria-labelledby=\"e-n-accordion-item-7082\" class=\"elementor-element elementor-element-44203e4 e-flex e-con-boxed e-con e-child\" data-id=\"44203e4\" data-element_type=\"container\" data-e-type=\"container\">\n\t\t\t\t\t<div class=\"e-con-inner\">\n\t\t\t\t<div class=\"elementor-element elementor-element-90363e4 elementor-widget elementor-widget-text-editor\" data-id=\"90363e4\" data-element_type=\"widget\" data-e-type=\"widget\" data-widget_type=\"text-editor.default\">\n\t\t\t\t\t\t\t\t\t<p>As alergias alimentares podem coexistir com o eczema, sobretudo ao leite, ovo e frutos secos. No entanto, a elimina\u00e7\u00e3o de alimentos sem confirma\u00e7\u00e3o diagn\u00f3stica n\u00e3o \u00e9 recomendada e pode ser prejudicial, especialmente nas crian\u00e7as em crescimento.<\/p>\t\t\t\t\t\t\t\t<\/div>\n\t\t\t\t\t<\/div>\n\t\t\t\t<\/div>\n\t\t\t\t<\/div>\n\t\t\t\t\t<\/details>\n\t\t\t\t\t\t<details id=\"e-n-accordion-item-7083\" class=\"e-n-accordion-item\" >\n\t\t\t\t<summary class=\"e-n-accordion-item-title\" data-accordion-index=\"4\" tabindex=\"-1\" aria-expanded=\"false\" aria-controls=\"e-n-accordion-item-7083\" >\n\t\t\t\t\t<span class='e-n-accordion-item-title-header'><div class=\"e-n-accordion-item-title-text\"> O eczema das crian\u00e7as desaparece com a idade? <\/div><\/span>\n\t\t\t\t\t\t\t<span class='e-n-accordion-item-title-icon'>\n\t\t\t<span class='e-opened' ><svg aria-hidden=\"true\" class=\"e-font-icon-svg e-fas-minus\" viewBox=\"0 0 448 512\" xmlns=\"http:\/\/www.w3.org\/2000\/svg\"><path d=\"M416 208H32c-17.67 0-32 14.33-32 32v32c0 17.67 14.33 32 32 32h384c17.67 0 32-14.33 32-32v-32c0-17.67-14.33-32-32-32z\"><\/path><\/svg><\/span>\n\t\t\t<span class='e-closed'><svg aria-hidden=\"true\" class=\"e-font-icon-svg e-fas-plus\" viewBox=\"0 0 448 512\" xmlns=\"http:\/\/www.w3.org\/2000\/svg\"><path d=\"M416 208H272V64c0-17.67-14.33-32-32-32h-32c-17.67 0-32 14.33-32 32v144H32c-17.67 0-32 14.33-32 32v32c0 17.67 14.33 32 32 32h144v144c0 17.67 14.33 32 32 32h32c17.67 0 32-14.33 32-32V304h144c17.67 0 32-14.33 32-32v-32c0-17.67-14.33-32-32-32z\"><\/path><\/svg><\/span>\n\t\t<\/span>\n\n\t\t\t\t\t\t<\/summary>\n\t\t\t\t<div role=\"region\" aria-labelledby=\"e-n-accordion-item-7083\" class=\"elementor-element elementor-element-e6b82d0 e-con-full e-flex e-con e-child\" data-id=\"e6b82d0\" data-element_type=\"container\" data-e-type=\"container\">\n\t\t<div role=\"region\" aria-labelledby=\"e-n-accordion-item-7083\" class=\"elementor-element elementor-element-ff98332 e-flex e-con-boxed e-con e-child\" data-id=\"ff98332\" data-element_type=\"container\" data-e-type=\"container\">\n\t\t\t\t\t<div class=\"e-con-inner\">\n\t\t\t\t<div class=\"elementor-element elementor-element-b745fb3 elementor-widget elementor-widget-text-editor\" data-id=\"b745fb3\" data-element_type=\"widget\" data-e-type=\"widget\" data-widget_type=\"text-editor.default\">\n\t\t\t\t\t\t\t\t\t<p>Em cerca de 60 a 70% dos casos, o eczema at\u00f3pico melhora significativamente ou resolve-se antes da adolesc\u00eancia. Contudo, aproximadamente 30% das crian\u00e7as manter\u00e3o sintomas na idade adulta.<\/p>\t\t\t\t\t\t\t\t<\/div>\n\t\t\t\t\t<\/div>\n\t\t\t\t<\/div>\n\t\t\t\t<\/div>\n\t\t\t\t\t<\/details>\n\t\t\t\t\t\t<details id=\"e-n-accordion-item-7084\" class=\"e-n-accordion-item\" >\n\t\t\t\t<summary class=\"e-n-accordion-item-title\" data-accordion-index=\"5\" tabindex=\"-1\" aria-expanded=\"false\" aria-controls=\"e-n-accordion-item-7084\" >\n\t\t\t\t\t<span class='e-n-accordion-item-title-header'><div class=\"e-n-accordion-item-title-text\"> Posso tomar banho todos os dias com eczema? <\/div><\/span>\n\t\t\t\t\t\t\t<span class='e-n-accordion-item-title-icon'>\n\t\t\t<span class='e-opened' ><svg aria-hidden=\"true\" class=\"e-font-icon-svg e-fas-minus\" viewBox=\"0 0 448 512\" xmlns=\"http:\/\/www.w3.org\/2000\/svg\"><path d=\"M416 208H32c-17.67 0-32 14.33-32 32v32c0 17.67 14.33 32 32 32h384c17.67 0 32-14.33 32-32v-32c0-17.67-14.33-32-32-32z\"><\/path><\/svg><\/span>\n\t\t\t<span class='e-closed'><svg aria-hidden=\"true\" class=\"e-font-icon-svg e-fas-plus\" viewBox=\"0 0 448 512\" xmlns=\"http:\/\/www.w3.org\/2000\/svg\"><path d=\"M416 208H272V64c0-17.67-14.33-32-32-32h-32c-17.67 0-32 14.33-32 32v144H32c-17.67 0-32 14.33-32 32v32c0 17.67 14.33 32 32 32h144v144c0 17.67 14.33 32 32 32h32c17.67 0 32-14.33 32-32V304h144c17.67 0 32-14.33 32-32v-32c0-17.67-14.33-32-32-32z\"><\/path><\/svg><\/span>\n\t\t<\/span>\n\n\t\t\t\t\t\t<\/summary>\n\t\t\t\t<div role=\"region\" aria-labelledby=\"e-n-accordion-item-7084\" class=\"elementor-element elementor-element-7547615 e-con-full e-flex e-con e-child\" data-id=\"7547615\" data-element_type=\"container\" data-e-type=\"container\">\n\t\t<div role=\"region\" aria-labelledby=\"e-n-accordion-item-7084\" class=\"elementor-element elementor-element-8c9a957 e-flex e-con-boxed e-con e-child\" data-id=\"8c9a957\" data-element_type=\"container\" data-e-type=\"container\">\n\t\t\t\t\t<div class=\"e-con-inner\">\n\t\t\t\t<div class=\"elementor-element elementor-element-2f07efa elementor-widget elementor-widget-text-editor\" data-id=\"2f07efa\" data-element_type=\"widget\" data-e-type=\"widget\" data-widget_type=\"text-editor.default\">\n\t\t\t\t\t\t\t\t\t<p>Sim, desde que o banho seja curto (5-10 minutos), com \u00e1gua morna e produtos suaves sem sab\u00e3o. O mais importante \u00e9 aplicar emoliente imediatamente ap\u00f3s o banho, com a pele ainda ligeiramente h\u00famida.<\/p>\t\t\t\t\t\t\t\t<\/div>\n\t\t\t\t\t<\/div>\n\t\t\t\t<\/div>\n\t\t\t\t<\/div>\n\t\t\t\t\t<\/details>\n\t\t\t\t\t<\/div>\n\t\t\t\t\t<script type=\"application\/ld+json\">{\"@context\":\"https:\\\/\\\/schema.org\",\"@type\":\"FAQPage\",\"mainEntity\":[{\"@type\":\"Question\",\"name\":\"O eczema at\\u00f3pico tem cura?\",\"acceptedAnswer\":{\"@type\":\"Answer\",\"text\":\"O eczema at\\u00f3pico \\u00e9 uma doen\\u00e7a cr\\u00f3nica sem cura definitiva, mas \\u00e9 control\\u00e1vel. Com tratamento adequado \\u2014 hidrata\\u00e7\\u00e3o regular, medica\\u00e7\\u00e3o quando necess\\u00e1ria e evic\\u00e7\\u00e3o de fatores desencadeantes \\u2014 a maioria dos doentes consegue ter longos per\\u00edodos de remiss\\u00e3o.\"}},{\"@type\":\"Question\",\"name\":\"Os corticosteroides t\\u00f3picos s\\u00e3o seguros?\",\"acceptedAnswer\":{\"@type\":\"Answer\",\"text\":\"Sim, quando utilizados corretamente \\u2014 na pot\\u00eancia adequada, na dura\\u00e7\\u00e3o indicada e sob orienta\\u00e7\\u00e3o m\\u00e9dica. O medo injustificado dos corticosteroides (&#8220;corticofobia&#8221;) \\u00e9 uma das principais causas de subtratamento do eczema.\"}},{\"@type\":\"Question\",\"name\":\"O eczema est\\u00e1 relacionado com alergias alimentares?\",\"acceptedAnswer\":{\"@type\":\"Answer\",\"text\":\"As alergias alimentares podem coexistir com o eczema, sobretudo ao leite, ovo e frutos secos. No entanto, a elimina\\u00e7\\u00e3o de alimentos sem confirma\\u00e7\\u00e3o diagn\\u00f3stica n\\u00e3o \\u00e9 recomendada e pode ser prejudicial, especialmente nas crian\\u00e7as em crescimento.\"}},{\"@type\":\"Question\",\"name\":\"O eczema das crian\\u00e7as desaparece com a idade?\",\"acceptedAnswer\":{\"@type\":\"Answer\",\"text\":\"Em cerca de 60 a 70% dos casos, o eczema at\\u00f3pico melhora significativamente ou resolve-se antes da adolesc\\u00eancia. Contudo, aproximadamente 30% das crian\\u00e7as manter\\u00e3o sintomas na idade adulta.\"}},{\"@type\":\"Question\",\"name\":\"Posso tomar banho todos os dias com eczema?\",\"acceptedAnswer\":{\"@type\":\"Answer\",\"text\":\"Sim, desde que o banho seja curto (5-10 minutos), com \\u00e1gua morna e produtos suaves sem sab\\u00e3o. O mais importante \\u00e9 aplicar emoliente imediatamente ap\\u00f3s o banho, com a pele ainda ligeiramente h\\u00famida.\"}}]}<\/script>\n\t\t\t\t\t\t\t<\/div>\n\t\t\t\t<\/div>\n\t\t\t\t<\/div>\n\t\t\t\t\t<\/div>\n\t\t\t\t<\/div>\n\t\t<div class=\"elementor-element elementor-element-02d7fba e-flex e-con-boxed e-con e-parent\" data-id=\"02d7fba\" data-element_type=\"container\" data-e-type=\"container\">\n\t\t\t\t\t<div class=\"e-con-inner\">\n\t\t\t\t<div class=\"elementor-element elementor-element-ca91313 elementor-widget elementor-widget-text-editor\" data-id=\"ca91313\" data-element_type=\"widget\" data-e-type=\"widget\" data-widget_type=\"text-editor.default\">\n\t\t\t\t\t\t\t\t\t<h2><strong>Conclus\u00e3o<\/strong><\/h2>\n<p>O <b>eczema at\u00f3pico<\/b> \u00e9 uma doen\u00e7a cr\u00f3nica com impacto significativo na qualidade de vida, mas control\u00e1vel com uma abordagem terap\u00eautica adequada e personalizada. A hidrata\u00e7\u00e3o regular, o tratamento escalonado das crises e a identifica\u00e7\u00e3o dos fatores desencadeantes s\u00e3o as chaves para o controlo da doen\u00e7a. Os avan\u00e7os recentes em terap\u00eauticas biol\u00f3gicas oferecem novas esperan\u00e7as para os casos mais graves.<\/p>\n<h2><strong>Refer\u00eancias<\/strong><\/h2>\n<p><a href=\"https:\/\/www.spdv.pt\/\" target=\"_blank\" rel=\"dofollow noopener\">Sociedade Portuguesa de Dermatologia e Venereologia (SPDV). Dermatite At\u00f3pica \u2014 Recomenda\u00e7\u00f5es<\/a><\/p>\n<p><a href=\"https:\/\/www.eadv.org\/\" target=\"_blank\" rel=\"dofollow noopener\">European Academy of Dermatology and Venereology (EADV). Guidelines on Atopic Eczema<\/a><\/p>\n<p><a href=\"https:\/\/www.thelancet.com\/\" target=\"_blank\" rel=\"dofollow noopener\">Weidinger S, Novak N. Atopic dermatitis<\/a><\/p>\n<p><a href=\"https:\/\/www.spaic.pt\/\" target=\"_blank\" rel=\"dofollow noopener\">Sociedade Portuguesa de Alergologia e Imunologia Cl\u00ednica (SPAIC). Dermatite At\u00f3pica<\/a><\/p>\n<p><a href=\"https:\/\/www.ema.europa.eu\/\" target=\"_blank\" rel=\"dofollow noopener\">European Medicines Agency (EMA). Dupilumab \u2014 Summary of Product Characteristics<\/a><\/p>\n<p><a href=\"https:\/\/www.dermatologic.theclinics.com\/\" target=\"_blank\" rel=\"dofollow noopener\">Silverberg JI. Public health burden and epidemiology of atopic dermatitis<\/a><\/p>\t\t\t\t\t\t\t\t<\/div>\n\t\t\t\t\t<\/div>\n\t\t\t\t<\/div>\n\t\t\t\t<\/div>\n\t\t","protected":false},"excerpt":{"rendered":"<p>Introdu\u00e7\u00e3o O eczema at\u00f3pico, tamb\u00e9m designado dermatite at\u00f3pica, \u00e9 uma doen\u00e7a inflamat\u00f3ria cr\u00f3nica da pele que afeta 15 a 20% das crian\u00e7as e 2 a 5% dos adultos em Portugal, segundo a Sociedade Portuguesa de Dermatologia e Venereologia (SPDV). Caracteriza-se por pele seca, comich\u00e3o intensa e erup\u00e7\u00f5es cut\u00e2neas recorrentes, com um impacto significativo na qualidade [&hellip;]<\/p>\n","protected":false},"author":13102,"featured_media":59795,"comment_status":"closed","ping_status":"closed","sticky":false,"template":"","format":"standard","meta":{"_jetpack_memberships_contains_paid_content":false,"footnotes":""},"categories":[250],"tags":[],"class_list":["post-59704","post","type-post","status-publish","format-standard","has-post-thumbnail","hentry","category-dermatologia"],"jetpack_featured_media_url":"https:\/\/staging.mediconanet.pt\/wp-content\/uploads\/2026\/03\/Imagem-para-Redes-Sociais-a-Rosa-sobre-Descontos-de-Primavera-32.jpg","jetpack_sharing_enabled":true,"_links":{"self":[{"href":"https:\/\/staging.mediconanet.pt\/en\/wp-json\/wp\/v2\/posts\/59704","targetHints":{"allow":["GET"]}}],"collection":[{"href":"https:\/\/staging.mediconanet.pt\/en\/wp-json\/wp\/v2\/posts"}],"about":[{"href":"https:\/\/staging.mediconanet.pt\/en\/wp-json\/wp\/v2\/types\/post"}],"author":[{"embeddable":true,"href":"https:\/\/staging.mediconanet.pt\/en\/wp-json\/wp\/v2\/users\/13102"}],"replies":[{"embeddable":true,"href":"https:\/\/staging.mediconanet.pt\/en\/wp-json\/wp\/v2\/comments?post=59704"}],"version-history":[{"count":11,"href":"https:\/\/staging.mediconanet.pt\/en\/wp-json\/wp\/v2\/posts\/59704\/revisions"}],"predecessor-version":[{"id":60038,"href":"https:\/\/staging.mediconanet.pt\/en\/wp-json\/wp\/v2\/posts\/59704\/revisions\/60038"}],"wp:featuredmedia":[{"embeddable":true,"href":"https:\/\/staging.mediconanet.pt\/en\/wp-json\/wp\/v2\/media\/59795"}],"wp:attachment":[{"href":"https:\/\/staging.mediconanet.pt\/en\/wp-json\/wp\/v2\/media?parent=59704"}],"wp:term":[{"taxonomy":"category","embeddable":true,"href":"https:\/\/staging.mediconanet.pt\/en\/wp-json\/wp\/v2\/categories?post=59704"},{"taxonomy":"post_tag","embeddable":true,"href":"https:\/\/staging.mediconanet.pt\/en\/wp-json\/wp\/v2\/tags?post=59704"}],"curies":[{"name":"wp","href":"https:\/\/api.w.org\/{rel}","templated":true}]}}