{"id":59018,"date":"2026-03-23T10:41:41","date_gmt":"2026-03-23T10:41:41","guid":{"rendered":"https:\/\/www.mediconanet.pt\/?p=59018"},"modified":"2026-03-24T15:02:35","modified_gmt":"2026-03-24T15:02:35","slug":"viajante-doencas-cronicas-diabetes-hipertensao","status":"publish","type":"post","link":"https:\/\/staging.mediconanet.pt\/en\/viajante-doencas-cronicas-diabetes-hipertensao\/","title":{"rendered":"Sa\u00fade do Viajante com Doen\u00e7as Cr\u00f3nicas: Diabetes, Hipertens\u00e3o e Imunossupress\u00e3o em Viagem"},"content":{"rendered":"\t\t<div data-elementor-type=\"wp-post\" data-elementor-id=\"59018\" class=\"elementor elementor-59018\" data-elementor-post-type=\"post\">\n\t\t\t\t<div class=\"elementor-element elementor-element-570cfe3 e-flex e-con-boxed e-con e-parent\" data-id=\"570cfe3\" data-element_type=\"container\" data-e-type=\"container\">\n\t\t\t\t\t<div class=\"e-con-inner\">\n\t\t\t\t<div class=\"elementor-element elementor-element-1761780 elementor-widget elementor-widget-text-editor\" data-id=\"1761780\" data-element_type=\"widget\" data-e-type=\"widget\" data-widget_type=\"text-editor.default\">\n\t\t\t\t\t\t\t\t\t<h2><b>Introdu\u00e7\u00e3o<\/b><\/h2><p><span style=\"font-weight: 400;\">O n\u00famero de <\/span><b>viajantes internacionais com doen\u00e7as cr\u00f3nicas<\/b><span style=\"font-weight: 400;\"> tem aumentado significativamente, acompanhando o crescimento do turismo global e o envelhecimento da popula\u00e7\u00e3o. Viajantes com diabetes, doen\u00e7as cardiovasculares, imunossupress\u00e3o ou outras condi\u00e7\u00f5es cr\u00f3nicas enfrentam desafios adicionais que requerem prepara\u00e7\u00e3o espec\u00edfica na consulta do viajante.<\/span><\/p><p><span style=\"font-weight: 400;\">A Organiza\u00e7\u00e3o Mundial de Sa\u00fade (OMS) e a International Society of Travel Medicine (ISTM) recomendam que v<\/span><b>iajantes com doen\u00e7as cr\u00f3nicas<\/b><span style=\"font-weight: 400;\"> realizem uma consulta do viajante especializada, com avalia\u00e7\u00e3o da estabilidade da doen\u00e7a, ajuste de medica\u00e7\u00e3o, vacina\u00e7\u00e3o adaptada e plano de conting\u00eancia para emerg\u00eancias m\u00e9dicas no destino.<\/span><\/p><h2><b>Viajante com Diabetes<\/b><\/h2><p><span style=\"font-weight: 400;\">O <\/span><b>viajante diab\u00e9tico<\/b><span style=\"font-weight: 400;\"> enfrenta desafios espec\u00edficos relacionados com a gest\u00e3o da glicemia durante a viagem: altera\u00e7\u00e3o de hor\u00e1rios (jet lag), mudan\u00e7as na dieta, atividade f\u00edsica vari\u00e1vel, clima extremo e acesso a insulina e medica\u00e7\u00e3o. A International Diabetes Federation (IDF) recomenda que a diabetes esteja est\u00e1vel (HbA1c &lt;8 %) antes de viagens de longa dist\u00e2ncia.<\/span><\/p><p><span style=\"font-weight: 400;\">A gest\u00e3o da insulina durante viagens com mudan\u00e7a de fuso hor\u00e1rio \u00e9 um aspeto cr\u00edtico. Na viagem para leste (dia mais curto), a dose de insulina basal deve ser reduzida proporcionalmente. Na viagem para oeste (dia mais longo), pode ser necess\u00e1ria uma dose adicional de insulina r\u00e1pida. A monitoriza\u00e7\u00e3o glic\u00e9mica frequente durante o voo e nos primeiros dias no destino \u00e9 essencial.<\/span><\/p><p><span style=\"font-weight: 400;\">A insulina deve ser transportada na bagagem de m\u00e3o (nunca no por\u00e3o, onde congela) com declara\u00e7\u00e3o m\u00e9dica para a seguran\u00e7a aeroportu\u00e1ria. \u00c9 recomendado transportar o dobro da medica\u00e7\u00e3o necess\u00e1ria em duas bagagens separadas. A conserva\u00e7\u00e3o da insulina em clima tropical requer bolsas t\u00e9rmicas, pois a insulina degrada-se acima de 30\u00b0C. A Dire\u00e7\u00e3o-Geral da Sa\u00fade (DGS) recomenda que os viajantes diab\u00e9ticos levem uma carta m\u00e9dica em ingl\u00eas com diagn\u00f3stico, medica\u00e7\u00e3o e posologia.<\/span><\/p><h2><b>Viajante com Doen\u00e7a Cardiovascular<\/b><\/h2><p><span style=\"font-weight: 400;\">Os<\/span><b> viajantes com hipertens\u00e3o arterial<\/b><span style=\"font-weight: 400;\">, doen\u00e7a coron\u00e1ria ou insufici\u00eancia card\u00edaca devem assegurar que a sua condi\u00e7\u00e3o est\u00e1 est\u00e1vel antes da viagem. A European Society of Cardiology (ESC) recomenda uma avalia\u00e7\u00e3o cardiol\u00f3gica pr\u00e9via para <\/span><b>viajantes com doen\u00e7a cardiovascular<\/b><span style=\"font-weight: 400;\"> que planeiem viagens de longa dura\u00e7\u00e3o ou destinos com altitude elevada.<\/span><\/p><p><span style=\"font-weight: 400;\">O voo comercial \u00e9 geralmente seguro para doentes cardiovasculares est\u00e1veis, mas a press\u00e3o da cabine equivale a uma altitude de 1800-2400 metros, reduzindo a satura\u00e7\u00e3o de oxig\u00e9nio em 3 a 4 %. Doentes com insufici\u00eancia card\u00edaca descompensada, angina inst\u00e1vel ou enfarte recente (&lt;2 semanas) n\u00e3o devem voar. A anticoagula\u00e7\u00e3o deve ser mantida durante viagens longas, com monitoriza\u00e7\u00e3o do INR dispon\u00edvel no destino.<\/span><\/p><p><span style=\"font-weight: 400;\">O risco de trombose venosa profunda em voos longos (&gt;4 horas) \u00e9 relevante, especialmente em doentes com fatores de risco cardiovasculares. As medidas preventivas incluem meias de compress\u00e3o graduada, hidrata\u00e7\u00e3o abundante, exerc\u00edcios regulares durante o voo e, em doentes de alto risco, profilaxia com heparina de baixo peso molecular. Os destinos com altitude elevada (&gt;2500 metros) requerem aclimatiza\u00e7\u00e3o progressiva em doentes card\u00edacos.<\/span><\/p><h2><b>Viajante Imunodeprimido<\/b><\/h2><p><span style=\"font-weight: 400;\">Os <\/span><b>viajantes imunodeprimidos<\/b><span style=\"font-weight: 400;\"> \u2014 transplantados, doentes oncol\u00f3gicos, doentes com VIH, utilizadores de terap\u00eauticas biol\u00f3gicas ou corticoterapia prolongada \u2014 requerem aten\u00e7\u00e3o especial na consulta do viajante. A principal preocupa\u00e7\u00e3o \u00e9 a contraindica\u00e7\u00e3o de vacinas vivas (febre amarela, sarampo, varicela, BCG, febre tifoide oral), que podem causar doen\u00e7a disseminada em imunodeprimidos.<\/span><\/p><p><span style=\"font-weight: 400;\">A vacina contra a febre amarela \u00e9 contraindicada em doentes gravemente imunodeprimidos. Para viajantes que necessitem de viajar para pa\u00edses que exigem esta vacina, pode ser emitida uma carta de isen\u00e7\u00e3o m\u00e9dica. As vacinas inativadas (hepatite A e B, gripe, pneumoc\u00f3cica, meningoc\u00f3cica) s\u00e3o seguras mas podem ter efic\u00e1cia reduzida, podendo ser necess\u00e1rias doses adicionais ou verifica\u00e7\u00e3o serol\u00f3gica p\u00f3s-vacinal.<\/span><\/p><p><span style=\"font-weight: 400;\">O risco de infe\u00e7\u00f5es oportunistas \u00e9 aumentado em<\/span><b> viajantes imunodeprimidos<\/b><span style=\"font-weight: 400;\">: a mal\u00e1ria pode ser mais grave, a tuberculose \u00e9 um risco acrescido em destinos end\u00e9micos, e as infe\u00e7\u00f5es gastrointestinais podem ser mais prolongadas e graves. A European Centre for Disease Prevention and Control (ECDC) e o CDC recomendam precau\u00e7\u00f5es alimentares e h\u00eddricas rigorosas e profilaxia antipal\u00fadica otimizada. A coordena\u00e7\u00e3o entre o especialista que acompanha a doen\u00e7a de base e o m\u00e9dico da consulta do viajante \u00e9 fundamental.<\/span><\/p><p><i><span style=\"font-weight: 400;\">Na <strong>M\u00e9dico na Net<\/strong>, a <strong>equipa cl\u00ednica<\/strong> oferece <strong>consulta do <a href=\"https:\/\/staging.mediconanet.pt\/produto\/consulta-do-viajante\/\">viajante<\/a> adaptada a doentes cr\u00f3nicos<\/strong>, com coordena\u00e7\u00e3o entre especialidades, ajuste de medica\u00e7\u00e3o e plano de conting\u00eancia personalizado para viagens seguras.<\/span><\/i><\/p>\t\t\t\t\t\t\t\t<\/div>\n\t\t\t\t<div class=\"elementor-element elementor-element-375973d elementor-widget elementor-widget-image\" data-id=\"375973d\" data-element_type=\"widget\" data-e-type=\"widget\" data-widget_type=\"image.default\">\n\t\t\t\t\t\t\t\t\t\t\t\t\t\t\t<img decoding=\"async\" src=\"https:\/\/staging.mediconanet.pt\/wp-content\/uploads\/2026\/03\/wpimage-id893sizeSlugfulllinkDestinationnone-figure-classwp-block-image-size-fullimg-srchttpscomprarcbdonline.ptwp-contentuploads202603unnamed-3.jpg-altFrasco-de-vidro-transparente-c-60.jpg\" title=\"Sa\u00fade Digital: A Praticidade da Telemedicina para o Viajante Moderno\" alt=\"Homem sorridente em casa realizando consulta m\u00e9dica por v\u00eddeo no notebook, representando o suporte de sa\u00fade ideal para o viajante que busca atendimento remoto.\" loading=\"lazy\" \/>\t\t\t\t\t\t\t\t\t\t\t\t\t\t\t<\/div>\n\t\t\t\t\t<\/div>\n\t\t\t\t<\/div>\n\t\t<div class=\"elementor-element elementor-element-1545e08 e-flex e-con-boxed e-con e-parent\" data-id=\"1545e08\" data-element_type=\"container\" data-e-type=\"container\">\n\t\t\t\t\t<div class=\"e-con-inner\">\n\t\t<div class=\"elementor-element elementor-element-9ad30cf e-con-full e-flex e-con e-child\" data-id=\"9ad30cf\" data-element_type=\"container\" data-e-type=\"container\">\n\t\t<div class=\"elementor-element elementor-element-66e4f21 e-con-full e-flex e-con e-child\" data-id=\"66e4f21\" data-element_type=\"container\" data-e-type=\"container\">\n\t\t\t\t<div class=\"elementor-element elementor-element-c44ae3e elementor-widget elementor-widget-heading\" data-id=\"c44ae3e\" data-element_type=\"widget\" data-e-type=\"widget\" data-widget_type=\"heading.default\">\n\t\t\t\t\t<h2 class=\"elementor-heading-title elementor-size-default\">Perguntas frequentes (FAQ)<\/h2>\t\t\t\t<\/div>\n\t\t\t\t<div class=\"elementor-element elementor-element-439b5c3 elementor-widget elementor-widget-n-accordion\" data-id=\"439b5c3\" data-element_type=\"widget\" data-e-type=\"widget\" data-settings=\"{&quot;default_state&quot;:&quot;all_collapsed&quot;,&quot;max_items_expended&quot;:&quot;one&quot;,&quot;n_accordion_animation_duration&quot;:{&quot;unit&quot;:&quot;ms&quot;,&quot;size&quot;:400,&quot;sizes&quot;:[]}}\" data-widget_type=\"nested-accordion.default\">\n\t\t\t\t\t\t\t<div class=\"e-n-accordion\" aria-label=\"Accordion. Open links with Enter or Space, close with Escape, and navigate with Arrow Keys\">\n\t\t\t\t\t\t<details id=\"e-n-accordion-item-7080\" class=\"e-n-accordion-item\" >\n\t\t\t\t<summary class=\"e-n-accordion-item-title\" data-accordion-index=\"1\" tabindex=\"0\" aria-expanded=\"false\" aria-controls=\"e-n-accordion-item-7080\" >\n\t\t\t\t\t<span class='e-n-accordion-item-title-header'><div class=\"e-n-accordion-item-title-text\"> Posso viajar de avi\u00e3o se tiver problemas card\u00edacos? <\/div><\/span>\n\t\t\t\t\t\t\t<span class='e-n-accordion-item-title-icon'>\n\t\t\t<span class='e-opened' ><svg aria-hidden=\"true\" class=\"e-font-icon-svg e-fas-minus\" viewBox=\"0 0 448 512\" xmlns=\"http:\/\/www.w3.org\/2000\/svg\"><path d=\"M416 208H32c-17.67 0-32 14.33-32 32v32c0 17.67 14.33 32 32 32h384c17.67 0 32-14.33 32-32v-32c0-17.67-14.33-32-32-32z\"><\/path><\/svg><\/span>\n\t\t\t<span class='e-closed'><svg aria-hidden=\"true\" class=\"e-font-icon-svg e-fas-plus\" viewBox=\"0 0 448 512\" xmlns=\"http:\/\/www.w3.org\/2000\/svg\"><path d=\"M416 208H272V64c0-17.67-14.33-32-32-32h-32c-17.67 0-32 14.33-32 32v144H32c-17.67 0-32 14.33-32 32v32c0 17.67 14.33 32 32 32h144v144c0 17.67 14.33 32 32 32h32c17.67 0 32-14.33 32-32V304h144c17.67 0 32-14.33 32-32v-32c0-17.67-14.33-32-32-32z\"><\/path><\/svg><\/span>\n\t\t<\/span>\n\n\t\t\t\t\t\t<\/summary>\n\t\t\t\t<div role=\"region\" aria-labelledby=\"e-n-accordion-item-7080\" class=\"elementor-element elementor-element-d801294 e-con-full e-flex e-con e-child\" data-id=\"d801294\" data-element_type=\"container\" data-e-type=\"container\">\n\t\t<div role=\"region\" aria-labelledby=\"e-n-accordion-item-7080\" class=\"elementor-element elementor-element-67dd609 e-flex e-con-boxed e-con e-child\" data-id=\"67dd609\" data-element_type=\"container\" data-e-type=\"container\">\n\t\t\t\t\t<div class=\"e-con-inner\">\n\t\t\t\t<div class=\"elementor-element elementor-element-2204be5 elementor-widget elementor-widget-text-editor\" data-id=\"2204be5\" data-element_type=\"widget\" data-e-type=\"widget\" data-widget_type=\"text-editor.default\">\n\t\t\t\t\t\t\t\t\t<p><span style=\"font-weight: 400;\">A maioria dos doentes card\u00edacos est\u00e1veis pode voar com seguran\u00e7a. Deve consultar o cardiologista antes da viagem se tiver insufici\u00eancia card\u00edaca, angina inst\u00e1vel ou enfarte recente.<\/span><\/p>\t\t\t\t\t\t\t\t<\/div>\n\t\t\t\t\t<\/div>\n\t\t\t\t<\/div>\n\t\t\t\t<\/div>\n\t\t\t\t\t<\/details>\n\t\t\t\t\t\t<details id=\"e-n-accordion-item-7081\" class=\"e-n-accordion-item\" >\n\t\t\t\t<summary class=\"e-n-accordion-item-title\" data-accordion-index=\"2\" tabindex=\"-1\" aria-expanded=\"false\" aria-controls=\"e-n-accordion-item-7081\" >\n\t\t\t\t\t<span class='e-n-accordion-item-title-header'><div class=\"e-n-accordion-item-title-text\"> Como transportar insulina no avi\u00e3o? <\/div><\/span>\n\t\t\t\t\t\t\t<span class='e-n-accordion-item-title-icon'>\n\t\t\t<span class='e-opened' ><svg aria-hidden=\"true\" class=\"e-font-icon-svg e-fas-minus\" viewBox=\"0 0 448 512\" xmlns=\"http:\/\/www.w3.org\/2000\/svg\"><path d=\"M416 208H32c-17.67 0-32 14.33-32 32v32c0 17.67 14.33 32 32 32h384c17.67 0 32-14.33 32-32v-32c0-17.67-14.33-32-32-32z\"><\/path><\/svg><\/span>\n\t\t\t<span class='e-closed'><svg aria-hidden=\"true\" class=\"e-font-icon-svg e-fas-plus\" viewBox=\"0 0 448 512\" xmlns=\"http:\/\/www.w3.org\/2000\/svg\"><path d=\"M416 208H272V64c0-17.67-14.33-32-32-32h-32c-17.67 0-32 14.33-32 32v144H32c-17.67 0-32 14.33-32 32v32c0 17.67 14.33 32 32 32h144v144c0 17.67 14.33 32 32 32h32c17.67 0 32-14.33 32-32V304h144c17.67 0 32-14.33 32-32v-32c0-17.67-14.33-32-32-32z\"><\/path><\/svg><\/span>\n\t\t<\/span>\n\n\t\t\t\t\t\t<\/summary>\n\t\t\t\t<div role=\"region\" aria-labelledby=\"e-n-accordion-item-7081\" class=\"elementor-element elementor-element-f07e3ff e-con-full e-flex e-con e-child\" data-id=\"f07e3ff\" data-element_type=\"container\" data-e-type=\"container\">\n\t\t<div role=\"region\" aria-labelledby=\"e-n-accordion-item-7081\" class=\"elementor-element elementor-element-ba0d7df e-flex e-con-boxed e-con e-child\" data-id=\"ba0d7df\" data-element_type=\"container\" data-e-type=\"container\">\n\t\t\t\t\t<div class=\"e-con-inner\">\n\t\t\t\t<div class=\"elementor-element elementor-element-bd0918d elementor-widget elementor-widget-text-editor\" data-id=\"bd0918d\" data-element_type=\"widget\" data-e-type=\"widget\" data-widget_type=\"text-editor.default\">\n\t\t\t\t\t\t\t\t\t<p><span style=\"font-weight: 400;\">Transporte sempre a insulina na bagagem de m\u00e3o, nunca no por\u00e3o. Leve uma declara\u00e7\u00e3o m\u00e9dica em ingl\u00eas. Use bolsas t\u00e9rmicas em climas quentes e transporte o dobro da medica\u00e7\u00e3o necess\u00e1ria.<\/span><\/p>\t\t\t\t\t\t\t\t<\/div>\n\t\t\t\t\t<\/div>\n\t\t\t\t<\/div>\n\t\t\t\t<\/div>\n\t\t\t\t\t<\/details>\n\t\t\t\t\t\t<details id=\"e-n-accordion-item-7082\" class=\"e-n-accordion-item\" >\n\t\t\t\t<summary class=\"e-n-accordion-item-title\" data-accordion-index=\"3\" tabindex=\"-1\" aria-expanded=\"false\" aria-controls=\"e-n-accordion-item-7082\" >\n\t\t\t\t\t<span class='e-n-accordion-item-title-header'><div class=\"e-n-accordion-item-title-text\"> Posso tomar a vacina da febre amarela se estiver imunodeprimido? <\/div><\/span>\n\t\t\t\t\t\t\t<span class='e-n-accordion-item-title-icon'>\n\t\t\t<span class='e-opened' ><svg aria-hidden=\"true\" class=\"e-font-icon-svg e-fas-minus\" viewBox=\"0 0 448 512\" xmlns=\"http:\/\/www.w3.org\/2000\/svg\"><path d=\"M416 208H32c-17.67 0-32 14.33-32 32v32c0 17.67 14.33 32 32 32h384c17.67 0 32-14.33 32-32v-32c0-17.67-14.33-32-32-32z\"><\/path><\/svg><\/span>\n\t\t\t<span class='e-closed'><svg aria-hidden=\"true\" class=\"e-font-icon-svg e-fas-plus\" viewBox=\"0 0 448 512\" xmlns=\"http:\/\/www.w3.org\/2000\/svg\"><path d=\"M416 208H272V64c0-17.67-14.33-32-32-32h-32c-17.67 0-32 14.33-32 32v144H32c-17.67 0-32 14.33-32 32v32c0 17.67 14.33 32 32 32h144v144c0 17.67 14.33 32 32 32h32c17.67 0 32-14.33 32-32V304h144c17.67 0 32-14.33 32-32v-32c0-17.67-14.33-32-32-32z\"><\/path><\/svg><\/span>\n\t\t<\/span>\n\n\t\t\t\t\t\t<\/summary>\n\t\t\t\t<div role=\"region\" aria-labelledby=\"e-n-accordion-item-7082\" class=\"elementor-element elementor-element-1948aa2 e-con-full e-flex e-con e-child\" data-id=\"1948aa2\" data-element_type=\"container\" data-e-type=\"container\">\n\t\t<div role=\"region\" aria-labelledby=\"e-n-accordion-item-7082\" class=\"elementor-element elementor-element-44203e4 e-flex e-con-boxed e-con e-child\" data-id=\"44203e4\" data-element_type=\"container\" data-e-type=\"container\">\n\t\t\t\t\t<div class=\"e-con-inner\">\n\t\t\t\t<div class=\"elementor-element elementor-element-90363e4 elementor-widget elementor-widget-text-editor\" data-id=\"90363e4\" data-element_type=\"widget\" data-e-type=\"widget\" data-widget_type=\"text-editor.default\">\n\t\t\t\t\t\t\t\t\t<p><span style=\"font-weight: 400;\">Geralmente n\u00e3o. A vacina da febre amarela \u00e9 uma vacina viva e est\u00e1 contraindicada em imunodeprimidos graves. Pode ser emitida uma carta de isen\u00e7\u00e3o m\u00e9dica para pa\u00edses que a exijam.<\/span><\/p>\t\t\t\t\t\t\t\t<\/div>\n\t\t\t\t\t<\/div>\n\t\t\t\t<\/div>\n\t\t\t\t<\/div>\n\t\t\t\t\t<\/details>\n\t\t\t\t\t\t<details id=\"e-n-accordion-item-7083\" class=\"e-n-accordion-item\" >\n\t\t\t\t<summary class=\"e-n-accordion-item-title\" data-accordion-index=\"4\" tabindex=\"-1\" aria-expanded=\"false\" aria-controls=\"e-n-accordion-item-7083\" >\n\t\t\t\t\t<span class='e-n-accordion-item-title-header'><div class=\"e-n-accordion-item-title-text\"> Devo ajustar a medica\u00e7\u00e3o com a mudan\u00e7a de fuso hor\u00e1rio? <\/div><\/span>\n\t\t\t\t\t\t\t<span class='e-n-accordion-item-title-icon'>\n\t\t\t<span class='e-opened' ><svg aria-hidden=\"true\" class=\"e-font-icon-svg e-fas-minus\" viewBox=\"0 0 448 512\" xmlns=\"http:\/\/www.w3.org\/2000\/svg\"><path d=\"M416 208H32c-17.67 0-32 14.33-32 32v32c0 17.67 14.33 32 32 32h384c17.67 0 32-14.33 32-32v-32c0-17.67-14.33-32-32-32z\"><\/path><\/svg><\/span>\n\t\t\t<span class='e-closed'><svg aria-hidden=\"true\" class=\"e-font-icon-svg e-fas-plus\" viewBox=\"0 0 448 512\" xmlns=\"http:\/\/www.w3.org\/2000\/svg\"><path d=\"M416 208H272V64c0-17.67-14.33-32-32-32h-32c-17.67 0-32 14.33-32 32v144H32c-17.67 0-32 14.33-32 32v32c0 17.67 14.33 32 32 32h144v144c0 17.67 14.33 32 32 32h32c17.67 0 32-14.33 32-32V304h144c17.67 0 32-14.33 32-32v-32c0-17.67-14.33-32-32-32z\"><\/path><\/svg><\/span>\n\t\t<\/span>\n\n\t\t\t\t\t\t<\/summary>\n\t\t\t\t<div role=\"region\" aria-labelledby=\"e-n-accordion-item-7083\" class=\"elementor-element elementor-element-e6b82d0 e-con-full e-flex e-con e-child\" data-id=\"e6b82d0\" data-element_type=\"container\" data-e-type=\"container\">\n\t\t<div role=\"region\" aria-labelledby=\"e-n-accordion-item-7083\" class=\"elementor-element elementor-element-ff98332 e-flex e-con-boxed e-con e-child\" data-id=\"ff98332\" data-element_type=\"container\" data-e-type=\"container\">\n\t\t\t\t\t<div class=\"e-con-inner\">\n\t\t\t\t<div class=\"elementor-element elementor-element-b745fb3 elementor-widget elementor-widget-text-editor\" data-id=\"b745fb3\" data-element_type=\"widget\" data-e-type=\"widget\" data-widget_type=\"text-editor.default\">\n\t\t\t\t\t\t\t\t\t<p><span style=\"font-weight: 400;\">Depende da medica\u00e7\u00e3o. A insulina e a anticoagula\u00e7\u00e3o requerem ajuste com mudan\u00e7as de fuso. Anti-hipertensores e outros medicamentos cr\u00f3nicos devem ser tomados segundo o hor\u00e1rio local ap\u00f3s a chegada.<\/span><\/p>\t\t\t\t\t\t\t\t<\/div>\n\t\t\t\t\t<\/div>\n\t\t\t\t<\/div>\n\t\t\t\t<\/div>\n\t\t\t\t\t<\/details>\n\t\t\t\t\t\t<details id=\"e-n-accordion-item-7084\" class=\"e-n-accordion-item\" >\n\t\t\t\t<summary class=\"e-n-accordion-item-title\" data-accordion-index=\"5\" tabindex=\"-1\" aria-expanded=\"false\" aria-controls=\"e-n-accordion-item-7084\" >\n\t\t\t\t\t<span class='e-n-accordion-item-title-header'><div class=\"e-n-accordion-item-title-text\"> Os viajantes diab\u00e9ticos podem fazer a profilaxia da mal\u00e1ria? <\/div><\/span>\n\t\t\t\t\t\t\t<span class='e-n-accordion-item-title-icon'>\n\t\t\t<span class='e-opened' ><svg aria-hidden=\"true\" class=\"e-font-icon-svg e-fas-minus\" viewBox=\"0 0 448 512\" xmlns=\"http:\/\/www.w3.org\/2000\/svg\"><path d=\"M416 208H32c-17.67 0-32 14.33-32 32v32c0 17.67 14.33 32 32 32h384c17.67 0 32-14.33 32-32v-32c0-17.67-14.33-32-32-32z\"><\/path><\/svg><\/span>\n\t\t\t<span class='e-closed'><svg aria-hidden=\"true\" class=\"e-font-icon-svg e-fas-plus\" viewBox=\"0 0 448 512\" xmlns=\"http:\/\/www.w3.org\/2000\/svg\"><path d=\"M416 208H272V64c0-17.67-14.33-32-32-32h-32c-17.67 0-32 14.33-32 32v144H32c-17.67 0-32 14.33-32 32v32c0 17.67 14.33 32 32 32h144v144c0 17.67 14.33 32 32 32h32c17.67 0 32-14.33 32-32V304h144c17.67 0 32-14.33 32-32v-32c0-17.67-14.33-32-32-32z\"><\/path><\/svg><\/span>\n\t\t<\/span>\n\n\t\t\t\t\t\t<\/summary>\n\t\t\t\t<div role=\"region\" aria-labelledby=\"e-n-accordion-item-7084\" class=\"elementor-element elementor-element-7547615 e-con-full e-flex e-con e-child\" data-id=\"7547615\" data-element_type=\"container\" data-e-type=\"container\">\n\t\t<div role=\"region\" aria-labelledby=\"e-n-accordion-item-7084\" class=\"elementor-element elementor-element-8c9a957 e-flex e-con-boxed e-con e-child\" data-id=\"8c9a957\" data-element_type=\"container\" data-e-type=\"container\">\n\t\t\t\t\t<div class=\"e-con-inner\">\n\t\t\t\t<div class=\"elementor-element elementor-element-2f07efa elementor-widget elementor-widget-text-editor\" data-id=\"2f07efa\" data-element_type=\"widget\" data-e-type=\"widget\" data-widget_type=\"text-editor.default\">\n\t\t\t\t\t\t\t\t\t<p><span style=\"font-weight: 400;\">Sim. Os antipal\u00fadicos s\u00e3o geralmente seguros em diab\u00e9ticos. A mefloquina pode afetar a glicemia em casos raros. O atovaquona-proguanil e a doxiciclina s\u00e3o op\u00e7\u00f5es seguras para viajantes diab\u00e9ticos.<\/span><\/p>\t\t\t\t\t\t\t\t<\/div>\n\t\t\t\t\t<\/div>\n\t\t\t\t<\/div>\n\t\t\t\t<\/div>\n\t\t\t\t\t<\/details>\n\t\t\t\t\t<\/div>\n\t\t\t\t\t<script type=\"application\/ld+json\">{\"@context\":\"https:\\\/\\\/schema.org\",\"@type\":\"FAQPage\",\"mainEntity\":[{\"@type\":\"Question\",\"name\":\"Posso viajar de avi\\u00e3o se tiver problemas card\\u00edacos?\",\"acceptedAnswer\":{\"@type\":\"Answer\",\"text\":\"A maioria dos doentes card\\u00edacos est\\u00e1veis pode voar com seguran\\u00e7a. Deve consultar o cardiologista antes da viagem se tiver insufici\\u00eancia card\\u00edaca, angina inst\\u00e1vel ou enfarte recente.\"}},{\"@type\":\"Question\",\"name\":\"Como transportar insulina no avi\\u00e3o?\",\"acceptedAnswer\":{\"@type\":\"Answer\",\"text\":\"Transporte sempre a insulina na bagagem de m\\u00e3o, nunca no por\\u00e3o. Leve uma declara\\u00e7\\u00e3o m\\u00e9dica em ingl\\u00eas. Use bolsas t\\u00e9rmicas em climas quentes e transporte o dobro da medica\\u00e7\\u00e3o necess\\u00e1ria.\"}},{\"@type\":\"Question\",\"name\":\"Posso tomar a vacina da febre amarela se estiver imunodeprimido?\",\"acceptedAnswer\":{\"@type\":\"Answer\",\"text\":\"Geralmente n\\u00e3o. A vacina da febre amarela \\u00e9 uma vacina viva e est\\u00e1 contraindicada em imunodeprimidos graves. Pode ser emitida uma carta de isen\\u00e7\\u00e3o m\\u00e9dica para pa\\u00edses que a exijam.\"}},{\"@type\":\"Question\",\"name\":\"Devo ajustar a medica\\u00e7\\u00e3o com a mudan\\u00e7a de fuso hor\\u00e1rio?\",\"acceptedAnswer\":{\"@type\":\"Answer\",\"text\":\"Depende da medica\\u00e7\\u00e3o. A insulina e a anticoagula\\u00e7\\u00e3o requerem ajuste com mudan\\u00e7as de fuso. Anti-hipertensores e outros medicamentos cr\\u00f3nicos devem ser tomados segundo o hor\\u00e1rio local ap\\u00f3s a chegada.\"}},{\"@type\":\"Question\",\"name\":\"Os viajantes diab\\u00e9ticos podem fazer a profilaxia da mal\\u00e1ria?\",\"acceptedAnswer\":{\"@type\":\"Answer\",\"text\":\"Sim. Os antipal\\u00fadicos s\\u00e3o geralmente seguros em diab\\u00e9ticos. A mefloquina pode afetar a glicemia em casos raros. O atovaquona-proguanil e a doxiciclina s\\u00e3o op\\u00e7\\u00f5es seguras para viajantes diab\\u00e9ticos.\"}}]}<\/script>\n\t\t\t\t\t\t\t<\/div>\n\t\t\t\t<\/div>\n\t\t\t\t<\/div>\n\t\t\t\t\t<\/div>\n\t\t\t\t<\/div>\n\t\t<div class=\"elementor-element elementor-element-02d7fba e-flex e-con-boxed e-con e-parent\" data-id=\"02d7fba\" data-element_type=\"container\" data-e-type=\"container\">\n\t\t\t\t\t<div class=\"e-con-inner\">\n\t\t\t\t<div class=\"elementor-element elementor-element-ca91313 elementor-widget elementor-widget-text-editor\" data-id=\"ca91313\" data-element_type=\"widget\" data-e-type=\"widget\" data-widget_type=\"text-editor.default\">\n\t\t\t\t\t\t\t\t\t<h2><b>Conclus\u00e3o<\/b><\/h2><p><span style=\"font-weight: 400;\">A <\/span><b>consulta do viajante adaptada a doentes cr\u00f3nicos<\/b><span style=\"font-weight: 400;\"> \u00e9 essencial para garantir viagens internacionais seguras. A prepara\u00e7\u00e3o adequada \u2014 incluindo estabiliza\u00e7\u00e3o da doen\u00e7a de base, ajuste de medica\u00e7\u00e3o, vacina\u00e7\u00e3o adaptada e plano de conting\u00eancia \u2014 permite que <\/span><b>viajantes com diabetes, doen\u00e7as cardiovasculares e imunossupress\u00e3o<\/b><span style=\"font-weight: 400;\"> viajem com seguran\u00e7a. A coordena\u00e7\u00e3o entre especialistas e a documenta\u00e7\u00e3o m\u00e9dica adequada s\u00e3o pilares desta prepara\u00e7\u00e3o.<\/span><\/p><h2><b>Refer\u00eancias<\/b><\/h2><p><a href=\"https:\/\/academic.oup.com\/jtm\" target=\"_blank\" rel=\"dofollow noopener\">International Society of Travel Medicine. ISTM Guidelines for the Immunocompromised Traveller<\/a><\/p><p><a href=\"https:\/\/www.escardio.org\/\" target=\"_blank\" rel=\"dofollow noopener\">European Society of Cardiology. ESC Guidelines on Cardiovascular Disease and Air Travel<\/a><\/p><p><a href=\"https:\/\/idf.org\/\" target=\"_blank\" rel=\"dofollow noopener\">International Diabetes Federation. IDF Clinical Practice Recommendations for Managing Diabetes During Travel<\/a><\/p>\t\t\t\t\t\t\t\t<\/div>\n\t\t\t\t\t<\/div>\n\t\t\t\t<\/div>\n\t\t\t\t<\/div>\n\t\t","protected":false},"excerpt":{"rendered":"<p>Introdu\u00e7\u00e3o O n\u00famero de viajantes internacionais com doen\u00e7as cr\u00f3nicas tem aumentado significativamente, acompanhando o crescimento do turismo global e o envelhecimento da popula\u00e7\u00e3o. Viajantes com diabetes, doen\u00e7as cardiovasculares, imunossupress\u00e3o ou outras condi\u00e7\u00f5es cr\u00f3nicas enfrentam desafios adicionais que requerem prepara\u00e7\u00e3o espec\u00edfica na consulta do viajante. A Organiza\u00e7\u00e3o Mundial de Sa\u00fade (OMS) e a International Society of [&hellip;]<\/p>\n","protected":false},"author":13102,"featured_media":59194,"comment_status":"closed","ping_status":"closed","sticky":false,"template":"","format":"standard","meta":{"_jetpack_memberships_contains_paid_content":false,"footnotes":""},"categories":[256],"tags":[],"class_list":["post-59018","post","type-post","status-publish","format-standard","has-post-thumbnail","hentry","category-medicina-do-viajante"],"jetpack_featured_media_url":"https:\/\/staging.mediconanet.pt\/wp-content\/uploads\/2026\/03\/wpimage-id893sizeSlugfulllinkDestinationnone-figure-classwp-block-image-size-fullimg-srchttpscomprarcbdonline.ptwp-contentuploads202603unnamed-3.jpg-altFrasco-de-vidro-transparente-c-80.jpg","jetpack_sharing_enabled":true,"_links":{"self":[{"href":"https:\/\/staging.mediconanet.pt\/en\/wp-json\/wp\/v2\/posts\/59018","targetHints":{"allow":["GET"]}}],"collection":[{"href":"https:\/\/staging.mediconanet.pt\/en\/wp-json\/wp\/v2\/posts"}],"about":[{"href":"https:\/\/staging.mediconanet.pt\/en\/wp-json\/wp\/v2\/types\/post"}],"author":[{"embeddable":true,"href":"https:\/\/staging.mediconanet.pt\/en\/wp-json\/wp\/v2\/users\/13102"}],"replies":[{"embeddable":true,"href":"https:\/\/staging.mediconanet.pt\/en\/wp-json\/wp\/v2\/comments?post=59018"}],"version-history":[{"count":13,"href":"https:\/\/staging.mediconanet.pt\/en\/wp-json\/wp\/v2\/posts\/59018\/revisions"}],"predecessor-version":[{"id":59250,"href":"https:\/\/staging.mediconanet.pt\/en\/wp-json\/wp\/v2\/posts\/59018\/revisions\/59250"}],"wp:featuredmedia":[{"embeddable":true,"href":"https:\/\/staging.mediconanet.pt\/en\/wp-json\/wp\/v2\/media\/59194"}],"wp:attachment":[{"href":"https:\/\/staging.mediconanet.pt\/en\/wp-json\/wp\/v2\/media?parent=59018"}],"wp:term":[{"taxonomy":"category","embeddable":true,"href":"https:\/\/staging.mediconanet.pt\/en\/wp-json\/wp\/v2\/categories?post=59018"},{"taxonomy":"post_tag","embeddable":true,"href":"https:\/\/staging.mediconanet.pt\/en\/wp-json\/wp\/v2\/tags?post=59018"}],"curies":[{"name":"wp","href":"https:\/\/api.w.org\/{rel}","templated":true}]}}