{"id":59004,"date":"2026-03-23T10:13:43","date_gmt":"2026-03-23T10:13:43","guid":{"rendered":"https:\/\/www.mediconanet.pt\/?p=59004"},"modified":"2026-03-24T15:06:47","modified_gmt":"2026-03-24T15:06:47","slug":"doencas-viajante-febre-diarreia-ajuda","status":"publish","type":"post","link":"https:\/\/staging.mediconanet.pt\/en\/doencas-viajante-febre-diarreia-ajuda\/","title":{"rendered":"Doen\u00e7as do Viajante: Febre ao Regressar, Diarreia Tropical e Quando Procurar Ajuda"},"content":{"rendered":"\t\t<div data-elementor-type=\"wp-post\" data-elementor-id=\"59004\" class=\"elementor elementor-59004\" data-elementor-post-type=\"post\">\n\t\t\t\t<div class=\"elementor-element elementor-element-570cfe3 e-flex e-con-boxed e-con e-parent\" data-id=\"570cfe3\" data-element_type=\"container\" data-e-type=\"container\">\n\t\t\t\t\t<div class=\"e-con-inner\">\n\t\t\t\t<div class=\"elementor-element elementor-element-1761780 elementor-widget elementor-widget-text-editor\" data-id=\"1761780\" data-element_type=\"widget\" data-e-type=\"widget\" data-widget_type=\"text-editor.default\">\n\t\t\t\t\t\t\t\t\t<h2><b>Introdu\u00e7\u00e3o<\/b><\/h2><p><span style=\"font-weight: 400;\">As <\/span><b>doen\u00e7as adquiridas durante viagens <\/b><span style=\"font-weight: 400;\">internacionais s\u00e3o uma realidade frequente, com 22 a 64 % dos viajantes para regi\u00f5es tropicais a reportar algum problema de sa\u00fade durante ou ap\u00f3s a viagem. O reconhecimento dos sintomas de doen\u00e7as tropicais e a procura atempada de cuidados m\u00e9dicos s\u00e3o fundamentais para o diagn\u00f3stico e tratamento precoces, especialmente no caso de doen\u00e7as potencialmente graves como a mal\u00e1ria.<\/span><\/p><p><span style=\"font-weight: 400;\">Em Portugal, o Instituto de Higiene e Medicina Tropical (IHMT) e os hospitais centrais disp\u00f5em de consultas especializadas em patologia tropical para avalia\u00e7\u00e3o de viajantes regressados com sintomas. A Dire\u00e7\u00e3o-Geral da Sa\u00fade (DGS) recomenda que qualquer<\/span><b> viajante com febre<\/b><span style=\"font-weight: 400;\"> nos primeiros 12 meses ap\u00f3s regresso de zona end\u00e9mica de mal\u00e1ria procure cuidados m\u00e9dicos urgentes, informando sobre o historial de viagem.<\/span><\/p><h2><b>Febre Ap\u00f3s Viagem Internacional<\/b><\/h2><p><span style=\"font-weight: 400;\">A febre \u00e9 o motivo mais frequente de consulta m\u00e9dica urgente no viajante regressado, representando at\u00e9 25 % de todas as queixas p\u00f3s-viagem. A mal\u00e1ria \u00e9 o diagn\u00f3stico mais importante a excluir em qualquer <\/span><b>viajante com febre <\/b><span style=\"font-weight: 400;\">nos 12 meses ap\u00f3s regresso de zona end\u00e9mica, podendo ser fatal em horas se n\u00e3o tratada. O teste de gota espessa e o teste r\u00e1pido de diagn\u00f3stico devem ser realizados com urg\u00eancia.<\/span><\/p><p><span style=\"font-weight: 400;\">A dengue \u00e9 a segunda causa mais frequente de febre no viajante regressado dos tr\u00f3picos, com incid\u00eancia crescente a n\u00edvel global. Manifesta-se com febre alta, mialgias intensas (&#8220;febre quebra-ossos&#8221;), cefaleia retro-orbit\u00e1ria, exantema e leucopenia. A European Centre for Disease Prevention and Control (ECDC) alerta para o risco de dengue aut\u00f3ctone no sul da Europa, incluindo o arquip\u00e9lago da Madeira, onde ocorreu um surto em 2012.<\/span><\/p><p><span style=\"font-weight: 400;\">Outras causas de <\/span><b>febre no viajante<\/b><span style=\"font-weight: 400;\"> incluem: febre tifoide (\u00c1sia do Sul, \u00c1frica), chikungunya (tr\u00f3picos), zika (Am\u00e9rica Latina, \u00c1sia do Sudeste), hepatite A e E (\u00e1gua\/alimentos contaminados), infe\u00e7\u00f5es respirat\u00f3rias e rickettsioses (picada de carra\u00e7a). O CDC recomenda uma abordagem sistem\u00e1tica que considere o destino, o per\u00edodo de incuba\u00e7\u00e3o, as exposi\u00e7\u00f5es de risco e o quadro cl\u00ednico para orientar o diagn\u00f3stico diferencial.<\/span><\/p><h2><b>Diarreia do Viajante e Infe\u00e7\u00f5es Gastrointestinais<\/b><\/h2><p><span style=\"font-weight: 400;\">A <\/span><b>diarreia do viajante<\/b><span style=\"font-weight: 400;\"> \u00e9 a doen\u00e7a mais comum, afetando 30 a 70 % dos <\/span><b>viajantes <\/b><span style=\"font-weight: 400;\">para pa\u00edses de baixo rendimento. Na maioria dos casos \u00e9 causada por E. coli enterotoxig\u00e9nica, seguida de Campylobacter, Salmonella, Shigella e, menos frequentemente, parasitas como Giardia lamblia e Entamoeba histolytica.<\/span><\/p><p><span style=\"font-weight: 400;\">A maioria dos epis\u00f3dios \u00e9 autolimitada, resolvendo-se em 3 a 5 dias. O tratamento baseia-se em reidrata\u00e7\u00e3o oral (sais de reidrata\u00e7\u00e3o), loperamida como sintom\u00e1tico (em diarreias sem febre nem sangue) e antibioterapia com azitromicina em casos moderados a graves (febre, diarreia sanguinolenta, mais de 3 deje\u00e7\u00f5es por dia com impacto funcional). As fluoroquinolonas devem ser evitadas como tratamento emp\u00edrico no Sudeste Asi\u00e1tico, pela elevada resist\u00eancia do Campylobacter.<\/span><\/p><p><span style=\"font-weight: 400;\">A diarreia persistente (&gt;14 dias) ou cr\u00f3nica ap\u00f3s viagem deve levantar a suspeita de infe\u00e7\u00e3o parasit\u00e1ria \u2014 particularmente giard\u00edase, ameb\u00edase ou criptosporidiose. O exame parasitol\u00f3gico de fezes (idealmente 3 amostras colhidas em dias alternados) e os testes moleculares (PCR multiplex para enteropatog\u00e9nios) s\u00e3o fundamentais para o diagn\u00f3stico. A Sociedade Portuguesa de Doen\u00e7as Infeciosas (SPDI) recomenda investiga\u00e7\u00e3o parasitol\u00f3gica em toda a diarreia persistente ap\u00f3s viagem tropical.<\/span><\/p><h2><b>Doen\u00e7as Cut\u00e2neas e Outras Condi\u00e7\u00f5es do Viajante<\/b><\/h2><p><span style=\"font-weight: 400;\">As dermatoses s\u00e3o a terceira causa mais frequente de consulta no<\/span><b> viajante <\/b><span style=\"font-weight: 400;\">regressado, ap\u00f3s febre e diarreia. As picadas de insetos com rea\u00e7\u00e3o al\u00e9rgica, a larva migrans cut\u00e2nea (praia tropical), a leishmaniose cut\u00e2nea, a mi\u00edase (larvas subcut\u00e2neas) e a tung\u00edase (pulga de areia) s\u00e3o diagn\u00f3sticos a considerar em les\u00f5es cut\u00e2neas adquiridas nos tr\u00f3picos.<\/span><\/p><p><span style=\"font-weight: 400;\">As infe\u00e7\u00f5es sexualmente transmiss\u00edveis adquiridas em viagem s\u00e3o uma preocupa\u00e7\u00e3o crescente. Estudos publicados no Journal of Travel Medicine estimam que 5 a 50 % dos <\/span><b>viajantes de longa dura\u00e7\u00e3o<\/b><span style=\"font-weight: 400;\"> t\u00eam contactos sexuais com parceiros locais ou outros <\/span><b>viajantes<\/b><span style=\"font-weight: 400;\">. O rastreio de ISTs deve ser considerado em <\/span><b>viajantes<\/b><span style=\"font-weight: 400;\"> que reportem novos contactos sexuais desprotegidos durante a viagem.<\/span><\/p><p><span style=\"font-weight: 400;\">A esquistossomose (bilharziose) deve ser investigada em <\/span><b>viajantes com exposi\u00e7\u00e3o a \u00e1gua doce <\/b><span style=\"font-weight: 400;\">na \u00c1frica Subsaariana, particularmente lagos e rios. Os sintomas podem surgir semanas a meses ap\u00f3s a exposi\u00e7\u00e3o, com febre, urtic\u00e1ria, eosinofilia e hemat\u00faria. A European Society of Clinical Microbiology and Infectious Diseases (ESCMID) recomenda serologia para Schistosoma em <\/span><b>viajantes com exposi\u00e7\u00e3o de risco<\/b><span style=\"font-weight: 400;\">, mesmo assintom\u00e1ticos. O Instituto de Higiene e Medicina Tropical (IHMT) em Lisboa \u00e9 o centro de refer\u00eancia em Portugal para diagn\u00f3stico de doen\u00e7as tropicais.<\/span><\/p><p><i><span style=\"font-weight: 400;\">Na <strong>M\u00e9dico na Net<\/strong>, a <strong>equipa cl\u00ednica<\/strong> oferece <a href=\"https:\/\/staging.mediconanet.pt\/produto\/consulta-do-viajante\/\"><strong>avalia\u00e7\u00e3o de viajantes<\/strong><\/a> regressados com sintomas, com orienta\u00e7\u00e3o para diagn\u00f3stico de doen\u00e7as tropicais e referencia\u00e7\u00e3o para centros especializados quando necess\u00e1rio.<\/span><\/i><\/p>\t\t\t\t\t\t\t\t<\/div>\n\t\t\t\t<div class=\"elementor-element elementor-element-375973d elementor-widget elementor-widget-image\" data-id=\"375973d\" data-element_type=\"widget\" data-e-type=\"widget\" data-widget_type=\"image.default\">\n\t\t\t\t\t\t\t\t\t\t\t\t\t\t\t<img decoding=\"async\" src=\"https:\/\/staging.mediconanet.pt\/wp-content\/uploads\/2026\/03\/wpimage-id893sizeSlugfulllinkDestinationnone-figure-classwp-block-image-size-fullimg-srchttpscomprarcbdonline.ptwp-contentuploads202603unnamed-3.jpg-altFrasco-de-vidro-transparente-c-62.jpg\" title=\"Telemedicina para o Viajante: Como a Sa\u00fade Digital Transforma Suas Viagens\" alt=\"Mulher loira sentada em uma mesa, conversando por v\u00eddeo em seu notebook com um m\u00e9dico homem sorridente de jaleco branco, representando como o viajante pode obter assist\u00eancia m\u00e9dica remota de qualquer lugar do mundo.\" loading=\"lazy\" \/>\t\t\t\t\t\t\t\t\t\t\t\t\t\t\t<\/div>\n\t\t\t\t\t<\/div>\n\t\t\t\t<\/div>\n\t\t<div class=\"elementor-element elementor-element-1545e08 e-flex e-con-boxed e-con e-parent\" data-id=\"1545e08\" data-element_type=\"container\" data-e-type=\"container\">\n\t\t\t\t\t<div class=\"e-con-inner\">\n\t\t<div class=\"elementor-element elementor-element-9ad30cf e-con-full e-flex e-con e-child\" data-id=\"9ad30cf\" data-element_type=\"container\" data-e-type=\"container\">\n\t\t<div class=\"elementor-element elementor-element-66e4f21 e-con-full e-flex e-con e-child\" data-id=\"66e4f21\" data-element_type=\"container\" data-e-type=\"container\">\n\t\t\t\t<div class=\"elementor-element elementor-element-c44ae3e elementor-widget elementor-widget-heading\" data-id=\"c44ae3e\" data-element_type=\"widget\" data-e-type=\"widget\" data-widget_type=\"heading.default\">\n\t\t\t\t\t<h2 class=\"elementor-heading-title elementor-size-default\">Perguntas frequentes (FAQ)<\/h2>\t\t\t\t<\/div>\n\t\t\t\t<div class=\"elementor-element elementor-element-439b5c3 elementor-widget elementor-widget-n-accordion\" data-id=\"439b5c3\" data-element_type=\"widget\" data-e-type=\"widget\" data-settings=\"{&quot;default_state&quot;:&quot;all_collapsed&quot;,&quot;max_items_expended&quot;:&quot;one&quot;,&quot;n_accordion_animation_duration&quot;:{&quot;unit&quot;:&quot;ms&quot;,&quot;size&quot;:400,&quot;sizes&quot;:[]}}\" data-widget_type=\"nested-accordion.default\">\n\t\t\t\t\t\t\t<div class=\"e-n-accordion\" aria-label=\"Accordion. Open links with Enter or Space, close with Escape, and navigate with Arrow Keys\">\n\t\t\t\t\t\t<details id=\"e-n-accordion-item-7080\" class=\"e-n-accordion-item\" >\n\t\t\t\t<summary class=\"e-n-accordion-item-title\" data-accordion-index=\"1\" tabindex=\"0\" aria-expanded=\"false\" aria-controls=\"e-n-accordion-item-7080\" >\n\t\t\t\t\t<span class='e-n-accordion-item-title-header'><div class=\"e-n-accordion-item-title-text\"> Devo ir ao hospital se tiver febre ap\u00f3s viajar para \u00c1frica? <\/div><\/span>\n\t\t\t\t\t\t\t<span class='e-n-accordion-item-title-icon'>\n\t\t\t<span class='e-opened' ><svg aria-hidden=\"true\" class=\"e-font-icon-svg e-fas-minus\" viewBox=\"0 0 448 512\" xmlns=\"http:\/\/www.w3.org\/2000\/svg\"><path d=\"M416 208H32c-17.67 0-32 14.33-32 32v32c0 17.67 14.33 32 32 32h384c17.67 0 32-14.33 32-32v-32c0-17.67-14.33-32-32-32z\"><\/path><\/svg><\/span>\n\t\t\t<span class='e-closed'><svg aria-hidden=\"true\" class=\"e-font-icon-svg e-fas-plus\" viewBox=\"0 0 448 512\" xmlns=\"http:\/\/www.w3.org\/2000\/svg\"><path d=\"M416 208H272V64c0-17.67-14.33-32-32-32h-32c-17.67 0-32 14.33-32 32v144H32c-17.67 0-32 14.33-32 32v32c0 17.67 14.33 32 32 32h144v144c0 17.67 14.33 32 32 32h32c17.67 0 32-14.33 32-32V304h144c17.67 0 32-14.33 32-32v-32c0-17.67-14.33-32-32-32z\"><\/path><\/svg><\/span>\n\t\t<\/span>\n\n\t\t\t\t\t\t<\/summary>\n\t\t\t\t<div role=\"region\" aria-labelledby=\"e-n-accordion-item-7080\" class=\"elementor-element elementor-element-d801294 e-con-full e-flex e-con e-child\" data-id=\"d801294\" data-element_type=\"container\" data-e-type=\"container\">\n\t\t<div role=\"region\" aria-labelledby=\"e-n-accordion-item-7080\" class=\"elementor-element elementor-element-67dd609 e-flex e-con-boxed e-con e-child\" data-id=\"67dd609\" data-element_type=\"container\" data-e-type=\"container\">\n\t\t\t\t\t<div class=\"e-con-inner\">\n\t\t\t\t<div class=\"elementor-element elementor-element-2204be5 elementor-widget elementor-widget-text-editor\" data-id=\"2204be5\" data-element_type=\"widget\" data-e-type=\"widget\" data-widget_type=\"text-editor.default\">\n\t\t\t\t\t\t\t\t\t<p><span style=\"font-weight: 400;\">Sim, com urg\u00eancia. Qualquer febre nos 12 meses ap\u00f3s regresso de zona end\u00e9mica de mal\u00e1ria deve ser avaliada como urg\u00eancia m\u00e9dica. Informe sempre o m\u00e9dico sobre a sua viagem.<\/span><\/p>\t\t\t\t\t\t\t\t<\/div>\n\t\t\t\t\t<\/div>\n\t\t\t\t<\/div>\n\t\t\t\t<\/div>\n\t\t\t\t\t<\/details>\n\t\t\t\t\t\t<details id=\"e-n-accordion-item-7081\" class=\"e-n-accordion-item\" >\n\t\t\t\t<summary class=\"e-n-accordion-item-title\" data-accordion-index=\"2\" tabindex=\"-1\" aria-expanded=\"false\" aria-controls=\"e-n-accordion-item-7081\" >\n\t\t\t\t\t<span class='e-n-accordion-item-title-header'><div class=\"e-n-accordion-item-title-text\"> A diarreia do viajante \u00e9 perigosa? <\/div><\/span>\n\t\t\t\t\t\t\t<span class='e-n-accordion-item-title-icon'>\n\t\t\t<span class='e-opened' ><svg aria-hidden=\"true\" class=\"e-font-icon-svg e-fas-minus\" viewBox=\"0 0 448 512\" xmlns=\"http:\/\/www.w3.org\/2000\/svg\"><path d=\"M416 208H32c-17.67 0-32 14.33-32 32v32c0 17.67 14.33 32 32 32h384c17.67 0 32-14.33 32-32v-32c0-17.67-14.33-32-32-32z\"><\/path><\/svg><\/span>\n\t\t\t<span class='e-closed'><svg aria-hidden=\"true\" class=\"e-font-icon-svg e-fas-plus\" viewBox=\"0 0 448 512\" xmlns=\"http:\/\/www.w3.org\/2000\/svg\"><path d=\"M416 208H272V64c0-17.67-14.33-32-32-32h-32c-17.67 0-32 14.33-32 32v144H32c-17.67 0-32 14.33-32 32v32c0 17.67 14.33 32 32 32h144v144c0 17.67 14.33 32 32 32h32c17.67 0 32-14.33 32-32V304h144c17.67 0 32-14.33 32-32v-32c0-17.67-14.33-32-32-32z\"><\/path><\/svg><\/span>\n\t\t<\/span>\n\n\t\t\t\t\t\t<\/summary>\n\t\t\t\t<div role=\"region\" aria-labelledby=\"e-n-accordion-item-7081\" class=\"elementor-element elementor-element-f07e3ff e-con-full e-flex e-con e-child\" data-id=\"f07e3ff\" data-element_type=\"container\" data-e-type=\"container\">\n\t\t<div role=\"region\" aria-labelledby=\"e-n-accordion-item-7081\" class=\"elementor-element elementor-element-ba0d7df e-flex e-con-boxed e-con e-child\" data-id=\"ba0d7df\" data-element_type=\"container\" data-e-type=\"container\">\n\t\t\t\t\t<div class=\"e-con-inner\">\n\t\t\t\t<div class=\"elementor-element elementor-element-bd0918d elementor-widget elementor-widget-text-editor\" data-id=\"bd0918d\" data-element_type=\"widget\" data-e-type=\"widget\" data-widget_type=\"text-editor.default\">\n\t\t\t\t\t\t\t\t\t<p><span style=\"font-weight: 400;\">Na maioria dos casos \u00e9 autolimitada. Contudo, deve procurar ajuda se tiver diarreia sanguinolenta, febre alta, desidrata\u00e7\u00e3o ou se os sintomas durarem mais de 3-5 dias.<\/span><\/p>\t\t\t\t\t\t\t\t<\/div>\n\t\t\t\t\t<\/div>\n\t\t\t\t<\/div>\n\t\t\t\t<\/div>\n\t\t\t\t\t<\/details>\n\t\t\t\t\t\t<details id=\"e-n-accordion-item-7082\" class=\"e-n-accordion-item\" >\n\t\t\t\t<summary class=\"e-n-accordion-item-title\" data-accordion-index=\"3\" tabindex=\"-1\" aria-expanded=\"false\" aria-controls=\"e-n-accordion-item-7082\" >\n\t\t\t\t\t<span class='e-n-accordion-item-title-header'><div class=\"e-n-accordion-item-title-text\"> Posso tomar um antibi\u00f3tico por precau\u00e7\u00e3o durante a viagem? <\/div><\/span>\n\t\t\t\t\t\t\t<span class='e-n-accordion-item-title-icon'>\n\t\t\t<span class='e-opened' ><svg aria-hidden=\"true\" class=\"e-font-icon-svg e-fas-minus\" viewBox=\"0 0 448 512\" xmlns=\"http:\/\/www.w3.org\/2000\/svg\"><path d=\"M416 208H32c-17.67 0-32 14.33-32 32v32c0 17.67 14.33 32 32 32h384c17.67 0 32-14.33 32-32v-32c0-17.67-14.33-32-32-32z\"><\/path><\/svg><\/span>\n\t\t\t<span class='e-closed'><svg aria-hidden=\"true\" class=\"e-font-icon-svg e-fas-plus\" viewBox=\"0 0 448 512\" xmlns=\"http:\/\/www.w3.org\/2000\/svg\"><path d=\"M416 208H272V64c0-17.67-14.33-32-32-32h-32c-17.67 0-32 14.33-32 32v144H32c-17.67 0-32 14.33-32 32v32c0 17.67 14.33 32 32 32h144v144c0 17.67 14.33 32 32 32h32c17.67 0 32-14.33 32-32V304h144c17.67 0 32-14.33 32-32v-32c0-17.67-14.33-32-32-32z\"><\/path><\/svg><\/span>\n\t\t<\/span>\n\n\t\t\t\t\t\t<\/summary>\n\t\t\t\t<div role=\"region\" aria-labelledby=\"e-n-accordion-item-7082\" class=\"elementor-element elementor-element-1948aa2 e-con-full e-flex e-con e-child\" data-id=\"1948aa2\" data-element_type=\"container\" data-e-type=\"container\">\n\t\t<div role=\"region\" aria-labelledby=\"e-n-accordion-item-7082\" class=\"elementor-element elementor-element-44203e4 e-flex e-con-boxed e-con e-child\" data-id=\"44203e4\" data-element_type=\"container\" data-e-type=\"container\">\n\t\t\t\t\t<div class=\"e-con-inner\">\n\t\t\t\t<div class=\"elementor-element elementor-element-90363e4 elementor-widget elementor-widget-text-editor\" data-id=\"90363e4\" data-element_type=\"widget\" data-e-type=\"widget\" data-widget_type=\"text-editor.default\">\n\t\t\t\t\t\t\t\t\t<p><span style=\"font-weight: 400;\">A profilaxia antibi\u00f3tica de rotina para diarreia do viajante n\u00e3o \u00e9 recomendada. Pode levar um antibi\u00f3tico de reserva (azitromicina) prescrito pelo m\u00e9dico para autotratamento em caso de diarreia grave.<\/span><\/p>\t\t\t\t\t\t\t\t<\/div>\n\t\t\t\t\t<\/div>\n\t\t\t\t<\/div>\n\t\t\t\t<\/div>\n\t\t\t\t\t<\/details>\n\t\t\t\t\t\t<details id=\"e-n-accordion-item-7083\" class=\"e-n-accordion-item\" >\n\t\t\t\t<summary class=\"e-n-accordion-item-title\" data-accordion-index=\"4\" tabindex=\"-1\" aria-expanded=\"false\" aria-controls=\"e-n-accordion-item-7083\" >\n\t\t\t\t\t<span class='e-n-accordion-item-title-header'><div class=\"e-n-accordion-item-title-text\"> Quanto tempo ap\u00f3s a viagem podem surgir sintomas de mal\u00e1ria? <\/div><\/span>\n\t\t\t\t\t\t\t<span class='e-n-accordion-item-title-icon'>\n\t\t\t<span class='e-opened' ><svg aria-hidden=\"true\" class=\"e-font-icon-svg e-fas-minus\" viewBox=\"0 0 448 512\" xmlns=\"http:\/\/www.w3.org\/2000\/svg\"><path d=\"M416 208H32c-17.67 0-32 14.33-32 32v32c0 17.67 14.33 32 32 32h384c17.67 0 32-14.33 32-32v-32c0-17.67-14.33-32-32-32z\"><\/path><\/svg><\/span>\n\t\t\t<span class='e-closed'><svg aria-hidden=\"true\" class=\"e-font-icon-svg e-fas-plus\" viewBox=\"0 0 448 512\" xmlns=\"http:\/\/www.w3.org\/2000\/svg\"><path d=\"M416 208H272V64c0-17.67-14.33-32-32-32h-32c-17.67 0-32 14.33-32 32v144H32c-17.67 0-32 14.33-32 32v32c0 17.67 14.33 32 32 32h144v144c0 17.67 14.33 32 32 32h32c17.67 0 32-14.33 32-32V304h144c17.67 0 32-14.33 32-32v-32c0-17.67-14.33-32-32-32z\"><\/path><\/svg><\/span>\n\t\t<\/span>\n\n\t\t\t\t\t\t<\/summary>\n\t\t\t\t<div role=\"region\" aria-labelledby=\"e-n-accordion-item-7083\" class=\"elementor-element elementor-element-e6b82d0 e-con-full e-flex e-con e-child\" data-id=\"e6b82d0\" data-element_type=\"container\" data-e-type=\"container\">\n\t\t<div role=\"region\" aria-labelledby=\"e-n-accordion-item-7083\" class=\"elementor-element elementor-element-ff98332 e-flex e-con-boxed e-con e-child\" data-id=\"ff98332\" data-element_type=\"container\" data-e-type=\"container\">\n\t\t\t\t\t<div class=\"e-con-inner\">\n\t\t\t\t<div class=\"elementor-element elementor-element-b745fb3 elementor-widget elementor-widget-text-editor\" data-id=\"b745fb3\" data-element_type=\"widget\" data-e-type=\"widget\" data-widget_type=\"text-editor.default\">\n\t\t\t\t\t\t\t\t\t<p><span style=\"font-weight: 400;\">Os sintomas de mal\u00e1ria surgem geralmente 7-30 dias ap\u00f3s a picada, mas podem demorar at\u00e9 12 meses (especialmente com Plasmodium vivax e P. ovale). A febre p\u00f3s-viagem requer sempre exclus\u00e3o de mal\u00e1ria.<\/span><\/p>\t\t\t\t\t\t\t\t<\/div>\n\t\t\t\t\t<\/div>\n\t\t\t\t<\/div>\n\t\t\t\t<\/div>\n\t\t\t\t\t<\/details>\n\t\t\t\t\t\t<details id=\"e-n-accordion-item-7084\" class=\"e-n-accordion-item\" >\n\t\t\t\t<summary class=\"e-n-accordion-item-title\" data-accordion-index=\"5\" tabindex=\"-1\" aria-expanded=\"false\" aria-controls=\"e-n-accordion-item-7084\" >\n\t\t\t\t\t<span class='e-n-accordion-item-title-header'><div class=\"e-n-accordion-item-title-text\"> Onde posso fazer an\u00e1lises de doen\u00e7as tropicais em Portugal? <\/div><\/span>\n\t\t\t\t\t\t\t<span class='e-n-accordion-item-title-icon'>\n\t\t\t<span class='e-opened' ><svg aria-hidden=\"true\" class=\"e-font-icon-svg e-fas-minus\" viewBox=\"0 0 448 512\" xmlns=\"http:\/\/www.w3.org\/2000\/svg\"><path d=\"M416 208H32c-17.67 0-32 14.33-32 32v32c0 17.67 14.33 32 32 32h384c17.67 0 32-14.33 32-32v-32c0-17.67-14.33-32-32-32z\"><\/path><\/svg><\/span>\n\t\t\t<span class='e-closed'><svg aria-hidden=\"true\" class=\"e-font-icon-svg e-fas-plus\" viewBox=\"0 0 448 512\" xmlns=\"http:\/\/www.w3.org\/2000\/svg\"><path d=\"M416 208H272V64c0-17.67-14.33-32-32-32h-32c-17.67 0-32 14.33-32 32v144H32c-17.67 0-32 14.33-32 32v32c0 17.67 14.33 32 32 32h144v144c0 17.67 14.33 32 32 32h32c17.67 0 32-14.33 32-32V304h144c17.67 0 32-14.33 32-32v-32c0-17.67-14.33-32-32-32z\"><\/path><\/svg><\/span>\n\t\t<\/span>\n\n\t\t\t\t\t\t<\/summary>\n\t\t\t\t<div role=\"region\" aria-labelledby=\"e-n-accordion-item-7084\" class=\"elementor-element elementor-element-7547615 e-con-full e-flex e-con e-child\" data-id=\"7547615\" data-element_type=\"container\" data-e-type=\"container\">\n\t\t<div role=\"region\" aria-labelledby=\"e-n-accordion-item-7084\" class=\"elementor-element elementor-element-8c9a957 e-flex e-con-boxed e-con e-child\" data-id=\"8c9a957\" data-element_type=\"container\" data-e-type=\"container\">\n\t\t\t\t\t<div class=\"e-con-inner\">\n\t\t\t\t<div class=\"elementor-element elementor-element-2f07efa elementor-widget elementor-widget-text-editor\" data-id=\"2f07efa\" data-element_type=\"widget\" data-e-type=\"widget\" data-widget_type=\"text-editor.default\">\n\t\t\t\t\t\t\t\t\t<p><span style=\"font-weight: 400;\">O Instituto de Higiene e Medicina Tropical (IHMT) em Lisboa \u00e9 o centro de refer\u00eancia. Os hospitais centrais tamb\u00e9m disp\u00f5em de consultas de doen\u00e7as tropicais e infecciosas com capacidade diagn\u00f3stica.<\/span><\/p>\t\t\t\t\t\t\t\t<\/div>\n\t\t\t\t\t<\/div>\n\t\t\t\t<\/div>\n\t\t\t\t<\/div>\n\t\t\t\t\t<\/details>\n\t\t\t\t\t<\/div>\n\t\t\t\t\t<script type=\"application\/ld+json\">{\"@context\":\"https:\\\/\\\/schema.org\",\"@type\":\"FAQPage\",\"mainEntity\":[{\"@type\":\"Question\",\"name\":\"Devo ir ao hospital se tiver febre ap\\u00f3s viajar para \\u00c1frica?\",\"acceptedAnswer\":{\"@type\":\"Answer\",\"text\":\"Sim, com urg\\u00eancia. Qualquer febre nos 12 meses ap\\u00f3s regresso de zona end\\u00e9mica de mal\\u00e1ria deve ser avaliada como urg\\u00eancia m\\u00e9dica. Informe sempre o m\\u00e9dico sobre a sua viagem.\"}},{\"@type\":\"Question\",\"name\":\"A diarreia do viajante \\u00e9 perigosa?\",\"acceptedAnswer\":{\"@type\":\"Answer\",\"text\":\"Na maioria dos casos \\u00e9 autolimitada. Contudo, deve procurar ajuda se tiver diarreia sanguinolenta, febre alta, desidrata\\u00e7\\u00e3o ou se os sintomas durarem mais de 3-5 dias.\"}},{\"@type\":\"Question\",\"name\":\"Posso tomar um antibi\\u00f3tico por precau\\u00e7\\u00e3o durante a viagem?\",\"acceptedAnswer\":{\"@type\":\"Answer\",\"text\":\"A profilaxia antibi\\u00f3tica de rotina para diarreia do viajante n\\u00e3o \\u00e9 recomendada. Pode levar um antibi\\u00f3tico de reserva (azitromicina) prescrito pelo m\\u00e9dico para autotratamento em caso de diarreia grave.\"}},{\"@type\":\"Question\",\"name\":\"Quanto tempo ap\\u00f3s a viagem podem surgir sintomas de mal\\u00e1ria?\",\"acceptedAnswer\":{\"@type\":\"Answer\",\"text\":\"Os sintomas de mal\\u00e1ria surgem geralmente 7-30 dias ap\\u00f3s a picada, mas podem demorar at\\u00e9 12 meses (especialmente com Plasmodium vivax e P. ovale). A febre p\\u00f3s-viagem requer sempre exclus\\u00e3o de mal\\u00e1ria.\"}},{\"@type\":\"Question\",\"name\":\"Onde posso fazer an\\u00e1lises de doen\\u00e7as tropicais em Portugal?\",\"acceptedAnswer\":{\"@type\":\"Answer\",\"text\":\"O Instituto de Higiene e Medicina Tropical (IHMT) em Lisboa \\u00e9 o centro de refer\\u00eancia. Os hospitais centrais tamb\\u00e9m disp\\u00f5em de consultas de doen\\u00e7as tropicais e infecciosas com capacidade diagn\\u00f3stica.\"}}]}<\/script>\n\t\t\t\t\t\t\t<\/div>\n\t\t\t\t<\/div>\n\t\t\t\t<\/div>\n\t\t\t\t\t<\/div>\n\t\t\t\t<\/div>\n\t\t<div class=\"elementor-element elementor-element-02d7fba e-flex e-con-boxed e-con e-parent\" data-id=\"02d7fba\" data-element_type=\"container\" data-e-type=\"container\">\n\t\t\t\t\t<div class=\"e-con-inner\">\n\t\t\t\t<div class=\"elementor-element elementor-element-ca91313 elementor-widget elementor-widget-text-editor\" data-id=\"ca91313\" data-element_type=\"widget\" data-e-type=\"widget\" data-widget_type=\"text-editor.default\">\n\t\t\t\t\t\t\t\t\t<h2><b>Conclus\u00e3o<\/b><\/h2><p><span style=\"font-weight: 400;\">O <\/span><b>viajante regressado com sintomas <\/b><span style=\"font-weight: 400;\">requer uma abordagem cl\u00ednica que considere os riscos espec\u00edficos do destino e as exposi\u00e7\u00f5es durante a viagem. A exclus\u00e3o urgente de mal\u00e1ria em qualquer febre p\u00f3s-viagem tropical \u00e9 mandat\u00f3ria. A diarreia persistente, as les\u00f5es cut\u00e2neas tropicais e a febre inexplicada devem ser investigadas com exames espec\u00edficos e referenciadas a centros especializados quando necess\u00e1rio. Informar o m\u00e9dico sobre viagens recentes \u00e9 o passo mais importante para um diagn\u00f3stico correto e atempado.<\/span><\/p><h2><b>Refer\u00eancias<\/b><\/h2><p><a href=\"https:\/\/www.ecdc.europa.eu\/en\" target=\"_blank\" rel=\"dofollow noopener\">European Centre for Disease Prevention and Control. Surveillance and epidemiology of imported infectious diseases in EU\/EEA<\/a><\/p><p><a href=\"https:\/\/wwwnc.cdc.gov\/travel\/page\/yellowbook-home\" target=\"_blank\" rel=\"dofollow noopener\">Centers for Disease Control and Prevention. CDC Yellow Book \u2014 Posttravel Evaluation<\/a><\/p><p><a href=\"https:\/\/www.ihmt.unl.pt\/\" target=\"_blank\" rel=\"dofollow noopener\">Instituto de Higiene e Medicina Tropical. Orienta\u00e7\u00f5es para Diagn\u00f3stico de Mal\u00e1ria Importada<\/a><\/p>\t\t\t\t\t\t\t\t<\/div>\n\t\t\t\t\t<\/div>\n\t\t\t\t<\/div>\n\t\t\t\t<\/div>\n\t\t","protected":false},"excerpt":{"rendered":"<p>Introdu\u00e7\u00e3o As doen\u00e7as adquiridas durante viagens internacionais s\u00e3o uma realidade frequente, com 22 a 64 % dos viajantes para regi\u00f5es tropicais a reportar algum problema de sa\u00fade durante ou ap\u00f3s a viagem. O reconhecimento dos sintomas de doen\u00e7as tropicais e a procura atempada de cuidados m\u00e9dicos s\u00e3o fundamentais para o diagn\u00f3stico e tratamento precoces, especialmente [&hellip;]<\/p>\n","protected":false},"author":13102,"featured_media":59199,"comment_status":"closed","ping_status":"closed","sticky":false,"template":"","format":"standard","meta":{"_jetpack_memberships_contains_paid_content":false,"footnotes":""},"categories":[256],"tags":[],"class_list":["post-59004","post","type-post","status-publish","format-standard","has-post-thumbnail","hentry","category-medicina-do-viajante"],"jetpack_featured_media_url":"https:\/\/staging.mediconanet.pt\/wp-content\/uploads\/2026\/03\/wpimage-id893sizeSlugfulllinkDestinationnone-figure-classwp-block-image-size-fullimg-srchttpscomprarcbdonline.ptwp-contentuploads202603unnamed-3.jpg-altFrasco-de-vidro-transparente-c-83.jpg","jetpack_sharing_enabled":true,"_links":{"self":[{"href":"https:\/\/staging.mediconanet.pt\/en\/wp-json\/wp\/v2\/posts\/59004","targetHints":{"allow":["GET"]}}],"collection":[{"href":"https:\/\/staging.mediconanet.pt\/en\/wp-json\/wp\/v2\/posts"}],"about":[{"href":"https:\/\/staging.mediconanet.pt\/en\/wp-json\/wp\/v2\/types\/post"}],"author":[{"embeddable":true,"href":"https:\/\/staging.mediconanet.pt\/en\/wp-json\/wp\/v2\/users\/13102"}],"replies":[{"embeddable":true,"href":"https:\/\/staging.mediconanet.pt\/en\/wp-json\/wp\/v2\/comments?post=59004"}],"version-history":[{"count":13,"href":"https:\/\/staging.mediconanet.pt\/en\/wp-json\/wp\/v2\/posts\/59004\/revisions"}],"predecessor-version":[{"id":59257,"href":"https:\/\/staging.mediconanet.pt\/en\/wp-json\/wp\/v2\/posts\/59004\/revisions\/59257"}],"wp:featuredmedia":[{"embeddable":true,"href":"https:\/\/staging.mediconanet.pt\/en\/wp-json\/wp\/v2\/media\/59199"}],"wp:attachment":[{"href":"https:\/\/staging.mediconanet.pt\/en\/wp-json\/wp\/v2\/media?parent=59004"}],"wp:term":[{"taxonomy":"category","embeddable":true,"href":"https:\/\/staging.mediconanet.pt\/en\/wp-json\/wp\/v2\/categories?post=59004"},{"taxonomy":"post_tag","embeddable":true,"href":"https:\/\/staging.mediconanet.pt\/en\/wp-json\/wp\/v2\/tags?post=59004"}],"curies":[{"name":"wp","href":"https:\/\/api.w.org\/{rel}","templated":true}]}}