{"id":58996,"date":"2026-03-23T10:00:18","date_gmt":"2026-03-23T10:00:18","guid":{"rendered":"https:\/\/www.mediconanet.pt\/?p=58996"},"modified":"2026-03-24T15:07:03","modified_gmt":"2026-03-24T15:07:03","slug":"consulta-do-viajante-vacinas-malaria-preparacao","status":"publish","type":"post","link":"https:\/\/staging.mediconanet.pt\/en\/consulta-do-viajante-vacinas-malaria-preparacao\/","title":{"rendered":"Consulta do Viajante: Vacinas, Profilaxia da Mal\u00e1ria e Prepara\u00e7\u00e3o para Viagens Internacionais"},"content":{"rendered":"\t\t<div data-elementor-type=\"wp-post\" data-elementor-id=\"58996\" class=\"elementor elementor-58996\" data-elementor-post-type=\"post\">\n\t\t\t\t<div class=\"elementor-element elementor-element-570cfe3 e-flex e-con-boxed e-con e-parent\" data-id=\"570cfe3\" data-element_type=\"container\" data-e-type=\"container\">\n\t\t\t\t\t<div class=\"e-con-inner\">\n\t\t\t\t<div class=\"elementor-element elementor-element-1761780 elementor-widget elementor-widget-text-editor\" data-id=\"1761780\" data-element_type=\"widget\" data-e-type=\"widget\" data-widget_type=\"text-editor.default\">\n\t\t\t\t\t\t\t\t\t<h2><b>Introdu\u00e7\u00e3o<\/b><\/h2><p><span style=\"font-weight: 400;\">A <\/span><b>consulta do viajante<\/b><span style=\"font-weight: 400;\"> \u00e9 uma consulta m\u00e9dica especializada que visa preparar o viajante para os riscos de sa\u00fade associados a destinos internacionais, particularmente regi\u00f5es tropicais e subtropicais. A Organiza\u00e7\u00e3o Mundial de Sa\u00fade (OMS) estima que 8 % dos viajantes para pa\u00edses em desenvolvimento necessitam de cuidados m\u00e9dicos durante ou ap\u00f3s a viagem, sendo a diarreia do viajante, infe\u00e7\u00f5es respirat\u00f3rias, febres e doen\u00e7as transmitidas por vetores as causas mais frequentes.<\/span><\/p><p><span style=\"font-weight: 400;\">Em Portugal, a <\/span><b>consulta do viajante<\/b><span style=\"font-weight: 400;\"> est\u00e1 dispon\u00edvel nos centros de sa\u00fade internacionais do Instituto de Higiene e Medicina Tropical (IHMT), nos centros de vacina\u00e7\u00e3o internacional da Dire\u00e7\u00e3o-Geral da Sa\u00fade (DGS) e em cl\u00ednicas privadas especializadas. A consulta deve ser realizada idealmente 4 a 6 semanas antes da viagem, para permitir a administra\u00e7\u00e3o de vacinas e o in\u00edcio de profilaxia antipal\u00fadica quando indicados.<\/span><\/p><h2><b>Vacina\u00e7\u00e3o do Viajante<\/b><\/h2><p><span style=\"font-weight: 400;\">A vacina\u00e7\u00e3o \u00e9 um dos pilares da <\/span><b>consulta do viajante<\/b><span style=\"font-weight: 400;\">. As vacinas recomendadas dependem do destino, dura\u00e7\u00e3o, tipo de viagem, idade e estado de sa\u00fade do viajante. A vacina contra a febre amarela \u00e9 a \u00fanica vacina obrigat\u00f3ria por regulamento sanit\u00e1rio internacional, exigida para entrada em determinados pa\u00edses da \u00c1frica e Am\u00e9rica do Sul. O certificado internacional de vacina\u00e7\u00e3o contra a febre amarela \u00e9 v\u00e1lido para toda a vida.<\/span><\/p><p><span style=\"font-weight: 400;\">As vacinas frequentemente recomendadas incluem: hepatite A (para a maioria dos destinos em desenvolvimento), febre tifoide (\u00c1sia do Sul, \u00c1frica), raiva (viajantes de longa dura\u00e7\u00e3o em \u00e1reas end\u00e9micas), encefalite japonesa (\u00c1sia do Sul e Sudeste Asi\u00e1tico), meningite meningoc\u00f3cica ACWY (cintur\u00e3o africano da meningite, peregrinos a Meca), c\u00f3lera oral (zonas de surtos ativos) e poliomielite (pa\u00edses com transmiss\u00e3o ativa).<\/span><\/p><p><span style=\"font-weight: 400;\">A European Centre for Disease Prevention and Control (ECDC) e o Centers for Disease Control and Prevention (CDC) dos EUA mant\u00eam recomenda\u00e7\u00f5es atualizadas por destino. Em Portugal, os centros de vacina\u00e7\u00e3o internacional da DGS administram as vacinas recomendadas e obrigat\u00f3rias, emitindo o certificado internacional de vacina\u00e7\u00e3o. A atualiza\u00e7\u00e3o do esquema vacinal de rotina (t\u00e9tano, difteria, sarampo) deve ser verificada em cada consulta do viajante.<\/span><\/p><h2><b>Profilaxia da Mal\u00e1ria<\/b><\/h2><p><span style=\"font-weight: 400;\">A mal\u00e1ria (paludismo) \u00e9 a doen\u00e7a tropical mais importante para o viajante, com cerca de 10 000 casos importados por ano na Europa. Em Portugal, o IHMT regista anualmente 50 a 100 casos de mal\u00e1ria importada, predominantemente de viajantes regressados de pa\u00edses africanos lus\u00f3fonos (Angola, Mo\u00e7ambique, Guin\u00e9-Bissau).<\/span><\/p><p><span style=\"font-weight: 400;\">A profilaxia antipal\u00fadica (quimioprofilaxia) \u00e9 recomendada para viajantes em \u00e1reas de transmiss\u00e3o de mal\u00e1ria. Os f\u00e1rmacos dispon\u00edveis incluem atovaquona-proguanil (Malarone), doxiciclina e mefloquina. O atovaquona-proguanil \u00e9 o mais prescrito pela sua boa tolerabilidade, in\u00edcio apenas 1 dia antes da viagem e necessidade de continuar apenas 7 dias ap\u00f3s o regresso. A doxiciclina \u00e9 uma alternativa econ\u00f3mica, mas pode causar fotossensibilidade. A mefloquina \u00e9 tomada semanalmente mas tem mais efeitos neuropsiqui\u00e1tricos.<\/span><\/p><p><span style=\"font-weight: 400;\">A OMS e o CDC recomendam a combina\u00e7\u00e3o de quimioprofilaxia com medidas de prote\u00e7\u00e3o contra picadas de mosquitos: repelente com DEET 20-50 %, roupas compridas, rede mosquiteira impregnada com permetrina e evitar exposi\u00e7\u00e3o ao anoitecer e ao amanhecer (per\u00edodo de maior atividade do Anopheles). A <\/span><b>consulta do viajante <\/b><span style=\"font-weight: 400;\">deve informar sobre os sintomas de mal\u00e1ria (febre, calafrios, cefaleias, mialgias) e a necessidade de procurar cuidados m\u00e9dicos urgentes em caso de febre at\u00e9 12 meses ap\u00f3s o regresso.<\/span><\/p><h2><b>Outros Riscos e Prepara\u00e7\u00e3o Geral<\/b><\/h2><p><span style=\"font-weight: 400;\">A diarreia do viajante \u00e9 a doen\u00e7a mais frequente, afetando 30 a 70 % dos viajantes para pa\u00edses de baixo rendimento. A preven\u00e7\u00e3o baseia-se em medidas de higiene alimentar (&#8220;cook it, boil it, peel it, or forget it&#8221;) e no transporte de antibi\u00f3tico para autotratamento (azitromicina) em caso de diarreia grave. A loperamida pode ser usada como sintom\u00e1tico em diarreias sem febre nem sangue.<\/span><\/p><p><span style=\"font-weight: 400;\">A trombose venosa associada a voos longos (s\u00edndrome da classe econ\u00f3mica) deve ser abordada em viajantes com fatores de risco: uso de meias de compress\u00e3o graduada, hidrata\u00e7\u00e3o adequada, exerc\u00edcios regulares durante o voo e, em casos de alto risco, profilaxia com heparina de baixo peso molecular.<\/span><\/p><p><span style=\"font-weight: 400;\">O kit m\u00e9dico do viajante deve incluir: analg\u00e9sicos, anti-histam\u00ednico, antidiarreico, sais de reidrata\u00e7\u00e3o oral, repelente de insetos, protetor solar, antibi\u00f3tico de reserva (conforme prescri\u00e7\u00e3o), medica\u00e7\u00e3o cr\u00f3nica habitual (em quantidade suficiente, com receita), e auto-injetor de adrenalina para viajantes com alergias graves. A Dire\u00e7\u00e3o-Geral da Sa\u00fade (DGS) disponibiliza no seu portal informa\u00e7\u00e3o atualizada sobre riscos de sa\u00fade por destino, alertas epidemiol\u00f3gicos e requisitos de vacina\u00e7\u00e3o.<\/span><\/p><p><i><span style=\"font-weight: 400;\">Na<strong> M\u00e9dico na Net<\/strong>, a <strong>equipa cl\u00ednica<\/strong> oferece <a href=\"https:\/\/staging.mediconanet.pt\/produto\/consulta-do-viajante\/\"><strong>consulta do viajante<\/strong><\/a> personalizada, com avalia\u00e7\u00e3o de riscos por destino, vacina\u00e7\u00e3o, prescri\u00e7\u00e3o de profilaxia antipal\u00fadica e prepara\u00e7\u00e3o completa para viagens internacionais.<\/span><\/i><\/p>\t\t\t\t\t\t\t\t<\/div>\n\t\t\t\t<div class=\"elementor-element elementor-element-375973d elementor-widget elementor-widget-image\" data-id=\"375973d\" data-element_type=\"widget\" data-e-type=\"widget\" data-widget_type=\"image.default\">\n\t\t\t\t\t\t\t\t\t\t\t\t\t\t\t<img decoding=\"async\" src=\"https:\/\/staging.mediconanet.pt\/wp-content\/uploads\/2026\/03\/wpimage-id893sizeSlugfulllinkDestinationnone-figure-classwp-block-image-size-fullimg-srchttpscomprarcbdonline.ptwp-contentuploads202603unnamed-3.jpg-altFrasco-de-vidro-transparente-c-63.jpg\" title=\"Consulta do Viajante: Sa\u00fade e Praticidade na Palma da M\u00e3o\" alt=\"Mulher em casa usa tablet para realizar uma consulta do viajante via telemedicina com uma m\u00e9dica sorridente.\" loading=\"lazy\" \/>\t\t\t\t\t\t\t\t\t\t\t\t\t\t\t<\/div>\n\t\t\t\t\t<\/div>\n\t\t\t\t<\/div>\n\t\t<div class=\"elementor-element elementor-element-1545e08 e-flex e-con-boxed e-con e-parent\" data-id=\"1545e08\" data-element_type=\"container\" data-e-type=\"container\">\n\t\t\t\t\t<div class=\"e-con-inner\">\n\t\t<div class=\"elementor-element elementor-element-9ad30cf e-con-full e-flex e-con e-child\" data-id=\"9ad30cf\" data-element_type=\"container\" data-e-type=\"container\">\n\t\t<div class=\"elementor-element elementor-element-66e4f21 e-con-full e-flex e-con e-child\" data-id=\"66e4f21\" data-element_type=\"container\" data-e-type=\"container\">\n\t\t\t\t<div class=\"elementor-element elementor-element-c44ae3e elementor-widget elementor-widget-heading\" data-id=\"c44ae3e\" data-element_type=\"widget\" data-e-type=\"widget\" data-widget_type=\"heading.default\">\n\t\t\t\t\t<h2 class=\"elementor-heading-title elementor-size-default\">Perguntas frequentes (FAQ)<\/h2>\t\t\t\t<\/div>\n\t\t\t\t<div class=\"elementor-element elementor-element-439b5c3 elementor-widget elementor-widget-n-accordion\" data-id=\"439b5c3\" data-element_type=\"widget\" data-e-type=\"widget\" data-settings=\"{&quot;default_state&quot;:&quot;all_collapsed&quot;,&quot;max_items_expended&quot;:&quot;one&quot;,&quot;n_accordion_animation_duration&quot;:{&quot;unit&quot;:&quot;ms&quot;,&quot;size&quot;:400,&quot;sizes&quot;:[]}}\" data-widget_type=\"nested-accordion.default\">\n\t\t\t\t\t\t\t<div class=\"e-n-accordion\" aria-label=\"Accordion. Open links with Enter or Space, close with Escape, and navigate with Arrow Keys\">\n\t\t\t\t\t\t<details id=\"e-n-accordion-item-7080\" class=\"e-n-accordion-item\" >\n\t\t\t\t<summary class=\"e-n-accordion-item-title\" data-accordion-index=\"1\" tabindex=\"0\" aria-expanded=\"false\" aria-controls=\"e-n-accordion-item-7080\" >\n\t\t\t\t\t<span class='e-n-accordion-item-title-header'><div class=\"e-n-accordion-item-title-text\"> Quando devo fazer a consulta do viajante? <\/div><\/span>\n\t\t\t\t\t\t\t<span class='e-n-accordion-item-title-icon'>\n\t\t\t<span class='e-opened' ><svg aria-hidden=\"true\" class=\"e-font-icon-svg e-fas-minus\" viewBox=\"0 0 448 512\" xmlns=\"http:\/\/www.w3.org\/2000\/svg\"><path d=\"M416 208H32c-17.67 0-32 14.33-32 32v32c0 17.67 14.33 32 32 32h384c17.67 0 32-14.33 32-32v-32c0-17.67-14.33-32-32-32z\"><\/path><\/svg><\/span>\n\t\t\t<span class='e-closed'><svg aria-hidden=\"true\" class=\"e-font-icon-svg e-fas-plus\" viewBox=\"0 0 448 512\" xmlns=\"http:\/\/www.w3.org\/2000\/svg\"><path d=\"M416 208H272V64c0-17.67-14.33-32-32-32h-32c-17.67 0-32 14.33-32 32v144H32c-17.67 0-32 14.33-32 32v32c0 17.67 14.33 32 32 32h144v144c0 17.67 14.33 32 32 32h32c17.67 0 32-14.33 32-32V304h144c17.67 0 32-14.33 32-32v-32c0-17.67-14.33-32-32-32z\"><\/path><\/svg><\/span>\n\t\t<\/span>\n\n\t\t\t\t\t\t<\/summary>\n\t\t\t\t<div role=\"region\" aria-labelledby=\"e-n-accordion-item-7080\" class=\"elementor-element elementor-element-d801294 e-con-full e-flex e-con e-child\" data-id=\"d801294\" data-element_type=\"container\" data-e-type=\"container\">\n\t\t<div role=\"region\" aria-labelledby=\"e-n-accordion-item-7080\" class=\"elementor-element elementor-element-67dd609 e-flex e-con-boxed e-con e-child\" data-id=\"67dd609\" data-element_type=\"container\" data-e-type=\"container\">\n\t\t\t\t\t<div class=\"e-con-inner\">\n\t\t\t\t<div class=\"elementor-element elementor-element-2204be5 elementor-widget elementor-widget-text-editor\" data-id=\"2204be5\" data-element_type=\"widget\" data-e-type=\"widget\" data-widget_type=\"text-editor.default\">\n\t\t\t\t\t\t\t\t\t<p><span style=\"font-weight: 400;\">Idealmente, a<\/span><b> consulta do viajante deve<\/b><span style=\"font-weight: 400;\"> ser feita 4-6 semanas antes da viagem, para permitir tempo suficiente para vacina\u00e7\u00e3o e in\u00edcio de quimioprofilaxia. Mesmo consultas de \u00faltima hora s\u00e3o \u00fateis para orienta\u00e7\u00f5es gerais.<\/span><\/p>\t\t\t\t\t\t\t\t<\/div>\n\t\t\t\t\t<\/div>\n\t\t\t\t<\/div>\n\t\t\t\t<\/div>\n\t\t\t\t\t<\/details>\n\t\t\t\t\t\t<details id=\"e-n-accordion-item-7081\" class=\"e-n-accordion-item\" >\n\t\t\t\t<summary class=\"e-n-accordion-item-title\" data-accordion-index=\"2\" tabindex=\"-1\" aria-expanded=\"false\" aria-controls=\"e-n-accordion-item-7081\" >\n\t\t\t\t\t<span class='e-n-accordion-item-title-header'><div class=\"e-n-accordion-item-title-text\"> A vacina da febre amarela \u00e9 obrigat\u00f3ria? <\/div><\/span>\n\t\t\t\t\t\t\t<span class='e-n-accordion-item-title-icon'>\n\t\t\t<span class='e-opened' ><svg aria-hidden=\"true\" class=\"e-font-icon-svg e-fas-minus\" viewBox=\"0 0 448 512\" xmlns=\"http:\/\/www.w3.org\/2000\/svg\"><path d=\"M416 208H32c-17.67 0-32 14.33-32 32v32c0 17.67 14.33 32 32 32h384c17.67 0 32-14.33 32-32v-32c0-17.67-14.33-32-32-32z\"><\/path><\/svg><\/span>\n\t\t\t<span class='e-closed'><svg aria-hidden=\"true\" class=\"e-font-icon-svg e-fas-plus\" viewBox=\"0 0 448 512\" xmlns=\"http:\/\/www.w3.org\/2000\/svg\"><path d=\"M416 208H272V64c0-17.67-14.33-32-32-32h-32c-17.67 0-32 14.33-32 32v144H32c-17.67 0-32 14.33-32 32v32c0 17.67 14.33 32 32 32h144v144c0 17.67 14.33 32 32 32h32c17.67 0 32-14.33 32-32V304h144c17.67 0 32-14.33 32-32v-32c0-17.67-14.33-32-32-32z\"><\/path><\/svg><\/span>\n\t\t<\/span>\n\n\t\t\t\t\t\t<\/summary>\n\t\t\t\t<div role=\"region\" aria-labelledby=\"e-n-accordion-item-7081\" class=\"elementor-element elementor-element-f07e3ff e-con-full e-flex e-con e-child\" data-id=\"f07e3ff\" data-element_type=\"container\" data-e-type=\"container\">\n\t\t<div role=\"region\" aria-labelledby=\"e-n-accordion-item-7081\" class=\"elementor-element elementor-element-ba0d7df e-flex e-con-boxed e-con e-child\" data-id=\"ba0d7df\" data-element_type=\"container\" data-e-type=\"container\">\n\t\t\t\t\t<div class=\"e-con-inner\">\n\t\t\t\t<div class=\"elementor-element elementor-element-bd0918d elementor-widget elementor-widget-text-editor\" data-id=\"bd0918d\" data-element_type=\"widget\" data-e-type=\"widget\" data-widget_type=\"text-editor.default\">\n\t\t\t\t\t\t\t\t\t<p><span style=\"font-weight: 400;\">Depende do destino. A vacina \u00e9 obrigat\u00f3ria para entrada em certos pa\u00edses da \u00c1frica e Am\u00e9rica do Sul. \u00c9 administrada em centros de vacina\u00e7\u00e3o internacional autorizados e o certificado \u00e9 v\u00e1lido para toda a vida.<\/span><\/p>\t\t\t\t\t\t\t\t<\/div>\n\t\t\t\t\t<\/div>\n\t\t\t\t<\/div>\n\t\t\t\t<\/div>\n\t\t\t\t\t<\/details>\n\t\t\t\t\t\t<details id=\"e-n-accordion-item-7082\" class=\"e-n-accordion-item\" >\n\t\t\t\t<summary class=\"e-n-accordion-item-title\" data-accordion-index=\"3\" tabindex=\"-1\" aria-expanded=\"false\" aria-controls=\"e-n-accordion-item-7082\" >\n\t\t\t\t\t<span class='e-n-accordion-item-title-header'><div class=\"e-n-accordion-item-title-text\"> A profilaxia da mal\u00e1ria \u00e9 realmente necess\u00e1ria? <\/div><\/span>\n\t\t\t\t\t\t\t<span class='e-n-accordion-item-title-icon'>\n\t\t\t<span class='e-opened' ><svg aria-hidden=\"true\" class=\"e-font-icon-svg e-fas-minus\" viewBox=\"0 0 448 512\" xmlns=\"http:\/\/www.w3.org\/2000\/svg\"><path d=\"M416 208H32c-17.67 0-32 14.33-32 32v32c0 17.67 14.33 32 32 32h384c17.67 0 32-14.33 32-32v-32c0-17.67-14.33-32-32-32z\"><\/path><\/svg><\/span>\n\t\t\t<span class='e-closed'><svg aria-hidden=\"true\" class=\"e-font-icon-svg e-fas-plus\" viewBox=\"0 0 448 512\" xmlns=\"http:\/\/www.w3.org\/2000\/svg\"><path d=\"M416 208H272V64c0-17.67-14.33-32-32-32h-32c-17.67 0-32 14.33-32 32v144H32c-17.67 0-32 14.33-32 32v32c0 17.67 14.33 32 32 32h144v144c0 17.67 14.33 32 32 32h32c17.67 0 32-14.33 32-32V304h144c17.67 0 32-14.33 32-32v-32c0-17.67-14.33-32-32-32z\"><\/path><\/svg><\/span>\n\t\t<\/span>\n\n\t\t\t\t\t\t<\/summary>\n\t\t\t\t<div role=\"region\" aria-labelledby=\"e-n-accordion-item-7082\" class=\"elementor-element elementor-element-1948aa2 e-con-full e-flex e-con e-child\" data-id=\"1948aa2\" data-element_type=\"container\" data-e-type=\"container\">\n\t\t<div role=\"region\" aria-labelledby=\"e-n-accordion-item-7082\" class=\"elementor-element elementor-element-44203e4 e-flex e-con-boxed e-con e-child\" data-id=\"44203e4\" data-element_type=\"container\" data-e-type=\"container\">\n\t\t\t\t\t<div class=\"e-con-inner\">\n\t\t\t\t<div class=\"elementor-element elementor-element-90363e4 elementor-widget elementor-widget-text-editor\" data-id=\"90363e4\" data-element_type=\"widget\" data-e-type=\"widget\" data-widget_type=\"text-editor.default\">\n\t\t\t\t\t\t\t\t\t<p><span style=\"font-weight: 400;\">Sim, para destinos com transmiss\u00e3o ativa de mal\u00e1ria. A mal\u00e1ria pode ser fatal se n\u00e3o tratada. A quimioprofilaxia combinada com prote\u00e7\u00e3o contra mosquitos \u00e9 a melhor estrat\u00e9gia.<\/span><\/p>\t\t\t\t\t\t\t\t<\/div>\n\t\t\t\t\t<\/div>\n\t\t\t\t<\/div>\n\t\t\t\t<\/div>\n\t\t\t\t\t<\/details>\n\t\t\t\t\t\t<details id=\"e-n-accordion-item-7083\" class=\"e-n-accordion-item\" >\n\t\t\t\t<summary class=\"e-n-accordion-item-title\" data-accordion-index=\"4\" tabindex=\"-1\" aria-expanded=\"false\" aria-controls=\"e-n-accordion-item-7083\" >\n\t\t\t\t\t<span class='e-n-accordion-item-title-header'><div class=\"e-n-accordion-item-title-text\"> Posso beber \u00e1gua da torneira no estrangeiro? <\/div><\/span>\n\t\t\t\t\t\t\t<span class='e-n-accordion-item-title-icon'>\n\t\t\t<span class='e-opened' ><svg aria-hidden=\"true\" class=\"e-font-icon-svg e-fas-minus\" viewBox=\"0 0 448 512\" xmlns=\"http:\/\/www.w3.org\/2000\/svg\"><path d=\"M416 208H32c-17.67 0-32 14.33-32 32v32c0 17.67 14.33 32 32 32h384c17.67 0 32-14.33 32-32v-32c0-17.67-14.33-32-32-32z\"><\/path><\/svg><\/span>\n\t\t\t<span class='e-closed'><svg aria-hidden=\"true\" class=\"e-font-icon-svg e-fas-plus\" viewBox=\"0 0 448 512\" xmlns=\"http:\/\/www.w3.org\/2000\/svg\"><path d=\"M416 208H272V64c0-17.67-14.33-32-32-32h-32c-17.67 0-32 14.33-32 32v144H32c-17.67 0-32 14.33-32 32v32c0 17.67 14.33 32 32 32h144v144c0 17.67 14.33 32 32 32h32c17.67 0 32-14.33 32-32V304h144c17.67 0 32-14.33 32-32v-32c0-17.67-14.33-32-32-32z\"><\/path><\/svg><\/span>\n\t\t<\/span>\n\n\t\t\t\t\t\t<\/summary>\n\t\t\t\t<div role=\"region\" aria-labelledby=\"e-n-accordion-item-7083\" class=\"elementor-element elementor-element-e6b82d0 e-con-full e-flex e-con e-child\" data-id=\"e6b82d0\" data-element_type=\"container\" data-e-type=\"container\">\n\t\t<div role=\"region\" aria-labelledby=\"e-n-accordion-item-7083\" class=\"elementor-element elementor-element-ff98332 e-flex e-con-boxed e-con e-child\" data-id=\"ff98332\" data-element_type=\"container\" data-e-type=\"container\">\n\t\t\t\t\t<div class=\"e-con-inner\">\n\t\t\t\t<div class=\"elementor-element elementor-element-b745fb3 elementor-widget elementor-widget-text-editor\" data-id=\"b745fb3\" data-element_type=\"widget\" data-e-type=\"widget\" data-widget_type=\"text-editor.default\">\n\t\t\t\t\t\t\t\t\t<p><span style=\"font-weight: 400;\">Depende do destino. Na maioria dos pa\u00edses tropicais e em desenvolvimento, deve consumir apenas \u00e1gua engarrafada ou fervida. O gelo e os alimentos lavados com \u00e1gua n\u00e3o tratada tamb\u00e9m s\u00e3o fontes de risco.<\/span><\/p>\t\t\t\t\t\t\t\t<\/div>\n\t\t\t\t\t<\/div>\n\t\t\t\t<\/div>\n\t\t\t\t<\/div>\n\t\t\t\t\t<\/details>\n\t\t\t\t\t\t<details id=\"e-n-accordion-item-7084\" class=\"e-n-accordion-item\" >\n\t\t\t\t<summary class=\"e-n-accordion-item-title\" data-accordion-index=\"5\" tabindex=\"-1\" aria-expanded=\"false\" aria-controls=\"e-n-accordion-item-7084\" >\n\t\t\t\t\t<span class='e-n-accordion-item-title-header'><div class=\"e-n-accordion-item-title-text\"> Que seguro de sa\u00fade devo ter para viajar? <\/div><\/span>\n\t\t\t\t\t\t\t<span class='e-n-accordion-item-title-icon'>\n\t\t\t<span class='e-opened' ><svg aria-hidden=\"true\" class=\"e-font-icon-svg e-fas-minus\" viewBox=\"0 0 448 512\" xmlns=\"http:\/\/www.w3.org\/2000\/svg\"><path d=\"M416 208H32c-17.67 0-32 14.33-32 32v32c0 17.67 14.33 32 32 32h384c17.67 0 32-14.33 32-32v-32c0-17.67-14.33-32-32-32z\"><\/path><\/svg><\/span>\n\t\t\t<span class='e-closed'><svg aria-hidden=\"true\" class=\"e-font-icon-svg e-fas-plus\" viewBox=\"0 0 448 512\" xmlns=\"http:\/\/www.w3.org\/2000\/svg\"><path d=\"M416 208H272V64c0-17.67-14.33-32-32-32h-32c-17.67 0-32 14.33-32 32v144H32c-17.67 0-32 14.33-32 32v32c0 17.67 14.33 32 32 32h144v144c0 17.67 14.33 32 32 32h32c17.67 0 32-14.33 32-32V304h144c17.67 0 32-14.33 32-32v-32c0-17.67-14.33-32-32-32z\"><\/path><\/svg><\/span>\n\t\t<\/span>\n\n\t\t\t\t\t\t<\/summary>\n\t\t\t\t<div role=\"region\" aria-labelledby=\"e-n-accordion-item-7084\" class=\"elementor-element elementor-element-7547615 e-con-full e-flex e-con e-child\" data-id=\"7547615\" data-element_type=\"container\" data-e-type=\"container\">\n\t\t<div role=\"region\" aria-labelledby=\"e-n-accordion-item-7084\" class=\"elementor-element elementor-element-8c9a957 e-flex e-con-boxed e-con e-child\" data-id=\"8c9a957\" data-element_type=\"container\" data-e-type=\"container\">\n\t\t\t\t\t<div class=\"e-con-inner\">\n\t\t\t\t<div class=\"elementor-element elementor-element-2f07efa elementor-widget elementor-widget-text-editor\" data-id=\"2f07efa\" data-element_type=\"widget\" data-e-type=\"widget\" data-widget_type=\"text-editor.default\">\n\t\t\t\t\t\t\t\t\t<p><span style=\"font-weight: 400;\">Um seguro de viagem com cobertura m\u00e9dica adequada \u00e9 fortemente recomendado para qualquer viagem internacional. Deve incluir evacua\u00e7\u00e3o m\u00e9dica para destinos remotos ou pa\u00edses com infraestrutura de sa\u00fade limitada.<\/span><\/p>\t\t\t\t\t\t\t\t<\/div>\n\t\t\t\t\t<\/div>\n\t\t\t\t<\/div>\n\t\t\t\t<\/div>\n\t\t\t\t\t<\/details>\n\t\t\t\t\t<\/div>\n\t\t\t\t\t<script type=\"application\/ld+json\">{\"@context\":\"https:\\\/\\\/schema.org\",\"@type\":\"FAQPage\",\"mainEntity\":[{\"@type\":\"Question\",\"name\":\"Quando devo fazer a consulta do viajante?\",\"acceptedAnswer\":{\"@type\":\"Answer\",\"text\":\"Idealmente, a consulta do viajante deve ser feita 4-6 semanas antes da viagem, para permitir tempo suficiente para vacina\\u00e7\\u00e3o e in\\u00edcio de quimioprofilaxia. Mesmo consultas de \\u00faltima hora s\\u00e3o \\u00fateis para orienta\\u00e7\\u00f5es gerais.\"}},{\"@type\":\"Question\",\"name\":\"A vacina da febre amarela \\u00e9 obrigat\\u00f3ria?\",\"acceptedAnswer\":{\"@type\":\"Answer\",\"text\":\"Depende do destino. A vacina \\u00e9 obrigat\\u00f3ria para entrada em certos pa\\u00edses da \\u00c1frica e Am\\u00e9rica do Sul. \\u00c9 administrada em centros de vacina\\u00e7\\u00e3o internacional autorizados e o certificado \\u00e9 v\\u00e1lido para toda a vida.\"}},{\"@type\":\"Question\",\"name\":\"A profilaxia da mal\\u00e1ria \\u00e9 realmente necess\\u00e1ria?\",\"acceptedAnswer\":{\"@type\":\"Answer\",\"text\":\"Sim, para destinos com transmiss\\u00e3o ativa de mal\\u00e1ria. A mal\\u00e1ria pode ser fatal se n\\u00e3o tratada. A quimioprofilaxia combinada com prote\\u00e7\\u00e3o contra mosquitos \\u00e9 a melhor estrat\\u00e9gia.\"}},{\"@type\":\"Question\",\"name\":\"Posso beber \\u00e1gua da torneira no estrangeiro?\",\"acceptedAnswer\":{\"@type\":\"Answer\",\"text\":\"Depende do destino. Na maioria dos pa\\u00edses tropicais e em desenvolvimento, deve consumir apenas \\u00e1gua engarrafada ou fervida. O gelo e os alimentos lavados com \\u00e1gua n\\u00e3o tratada tamb\\u00e9m s\\u00e3o fontes de risco.\"}},{\"@type\":\"Question\",\"name\":\"Que seguro de sa\\u00fade devo ter para viajar?\",\"acceptedAnswer\":{\"@type\":\"Answer\",\"text\":\"Um seguro de viagem com cobertura m\\u00e9dica adequada \\u00e9 fortemente recomendado para qualquer viagem internacional. Deve incluir evacua\\u00e7\\u00e3o m\\u00e9dica para destinos remotos ou pa\\u00edses com infraestrutura de sa\\u00fade limitada.\"}}]}<\/script>\n\t\t\t\t\t\t\t<\/div>\n\t\t\t\t<\/div>\n\t\t\t\t<\/div>\n\t\t\t\t\t<\/div>\n\t\t\t\t<\/div>\n\t\t<div class=\"elementor-element elementor-element-02d7fba e-flex e-con-boxed e-con e-parent\" data-id=\"02d7fba\" data-element_type=\"container\" data-e-type=\"container\">\n\t\t\t\t\t<div class=\"e-con-inner\">\n\t\t\t\t<div class=\"elementor-element elementor-element-ca91313 elementor-widget elementor-widget-text-editor\" data-id=\"ca91313\" data-element_type=\"widget\" data-e-type=\"widget\" data-widget_type=\"text-editor.default\">\n\t\t\t\t\t\t\t\t\t<h2><b>Conclus\u00e3o<\/b><\/h2><p><span style=\"font-weight: 400;\">A <strong>consulta do viajante<\/strong> \u00e9 uma ferramenta essencial para a prepara\u00e7\u00e3o segura de viagens internacionais, permitindo a vacina\u00e7\u00e3o adequada, a prescri\u00e7\u00e3o de profilaxia antipal\u00fadica e a educa\u00e7\u00e3o sobre riscos de sa\u00fade espec\u00edficos do destino. O planeamento antecipado, idealmente 4 a 6 semanas antes da partida, garante a prote\u00e7\u00e3o mais completa poss\u00edvel e permite ao viajante desfrutar da sua viagem com tranquilidade e seguran\u00e7a.<\/span><\/p><h2><b>Refer\u00eancias<\/b><\/h2><p><a href=\"https:\/\/www.who.int\/health-topics\/travel-and-health\" target=\"_blank\" rel=\"dofollow noopener\">World Health Organization. International Travel and Health<\/a><\/p><p><a href=\"https:\/\/wwwnc.cdc.gov\/travel\/page\/yellowbook-home\" target=\"_blank\" rel=\"dofollow noopener\">Centers for Disease Control and Prevention. CDC Yellow Book \u2014 Health Information for International Travel<\/a><\/p><p><a href=\"https:\/\/www.ihmt.unl.pt\/\" target=\"_blank\" rel=\"dofollow noopener\">Instituto de Higiene e Medicina Tropical. Recomenda\u00e7\u00f5es de Sa\u00fade para o Viajante<\/a><\/p>\t\t\t\t\t\t\t\t<\/div>\n\t\t\t\t\t<\/div>\n\t\t\t\t<\/div>\n\t\t\t\t<\/div>\n\t\t","protected":false},"excerpt":{"rendered":"<p>Introdu\u00e7\u00e3o A consulta do viajante \u00e9 uma consulta m\u00e9dica especializada que visa preparar o viajante para os riscos de sa\u00fade associados a destinos internacionais, particularmente regi\u00f5es tropicais e subtropicais. A Organiza\u00e7\u00e3o Mundial de Sa\u00fade (OMS) estima que 8 % dos viajantes para pa\u00edses em desenvolvimento necessitam de cuidados m\u00e9dicos durante ou ap\u00f3s a viagem, sendo [&hellip;]<\/p>\n","protected":false},"author":13102,"featured_media":59202,"comment_status":"closed","ping_status":"closed","sticky":false,"template":"","format":"standard","meta":{"_jetpack_memberships_contains_paid_content":false,"footnotes":""},"categories":[256],"tags":[],"class_list":["post-58996","post","type-post","status-publish","format-standard","has-post-thumbnail","hentry","category-medicina-do-viajante"],"jetpack_featured_media_url":"https:\/\/staging.mediconanet.pt\/wp-content\/uploads\/2026\/03\/wpimage-id893sizeSlugfulllinkDestinationnone-figure-classwp-block-image-size-fullimg-srchttpscomprarcbdonline.ptwp-contentuploads202603unnamed-3.jpg-altFrasco-de-vidro-transparente-c-85.jpg","jetpack_sharing_enabled":true,"_links":{"self":[{"href":"https:\/\/staging.mediconanet.pt\/en\/wp-json\/wp\/v2\/posts\/58996","targetHints":{"allow":["GET"]}}],"collection":[{"href":"https:\/\/staging.mediconanet.pt\/en\/wp-json\/wp\/v2\/posts"}],"about":[{"href":"https:\/\/staging.mediconanet.pt\/en\/wp-json\/wp\/v2\/types\/post"}],"author":[{"embeddable":true,"href":"https:\/\/staging.mediconanet.pt\/en\/wp-json\/wp\/v2\/users\/13102"}],"replies":[{"embeddable":true,"href":"https:\/\/staging.mediconanet.pt\/en\/wp-json\/wp\/v2\/comments?post=58996"}],"version-history":[{"count":10,"href":"https:\/\/staging.mediconanet.pt\/en\/wp-json\/wp\/v2\/posts\/58996\/revisions"}],"predecessor-version":[{"id":59261,"href":"https:\/\/staging.mediconanet.pt\/en\/wp-json\/wp\/v2\/posts\/58996\/revisions\/59261"}],"wp:featuredmedia":[{"embeddable":true,"href":"https:\/\/staging.mediconanet.pt\/en\/wp-json\/wp\/v2\/media\/59202"}],"wp:attachment":[{"href":"https:\/\/staging.mediconanet.pt\/en\/wp-json\/wp\/v2\/media?parent=58996"}],"wp:term":[{"taxonomy":"category","embeddable":true,"href":"https:\/\/staging.mediconanet.pt\/en\/wp-json\/wp\/v2\/categories?post=58996"},{"taxonomy":"post_tag","embeddable":true,"href":"https:\/\/staging.mediconanet.pt\/en\/wp-json\/wp\/v2\/tags?post=58996"}],"curies":[{"name":"wp","href":"https:\/\/api.w.org\/{rel}","templated":true}]}}