{"id":58573,"date":"2026-03-18T14:16:47","date_gmt":"2026-03-18T14:16:47","guid":{"rendered":"https:\/\/www.mediconanet.pt\/?p=58573"},"modified":"2026-03-24T15:19:57","modified_gmt":"2026-03-24T15:19:57","slug":"tratamento-pelos-faciais-opcoes","status":"publish","type":"post","link":"https:\/\/staging.mediconanet.pt\/en\/tratamento-pelos-faciais-opcoes\/","title":{"rendered":"Tratamento dos Pelos Faciais: Op\u00e7\u00f5es M\u00e9dicas, Cosm\u00e9ticas e Dermatol\u00f3gicas"},"content":{"rendered":"\t\t<div data-elementor-type=\"wp-post\" data-elementor-id=\"58573\" class=\"elementor elementor-58573\" data-elementor-post-type=\"post\">\n\t\t\t\t<div class=\"elementor-element elementor-element-570cfe3 e-flex e-con-boxed e-con e-parent\" data-id=\"570cfe3\" data-element_type=\"container\" data-e-type=\"container\">\n\t\t\t\t\t<div class=\"e-con-inner\">\n\t\t\t\t<div class=\"elementor-element elementor-element-1761780 elementor-widget elementor-widget-text-editor\" data-id=\"1761780\" data-element_type=\"widget\" data-e-type=\"widget\" data-widget_type=\"text-editor.default\">\n\t\t\t\t\t\t\t\t\t<h2><b>Introdu\u00e7\u00e3o<\/b><\/h2><p><span style=\"font-weight: 400;\">O<\/span><b> tratamento dos pelos faciais <\/b><span style=\"font-weight: 400;\">excessivos nas mulheres requer uma abordagem combinada que integre terap\u00eautica m\u00e9dica para tratar a causa subjacente e m\u00e9todos de remo\u00e7\u00e3o cosm\u00e9tica ou dermatol\u00f3gica para controlo est\u00e9tico. A efic\u00e1cia do tratamento \u00e9 geralmente gradual, sendo necess\u00e1rios 6 a 12 meses para observar resultados significativos com terap\u00eautica farmacol\u00f3gica.<\/span><\/p><p><span style=\"font-weight: 400;\">A escolha da abordagem terap\u00eautica deve ser individualizada, considerando a causa do hirsutismo, a gravidade, as \u00e1reas afetadas, a idade, o desejo de engravidar e as prefer\u00eancias da doente. A Endocrine Society e a European Academy of Dermatology and Venereology (EADV) recomendam a combina\u00e7\u00e3o de tratamento farmacol\u00f3gico com m\u00e9todos de remo\u00e7\u00e3o direta para otimizar os resultados no controlo dos <\/span><b>pelos<\/b> <b>faciais<\/b><span style=\"font-weight: 400;\">.<\/span><\/p><h2><b>Tratamento Farmacol\u00f3gico do Hirsutismo<\/b><\/h2><p><span style=\"font-weight: 400;\">A p\u00edlula contracetiva combinada \u00e9 o tratamento farmacol\u00f3gico de primeira linha para o hirsutismo em mulheres que n\u00e3o desejam engravidar. Os contracetivos orais combinados suprimem a produ\u00e7\u00e3o ov\u00e1rica de androg\u00e9nios, aumentam a globulina de liga\u00e7\u00e3o \u00e0s hormonas sexuais (SHBG) e, em algumas formula\u00e7\u00f5es, cont\u00eam progestag\u00e9nios com atividade anti-androg\u00e9nica.<\/span><\/p><p><span style=\"font-weight: 400;\">A p\u00edlula com acetato de ciproterona (combina\u00e7\u00e3o etinilestradiol\/ciproterona) \u00e9 frequentemente utilizada no hirsutismo facial por ser um potente anti-androg\u00e9nio. A drospirenona e o dienogest t\u00eam tamb\u00e9m propriedades anti-androg\u00e9nicas, embora menos potentes. O efeito cl\u00ednico da p\u00edlula contracetiva no hirsutismo requer 6 a 9 meses de tratamento para ser percet\u00edvel, dado o ciclo longo de crescimento do pelo.<\/span><\/p><p><span style=\"font-weight: 400;\">A espironolactona (50-200 mg\/dia) \u00e9 o anti-androg\u00e9nio mais utilizado como adjuvante da p\u00edlula contracetiva nos casos de hirsutismo moderado a grave. A espironolactona bloqueia os recetores de androg\u00e9nios e inibe a 5-alfa-redutase na pele. A Endocrine Society recomenda a espironolactona em combina\u00e7\u00e3o com contrace\u00e7\u00e3o eficaz, dado o risco teratog\u00e9nico. A finasterida (2,5-5 mg\/dia), inibidor da 5-alfa-redutase, \u00e9 uma alternativa com efic\u00e1cia semelhante, igualmente requerendo contrace\u00e7\u00e3o concomitante.<\/span><\/p><h2><b>M\u00e9todos de Remo\u00e7\u00e3o Cosm\u00e9tica e Dermatol\u00f3gica<\/b><\/h2><p><span style=\"font-weight: 400;\">Os m\u00e9todos de remo\u00e7\u00e3o tempor\u00e1ria incluem a depila\u00e7\u00e3o com cera, threading (depila\u00e7\u00e3o com fio), depila\u00e7\u00e3o com pin\u00e7a e cremes depilat\u00f3rios. Estes m\u00e9todos s\u00e3o acess\u00edveis e imediatos, mas requerem repeti\u00e7\u00e3o regular (a cada 2-6 semanas). O eflornitina creme 11,5 % (Vaniqa\u00ae) \u00e9 um tratamento t\u00f3pico que inibe a ornitina descarboxilase nos fol\u00edculos pilosos, reduzindo a velocidade de crescimento do <\/span><b>pelo facial <\/b><span style=\"font-weight: 400;\">em 6 a 8 semanas.<\/span><\/p><p><span style=\"font-weight: 400;\">A depila\u00e7\u00e3o a laser \u00e9 o m\u00e9todo de remo\u00e7\u00e3o de longa dura\u00e7\u00e3o mais eficaz para pelos faciais. Os lasers de alexandrite (755 nm) e d\u00edodo (810 nm) s\u00e3o os mais utilizados para depila\u00e7\u00e3o facial, atuando pela destrui\u00e7\u00e3o seletiva dos fol\u00edculos pilosos atrav\u00e9s da absor\u00e7\u00e3o da energia pelo pigmento melanina. Tipicamente, s\u00e3o necess\u00e1rias 6 a 8 sess\u00f5es com intervalos de 4 a 6 semanas. A British Association of Dermatologists (BAD) recomenda que a depila\u00e7\u00e3o a laser facial seja realizada por profissionais qualificados com experi\u00eancia em tratamento facial.<\/span><\/p><p><span style=\"font-weight: 400;\">A luz intensa pulsada (IPL) \u00e9 uma alternativa ao laser, embora com efic\u00e1cia ligeiramente inferior. A eletr\u00f3lise \u00e9 o \u00fanico m\u00e9todo que oferece remo\u00e7\u00e3o permanente de cada pelo individual, sendo especialmente indicada para pelos claros que n\u00e3o respondem ao laser. A eletr\u00f3lise \u00e9 morosa mas eficaz, podendo ser combinada com laser para resultados \u00f3timos em mulheres com hirsutismo facial.<\/span><\/p><h2><b>Abordagem Integrada e Expectativas<\/b><\/h2><p><span style=\"font-weight: 400;\">A abordagem mais eficaz para os pelos faciais combina tratamento farmacol\u00f3gico com m\u00e9todos de remo\u00e7\u00e3o direta. A terap\u00eautica farmacol\u00f3gica reduz o est\u00edmulo hormonal ao crescimento do pelo, enquanto os m\u00e9todos de remo\u00e7\u00e3o eliminam os pelos j\u00e1 existentes. Esta combina\u00e7\u00e3o produz resultados superiores a qualquer abordagem isolada.<\/span><\/p><p><span style=\"font-weight: 400;\">As expectativas devem ser realistas: o tratamento farmacol\u00f3gico demora 6 a 12 meses a produzir efeito cl\u00ednico vis\u00edvel, e a remo\u00e7\u00e3o completa dos <\/span><b>pelos faciais <\/b><span style=\"font-weight: 400;\">pode n\u00e3o ser alcan\u00e7\u00e1vel em todos os casos. A Endocrine Society recomenda reavalia\u00e7\u00e3o aos 6 meses de tratamento, com ajuste da dose de anti-androg\u00e9nio ou adi\u00e7\u00e3o de segundo f\u00e1rmaco se a resposta for insuficiente.<\/span><\/p><p><span style=\"font-weight: 400;\">Em mulheres com s\u00edndrome do ov\u00e1rio poliqu\u00edstico, o tratamento do hirsutismo facial deve ser integrado na gest\u00e3o global do SOP, incluindo controlo do peso, tratamento da resist\u00eancia \u00e0 insulina (metformina, quando indicada) e gest\u00e3o das irregularidades menstruais. A European Society of Endocrinology enfatiza que a abordagem multidisciplinar, envolvendo endocrinologia, dermatologia e apoio psicol\u00f3gico, otimiza os resultados na gest\u00e3o dos pelos faciais excessivos nas mulheres.<\/span><\/p><p><i><span style=\"font-weight: 400;\">Na <strong>M\u00e9dico na Net<\/strong>, a <strong>equipa cl\u00ednica<\/strong> oferece orienta\u00e7\u00e3o completa sobre <a href=\"https:\/\/staging.mediconanet.pt\/produto\/pelos-faciais\/?slug_pagina_visitada=pelos-faciais\"><strong>tratamento de pelos faciais<\/strong><\/a>, com prescri\u00e7\u00e3o de terap\u00eautica farmacol\u00f3gica adequada e aconselhamento sobre m\u00e9todos de remo\u00e7\u00e3o cosm\u00e9tica e dermatol\u00f3gica.<\/span><\/i><\/p>\t\t\t\t\t\t\t\t<\/div>\n\t\t\t\t<div class=\"elementor-element elementor-element-375973d elementor-widget elementor-widget-image\" data-id=\"375973d\" data-element_type=\"widget\" data-e-type=\"widget\" data-widget_type=\"image.default\">\n\t\t\t\t\t\t\t\t\t\t\t\t\t\t\t<img decoding=\"async\" src=\"https:\/\/staging.mediconanet.pt\/wp-content\/uploads\/2026\/03\/wpimage-id893sizeSlugfulllinkDestinationnone-figure-classwp-block-image-size-fullimg-srchttpscomprarcbdonline.ptwp-contentuploads202603unnamed-3.jpg-altFrasco-de-vidro-transparente-c-48.jpg\" title=\"Consulta online para pelos faciais\" alt=\"Mulher em casa na cozinha em consulta online sobre pelos faciais com m\u00e9dica no port\u00e1til\" loading=\"lazy\" \/>\t\t\t\t\t\t\t\t\t\t\t\t\t\t\t<\/div>\n\t\t\t\t\t<\/div>\n\t\t\t\t<\/div>\n\t\t<div class=\"elementor-element elementor-element-1545e08 e-flex e-con-boxed e-con e-parent\" data-id=\"1545e08\" data-element_type=\"container\" data-e-type=\"container\">\n\t\t\t\t\t<div class=\"e-con-inner\">\n\t\t<div class=\"elementor-element elementor-element-9ad30cf e-con-full e-flex e-con e-child\" data-id=\"9ad30cf\" data-element_type=\"container\" data-e-type=\"container\">\n\t\t<div class=\"elementor-element elementor-element-66e4f21 e-con-full e-flex e-con e-child\" data-id=\"66e4f21\" data-element_type=\"container\" data-e-type=\"container\">\n\t\t\t\t<div class=\"elementor-element elementor-element-c44ae3e elementor-widget elementor-widget-heading\" data-id=\"c44ae3e\" data-element_type=\"widget\" data-e-type=\"widget\" data-widget_type=\"heading.default\">\n\t\t\t\t\t<h2 class=\"elementor-heading-title elementor-size-default\">Perguntas frequentes (FAQ)<\/h2>\t\t\t\t<\/div>\n\t\t\t\t<div class=\"elementor-element elementor-element-439b5c3 elementor-widget elementor-widget-n-accordion\" data-id=\"439b5c3\" data-element_type=\"widget\" data-e-type=\"widget\" data-settings=\"{&quot;default_state&quot;:&quot;all_collapsed&quot;,&quot;max_items_expended&quot;:&quot;one&quot;,&quot;n_accordion_animation_duration&quot;:{&quot;unit&quot;:&quot;ms&quot;,&quot;size&quot;:400,&quot;sizes&quot;:[]}}\" data-widget_type=\"nested-accordion.default\">\n\t\t\t\t\t\t\t<div class=\"e-n-accordion\" aria-label=\"Accordion. Open links with Enter or Space, close with Escape, and navigate with Arrow Keys\">\n\t\t\t\t\t\t<details id=\"e-n-accordion-item-7080\" class=\"e-n-accordion-item\" >\n\t\t\t\t<summary class=\"e-n-accordion-item-title\" data-accordion-index=\"1\" tabindex=\"0\" aria-expanded=\"false\" aria-controls=\"e-n-accordion-item-7080\" >\n\t\t\t\t\t<span class='e-n-accordion-item-title-header'><div class=\"e-n-accordion-item-title-text\"> A depila\u00e7\u00e3o a laser funciona nos pelos faciais? <\/div><\/span>\n\t\t\t\t\t\t\t<span class='e-n-accordion-item-title-icon'>\n\t\t\t<span class='e-opened' ><svg aria-hidden=\"true\" class=\"e-font-icon-svg e-fas-minus\" viewBox=\"0 0 448 512\" xmlns=\"http:\/\/www.w3.org\/2000\/svg\"><path d=\"M416 208H32c-17.67 0-32 14.33-32 32v32c0 17.67 14.33 32 32 32h384c17.67 0 32-14.33 32-32v-32c0-17.67-14.33-32-32-32z\"><\/path><\/svg><\/span>\n\t\t\t<span class='e-closed'><svg aria-hidden=\"true\" class=\"e-font-icon-svg e-fas-plus\" viewBox=\"0 0 448 512\" xmlns=\"http:\/\/www.w3.org\/2000\/svg\"><path d=\"M416 208H272V64c0-17.67-14.33-32-32-32h-32c-17.67 0-32 14.33-32 32v144H32c-17.67 0-32 14.33-32 32v32c0 17.67 14.33 32 32 32h144v144c0 17.67 14.33 32 32 32h32c17.67 0 32-14.33 32-32V304h144c17.67 0 32-14.33 32-32v-32c0-17.67-14.33-32-32-32z\"><\/path><\/svg><\/span>\n\t\t<\/span>\n\n\t\t\t\t\t\t<\/summary>\n\t\t\t\t<div role=\"region\" aria-labelledby=\"e-n-accordion-item-7080\" class=\"elementor-element elementor-element-d801294 e-con-full e-flex e-con e-child\" data-id=\"d801294\" data-element_type=\"container\" data-e-type=\"container\">\n\t\t<div role=\"region\" aria-labelledby=\"e-n-accordion-item-7080\" class=\"elementor-element elementor-element-67dd609 e-flex e-con-boxed e-con e-child\" data-id=\"67dd609\" data-element_type=\"container\" data-e-type=\"container\">\n\t\t\t\t\t<div class=\"e-con-inner\">\n\t\t\t\t<div class=\"elementor-element elementor-element-2204be5 elementor-widget elementor-widget-text-editor\" data-id=\"2204be5\" data-element_type=\"widget\" data-e-type=\"widget\" data-widget_type=\"text-editor.default\">\n\t\t\t\t\t\t\t\t\t<p><span style=\"font-weight: 400;\">Sim. A depila\u00e7\u00e3o a laser \u00e9 muito eficaz para pelos faciais escuros e grossos, necessitando tipicamente de 6-8 sess\u00f5es. \u00c9 menos eficaz em pelos claros, finos ou em pele muito escura.<\/span><\/p>\t\t\t\t\t\t\t\t<\/div>\n\t\t\t\t\t<\/div>\n\t\t\t\t<\/div>\n\t\t\t\t<\/div>\n\t\t\t\t\t<\/details>\n\t\t\t\t\t\t<details id=\"e-n-accordion-item-7081\" class=\"e-n-accordion-item\" >\n\t\t\t\t<summary class=\"e-n-accordion-item-title\" data-accordion-index=\"2\" tabindex=\"-1\" aria-expanded=\"false\" aria-controls=\"e-n-accordion-item-7081\" >\n\t\t\t\t\t<span class='e-n-accordion-item-title-header'><div class=\"e-n-accordion-item-title-text\"> A p\u00edlula contracetiva ajuda com os pelos faciais? <\/div><\/span>\n\t\t\t\t\t\t\t<span class='e-n-accordion-item-title-icon'>\n\t\t\t<span class='e-opened' ><svg aria-hidden=\"true\" class=\"e-font-icon-svg e-fas-minus\" viewBox=\"0 0 448 512\" xmlns=\"http:\/\/www.w3.org\/2000\/svg\"><path d=\"M416 208H32c-17.67 0-32 14.33-32 32v32c0 17.67 14.33 32 32 32h384c17.67 0 32-14.33 32-32v-32c0-17.67-14.33-32-32-32z\"><\/path><\/svg><\/span>\n\t\t\t<span class='e-closed'><svg aria-hidden=\"true\" class=\"e-font-icon-svg e-fas-plus\" viewBox=\"0 0 448 512\" xmlns=\"http:\/\/www.w3.org\/2000\/svg\"><path d=\"M416 208H272V64c0-17.67-14.33-32-32-32h-32c-17.67 0-32 14.33-32 32v144H32c-17.67 0-32 14.33-32 32v32c0 17.67 14.33 32 32 32h144v144c0 17.67 14.33 32 32 32h32c17.67 0 32-14.33 32-32V304h144c17.67 0 32-14.33 32-32v-32c0-17.67-14.33-32-32-32z\"><\/path><\/svg><\/span>\n\t\t<\/span>\n\n\t\t\t\t\t\t<\/summary>\n\t\t\t\t<div role=\"region\" aria-labelledby=\"e-n-accordion-item-7081\" class=\"elementor-element elementor-element-f07e3ff e-con-full e-flex e-con e-child\" data-id=\"f07e3ff\" data-element_type=\"container\" data-e-type=\"container\">\n\t\t<div role=\"region\" aria-labelledby=\"e-n-accordion-item-7081\" class=\"elementor-element elementor-element-ba0d7df e-flex e-con-boxed e-con e-child\" data-id=\"ba0d7df\" data-element_type=\"container\" data-e-type=\"container\">\n\t\t\t\t\t<div class=\"e-con-inner\">\n\t\t\t\t<div class=\"elementor-element elementor-element-bd0918d elementor-widget elementor-widget-text-editor\" data-id=\"bd0918d\" data-element_type=\"widget\" data-e-type=\"widget\" data-widget_type=\"text-editor.default\">\n\t\t\t\t\t\t\t\t\t<p><span style=\"font-weight: 400;\">Sim. A p\u00edlula combinada, especialmente as formula\u00e7\u00f5es com ciproterona ou drospirenona, reduz o hirsutismo ao suprimir a produ\u00e7\u00e3o de androg\u00e9nios. O efeito torna-se vis\u00edvel ap\u00f3s 6-9 meses de tratamento.<\/span><\/p>\t\t\t\t\t\t\t\t<\/div>\n\t\t\t\t\t<\/div>\n\t\t\t\t<\/div>\n\t\t\t\t<\/div>\n\t\t\t\t\t<\/details>\n\t\t\t\t\t\t<details id=\"e-n-accordion-item-7082\" class=\"e-n-accordion-item\" >\n\t\t\t\t<summary class=\"e-n-accordion-item-title\" data-accordion-index=\"3\" tabindex=\"-1\" aria-expanded=\"false\" aria-controls=\"e-n-accordion-item-7082\" >\n\t\t\t\t\t<span class='e-n-accordion-item-title-header'><div class=\"e-n-accordion-item-title-text\"> O eflornitina (Vaniqa) \u00e9 eficaz? <\/div><\/span>\n\t\t\t\t\t\t\t<span class='e-n-accordion-item-title-icon'>\n\t\t\t<span class='e-opened' ><svg aria-hidden=\"true\" class=\"e-font-icon-svg e-fas-minus\" viewBox=\"0 0 448 512\" xmlns=\"http:\/\/www.w3.org\/2000\/svg\"><path d=\"M416 208H32c-17.67 0-32 14.33-32 32v32c0 17.67 14.33 32 32 32h384c17.67 0 32-14.33 32-32v-32c0-17.67-14.33-32-32-32z\"><\/path><\/svg><\/span>\n\t\t\t<span class='e-closed'><svg aria-hidden=\"true\" class=\"e-font-icon-svg e-fas-plus\" viewBox=\"0 0 448 512\" xmlns=\"http:\/\/www.w3.org\/2000\/svg\"><path d=\"M416 208H272V64c0-17.67-14.33-32-32-32h-32c-17.67 0-32 14.33-32 32v144H32c-17.67 0-32 14.33-32 32v32c0 17.67 14.33 32 32 32h144v144c0 17.67 14.33 32 32 32h32c17.67 0 32-14.33 32-32V304h144c17.67 0 32-14.33 32-32v-32c0-17.67-14.33-32-32-32z\"><\/path><\/svg><\/span>\n\t\t<\/span>\n\n\t\t\t\t\t\t<\/summary>\n\t\t\t\t<div role=\"region\" aria-labelledby=\"e-n-accordion-item-7082\" class=\"elementor-element elementor-element-1948aa2 e-con-full e-flex e-con e-child\" data-id=\"1948aa2\" data-element_type=\"container\" data-e-type=\"container\">\n\t\t<div role=\"region\" aria-labelledby=\"e-n-accordion-item-7082\" class=\"elementor-element elementor-element-44203e4 e-flex e-con-boxed e-con e-child\" data-id=\"44203e4\" data-element_type=\"container\" data-e-type=\"container\">\n\t\t\t\t\t<div class=\"e-con-inner\">\n\t\t\t\t<div class=\"elementor-element elementor-element-90363e4 elementor-widget elementor-widget-text-editor\" data-id=\"90363e4\" data-element_type=\"widget\" data-e-type=\"widget\" data-widget_type=\"text-editor.default\">\n\t\t\t\t\t\t\t\t\t<p><span style=\"font-weight: 400;\">O eflornitina creme reduz a velocidade de crescimento do <strong>pelo facial<\/strong> em 60% das utilizadoras ap\u00f3s 6-8 semanas. N\u00e3o remove os pelos existentes \u2014 deve ser combinado com outros m\u00e9todos de remo\u00e7\u00e3o.<\/span><\/p>\t\t\t\t\t\t\t\t<\/div>\n\t\t\t\t\t<\/div>\n\t\t\t\t<\/div>\n\t\t\t\t<\/div>\n\t\t\t\t\t<\/details>\n\t\t\t\t\t\t<details id=\"e-n-accordion-item-7083\" class=\"e-n-accordion-item\" >\n\t\t\t\t<summary class=\"e-n-accordion-item-title\" data-accordion-index=\"4\" tabindex=\"-1\" aria-expanded=\"false\" aria-controls=\"e-n-accordion-item-7083\" >\n\t\t\t\t\t<span class='e-n-accordion-item-title-header'><div class=\"e-n-accordion-item-title-text\"> Os pelos faciais voltam ap\u00f3s o laser? <\/div><\/span>\n\t\t\t\t\t\t\t<span class='e-n-accordion-item-title-icon'>\n\t\t\t<span class='e-opened' ><svg aria-hidden=\"true\" class=\"e-font-icon-svg e-fas-minus\" viewBox=\"0 0 448 512\" xmlns=\"http:\/\/www.w3.org\/2000\/svg\"><path d=\"M416 208H32c-17.67 0-32 14.33-32 32v32c0 17.67 14.33 32 32 32h384c17.67 0 32-14.33 32-32v-32c0-17.67-14.33-32-32-32z\"><\/path><\/svg><\/span>\n\t\t\t<span class='e-closed'><svg aria-hidden=\"true\" class=\"e-font-icon-svg e-fas-plus\" viewBox=\"0 0 448 512\" xmlns=\"http:\/\/www.w3.org\/2000\/svg\"><path d=\"M416 208H272V64c0-17.67-14.33-32-32-32h-32c-17.67 0-32 14.33-32 32v144H32c-17.67 0-32 14.33-32 32v32c0 17.67 14.33 32 32 32h144v144c0 17.67 14.33 32 32 32h32c17.67 0 32-14.33 32-32V304h144c17.67 0 32-14.33 32-32v-32c0-17.67-14.33-32-32-32z\"><\/path><\/svg><\/span>\n\t\t<\/span>\n\n\t\t\t\t\t\t<\/summary>\n\t\t\t\t<div role=\"region\" aria-labelledby=\"e-n-accordion-item-7083\" class=\"elementor-element elementor-element-e6b82d0 e-con-full e-flex e-con e-child\" data-id=\"e6b82d0\" data-element_type=\"container\" data-e-type=\"container\">\n\t\t<div role=\"region\" aria-labelledby=\"e-n-accordion-item-7083\" class=\"elementor-element elementor-element-ff98332 e-flex e-con-boxed e-con e-child\" data-id=\"ff98332\" data-element_type=\"container\" data-e-type=\"container\">\n\t\t\t\t\t<div class=\"e-con-inner\">\n\t\t\t\t<div class=\"elementor-element elementor-element-b745fb3 elementor-widget elementor-widget-text-editor\" data-id=\"b745fb3\" data-element_type=\"widget\" data-e-type=\"widget\" data-widget_type=\"text-editor.default\">\n\t\t\t\t\t\t\t\t\t<p><span style=\"font-weight: 400;\">A depila\u00e7\u00e3o a laser proporciona redu\u00e7\u00e3o permanente significativa, mas n\u00e3o elimina\u00e7\u00e3o total. Sess\u00f5es de manuten\u00e7\u00e3o anuais podem ser necess\u00e1rias. Se houver causa hormonal n\u00e3o tratada, o crescimento de novos pelos pode continuar.<\/span><\/p>\t\t\t\t\t\t\t\t<\/div>\n\t\t\t\t\t<\/div>\n\t\t\t\t<\/div>\n\t\t\t\t<\/div>\n\t\t\t\t\t<\/details>\n\t\t\t\t\t\t<details id=\"e-n-accordion-item-7084\" class=\"e-n-accordion-item\" >\n\t\t\t\t<summary class=\"e-n-accordion-item-title\" data-accordion-index=\"5\" tabindex=\"-1\" aria-expanded=\"false\" aria-controls=\"e-n-accordion-item-7084\" >\n\t\t\t\t\t<span class='e-n-accordion-item-title-header'><div class=\"e-n-accordion-item-title-text\"> Emagrecer ajuda a reduzir os pelos faciais? <\/div><\/span>\n\t\t\t\t\t\t\t<span class='e-n-accordion-item-title-icon'>\n\t\t\t<span class='e-opened' ><svg aria-hidden=\"true\" class=\"e-font-icon-svg e-fas-minus\" viewBox=\"0 0 448 512\" xmlns=\"http:\/\/www.w3.org\/2000\/svg\"><path d=\"M416 208H32c-17.67 0-32 14.33-32 32v32c0 17.67 14.33 32 32 32h384c17.67 0 32-14.33 32-32v-32c0-17.67-14.33-32-32-32z\"><\/path><\/svg><\/span>\n\t\t\t<span class='e-closed'><svg aria-hidden=\"true\" class=\"e-font-icon-svg e-fas-plus\" viewBox=\"0 0 448 512\" xmlns=\"http:\/\/www.w3.org\/2000\/svg\"><path d=\"M416 208H272V64c0-17.67-14.33-32-32-32h-32c-17.67 0-32 14.33-32 32v144H32c-17.67 0-32 14.33-32 32v32c0 17.67 14.33 32 32 32h144v144c0 17.67 14.33 32 32 32h32c17.67 0 32-14.33 32-32V304h144c17.67 0 32-14.33 32-32v-32c0-17.67-14.33-32-32-32z\"><\/path><\/svg><\/span>\n\t\t<\/span>\n\n\t\t\t\t\t\t<\/summary>\n\t\t\t\t<div role=\"region\" aria-labelledby=\"e-n-accordion-item-7084\" class=\"elementor-element elementor-element-7547615 e-con-full e-flex e-con e-child\" data-id=\"7547615\" data-element_type=\"container\" data-e-type=\"container\">\n\t\t<div role=\"region\" aria-labelledby=\"e-n-accordion-item-7084\" class=\"elementor-element elementor-element-8c9a957 e-flex e-con-boxed e-con e-child\" data-id=\"8c9a957\" data-element_type=\"container\" data-e-type=\"container\">\n\t\t\t\t\t<div class=\"e-con-inner\">\n\t\t\t\t<div class=\"elementor-element elementor-element-2f07efa elementor-widget elementor-widget-text-editor\" data-id=\"2f07efa\" data-element_type=\"widget\" data-e-type=\"widget\" data-widget_type=\"text-editor.default\">\n\t\t\t\t\t\t\t\t\t<p><span style=\"font-weight: 400;\">Sim, em mulheres com SOP e excesso de peso. A perda de 5-10% do peso corporal pode melhorar a resist\u00eancia \u00e0 insulina, reduzir os n\u00edveis de androg\u00e9nios e consequentemente diminuir o hirsutismo.<\/span><\/p>\t\t\t\t\t\t\t\t<\/div>\n\t\t\t\t\t<\/div>\n\t\t\t\t<\/div>\n\t\t\t\t<\/div>\n\t\t\t\t\t<\/details>\n\t\t\t\t\t<\/div>\n\t\t\t\t\t<script type=\"application\/ld+json\">{\"@context\":\"https:\\\/\\\/schema.org\",\"@type\":\"FAQPage\",\"mainEntity\":[{\"@type\":\"Question\",\"name\":\"A depila\\u00e7\\u00e3o a laser funciona nos pelos faciais?\",\"acceptedAnswer\":{\"@type\":\"Answer\",\"text\":\"Sim. A depila\\u00e7\\u00e3o a laser \\u00e9 muito eficaz para pelos faciais escuros e grossos, necessitando tipicamente de 6-8 sess\\u00f5es. \\u00c9 menos eficaz em pelos claros, finos ou em pele muito escura.\"}},{\"@type\":\"Question\",\"name\":\"A p\\u00edlula contracetiva ajuda com os pelos faciais?\",\"acceptedAnswer\":{\"@type\":\"Answer\",\"text\":\"Sim. A p\\u00edlula combinada, especialmente as formula\\u00e7\\u00f5es com ciproterona ou drospirenona, reduz o hirsutismo ao suprimir a produ\\u00e7\\u00e3o de androg\\u00e9nios. O efeito torna-se vis\\u00edvel ap\\u00f3s 6-9 meses de tratamento.\"}},{\"@type\":\"Question\",\"name\":\"O eflornitina (Vaniqa) \\u00e9 eficaz?\",\"acceptedAnswer\":{\"@type\":\"Answer\",\"text\":\"O eflornitina creme reduz a velocidade de crescimento do pelo facial em 60% das utilizadoras ap\\u00f3s 6-8 semanas. N\\u00e3o remove os pelos existentes \\u2014 deve ser combinado com outros m\\u00e9todos de remo\\u00e7\\u00e3o.\"}},{\"@type\":\"Question\",\"name\":\"Os pelos faciais voltam ap\\u00f3s o laser?\",\"acceptedAnswer\":{\"@type\":\"Answer\",\"text\":\"A depila\\u00e7\\u00e3o a laser proporciona redu\\u00e7\\u00e3o permanente significativa, mas n\\u00e3o elimina\\u00e7\\u00e3o total. Sess\\u00f5es de manuten\\u00e7\\u00e3o anuais podem ser necess\\u00e1rias. Se houver causa hormonal n\\u00e3o tratada, o crescimento de novos pelos pode continuar.\"}},{\"@type\":\"Question\",\"name\":\"Emagrecer ajuda a reduzir os pelos faciais?\",\"acceptedAnswer\":{\"@type\":\"Answer\",\"text\":\"Sim, em mulheres com SOP e excesso de peso. A perda de 5-10% do peso corporal pode melhorar a resist\\u00eancia \\u00e0 insulina, reduzir os n\\u00edveis de androg\\u00e9nios e consequentemente diminuir o hirsutismo.\"}}]}<\/script>\n\t\t\t\t\t\t\t<\/div>\n\t\t\t\t<\/div>\n\t\t\t\t<\/div>\n\t\t\t\t\t<\/div>\n\t\t\t\t<\/div>\n\t\t<div class=\"elementor-element elementor-element-02d7fba e-flex e-con-boxed e-con e-parent\" data-id=\"02d7fba\" data-element_type=\"container\" data-e-type=\"container\">\n\t\t\t\t\t<div class=\"e-con-inner\">\n\t\t\t\t<div class=\"elementor-element elementor-element-ca91313 elementor-widget elementor-widget-text-editor\" data-id=\"ca91313\" data-element_type=\"widget\" data-e-type=\"widget\" data-widget_type=\"text-editor.default\">\n\t\t\t\t\t\t\t\t\t<h2><b>Conclus\u00e3o<\/b><\/h2><p><span style=\"font-weight: 400;\">O tratamento dos <strong>pelos faciais<\/strong> excessivos nas mulheres requer uma abordagem combinada e paciente, integrando terap\u00eautica farmacol\u00f3gica anti-androg\u00e9nica com m\u00e9todos de remo\u00e7\u00e3o cosm\u00e9tica ou dermatol\u00f3gica. A individualiza\u00e7\u00e3o do tratamento, a gest\u00e3o de expectativas realistas e o seguimento regular s\u00e3o essenciais para resultados satisfat\u00f3rios. A depila\u00e7\u00e3o a laser, a p\u00edlula contracetiva e os anti-androg\u00e9nios constituem os pilares de uma estrat\u00e9gia integrada para o controlo eficaz dos <strong>pelos faciais<\/strong>.<\/span><\/p><h2><b>Refer\u00eancias<\/b><\/h2><p><a href=\"https:\/\/academic.oup.com\/jcem\/article\/103\/4\/1233\/4939465\" target=\"_blank\" rel=\"dofollow noopener\">The Endocrine Society. Evaluation and Treatment of Hirsutism in Premenopausal Women<\/a><\/p><p><a href=\"https:\/\/www.bad.org.uk\/healthcare-professionals\/clinical-standards\/clinical-guidelines\/\" target=\"_blank\" rel=\"dofollow noopener\">British Association of Dermatologists. BAD Guidelines on Laser and IPL Hair Removal<\/a><\/p><p><a href=\"https:\/\/www.eadv.org\/\" target=\"_blank\" rel=\"dofollow noopener\">European Academy of Dermatology and Venereology. EADV Guidelines on Hirsutism Management<\/a><\/p>\t\t\t\t\t\t\t\t<\/div>\n\t\t\t\t\t<\/div>\n\t\t\t\t<\/div>\n\t\t\t\t<\/div>\n\t\t","protected":false},"excerpt":{"rendered":"<p>Introdu\u00e7\u00e3o O tratamento dos pelos faciais excessivos nas mulheres requer uma abordagem combinada que integre terap\u00eautica m\u00e9dica para tratar a causa subjacente e m\u00e9todos de remo\u00e7\u00e3o cosm\u00e9tica ou dermatol\u00f3gica para controlo est\u00e9tico. A efic\u00e1cia do tratamento \u00e9 geralmente gradual, sendo necess\u00e1rios 6 a 12 meses para observar resultados significativos com terap\u00eautica farmacol\u00f3gica. A escolha da [&hellip;]<\/p>\n","protected":false},"author":13102,"featured_media":58776,"comment_status":"closed","ping_status":"closed","sticky":false,"template":"","format":"standard","meta":{"_jetpack_memberships_contains_paid_content":false,"footnotes":""},"categories":[250,251],"tags":[],"class_list":["post-58573","post","type-post","status-publish","format-standard","has-post-thumbnail","hentry","category-dermatologia","category-endocrinologia"],"jetpack_featured_media_url":"https:\/\/staging.mediconanet.pt\/wp-content\/uploads\/2026\/03\/wpimage-id893sizeSlugfulllinkDestinationnone-figure-classwp-block-image-size-fullimg-srchttpscomprarcbdonline.ptwp-contentuploads202603unnamed-3.jpg-altFrasco-de-vidro-transparente-c-58.jpg","jetpack_sharing_enabled":true,"_links":{"self":[{"href":"https:\/\/staging.mediconanet.pt\/en\/wp-json\/wp\/v2\/posts\/58573","targetHints":{"allow":["GET"]}}],"collection":[{"href":"https:\/\/staging.mediconanet.pt\/en\/wp-json\/wp\/v2\/posts"}],"about":[{"href":"https:\/\/staging.mediconanet.pt\/en\/wp-json\/wp\/v2\/types\/post"}],"author":[{"embeddable":true,"href":"https:\/\/staging.mediconanet.pt\/en\/wp-json\/wp\/v2\/users\/13102"}],"replies":[{"embeddable":true,"href":"https:\/\/staging.mediconanet.pt\/en\/wp-json\/wp\/v2\/comments?post=58573"}],"version-history":[{"count":20,"href":"https:\/\/staging.mediconanet.pt\/en\/wp-json\/wp\/v2\/posts\/58573\/revisions"}],"predecessor-version":[{"id":59286,"href":"https:\/\/staging.mediconanet.pt\/en\/wp-json\/wp\/v2\/posts\/58573\/revisions\/59286"}],"wp:featuredmedia":[{"embeddable":true,"href":"https:\/\/staging.mediconanet.pt\/en\/wp-json\/wp\/v2\/media\/58776"}],"wp:attachment":[{"href":"https:\/\/staging.mediconanet.pt\/en\/wp-json\/wp\/v2\/media?parent=58573"}],"wp:term":[{"taxonomy":"category","embeddable":true,"href":"https:\/\/staging.mediconanet.pt\/en\/wp-json\/wp\/v2\/categories?post=58573"},{"taxonomy":"post_tag","embeddable":true,"href":"https:\/\/staging.mediconanet.pt\/en\/wp-json\/wp\/v2\/tags?post=58573"}],"curies":[{"name":"wp","href":"https:\/\/api.w.org\/{rel}","templated":true}]}}