{"id":58562,"date":"2026-03-18T12:46:02","date_gmt":"2026-03-18T12:46:02","guid":{"rendered":"https:\/\/www.mediconanet.pt\/?p=58562"},"modified":"2026-03-24T15:21:32","modified_gmt":"2026-03-24T15:21:32","slug":"pelos-faciais-mulheres-hirsutismo","status":"publish","type":"post","link":"https:\/\/staging.mediconanet.pt\/en\/pelos-faciais-mulheres-hirsutismo\/","title":{"rendered":"Pelos Faciais nas Mulheres: Causas, Hirsutismo e Diagn\u00f3stico"},"content":{"rendered":"\t\t<div data-elementor-type=\"wp-post\" data-elementor-id=\"58562\" class=\"elementor elementor-58562\" data-elementor-post-type=\"post\">\n\t\t\t\t<div class=\"elementor-element elementor-element-570cfe3 e-flex e-con-boxed e-con e-parent\" data-id=\"570cfe3\" data-element_type=\"container\" data-e-type=\"container\">\n\t\t\t\t\t<div class=\"e-con-inner\">\n\t\t\t\t<div class=\"elementor-element elementor-element-1761780 elementor-widget elementor-widget-text-editor\" data-id=\"1761780\" data-element_type=\"widget\" data-e-type=\"widget\" data-widget_type=\"text-editor.default\">\n\t\t\t\t\t\t\t\t\t<h2><b>Introdu\u00e7\u00e3o<\/b><\/h2><p><span style=\"font-weight: 400;\">O crescimento excessivo de <strong>pelos faciais<\/strong> nas mulheres \u2014 clinicamente denominado hirsutismo quando segue um padr\u00e3o de distribui\u00e7\u00e3o masculino \u2014 \u00e9 uma queixa frequente que afeta 5 a 10 % das mulheres em idade reprodutiva. O hirsutismo \u00e9 definido como o crescimento de pelo terminal grosso e pigmentado em \u00e1reas androg\u00e9nio-dependentes (face, peito, abd\u00f3men, costas) nas mulheres.<\/span><\/p><p><span style=\"font-weight: 400;\">O hirsutismo facial \u00e9 a manifesta\u00e7\u00e3o mais vis\u00edvel e que maior impacto psicol\u00f3gico causa, motivando frequentemente a procura de ajuda m\u00e9dica. A Sociedade Portuguesa de Endocrinologia, Diabetes e Metabolismo reconhece o hirsutismo como um sinal cl\u00ednico que merece avalia\u00e7\u00e3o etiol\u00f3gica cuidadosa, pois pode ser a manifesta\u00e7\u00e3o de condi\u00e7\u00f5es end\u00f3crinas subjacentes, sendo a mais frequente o s\u00edndrome do ov\u00e1rio poliqu\u00edstico (SOP).<\/span><\/p><h2><b>Causas do Hirsutismo e Pelos Faciais Excessivos<\/b><\/h2><p><span style=\"font-weight: 400;\">O s\u00edndrome do ov\u00e1rio poliqu\u00edstico (SOP) \u00e9 a causa mais frequente de hirsutismo, respons\u00e1vel por 70 a 80 % dos casos. O SOP caracteriza-se pela produ\u00e7\u00e3o excessiva de androg\u00e9nios pelos ov\u00e1rios, causando n\u00e3o apenas hirsutismo facial e corporal, mas tamb\u00e9m acne, alopecia androg\u00e9nica, irregularidade menstrual e resist\u00eancia \u00e0 insulina. Os crit\u00e9rios de Rotterdam, recomendados pela European Society of Human Reproduction and Embryology (ESHRE), definem o SOP pela presen\u00e7a de pelo menos 2 de 3 crit\u00e9rios: hiperandrogenismo, disfun\u00e7\u00e3o ovulat\u00f3ria e ov\u00e1rios poliqu\u00edsticos na ecografia.<\/span><\/p><p><span style=\"font-weight: 400;\">O hirsutismo idiop\u00e1tico \u00e9 a segunda causa mais frequente, representando 5 a 20 % dos casos. Nestas mulheres, os n\u00edveis de androg\u00e9nios s\u00e3o normais, mas existe sensibilidade aumentada dos fol\u00edculos pilosos aos androg\u00e9nios circulantes, devido a maior atividade da enzima 5-alfa-redutase na pele.<\/span><\/p><p><span style=\"font-weight: 400;\">Causas menos frequentes incluem hiperplasia cong\u00e9nita da suprarrenal de in\u00edcio tardio (forma n\u00e3o cl\u00e1ssica), tumores secretores de androg\u00e9nios (ov\u00e1ricos ou suprarrenais), s\u00edndrome de Cushing, hiperprolactinemia e medicamentos (corticosteroides, danazol, minoxidil, ciclosporina). A Endocrine Society recomenda a exclus\u00e3o de causas graves, especialmente quando o hirsutismo \u00e9 de in\u00edcio r\u00e1pido, grave ou acompanhado de viriliza\u00e7\u00e3o (engrossamento da voz, clitoromegalia, alopecia temporal).<\/span><\/p><h2><b>Avalia\u00e7\u00e3o e Diagn\u00f3stico<\/b><\/h2><p><span style=\"font-weight: 400;\">A avalia\u00e7\u00e3o do hirsutismo come\u00e7a com a quantifica\u00e7\u00e3o cl\u00ednica utilizando a escala de Ferriman-Gallwey modificada, que pontua o crescimento de pelo em 9 \u00e1reas corporais. Uma pontua\u00e7\u00e3o igual ou superior a 8 \u00e9 geralmente considerada diagn\u00f3stica de hirsutismo, embora este limiar varie consoante a etnia e a popula\u00e7\u00e3o estudada.<\/span><\/p><p><span style=\"font-weight: 400;\">A investiga\u00e7\u00e3o laboratorial deve incluir: testosterona total e livre, sulfato de dehidroepiandrosterona (DHEA-S), 17-hidroxiprogesterona (para excluir hiperplasia cong\u00e9nita da suprarrenal), prolactina e hormonas tiroideias. A ecografia p\u00e9lvica \u00e9 indicada para avalia\u00e7\u00e3o de morfologia ov\u00e1rica quando se suspeita de SOP.<\/span><\/p><p><span style=\"font-weight: 400;\">A Endocrine Society e a European Academy of Dermatology and Venereology (EADV) recomendam que o diagn\u00f3stico de hirsutismo idiop\u00e1tico seja feito por exclus\u00e3o, ap\u00f3s demonstra\u00e7\u00e3o de ciclos menstruais regulares, n\u00edveis de androg\u00e9nios normais e ecografia ov\u00e1rica sem altera\u00e7\u00f5es. A Dire\u00e7\u00e3o-Geral da Sa\u00fade (DGS) de Portugal integra a avalia\u00e7\u00e3o do hirsutismo nas orienta\u00e7\u00f5es para os cuidados de sa\u00fade prim\u00e1rios, com referencia\u00e7\u00e3o a endocrinologia ou ginecologia quando indicado.<\/span><\/p><h2><b>Impacto Psicol\u00f3gico e Qualidade de Vida<\/b><\/h2><p><span style=\"font-weight: 400;\">O hirsutismo facial tem impacto psicol\u00f3gico profundo, frequentemente subestimado na pr\u00e1tica cl\u00ednica. Estudos publicados no Journal of Clinical Endocrinology &amp; Metabolism demonstram que mulheres com hirsutismo reportam n\u00edveis significativamente mais elevados de ansiedade, depress\u00e3o, insatisfa\u00e7\u00e3o corporal e evic\u00e7\u00e3o social comparativamente a mulheres sem hirsutismo.<\/span><\/p><p><span style=\"font-weight: 400;\">O impacto psicol\u00f3gico do hirsutismo facial \u00e9 muitas vezes desproporcional \u00e0 gravidade cl\u00ednica. Mesmo graus ligeiros de pelo facial podem causar sofrimento significativo, afetando a autoestima, as rela\u00e7\u00f5es interpessoais e a vida profissional. A press\u00e3o social e cultural sobre a apar\u00eancia feminina agrava esta experi\u00eancia.<\/span><\/p><p><span style=\"font-weight: 400;\">A avalia\u00e7\u00e3o da qualidade de vida deve fazer parte integrante da abordagem do hirsutismo. A European Society of Endocrinology recomenda que o tratamento seja oferecido a todas as mulheres com hirsutismo que expressem preocupa\u00e7\u00e3o, independentemente do grau cl\u00ednico, reconhecendo que a perce\u00e7\u00e3o subjetiva do problema \u00e9 t\u00e3o importante como a medi\u00e7\u00e3o objetiva na decis\u00e3o terap\u00eautica.<\/span><\/p><p><i><span style=\"font-weight: 400;\">Na <strong>M\u00e9dico na Net<\/strong>, a <strong>equipa cl\u00ednica<\/strong> oferece avalia\u00e7\u00e3o completa de hirsutismo e<\/span><a href=\"https:\/\/staging.mediconanet.pt\/produto\/pelos-faciais\/?slug_pagina_visitada=pelos-faciais\"><b> pelos faciais <\/b><\/a><span style=\"font-weight: 400;\">excessivos, com investiga\u00e7\u00e3o das causas subjacentes e plano terap\u00eautico personalizado.<\/span><\/i><\/p>\t\t\t\t\t\t\t\t<\/div>\n\t\t\t\t<div class=\"elementor-element elementor-element-375973d elementor-widget elementor-widget-image\" data-id=\"375973d\" data-element_type=\"widget\" data-e-type=\"widget\" data-widget_type=\"image.default\">\n\t\t\t\t\t\t\t\t\t\t\t\t\t\t\t<img decoding=\"async\" src=\"https:\/\/staging.mediconanet.pt\/wp-content\/uploads\/2026\/03\/wpimage-id893sizeSlugfulllinkDestinationnone-figure-classwp-block-image-size-fullimg-srchttpscomprarcbdonline.ptwp-contentuploads202603unnamed-3.jpg-altFrasco-de-vidro-transparente-c-47.jpg\" title=\"Consulta online sobre pelos faciais\" alt=\"Mulher em casa em consulta online sobre pelos faciais com m\u00e9dica no port\u00e1til\" loading=\"lazy\" \/>\t\t\t\t\t\t\t\t\t\t\t\t\t\t\t<\/div>\n\t\t\t\t\t<\/div>\n\t\t\t\t<\/div>\n\t\t<div class=\"elementor-element elementor-element-1545e08 e-flex e-con-boxed e-con e-parent\" data-id=\"1545e08\" data-element_type=\"container\" data-e-type=\"container\">\n\t\t\t\t\t<div class=\"e-con-inner\">\n\t\t<div class=\"elementor-element elementor-element-9ad30cf e-con-full e-flex e-con e-child\" data-id=\"9ad30cf\" data-element_type=\"container\" data-e-type=\"container\">\n\t\t<div class=\"elementor-element elementor-element-66e4f21 e-con-full e-flex e-con e-child\" data-id=\"66e4f21\" data-element_type=\"container\" data-e-type=\"container\">\n\t\t\t\t<div class=\"elementor-element elementor-element-c44ae3e elementor-widget elementor-widget-heading\" data-id=\"c44ae3e\" data-element_type=\"widget\" data-e-type=\"widget\" data-widget_type=\"heading.default\">\n\t\t\t\t\t<h2 class=\"elementor-heading-title elementor-size-default\">Perguntas frequentes (FAQ)<\/h2>\t\t\t\t<\/div>\n\t\t\t\t<div class=\"elementor-element elementor-element-439b5c3 elementor-widget elementor-widget-n-accordion\" data-id=\"439b5c3\" data-element_type=\"widget\" data-e-type=\"widget\" data-settings=\"{&quot;default_state&quot;:&quot;all_collapsed&quot;,&quot;max_items_expended&quot;:&quot;one&quot;,&quot;n_accordion_animation_duration&quot;:{&quot;unit&quot;:&quot;ms&quot;,&quot;size&quot;:400,&quot;sizes&quot;:[]}}\" data-widget_type=\"nested-accordion.default\">\n\t\t\t\t\t\t\t<div class=\"e-n-accordion\" aria-label=\"Accordion. Open links with Enter or Space, close with Escape, and navigate with Arrow Keys\">\n\t\t\t\t\t\t<details id=\"e-n-accordion-item-7080\" class=\"e-n-accordion-item\" >\n\t\t\t\t<summary class=\"e-n-accordion-item-title\" data-accordion-index=\"1\" tabindex=\"0\" aria-expanded=\"false\" aria-controls=\"e-n-accordion-item-7080\" >\n\t\t\t\t\t<span class='e-n-accordion-item-title-header'><div class=\"e-n-accordion-item-title-text\"> Os pelos faciais nas mulheres s\u00e3o normais? <\/div><\/span>\n\t\t\t\t\t\t\t<span class='e-n-accordion-item-title-icon'>\n\t\t\t<span class='e-opened' ><svg aria-hidden=\"true\" class=\"e-font-icon-svg e-fas-minus\" viewBox=\"0 0 448 512\" xmlns=\"http:\/\/www.w3.org\/2000\/svg\"><path d=\"M416 208H32c-17.67 0-32 14.33-32 32v32c0 17.67 14.33 32 32 32h384c17.67 0 32-14.33 32-32v-32c0-17.67-14.33-32-32-32z\"><\/path><\/svg><\/span>\n\t\t\t<span class='e-closed'><svg aria-hidden=\"true\" class=\"e-font-icon-svg e-fas-plus\" viewBox=\"0 0 448 512\" xmlns=\"http:\/\/www.w3.org\/2000\/svg\"><path d=\"M416 208H272V64c0-17.67-14.33-32-32-32h-32c-17.67 0-32 14.33-32 32v144H32c-17.67 0-32 14.33-32 32v32c0 17.67 14.33 32 32 32h144v144c0 17.67 14.33 32 32 32h32c17.67 0 32-14.33 32-32V304h144c17.67 0 32-14.33 32-32v-32c0-17.67-14.33-32-32-32z\"><\/path><\/svg><\/span>\n\t\t<\/span>\n\n\t\t\t\t\t\t<\/summary>\n\t\t\t\t<div role=\"region\" aria-labelledby=\"e-n-accordion-item-7080\" class=\"elementor-element elementor-element-d801294 e-con-full e-flex e-con e-child\" data-id=\"d801294\" data-element_type=\"container\" data-e-type=\"container\">\n\t\t<div role=\"region\" aria-labelledby=\"e-n-accordion-item-7080\" class=\"elementor-element elementor-element-67dd609 e-flex e-con-boxed e-con e-child\" data-id=\"67dd609\" data-element_type=\"container\" data-e-type=\"container\">\n\t\t\t\t\t<div class=\"e-con-inner\">\n\t\t\t\t<div class=\"elementor-element elementor-element-2204be5 elementor-widget elementor-widget-text-editor\" data-id=\"2204be5\" data-element_type=\"widget\" data-e-type=\"widget\" data-widget_type=\"text-editor.default\">\n\t\t\t\t\t\t\t\t\t<p><span style=\"font-weight: 400;\">Alguns <\/span><b>pelos faciais <\/b>finos<span style=\"font-weight: 400;\"> s\u00e3o normais em todas as mulheres. Contudo, o crescimento de pelo grosso e escuro no queixo, bu\u00e7o e maxilares pode indicar hirsutismo e justifica avalia\u00e7\u00e3o m\u00e9dica para investigar a causa.<\/span><\/p>\t\t\t\t\t\t\t\t<\/div>\n\t\t\t\t\t<\/div>\n\t\t\t\t<\/div>\n\t\t\t\t<\/div>\n\t\t\t\t\t<\/details>\n\t\t\t\t\t\t<details id=\"e-n-accordion-item-7081\" class=\"e-n-accordion-item\" >\n\t\t\t\t<summary class=\"e-n-accordion-item-title\" data-accordion-index=\"2\" tabindex=\"-1\" aria-expanded=\"false\" aria-controls=\"e-n-accordion-item-7081\" >\n\t\t\t\t\t<span class='e-n-accordion-item-title-header'><div class=\"e-n-accordion-item-title-text\"> O SOP \u00e9 a \u00fanica causa de pelos faciais excessivos? <\/div><\/span>\n\t\t\t\t\t\t\t<span class='e-n-accordion-item-title-icon'>\n\t\t\t<span class='e-opened' ><svg aria-hidden=\"true\" class=\"e-font-icon-svg e-fas-minus\" viewBox=\"0 0 448 512\" xmlns=\"http:\/\/www.w3.org\/2000\/svg\"><path d=\"M416 208H32c-17.67 0-32 14.33-32 32v32c0 17.67 14.33 32 32 32h384c17.67 0 32-14.33 32-32v-32c0-17.67-14.33-32-32-32z\"><\/path><\/svg><\/span>\n\t\t\t<span class='e-closed'><svg aria-hidden=\"true\" class=\"e-font-icon-svg e-fas-plus\" viewBox=\"0 0 448 512\" xmlns=\"http:\/\/www.w3.org\/2000\/svg\"><path d=\"M416 208H272V64c0-17.67-14.33-32-32-32h-32c-17.67 0-32 14.33-32 32v144H32c-17.67 0-32 14.33-32 32v32c0 17.67 14.33 32 32 32h144v144c0 17.67 14.33 32 32 32h32c17.67 0 32-14.33 32-32V304h144c17.67 0 32-14.33 32-32v-32c0-17.67-14.33-32-32-32z\"><\/path><\/svg><\/span>\n\t\t<\/span>\n\n\t\t\t\t\t\t<\/summary>\n\t\t\t\t<div role=\"region\" aria-labelledby=\"e-n-accordion-item-7081\" class=\"elementor-element elementor-element-f07e3ff e-con-full e-flex e-con e-child\" data-id=\"f07e3ff\" data-element_type=\"container\" data-e-type=\"container\">\n\t\t<div role=\"region\" aria-labelledby=\"e-n-accordion-item-7081\" class=\"elementor-element elementor-element-ba0d7df e-flex e-con-boxed e-con e-child\" data-id=\"ba0d7df\" data-element_type=\"container\" data-e-type=\"container\">\n\t\t\t\t\t<div class=\"e-con-inner\">\n\t\t\t\t<div class=\"elementor-element elementor-element-bd0918d elementor-widget elementor-widget-text-editor\" data-id=\"bd0918d\" data-element_type=\"widget\" data-e-type=\"widget\" data-widget_type=\"text-editor.default\">\n\t\t\t\t\t\t\t\t\t<p><span style=\"font-weight: 400;\">A avalia\u00e7\u00e3o inicial inclui testosterona total e livre, DHEA-S, 17-hidroxiprogesterona, prolactina e hormonas tiroideias. A ecografia p\u00e9lvica pode ser necess\u00e1ria para avaliar os ov\u00e1rios.<\/span><\/p>\t\t\t\t\t\t\t\t<\/div>\n\t\t\t\t\t<\/div>\n\t\t\t\t<\/div>\n\t\t\t\t<\/div>\n\t\t\t\t\t<\/details>\n\t\t\t\t\t\t<details id=\"e-n-accordion-item-7082\" class=\"e-n-accordion-item\" >\n\t\t\t\t<summary class=\"e-n-accordion-item-title\" data-accordion-index=\"3\" tabindex=\"-1\" aria-expanded=\"false\" aria-controls=\"e-n-accordion-item-7082\" >\n\t\t\t\t\t<span class='e-n-accordion-item-title-header'><div class=\"e-n-accordion-item-title-text\"> Que an\u00e1lises devo fazer? <\/div><\/span>\n\t\t\t\t\t\t\t<span class='e-n-accordion-item-title-icon'>\n\t\t\t<span class='e-opened' ><svg aria-hidden=\"true\" class=\"e-font-icon-svg e-fas-minus\" viewBox=\"0 0 448 512\" xmlns=\"http:\/\/www.w3.org\/2000\/svg\"><path d=\"M416 208H32c-17.67 0-32 14.33-32 32v32c0 17.67 14.33 32 32 32h384c17.67 0 32-14.33 32-32v-32c0-17.67-14.33-32-32-32z\"><\/path><\/svg><\/span>\n\t\t\t<span class='e-closed'><svg aria-hidden=\"true\" class=\"e-font-icon-svg e-fas-plus\" viewBox=\"0 0 448 512\" xmlns=\"http:\/\/www.w3.org\/2000\/svg\"><path d=\"M416 208H272V64c0-17.67-14.33-32-32-32h-32c-17.67 0-32 14.33-32 32v144H32c-17.67 0-32 14.33-32 32v32c0 17.67 14.33 32 32 32h144v144c0 17.67 14.33 32 32 32h32c17.67 0 32-14.33 32-32V304h144c17.67 0 32-14.33 32-32v-32c0-17.67-14.33-32-32-32z\"><\/path><\/svg><\/span>\n\t\t<\/span>\n\n\t\t\t\t\t\t<\/summary>\n\t\t\t\t<div role=\"region\" aria-labelledby=\"e-n-accordion-item-7082\" class=\"elementor-element elementor-element-1948aa2 e-con-full e-flex e-con e-child\" data-id=\"1948aa2\" data-element_type=\"container\" data-e-type=\"container\">\n\t\t<div role=\"region\" aria-labelledby=\"e-n-accordion-item-7082\" class=\"elementor-element elementor-element-44203e4 e-flex e-con-boxed e-con e-child\" data-id=\"44203e4\" data-element_type=\"container\" data-e-type=\"container\">\n\t\t\t\t\t<div class=\"e-con-inner\">\n\t\t\t\t<div class=\"elementor-element elementor-element-90363e4 elementor-widget elementor-widget-text-editor\" data-id=\"90363e4\" data-element_type=\"widget\" data-e-type=\"widget\" data-widget_type=\"text-editor.default\">\n\t\t\t\t\t\t\t\t\t<p><span style=\"font-weight: 400;\">A avalia\u00e7\u00e3o inicial inclui testosterona total e livre, DHEA-S, 17-hidroxiprogesterona, prolactina e hormonas tiroideias. A ecografia p\u00e9lvica pode ser necess\u00e1ria para avaliar os ov\u00e1rios.<\/span><\/p>\t\t\t\t\t\t\t\t<\/div>\n\t\t\t\t\t<\/div>\n\t\t\t\t<\/div>\n\t\t\t\t<\/div>\n\t\t\t\t\t<\/details>\n\t\t\t\t\t\t<details id=\"e-n-accordion-item-7083\" class=\"e-n-accordion-item\" >\n\t\t\t\t<summary class=\"e-n-accordion-item-title\" data-accordion-index=\"4\" tabindex=\"-1\" aria-expanded=\"false\" aria-controls=\"e-n-accordion-item-7083\" >\n\t\t\t\t\t<span class='e-n-accordion-item-title-header'><div class=\"e-n-accordion-item-title-text\"> Os pelos faciais pioram com a idade? <\/div><\/span>\n\t\t\t\t\t\t\t<span class='e-n-accordion-item-title-icon'>\n\t\t\t<span class='e-opened' ><svg aria-hidden=\"true\" class=\"e-font-icon-svg e-fas-minus\" viewBox=\"0 0 448 512\" xmlns=\"http:\/\/www.w3.org\/2000\/svg\"><path d=\"M416 208H32c-17.67 0-32 14.33-32 32v32c0 17.67 14.33 32 32 32h384c17.67 0 32-14.33 32-32v-32c0-17.67-14.33-32-32-32z\"><\/path><\/svg><\/span>\n\t\t\t<span class='e-closed'><svg aria-hidden=\"true\" class=\"e-font-icon-svg e-fas-plus\" viewBox=\"0 0 448 512\" xmlns=\"http:\/\/www.w3.org\/2000\/svg\"><path d=\"M416 208H272V64c0-17.67-14.33-32-32-32h-32c-17.67 0-32 14.33-32 32v144H32c-17.67 0-32 14.33-32 32v32c0 17.67 14.33 32 32 32h144v144c0 17.67 14.33 32 32 32h32c17.67 0 32-14.33 32-32V304h144c17.67 0 32-14.33 32-32v-32c0-17.67-14.33-32-32-32z\"><\/path><\/svg><\/span>\n\t\t<\/span>\n\n\t\t\t\t\t\t<\/summary>\n\t\t\t\t<div role=\"region\" aria-labelledby=\"e-n-accordion-item-7083\" class=\"elementor-element elementor-element-e6b82d0 e-con-full e-flex e-con e-child\" data-id=\"e6b82d0\" data-element_type=\"container\" data-e-type=\"container\">\n\t\t<div role=\"region\" aria-labelledby=\"e-n-accordion-item-7083\" class=\"elementor-element elementor-element-ff98332 e-flex e-con-boxed e-con e-child\" data-id=\"ff98332\" data-element_type=\"container\" data-e-type=\"container\">\n\t\t\t\t\t<div class=\"e-con-inner\">\n\t\t\t\t<div class=\"elementor-element elementor-element-b745fb3 elementor-widget elementor-widget-text-editor\" data-id=\"b745fb3\" data-element_type=\"widget\" data-e-type=\"widget\" data-widget_type=\"text-editor.default\">\n\t\t\t\t\t\t\t\t\t<p><span style=\"font-weight: 400;\">Em muitas mulheres, os <\/span><b>pelos faciais<\/b><span style=\"font-weight: 400;\"> aumentam ap\u00f3s a menopausa devido \u00e0 diminui\u00e7\u00e3o dos estrog\u00e9nios com manuten\u00e7\u00e3o relativa dos androg\u00e9nios. Esta forma de hirsutismo p\u00f3s-menop\u00e1usico \u00e9 geralmente ligeira.<\/span><\/p>\t\t\t\t\t\t\t\t<\/div>\n\t\t\t\t\t<\/div>\n\t\t\t\t<\/div>\n\t\t\t\t<\/div>\n\t\t\t\t\t<\/details>\n\t\t\t\t\t\t<details id=\"e-n-accordion-item-7084\" class=\"e-n-accordion-item\" >\n\t\t\t\t<summary class=\"e-n-accordion-item-title\" data-accordion-index=\"5\" tabindex=\"-1\" aria-expanded=\"false\" aria-controls=\"e-n-accordion-item-7084\" >\n\t\t\t\t\t<span class='e-n-accordion-item-title-header'><div class=\"e-n-accordion-item-title-text\"> Arrancar ou depilar os pelos piora o problema? <\/div><\/span>\n\t\t\t\t\t\t\t<span class='e-n-accordion-item-title-icon'>\n\t\t\t<span class='e-opened' ><svg aria-hidden=\"true\" class=\"e-font-icon-svg e-fas-minus\" viewBox=\"0 0 448 512\" xmlns=\"http:\/\/www.w3.org\/2000\/svg\"><path d=\"M416 208H32c-17.67 0-32 14.33-32 32v32c0 17.67 14.33 32 32 32h384c17.67 0 32-14.33 32-32v-32c0-17.67-14.33-32-32-32z\"><\/path><\/svg><\/span>\n\t\t\t<span class='e-closed'><svg aria-hidden=\"true\" class=\"e-font-icon-svg e-fas-plus\" viewBox=\"0 0 448 512\" xmlns=\"http:\/\/www.w3.org\/2000\/svg\"><path d=\"M416 208H272V64c0-17.67-14.33-32-32-32h-32c-17.67 0-32 14.33-32 32v144H32c-17.67 0-32 14.33-32 32v32c0 17.67 14.33 32 32 32h144v144c0 17.67 14.33 32 32 32h32c17.67 0 32-14.33 32-32V304h144c17.67 0 32-14.33 32-32v-32c0-17.67-14.33-32-32-32z\"><\/path><\/svg><\/span>\n\t\t<\/span>\n\n\t\t\t\t\t\t<\/summary>\n\t\t\t\t<div role=\"region\" aria-labelledby=\"e-n-accordion-item-7084\" class=\"elementor-element elementor-element-7547615 e-con-full e-flex e-con e-child\" data-id=\"7547615\" data-element_type=\"container\" data-e-type=\"container\">\n\t\t<div role=\"region\" aria-labelledby=\"e-n-accordion-item-7084\" class=\"elementor-element elementor-element-8c9a957 e-flex e-con-boxed e-con e-child\" data-id=\"8c9a957\" data-element_type=\"container\" data-e-type=\"container\">\n\t\t\t\t\t<div class=\"e-con-inner\">\n\t\t\t\t<div class=\"elementor-element elementor-element-2f07efa elementor-widget elementor-widget-text-editor\" data-id=\"2f07efa\" data-element_type=\"widget\" data-e-type=\"widget\" data-widget_type=\"text-editor.default\">\n\t\t\t\t\t\t\t\t\t<p><span style=\"font-weight: 400;\">N\u00e3o. A remo\u00e7\u00e3o mec\u00e2nica dos <\/span><b>pelos faciais<\/b><span style=\"font-weight: 400;\">(pin\u00e7a, cera, threading) n\u00e3o estimula o crescimento de novos pelos nem agrava o hirsutismo. Contudo, a depila\u00e7\u00e3o n\u00e3o trata a causa subjacente.<\/span><\/p>\t\t\t\t\t\t\t\t<\/div>\n\t\t\t\t\t<\/div>\n\t\t\t\t<\/div>\n\t\t\t\t<\/div>\n\t\t\t\t\t<\/details>\n\t\t\t\t\t<\/div>\n\t\t\t\t\t<script type=\"application\/ld+json\">{\"@context\":\"https:\\\/\\\/schema.org\",\"@type\":\"FAQPage\",\"mainEntity\":[{\"@type\":\"Question\",\"name\":\"Os pelos faciais nas mulheres s\\u00e3o normais?\",\"acceptedAnswer\":{\"@type\":\"Answer\",\"text\":\"Alguns pelos faciais finos s\\u00e3o normais em todas as mulheres. Contudo, o crescimento de pelo grosso e escuro no queixo, bu\\u00e7o e maxilares pode indicar hirsutismo e justifica avalia\\u00e7\\u00e3o m\\u00e9dica para investigar a causa.\"}},{\"@type\":\"Question\",\"name\":\"O SOP \\u00e9 a \\u00fanica causa de pelos faciais excessivos?\",\"acceptedAnswer\":{\"@type\":\"Answer\",\"text\":\"A avalia\\u00e7\\u00e3o inicial inclui testosterona total e livre, DHEA-S, 17-hidroxiprogesterona, prolactina e hormonas tiroideias. A ecografia p\\u00e9lvica pode ser necess\\u00e1ria para avaliar os ov\\u00e1rios.\"}},{\"@type\":\"Question\",\"name\":\"Que an\\u00e1lises devo fazer?\",\"acceptedAnswer\":{\"@type\":\"Answer\",\"text\":\"A avalia\\u00e7\\u00e3o inicial inclui testosterona total e livre, DHEA-S, 17-hidroxiprogesterona, prolactina e hormonas tiroideias. A ecografia p\\u00e9lvica pode ser necess\\u00e1ria para avaliar os ov\\u00e1rios.\"}},{\"@type\":\"Question\",\"name\":\"Os pelos faciais pioram com a idade?\",\"acceptedAnswer\":{\"@type\":\"Answer\",\"text\":\"Em muitas mulheres, os pelos faciais aumentam ap\\u00f3s a menopausa devido \\u00e0 diminui\\u00e7\\u00e3o dos estrog\\u00e9nios com manuten\\u00e7\\u00e3o relativa dos androg\\u00e9nios. Esta forma de hirsutismo p\\u00f3s-menop\\u00e1usico \\u00e9 geralmente ligeira.\"}},{\"@type\":\"Question\",\"name\":\"Arrancar ou depilar os pelos piora o problema?\",\"acceptedAnswer\":{\"@type\":\"Answer\",\"text\":\"N\\u00e3o. A remo\\u00e7\\u00e3o mec\\u00e2nica dos pelos faciais(pin\\u00e7a, cera, threading) n\\u00e3o estimula o crescimento de novos pelos nem agrava o hirsutismo. Contudo, a depila\\u00e7\\u00e3o n\\u00e3o trata a causa subjacente.\"}}]}<\/script>\n\t\t\t\t\t\t\t<\/div>\n\t\t\t\t<\/div>\n\t\t\t\t<\/div>\n\t\t\t\t\t<\/div>\n\t\t\t\t<\/div>\n\t\t<div class=\"elementor-element elementor-element-02d7fba e-flex e-con-boxed e-con e-parent\" data-id=\"02d7fba\" data-element_type=\"container\" data-e-type=\"container\">\n\t\t\t\t\t<div class=\"e-con-inner\">\n\t\t\t\t<div class=\"elementor-element elementor-element-ca91313 elementor-widget elementor-widget-text-editor\" data-id=\"ca91313\" data-element_type=\"widget\" data-e-type=\"widget\" data-widget_type=\"text-editor.default\">\n\t\t\t\t\t\t\t\t\t<h2><b>Conclus\u00e3o<\/b><\/h2><p><span style=\"font-weight: 400;\">Os<strong> pelos faciais<\/strong> excessivos nas mulheres merecem avalia\u00e7\u00e3o m\u00e9dica cuidadosa para identificar causas trat\u00e1veis, sendo o s\u00edndrome do ov\u00e1rio poliqu\u00edstico a etiologia mais frequente. A investiga\u00e7\u00e3o laboratorial e a exclus\u00e3o de causas graves s\u00e3o essenciais. O reconhecimento do impacto psicol\u00f3gico significativo do hirsutismo facial \u00e9 fundamental para uma abordagem terap\u00eautica emp\u00e1tica e eficaz.<\/span><\/p><h2><b>Refer\u00eancias<\/b><\/h2><p><a href=\"https:\/\/academic.oup.com\/jcem\/article\/103\/4\/1233\/4939465\" target=\"_blank\" rel=\"dofollow noopener\">The Endocrine Society. Evaluation and Treatment of Hirsutism in Premenopausal Women: An Endocrine Society Clinical Practice Guideline<\/a><\/p><p><a href=\"https:\/\/www.eshre.eu\/Guidelines-and-Legal\/Guidelines\/Polycystic-Ovary-Syndrome\" target=\"_blank\" rel=\"dofollow noopener\">European Society of Human Reproduction and Embryology \/ American Society for Reproductive Medicine. International Evidence-based Guideline for Polycystic Ovary Syndrome<\/a><\/p><p><a href=\"https:\/\/spedm.pt\/\" target=\"_blank\" rel=\"dofollow noopener\">Sociedade Portuguesa de Endocrinologia, Diabetes e Metabolismo. Orienta\u00e7\u00f5es para o Diagn\u00f3stico de Hiperandrogenismo<\/a><\/p>\t\t\t\t\t\t\t\t<\/div>\n\t\t\t\t\t<\/div>\n\t\t\t\t<\/div>\n\t\t\t\t<\/div>\n\t\t","protected":false},"excerpt":{"rendered":"<p>Introdu\u00e7\u00e3o O crescimento excessivo de pelos faciais nas mulheres \u2014 clinicamente denominado hirsutismo quando segue um padr\u00e3o de distribui\u00e7\u00e3o masculino \u2014 \u00e9 uma queixa frequente que afeta 5 a 10 % das mulheres em idade reprodutiva. O hirsutismo \u00e9 definido como o crescimento de pelo terminal grosso e pigmentado em \u00e1reas androg\u00e9nio-dependentes (face, peito, abd\u00f3men, [&hellip;]<\/p>\n","protected":false},"author":13102,"featured_media":58753,"comment_status":"closed","ping_status":"closed","sticky":false,"template":"","format":"standard","meta":{"_jetpack_memberships_contains_paid_content":false,"footnotes":""},"categories":[250,251],"tags":[],"class_list":["post-58562","post","type-post","status-publish","format-standard","has-post-thumbnail","hentry","category-dermatologia","category-endocrinologia"],"jetpack_featured_media_url":"https:\/\/staging.mediconanet.pt\/wp-content\/uploads\/2026\/03\/wpimage-id893sizeSlugfulllinkDestinationnone-figure-classwp-block-image-size-fullimg-srchttpscomprarcbdonline.ptwp-contentuploads202603unnamed-3.jpg-altFrasco-de-vidro-transparente-c-57.jpg","jetpack_sharing_enabled":true,"_links":{"self":[{"href":"https:\/\/staging.mediconanet.pt\/en\/wp-json\/wp\/v2\/posts\/58562","targetHints":{"allow":["GET"]}}],"collection":[{"href":"https:\/\/staging.mediconanet.pt\/en\/wp-json\/wp\/v2\/posts"}],"about":[{"href":"https:\/\/staging.mediconanet.pt\/en\/wp-json\/wp\/v2\/types\/post"}],"author":[{"embeddable":true,"href":"https:\/\/staging.mediconanet.pt\/en\/wp-json\/wp\/v2\/users\/13102"}],"replies":[{"embeddable":true,"href":"https:\/\/staging.mediconanet.pt\/en\/wp-json\/wp\/v2\/comments?post=58562"}],"version-history":[{"count":19,"href":"https:\/\/staging.mediconanet.pt\/en\/wp-json\/wp\/v2\/posts\/58562\/revisions"}],"predecessor-version":[{"id":59289,"href":"https:\/\/staging.mediconanet.pt\/en\/wp-json\/wp\/v2\/posts\/58562\/revisions\/59289"}],"wp:featuredmedia":[{"embeddable":true,"href":"https:\/\/staging.mediconanet.pt\/en\/wp-json\/wp\/v2\/media\/58753"}],"wp:attachment":[{"href":"https:\/\/staging.mediconanet.pt\/en\/wp-json\/wp\/v2\/media?parent=58562"}],"wp:term":[{"taxonomy":"category","embeddable":true,"href":"https:\/\/staging.mediconanet.pt\/en\/wp-json\/wp\/v2\/categories?post=58562"},{"taxonomy":"post_tag","embeddable":true,"href":"https:\/\/staging.mediconanet.pt\/en\/wp-json\/wp\/v2\/tags?post=58562"}],"curies":[{"name":"wp","href":"https:\/\/api.w.org\/{rel}","templated":true}]}}