{"id":58504,"date":"2026-03-18T10:46:30","date_gmt":"2026-03-18T10:46:30","guid":{"rendered":"https:\/\/www.mediconanet.pt\/?p=58504"},"modified":"2026-03-24T15:25:35","modified_gmt":"2026-03-24T15:25:35","slug":"herpes-labial-recorrente-prevencao-complicacoes","status":"publish","type":"post","link":"https:\/\/staging.mediconanet.pt\/en\/herpes-labial-recorrente-prevencao-complicacoes\/","title":{"rendered":"Herpes Labial Recorrente: Preven\u00e7\u00e3o, Complica\u00e7\u00f5es e Impacto Psicol\u00f3gico"},"content":{"rendered":"\t\t<div data-elementor-type=\"wp-post\" data-elementor-id=\"58504\" class=\"elementor elementor-58504\" data-elementor-post-type=\"post\">\n\t\t\t\t<div class=\"elementor-element elementor-element-570cfe3 e-flex e-con-boxed e-con e-parent\" data-id=\"570cfe3\" data-element_type=\"container\" data-e-type=\"container\">\n\t\t\t\t\t<div class=\"e-con-inner\">\n\t\t\t\t<div class=\"elementor-element elementor-element-1761780 elementor-widget elementor-widget-text-editor\" data-id=\"1761780\" data-element_type=\"widget\" data-e-type=\"widget\" data-widget_type=\"text-editor.default\">\n\t\t\t\t\t\t\t\t\t<h2><b>Introdu\u00e7\u00e3o<\/b><\/h2><p><span style=\"font-weight: 400;\">O <strong>herpes labial recorrente<\/strong> afeta milh\u00f5es de pessoas em Portugal e na Europa, com epis\u00f3dios que variam em frequ\u00eancia e gravidade ao longo da vida. Embora a maioria dos epis\u00f3dios de herpes labial seja autolimitada, as recorr\u00eancias frequentes t\u00eam impacto significativo na qualidade de vida, produtividade laboral e bem-estar psicol\u00f3gico.<\/span><\/p><p><span style=\"font-weight: 400;\">A gest\u00e3o do<\/span><b> herpes labial recorrente<\/b><span style=\"font-weight: 400;\"> vai al\u00e9m do tratamento das les\u00f5es agudas, exigindo uma abordagem integrada que inclua preven\u00e7\u00e3o de desencadeantes, terap\u00eautica supressiva quando indicada e apoio emocional. A investiga\u00e7\u00e3o recente tem explorado novas abordagens terap\u00eauticas e estrat\u00e9gias preventivas para reduzir a carga desta condi\u00e7\u00e3o cr\u00f3nica.<\/span><\/p><h2><b>Preven\u00e7\u00e3o das Recorr\u00eancias de Herpes Labial<\/b><\/h2><p><span style=\"font-weight: 400;\">A preven\u00e7\u00e3o das recorr\u00eancias de herpes labial baseia-se na identifica\u00e7\u00e3o e evic\u00e7\u00e3o dos fatores desencadeantes individuais. A exposi\u00e7\u00e3o solar \u00e9 um dos fatores mais consistentemente associados \u00e0 reativa\u00e7\u00e3o do HSV-1. Um estudo publicado no Journal of the American Academy of Dermatology demonstrou que a aplica\u00e7\u00e3o regular de protetor solar labial com FPS 30 ou superior reduz as recorr\u00eancias de herpes labial em at\u00e9 60 %.<\/span><\/p><p><span style=\"font-weight: 400;\">O stress emocional e f\u00edsico \u00e9 outro desencadeante major. T\u00e9cnicas de gest\u00e3o do stress como exerc\u00edcio regular, medita\u00e7\u00e3o e sono adequado podem contribuir para reduzir a frequ\u00eancia dos epis\u00f3dios. A Sociedade Portuguesa de Dermatologia e Venereologia reconhece a import\u00e2ncia da abordagem hol\u00edstica do <\/span><b>herpes labial recorrente<\/b>.<\/p><p>A terap<span style=\"font-weight: 400;\">\u00eautica supressiva com antivirais orais \u00e9 recomendada para doentes com recorr\u00eancias frequentes. O valaciclovir 500 mg di\u00e1rio reduz o n\u00famero de epis\u00f3dios em 70 a 80 % e diminui a excre\u00e7\u00e3o viral assintom\u00e1tica. O British Association of Dermatologists (BAD) recomenda reavalia\u00e7\u00e3o da necessidade de terap\u00eautica supressiva a cada 6 a 12 meses, com interrup\u00e7\u00e3o experimental para determinar a taxa natural de recorr\u00eancia.<\/span><\/p><h2><b>Complica\u00e7\u00f5es do Herpes Labial<\/b><\/h2><p><span style=\"font-weight: 400;\">Embora raro, o herpes labial pode causar complica\u00e7\u00f5es significativas em determinados grupos. O eczema herpeticum \u00e9 uma complica\u00e7\u00e3o grave que ocorre em doentes com dermatite at\u00f3pica, caracterizada pela dissemina\u00e7\u00e3o do HSV-1 na pele eczematosa, podendo causar infe\u00e7\u00e3o sist\u00e9mica. O NICE recomenda referencia\u00e7\u00e3o urgente para tratamento antiviral intravenoso.<\/span><\/p><p><span style=\"font-weight: 400;\">A queratite herp\u00e9tica \u00e9 outra complica\u00e7\u00e3o importante, resultante da infe\u00e7\u00e3o do olho pelo HSV-1. A autoinocula\u00e7\u00e3o pode ocorrer quando o doente toca nas les\u00f5es labiais e depois nos olhos. A queratite herp\u00e9tica \u00e9 uma das principais causas infeciosas de cegueira nos pa\u00edses desenvolvidos, segundo a American Academy of Ophthalmology.<\/span><\/p><p><span style=\"font-weight: 400;\">Em doentes imunodeprimidos \u2014 incluindo transplantados, doentes oncol\u00f3gicos em quimioterapia e pessoas com VIH \u2014 o herpes labial pode apresentar-se de forma at\u00edpica, com les\u00f5es extensas, ulcerativas e de cicatriza\u00e7\u00e3o prolongada. O European Centre for Disease Prevention and Control (ECDC) classifica as infe\u00e7\u00f5es herp\u00e9ticas em imunodeprimidos como condi\u00e7\u00f5es que requerem vigil\u00e2ncia cl\u00ednica especial e terap\u00eautica antiviral prolongada.<\/span><\/p><h2><b>Impacto Psicol\u00f3gico e Qualidade de Vida<\/b><\/h2><p><span style=\"font-weight: 400;\">O <\/span><b>herpes labial recorrente<\/b><span style=\"font-weight: 400;\"> tem impacto psicol\u00f3gico frequentemente subestimado. Estudos publicados no Journal of Clinical Virology demonstram que doentes com recorr\u00eancias frequentes reportam n\u00edveis significativamente mais elevados de ansiedade social, vergonha e evic\u00e7\u00e3o de intera\u00e7\u00f5es interpessoais durante os epis\u00f3dios.<\/span><\/p><p><span style=\"font-weight: 400;\">O estigma associado ao herpes labial pode levar ao isolamento social, absentismo laboral e diminui\u00e7\u00e3o da autoestima. Uma investiga\u00e7\u00e3o europeia publicada na revista BMC Infectious Diseases identificou que 30 % dos doentes com <\/span><b>herpes labial recorrente<\/b><span style=\"font-weight: 400;\"> alteram as suas atividades sociais durante os epis\u00f3dios, e 15 % reportam impacto negativo nas rela\u00e7\u00f5es \u00edntimas.<\/span><\/p><p><span style=\"font-weight: 400;\">A educa\u00e7\u00e3o do doente sobre a natureza extremamente comum do herpes labial (afetando dois ter\u00e7os da popula\u00e7\u00e3o mundial), a transmiss\u00e3o e as op\u00e7\u00f5es de tratamento \u00e9 fundamental para reduzir o estigma. A Dire\u00e7\u00e3o-Geral da Sa\u00fade (DGS) de Portugal integra a abordagem do herpes labial nas orienta\u00e7\u00f5es para os cuidados de sa\u00fade prim\u00e1rios, reconhecendo a necessidade de uma abordagem que contemple tanto os aspetos f\u00edsicos como os emocionais.<\/span><\/p><p><i><span style=\"font-weight: 400;\">Na <strong>M\u00e9dico na Net<\/strong>, a <strong>equipa cl\u00ednica<\/strong> oferece acompanhamento personalizado para o\u00a0<\/span><\/i><a href=\"https:\/\/staging.mediconanet.pt\/produto\/herpes-labial\/?slug_pagina_visitada=herpes-labial\" target=\"_blank\" rel=\"noopener\"><b><i>herpes labial recorrente<\/i><\/b><\/a><i><span style=\"font-weight: 400;\">, incluindo estrat\u00e9gias de preven\u00e7\u00e3o, terap\u00eautica supressiva e apoio na gest\u00e3o do impacto emocional desta condi\u00e7\u00e3o.<\/span><\/i><\/p>\t\t\t\t\t\t\t\t<\/div>\n\t\t\t\t<div class=\"elementor-element elementor-element-375973d elementor-widget elementor-widget-image\" data-id=\"375973d\" data-element_type=\"widget\" data-e-type=\"widget\" data-widget_type=\"image.default\">\n\t\t\t\t\t\t\t\t\t\t\t\t\t\t\t<img decoding=\"async\" src=\"https:\/\/staging.mediconanet.pt\/wp-content\/uploads\/2026\/03\/wpimage-id893sizeSlugfulllinkDestinationnone-figure-classwp-block-image-size-fullimg-srchttpscomprarcbdonline.ptwp-contentuploads202603unnamed-3.jpg-altFrasco-de-vidro-transparente-c-39.jpg\" title=\"Consulta online para herpes labial recorrente\" alt=\"Mulher em casa em consulta online sobre herpes labial recorrente com m\u00e9dico no port\u00e1til\" loading=\"lazy\" \/>\t\t\t\t\t\t\t\t\t\t\t\t\t\t\t<\/div>\n\t\t\t\t\t<\/div>\n\t\t\t\t<\/div>\n\t\t<div class=\"elementor-element elementor-element-1545e08 e-flex e-con-boxed e-con e-parent\" data-id=\"1545e08\" data-element_type=\"container\" data-e-type=\"container\">\n\t\t\t\t\t<div class=\"e-con-inner\">\n\t\t<div class=\"elementor-element elementor-element-9ad30cf e-con-full e-flex e-con e-child\" data-id=\"9ad30cf\" data-element_type=\"container\" data-e-type=\"container\">\n\t\t<div class=\"elementor-element elementor-element-66e4f21 e-con-full e-flex e-con e-child\" data-id=\"66e4f21\" data-element_type=\"container\" data-e-type=\"container\">\n\t\t\t\t<div class=\"elementor-element elementor-element-c44ae3e elementor-widget elementor-widget-heading\" data-id=\"c44ae3e\" data-element_type=\"widget\" data-e-type=\"widget\" data-widget_type=\"heading.default\">\n\t\t\t\t\t<h2 class=\"elementor-heading-title elementor-size-default\">Perguntas frequentes (FAQ)<\/h2>\t\t\t\t<\/div>\n\t\t\t\t<div class=\"elementor-element elementor-element-439b5c3 elementor-widget elementor-widget-n-accordion\" data-id=\"439b5c3\" data-element_type=\"widget\" data-e-type=\"widget\" data-settings=\"{&quot;default_state&quot;:&quot;all_collapsed&quot;,&quot;max_items_expended&quot;:&quot;one&quot;,&quot;n_accordion_animation_duration&quot;:{&quot;unit&quot;:&quot;ms&quot;,&quot;size&quot;:400,&quot;sizes&quot;:[]}}\" data-widget_type=\"nested-accordion.default\">\n\t\t\t\t\t\t\t<div class=\"e-n-accordion\" aria-label=\"Accordion. Open links with Enter or Space, close with Escape, and navigate with Arrow Keys\">\n\t\t\t\t\t\t<details id=\"e-n-accordion-item-7080\" class=\"e-n-accordion-item\" >\n\t\t\t\t<summary class=\"e-n-accordion-item-title\" data-accordion-index=\"1\" tabindex=\"0\" aria-expanded=\"false\" aria-controls=\"e-n-accordion-item-7080\" >\n\t\t\t\t\t<span class='e-n-accordion-item-title-header'><div class=\"e-n-accordion-item-title-text\"> Quantos epis\u00f3dios de herpes labial por ano s\u00e3o considerados frequentes? <\/div><\/span>\n\t\t\t\t\t\t\t<span class='e-n-accordion-item-title-icon'>\n\t\t\t<span class='e-opened' ><svg aria-hidden=\"true\" class=\"e-font-icon-svg e-fas-minus\" viewBox=\"0 0 448 512\" xmlns=\"http:\/\/www.w3.org\/2000\/svg\"><path d=\"M416 208H32c-17.67 0-32 14.33-32 32v32c0 17.67 14.33 32 32 32h384c17.67 0 32-14.33 32-32v-32c0-17.67-14.33-32-32-32z\"><\/path><\/svg><\/span>\n\t\t\t<span class='e-closed'><svg aria-hidden=\"true\" class=\"e-font-icon-svg e-fas-plus\" viewBox=\"0 0 448 512\" xmlns=\"http:\/\/www.w3.org\/2000\/svg\"><path d=\"M416 208H272V64c0-17.67-14.33-32-32-32h-32c-17.67 0-32 14.33-32 32v144H32c-17.67 0-32 14.33-32 32v32c0 17.67 14.33 32 32 32h144v144c0 17.67 14.33 32 32 32h32c17.67 0 32-14.33 32-32V304h144c17.67 0 32-14.33 32-32v-32c0-17.67-14.33-32-32-32z\"><\/path><\/svg><\/span>\n\t\t<\/span>\n\n\t\t\t\t\t\t<\/summary>\n\t\t\t\t<div role=\"region\" aria-labelledby=\"e-n-accordion-item-7080\" class=\"elementor-element elementor-element-d801294 e-con-full e-flex e-con e-child\" data-id=\"d801294\" data-element_type=\"container\" data-e-type=\"container\">\n\t\t<div role=\"region\" aria-labelledby=\"e-n-accordion-item-7080\" class=\"elementor-element elementor-element-67dd609 e-flex e-con-boxed e-con e-child\" data-id=\"67dd609\" data-element_type=\"container\" data-e-type=\"container\">\n\t\t\t\t\t<div class=\"e-con-inner\">\n\t\t\t\t<div class=\"elementor-element elementor-element-2204be5 elementor-widget elementor-widget-text-editor\" data-id=\"2204be5\" data-element_type=\"widget\" data-e-type=\"widget\" data-widget_type=\"text-editor.default\">\n\t\t\t\t\t\t\t\t\t<p><span style=\"font-weight: 400;\">Considera-se recorr\u00eancia frequente quando ocorrem 6 ou mais epis\u00f3dios por ano. Nestes casos, a terap\u00eautica supressiva di\u00e1ria com antivirais pode ser recomendada.<\/span><\/p>\t\t\t\t\t\t\t\t<\/div>\n\t\t\t\t\t<\/div>\n\t\t\t\t<\/div>\n\t\t\t\t<\/div>\n\t\t\t\t\t<\/details>\n\t\t\t\t\t\t<details id=\"e-n-accordion-item-7081\" class=\"e-n-accordion-item\" >\n\t\t\t\t<summary class=\"e-n-accordion-item-title\" data-accordion-index=\"2\" tabindex=\"-1\" aria-expanded=\"false\" aria-controls=\"e-n-accordion-item-7081\" >\n\t\t\t\t\t<span class='e-n-accordion-item-title-header'><div class=\"e-n-accordion-item-title-text\"> O protetor solar labial previne o herpes labial? <\/div><\/span>\n\t\t\t\t\t\t\t<span class='e-n-accordion-item-title-icon'>\n\t\t\t<span class='e-opened' ><svg aria-hidden=\"true\" class=\"e-font-icon-svg e-fas-minus\" viewBox=\"0 0 448 512\" xmlns=\"http:\/\/www.w3.org\/2000\/svg\"><path d=\"M416 208H32c-17.67 0-32 14.33-32 32v32c0 17.67 14.33 32 32 32h384c17.67 0 32-14.33 32-32v-32c0-17.67-14.33-32-32-32z\"><\/path><\/svg><\/span>\n\t\t\t<span class='e-closed'><svg aria-hidden=\"true\" class=\"e-font-icon-svg e-fas-plus\" viewBox=\"0 0 448 512\" xmlns=\"http:\/\/www.w3.org\/2000\/svg\"><path d=\"M416 208H272V64c0-17.67-14.33-32-32-32h-32c-17.67 0-32 14.33-32 32v144H32c-17.67 0-32 14.33-32 32v32c0 17.67 14.33 32 32 32h144v144c0 17.67 14.33 32 32 32h32c17.67 0 32-14.33 32-32V304h144c17.67 0 32-14.33 32-32v-32c0-17.67-14.33-32-32-32z\"><\/path><\/svg><\/span>\n\t\t<\/span>\n\n\t\t\t\t\t\t<\/summary>\n\t\t\t\t<div role=\"region\" aria-labelledby=\"e-n-accordion-item-7081\" class=\"elementor-element elementor-element-f07e3ff e-con-full e-flex e-con e-child\" data-id=\"f07e3ff\" data-element_type=\"container\" data-e-type=\"container\">\n\t\t<div role=\"region\" aria-labelledby=\"e-n-accordion-item-7081\" class=\"elementor-element elementor-element-ba0d7df e-flex e-con-boxed e-con e-child\" data-id=\"ba0d7df\" data-element_type=\"container\" data-e-type=\"container\">\n\t\t\t\t\t<div class=\"e-con-inner\">\n\t\t\t\t<div class=\"elementor-element elementor-element-bd0918d elementor-widget elementor-widget-text-editor\" data-id=\"bd0918d\" data-element_type=\"widget\" data-e-type=\"widget\" data-widget_type=\"text-editor.default\">\n\t\t\t\t\t\t\t\t\t<p><span style=\"font-weight: 400;\">Sim. Estudos mostram que o uso regular de protetor solar labial com FPS 30 ou superior reduz significativamente as recorr\u00eancias de herpes labial desencadeadas pela exposi\u00e7\u00e3o solar.<\/span><\/p>\t\t\t\t\t\t\t\t<\/div>\n\t\t\t\t\t<\/div>\n\t\t\t\t<\/div>\n\t\t\t\t<\/div>\n\t\t\t\t\t<\/details>\n\t\t\t\t\t\t<details id=\"e-n-accordion-item-7082\" class=\"e-n-accordion-item\" >\n\t\t\t\t<summary class=\"e-n-accordion-item-title\" data-accordion-index=\"3\" tabindex=\"-1\" aria-expanded=\"false\" aria-controls=\"e-n-accordion-item-7082\" >\n\t\t\t\t\t<span class='e-n-accordion-item-title-header'><div class=\"e-n-accordion-item-title-text\"> O herpes labial pode afetar os olhos? <\/div><\/span>\n\t\t\t\t\t\t\t<span class='e-n-accordion-item-title-icon'>\n\t\t\t<span class='e-opened' ><svg aria-hidden=\"true\" class=\"e-font-icon-svg e-fas-minus\" viewBox=\"0 0 448 512\" xmlns=\"http:\/\/www.w3.org\/2000\/svg\"><path d=\"M416 208H32c-17.67 0-32 14.33-32 32v32c0 17.67 14.33 32 32 32h384c17.67 0 32-14.33 32-32v-32c0-17.67-14.33-32-32-32z\"><\/path><\/svg><\/span>\n\t\t\t<span class='e-closed'><svg aria-hidden=\"true\" class=\"e-font-icon-svg e-fas-plus\" viewBox=\"0 0 448 512\" xmlns=\"http:\/\/www.w3.org\/2000\/svg\"><path d=\"M416 208H272V64c0-17.67-14.33-32-32-32h-32c-17.67 0-32 14.33-32 32v144H32c-17.67 0-32 14.33-32 32v32c0 17.67 14.33 32 32 32h144v144c0 17.67 14.33 32 32 32h32c17.67 0 32-14.33 32-32V304h144c17.67 0 32-14.33 32-32v-32c0-17.67-14.33-32-32-32z\"><\/path><\/svg><\/span>\n\t\t<\/span>\n\n\t\t\t\t\t\t<\/summary>\n\t\t\t\t<div role=\"region\" aria-labelledby=\"e-n-accordion-item-7082\" class=\"elementor-element elementor-element-1948aa2 e-con-full e-flex e-con e-child\" data-id=\"1948aa2\" data-element_type=\"container\" data-e-type=\"container\">\n\t\t<div role=\"region\" aria-labelledby=\"e-n-accordion-item-7082\" class=\"elementor-element elementor-element-44203e4 e-flex e-con-boxed e-con e-child\" data-id=\"44203e4\" data-element_type=\"container\" data-e-type=\"container\">\n\t\t\t\t\t<div class=\"e-con-inner\">\n\t\t\t\t<div class=\"elementor-element elementor-element-90363e4 elementor-widget elementor-widget-text-editor\" data-id=\"90363e4\" data-element_type=\"widget\" data-e-type=\"widget\" data-widget_type=\"text-editor.default\">\n\t\t\t\t\t\t\t\t\t<p><span style=\"font-weight: 400;\">Sim. A autoinocula\u00e7\u00e3o do HSV-1 nos olhos pode causar queratite herp\u00e9tica, uma condi\u00e7\u00e3o potencialmente grave. Deve evitar tocar nos olhos durante epis\u00f3dios ativos de herpes labial.<\/span><\/p>\t\t\t\t\t\t\t\t<\/div>\n\t\t\t\t\t<\/div>\n\t\t\t\t<\/div>\n\t\t\t\t<\/div>\n\t\t\t\t\t<\/details>\n\t\t\t\t\t\t<details id=\"e-n-accordion-item-7083\" class=\"e-n-accordion-item\" >\n\t\t\t\t<summary class=\"e-n-accordion-item-title\" data-accordion-index=\"4\" tabindex=\"-1\" aria-expanded=\"false\" aria-controls=\"e-n-accordion-item-7083\" >\n\t\t\t\t\t<span class='e-n-accordion-item-title-header'><div class=\"e-n-accordion-item-title-text\"> O herpes labial \u00e9 mais perigoso em gr\u00e1vidas? <\/div><\/span>\n\t\t\t\t\t\t\t<span class='e-n-accordion-item-title-icon'>\n\t\t\t<span class='e-opened' ><svg aria-hidden=\"true\" class=\"e-font-icon-svg e-fas-minus\" viewBox=\"0 0 448 512\" xmlns=\"http:\/\/www.w3.org\/2000\/svg\"><path d=\"M416 208H32c-17.67 0-32 14.33-32 32v32c0 17.67 14.33 32 32 32h384c17.67 0 32-14.33 32-32v-32c0-17.67-14.33-32-32-32z\"><\/path><\/svg><\/span>\n\t\t\t<span class='e-closed'><svg aria-hidden=\"true\" class=\"e-font-icon-svg e-fas-plus\" viewBox=\"0 0 448 512\" xmlns=\"http:\/\/www.w3.org\/2000\/svg\"><path d=\"M416 208H272V64c0-17.67-14.33-32-32-32h-32c-17.67 0-32 14.33-32 32v144H32c-17.67 0-32 14.33-32 32v32c0 17.67 14.33 32 32 32h144v144c0 17.67 14.33 32 32 32h32c17.67 0 32-14.33 32-32V304h144c17.67 0 32-14.33 32-32v-32c0-17.67-14.33-32-32-32z\"><\/path><\/svg><\/span>\n\t\t<\/span>\n\n\t\t\t\t\t\t<\/summary>\n\t\t\t\t<div role=\"region\" aria-labelledby=\"e-n-accordion-item-7083\" class=\"elementor-element elementor-element-e6b82d0 e-con-full e-flex e-con e-child\" data-id=\"e6b82d0\" data-element_type=\"container\" data-e-type=\"container\">\n\t\t<div role=\"region\" aria-labelledby=\"e-n-accordion-item-7083\" class=\"elementor-element elementor-element-ff98332 e-flex e-con-boxed e-con e-child\" data-id=\"ff98332\" data-element_type=\"container\" data-e-type=\"container\">\n\t\t\t\t\t<div class=\"e-con-inner\">\n\t\t\t\t<div class=\"elementor-element elementor-element-b745fb3 elementor-widget elementor-widget-text-editor\" data-id=\"b745fb3\" data-element_type=\"widget\" data-e-type=\"widget\" data-widget_type=\"text-editor.default\">\n\t\t\t\t\t\t\t\t\t<p><span style=\"font-weight: 400;\">O herpes labial na gr\u00e1vida \u00e9 geralmente benigno. O risco principal \u00e9 a transmiss\u00e3o neonatal se houver les\u00f5es genitais ativas no momento do parto. O herpes labial isolado n\u00e3o requer precau\u00e7\u00f5es obst\u00e9tricas especiais.<\/span><\/p>\t\t\t\t\t\t\t\t<\/div>\n\t\t\t\t\t<\/div>\n\t\t\t\t<\/div>\n\t\t\t\t<\/div>\n\t\t\t\t\t<\/details>\n\t\t\t\t\t\t<details id=\"e-n-accordion-item-7084\" class=\"e-n-accordion-item\" >\n\t\t\t\t<summary class=\"e-n-accordion-item-title\" data-accordion-index=\"5\" tabindex=\"-1\" aria-expanded=\"false\" aria-controls=\"e-n-accordion-item-7084\" >\n\t\t\t\t\t<span class='e-n-accordion-item-title-header'><div class=\"e-n-accordion-item-title-text\"> Existem rem\u00e9dios naturais eficazes para o herpes labial? <\/div><\/span>\n\t\t\t\t\t\t\t<span class='e-n-accordion-item-title-icon'>\n\t\t\t<span class='e-opened' ><svg aria-hidden=\"true\" class=\"e-font-icon-svg e-fas-minus\" viewBox=\"0 0 448 512\" xmlns=\"http:\/\/www.w3.org\/2000\/svg\"><path d=\"M416 208H32c-17.67 0-32 14.33-32 32v32c0 17.67 14.33 32 32 32h384c17.67 0 32-14.33 32-32v-32c0-17.67-14.33-32-32-32z\"><\/path><\/svg><\/span>\n\t\t\t<span class='e-closed'><svg aria-hidden=\"true\" class=\"e-font-icon-svg e-fas-plus\" viewBox=\"0 0 448 512\" xmlns=\"http:\/\/www.w3.org\/2000\/svg\"><path d=\"M416 208H272V64c0-17.67-14.33-32-32-32h-32c-17.67 0-32 14.33-32 32v144H32c-17.67 0-32 14.33-32 32v32c0 17.67 14.33 32 32 32h144v144c0 17.67 14.33 32 32 32h32c17.67 0 32-14.33 32-32V304h144c17.67 0 32-14.33 32-32v-32c0-17.67-14.33-32-32-32z\"><\/path><\/svg><\/span>\n\t\t<\/span>\n\n\t\t\t\t\t\t<\/summary>\n\t\t\t\t<div role=\"region\" aria-labelledby=\"e-n-accordion-item-7084\" class=\"elementor-element elementor-element-7547615 e-con-full e-flex e-con e-child\" data-id=\"7547615\" data-element_type=\"container\" data-e-type=\"container\">\n\t\t<div role=\"region\" aria-labelledby=\"e-n-accordion-item-7084\" class=\"elementor-element elementor-element-8c9a957 e-flex e-con-boxed e-con e-child\" data-id=\"8c9a957\" data-element_type=\"container\" data-e-type=\"container\">\n\t\t\t\t\t<div class=\"e-con-inner\">\n\t\t\t\t<div class=\"elementor-element elementor-element-2f07efa elementor-widget elementor-widget-text-editor\" data-id=\"2f07efa\" data-element_type=\"widget\" data-e-type=\"widget\" data-widget_type=\"text-editor.default\">\n\t\t\t\t\t\t\t\t\t<p><span style=\"font-weight: 400;\">Algumas evid\u00eancias sugerem benef\u00edcio modesto do extrato de melissa (Melissa officinalis) e do mel de manuka na redu\u00e7\u00e3o da dura\u00e7\u00e3o das les\u00f5es. Contudo, estes n\u00e3o substituem os antivirais em termos de efic\u00e1cia comprovada.<\/span><\/p>\t\t\t\t\t\t\t\t<\/div>\n\t\t\t\t\t<\/div>\n\t\t\t\t<\/div>\n\t\t\t\t<\/div>\n\t\t\t\t\t<\/details>\n\t\t\t\t\t<\/div>\n\t\t\t\t\t<script type=\"application\/ld+json\">{\"@context\":\"https:\\\/\\\/schema.org\",\"@type\":\"FAQPage\",\"mainEntity\":[{\"@type\":\"Question\",\"name\":\"Quantos epis\\u00f3dios de herpes labial por ano s\\u00e3o considerados frequentes?\",\"acceptedAnswer\":{\"@type\":\"Answer\",\"text\":\"Considera-se recorr\\u00eancia frequente quando ocorrem 6 ou mais epis\\u00f3dios por ano. Nestes casos, a terap\\u00eautica supressiva di\\u00e1ria com antivirais pode ser recomendada.\"}},{\"@type\":\"Question\",\"name\":\"O protetor solar labial previne o herpes labial?\",\"acceptedAnswer\":{\"@type\":\"Answer\",\"text\":\"Sim. Estudos mostram que o uso regular de protetor solar labial com FPS 30 ou superior reduz significativamente as recorr\\u00eancias de herpes labial desencadeadas pela exposi\\u00e7\\u00e3o solar.\"}},{\"@type\":\"Question\",\"name\":\"O herpes labial pode afetar os olhos?\",\"acceptedAnswer\":{\"@type\":\"Answer\",\"text\":\"Sim. A autoinocula\\u00e7\\u00e3o do HSV-1 nos olhos pode causar queratite herp\\u00e9tica, uma condi\\u00e7\\u00e3o potencialmente grave. Deve evitar tocar nos olhos durante epis\\u00f3dios ativos de herpes labial.\"}},{\"@type\":\"Question\",\"name\":\"O herpes labial \\u00e9 mais perigoso em gr\\u00e1vidas?\",\"acceptedAnswer\":{\"@type\":\"Answer\",\"text\":\"O herpes labial na gr\\u00e1vida \\u00e9 geralmente benigno. O risco principal \\u00e9 a transmiss\\u00e3o neonatal se houver les\\u00f5es genitais ativas no momento do parto. O herpes labial isolado n\\u00e3o requer precau\\u00e7\\u00f5es obst\\u00e9tricas especiais.\"}},{\"@type\":\"Question\",\"name\":\"Existem rem\\u00e9dios naturais eficazes para o herpes labial?\",\"acceptedAnswer\":{\"@type\":\"Answer\",\"text\":\"Algumas evid\\u00eancias sugerem benef\\u00edcio modesto do extrato de melissa (Melissa officinalis) e do mel de manuka na redu\\u00e7\\u00e3o da dura\\u00e7\\u00e3o das les\\u00f5es. Contudo, estes n\\u00e3o substituem os antivirais em termos de efic\\u00e1cia comprovada.\"}}]}<\/script>\n\t\t\t\t\t\t\t<\/div>\n\t\t\t\t<\/div>\n\t\t\t\t<\/div>\n\t\t\t\t\t<\/div>\n\t\t\t\t<\/div>\n\t\t<div class=\"elementor-element elementor-element-02d7fba e-flex e-con-boxed e-con e-parent\" data-id=\"02d7fba\" data-element_type=\"container\" data-e-type=\"container\">\n\t\t\t\t\t<div class=\"e-con-inner\">\n\t\t\t\t<div class=\"elementor-element elementor-element-ca91313 elementor-widget elementor-widget-text-editor\" data-id=\"ca91313\" data-element_type=\"widget\" data-e-type=\"widget\" data-widget_type=\"text-editor.default\">\n\t\t\t\t\t\t\t\t\t<h2><b>Conclus\u00e3o<\/b><\/h2>\n<span style=\"font-weight: 400;\">O <strong>herpes labial recorrente<\/strong> \u00e9 uma condi\u00e7\u00e3o cr\u00f3nica com impacto significativo na qualidade de vida que vai al\u00e9m das les\u00f5es f\u00edsicas. Uma abordagem integrada que combine preven\u00e7\u00e3o de desencadeantes, tratamento antiviral adequado e aten\u00e7\u00e3o ao impacto psicol\u00f3gico \u00e9 essencial para a gest\u00e3o eficaz do <strong>herpes labial recorrente<\/strong>. O reconhecimento de complica\u00e7\u00f5es potenciais e a referencia\u00e7\u00e3o atempada quando necess\u00e1rio garantem a seguran\u00e7a dos doentes.<\/span>\n<h2><b>Refer\u00eancias<\/b><\/h2><a href=\"https:\/\/pubmed.ncbi.nlm.nih.gov\/12637914\/\" target=\"_blank\" rel=\"dofollow noopener\">Raborn G.W. et al. Herpes labialis: sunscreen as a factor in prevention. Journal of the American Academy of Dermatology (2003)<\/a>\n\n<a href=\"https:\/\/cks.nice.org.uk\/topics\/herpes-simplex-oral\/complications\/\" target=\"_blank\" rel=\"dofollow noopener\">National Institute for Health and Care Excellence. Herpes simplex \u2014 oral: Scenario Complications<\/a>\n\n<a href=\"https:\/\/www.journalofclinicalvirology.com\/\" target=\"_blank\" rel=\"dofollow noopener\">Gesellschaft f\u00fcr Virologie. European Guidelines for the Management of Herpes Simplex Virus Disease. Journal of Clinical Virology (2022)<\/a>\t\t\t\t\t\t\t\t<\/div>\n\t\t\t\t\t<\/div>\n\t\t\t\t<\/div>\n\t\t\t\t<\/div>\n\t\t","protected":false},"excerpt":{"rendered":"<p>Introdu\u00e7\u00e3o O herpes labial recorrente afeta milh\u00f5es de pessoas em Portugal e na Europa, com epis\u00f3dios que variam em frequ\u00eancia e gravidade ao longo da vida. Embora a maioria dos epis\u00f3dios de herpes labial seja autolimitada, as recorr\u00eancias frequentes t\u00eam impacto significativo na qualidade de vida, produtividade laboral e bem-estar psicol\u00f3gico. A gest\u00e3o do herpes [&hellip;]<\/p>\n","protected":false},"author":13102,"featured_media":58739,"comment_status":"closed","ping_status":"closed","sticky":false,"template":"","format":"standard","meta":{"_jetpack_memberships_contains_paid_content":false,"footnotes":""},"categories":[250],"tags":[],"class_list":["post-58504","post","type-post","status-publish","format-standard","has-post-thumbnail","hentry","category-dermatologia"],"jetpack_featured_media_url":"https:\/\/staging.mediconanet.pt\/wp-content\/uploads\/2026\/03\/wpimage-id893sizeSlugfulllinkDestinationnone-figure-classwp-block-image-size-fullimg-srchttpscomprarcbdonline.ptwp-contentuploads202603unnamed-3.jpg-altFrasco-de-vidro-transparente-c-50.jpg","jetpack_sharing_enabled":true,"_links":{"self":[{"href":"https:\/\/staging.mediconanet.pt\/en\/wp-json\/wp\/v2\/posts\/58504","targetHints":{"allow":["GET"]}}],"collection":[{"href":"https:\/\/staging.mediconanet.pt\/en\/wp-json\/wp\/v2\/posts"}],"about":[{"href":"https:\/\/staging.mediconanet.pt\/en\/wp-json\/wp\/v2\/types\/post"}],"author":[{"embeddable":true,"href":"https:\/\/staging.mediconanet.pt\/en\/wp-json\/wp\/v2\/users\/13102"}],"replies":[{"embeddable":true,"href":"https:\/\/staging.mediconanet.pt\/en\/wp-json\/wp\/v2\/comments?post=58504"}],"version-history":[{"count":19,"href":"https:\/\/staging.mediconanet.pt\/en\/wp-json\/wp\/v2\/posts\/58504\/revisions"}],"predecessor-version":[{"id":59301,"href":"https:\/\/staging.mediconanet.pt\/en\/wp-json\/wp\/v2\/posts\/58504\/revisions\/59301"}],"wp:featuredmedia":[{"embeddable":true,"href":"https:\/\/staging.mediconanet.pt\/en\/wp-json\/wp\/v2\/media\/58739"}],"wp:attachment":[{"href":"https:\/\/staging.mediconanet.pt\/en\/wp-json\/wp\/v2\/media?parent=58504"}],"wp:term":[{"taxonomy":"category","embeddable":true,"href":"https:\/\/staging.mediconanet.pt\/en\/wp-json\/wp\/v2\/categories?post=58504"},{"taxonomy":"post_tag","embeddable":true,"href":"https:\/\/staging.mediconanet.pt\/en\/wp-json\/wp\/v2\/tags?post=58504"}],"curies":[{"name":"wp","href":"https:\/\/api.w.org\/{rel}","templated":true}]}}