{"id":54846,"date":"2026-02-11T16:48:10","date_gmt":"2026-02-11T16:48:10","guid":{"rendered":"https:\/\/www.mediconanet.pt\/?p=54846"},"modified":"2026-02-12T10:44:27","modified_gmt":"2026-02-12T10:44:27","slug":"gripe-cuidados-em-casa-e-autodeclaracao","status":"publish","type":"post","link":"https:\/\/staging.mediconanet.pt\/en\/gripe-cuidados-em-casa-e-autodeclaracao\/","title":{"rendered":"Gripe: cuidados em casa, quando procurar ajuda e como usar a autodeclara\u00e7\u00e3o"},"content":{"rendered":"\t\t<div data-elementor-type=\"wp-post\" data-elementor-id=\"54846\" class=\"elementor elementor-54846\" data-elementor-post-type=\"post\">\n\t\t\t\t<div class=\"elementor-element elementor-element-2c10101 e-flex e-con-boxed e-con e-parent\" data-id=\"2c10101\" data-element_type=\"container\" data-e-type=\"container\">\n\t\t\t\t\t<div class=\"e-con-inner\">\n\t\t\t\t<div class=\"elementor-element elementor-element-2fc024c elementor-widget elementor-widget-text-editor\" data-id=\"2fc024c\" data-element_type=\"widget\" data-e-type=\"widget\" data-widget_type=\"text-editor.default\">\n\t\t\t\t\t\t\t\t\t<p>A gripe \u00e9 uma infec\u00e7\u00e3o viral que afecta milhares de pessoas todos os anos. Na maioria dos casos, adultos saud\u00e1veis recuperam com repouso e cuidados em casa. No entanto, \u00e9 fundamental saber <strong data-start=\"651\" data-end=\"685\">como lidar com a gripe em casa<\/strong>, quando procurar ajuda m\u00e9dica e de que forma justificar aus\u00eancias ao trabalho sem sair de casa.\u00a0Este guia sobre gripe, cuidados em casa e autodeclara\u00e7\u00e3o ajuda a esclarecer essas d\u00favidas de forma pr\u00e1tica. Este artigo re\u00fane conselhos pr\u00e1ticos baseados no guia do m\u00e9dico Eurico Silva e em informa\u00e7\u00f5es oficiais.<\/p>\t\t\t\t\t\t\t\t<\/div>\n\t\t\t\t<div class=\"elementor-element elementor-element-36064f1 elementor-widget elementor-widget-heading\" data-id=\"36064f1\" data-element_type=\"widget\" data-e-type=\"widget\" data-widget_type=\"heading.default\">\n\t\t\t\t\t<h2 class=\"elementor-heading-title elementor-size-default\">Como tratar a gripe em casa<\/h2>\t\t\t\t<\/div>\n\t\t\t\t<div class=\"elementor-element elementor-element-dabf708 elementor-widget elementor-widget-text-editor\" data-id=\"dabf708\" data-element_type=\"widget\" data-e-type=\"widget\" data-widget_type=\"text-editor.default\">\n\t\t\t\t\t\t\t\t\t<p data-start=\"920\" data-end=\"1217\">A gripe manifesta-se geralmente com febre de in\u00edcio s\u00fabito, dores musculares e articulares, arrepios, dor de cabe\u00e7a, tosse seca, dor de garganta, congest\u00e3o nasal e grande cansa\u00e7o. Em adultos saud\u00e1veis, sem sinais de alarme, <strong data-start=\"1144\" data-end=\"1176\">os cuidados em casa na gripe<\/strong> s\u00e3o essencialmente de suporte e incluem:<\/p><ul><li data-start=\"1221\" data-end=\"1331\"><strong data-start=\"1221\" data-end=\"1233\">Repouso:<\/strong> reduzir a actividade di\u00e1ria e evitar esfor\u00e7os para permitir que o organismo combata a infec\u00e7\u00e3o.<\/li><li data-start=\"1221\" data-end=\"1331\"><strong data-start=\"1334\" data-end=\"1349\">Hidrata\u00e7\u00e3o:<\/strong> beber \u00e1gua, ch\u00e1s ou caldos ao longo do dia para repor l\u00edquidos e aliviar a irrita\u00e7\u00e3o da garganta.<\/li><li data-start=\"1221\" data-end=\"1331\"><strong data-start=\"1452\" data-end=\"1473\">Alimenta\u00e7\u00e3o leve:<\/strong> optar por sopas, frutas e alimentos de f\u00e1cil digest\u00e3o.<\/li><li data-start=\"1221\" data-end=\"1331\"><strong data-start=\"1533\" data-end=\"1559\">Medica\u00e7\u00e3o sintom\u00e1tica:<\/strong> utilizar medicamentos para aliviar a febre e as dores, respeitando sempre a bula e as indica\u00e7\u00f5es do m\u00e9dico ou farmac\u00eautico.<\/li><\/ul><p data-start=\"1685\" data-end=\"1919\">Uma d\u00favida frequente \u00e9 se os antibi\u00f3ticos ajudam. A resposta \u00e9 n\u00e3o: os antibi\u00f3ticos n\u00e3o tratam a gripe, uma vez que esta \u00e9 causada por um v\u00edrus. S\u00f3 devem ser utilizados em caso de complica\u00e7\u00f5es bacterianas e mediante prescri\u00e7\u00e3o m\u00e9dica.<\/p>\t\t\t\t\t\t\t\t<\/div>\n\t\t\t\t<div class=\"elementor-element elementor-element-a781405 elementor-widget elementor-widget-heading\" data-id=\"a781405\" data-element_type=\"widget\" data-e-type=\"widget\" data-widget_type=\"heading.default\">\n\t\t\t\t\t<h2 class=\"elementor-heading-title elementor-size-default\">Autodeclara\u00e7\u00e3o de doen\u00e7a: justificar at\u00e9 tr\u00eas dias sem ir ao m\u00e9dico<\/h2>\t\t\t\t<\/div>\n\t\t\t\t<div class=\"elementor-element elementor-element-faf5fd2 elementor-widget elementor-widget-text-editor\" data-id=\"faf5fd2\" data-element_type=\"widget\" data-e-type=\"widget\" data-widget_type=\"text-editor.default\">\n\t\t\t\t\t\t\t\t\t<p data-start=\"1994\" data-end=\"2238\">Para quadros de gripe ligeira, a principal dificuldade para quem trabalha \u00e9 justificar a aus\u00eancia. Nestes casos, \u00e9 poss\u00edvel recorrer \u00e0 Autodeclara\u00e7\u00e3o de Doen\u00e7a (ADD), uma solu\u00e7\u00e3o pr\u00e1tica associada \u00e0 <strong data-start=\"2193\" data-end=\"2237\">gripe, cuidados em casa e autodeclara\u00e7\u00e3o<\/strong>.<\/p><p data-start=\"2240\" data-end=\"2521\">A autodeclara\u00e7\u00e3o pode ser solicitada atrav\u00e9s do Portal SNS 24 ou da App SNS 24 e permite justificar at\u00e9 tr\u00eas dias consecutivos de aus\u00eancia ao trabalho. Este mecanismo foi criado para situa\u00e7\u00f5es de doen\u00e7a aguda ligeira e evita consultas m\u00e9dicas destinadas apenas \u00e0 emiss\u00e3o de baixas.\u00a0Esta liga\u00e7\u00e3o entre gripe, cuidados em casa e autodeclara\u00e7\u00e3o permite ao trabalhador recuperar sem recorrer desnecessariamente a consultas m\u00e9dicas.<\/p><p data-start=\"2523\" data-end=\"2559\">Principais regras da autodeclara\u00e7\u00e3o:<\/p><ul><li data-start=\"2562\" data-end=\"2633\">Justifica at\u00e9 <strong data-start=\"2576\" data-end=\"2599\">3 dias consecutivos<\/strong>, no m\u00e1ximo <strong data-start=\"2611\" data-end=\"2630\">2 vezes por ano<\/strong>.<\/li><li data-start=\"2562\" data-end=\"2633\">Deve ser pedida at\u00e9 <strong data-start=\"2656\" data-end=\"2695\">5 dias ap\u00f3s o primeiro dia de falta<\/strong>.<\/li><li data-start=\"2562\" data-end=\"2633\">Aplica-se a trabalhadores abrangidos pelo regime geral da Seguran\u00e7a Social.<\/li><li data-start=\"2562\" data-end=\"2633\">Ap\u00f3s o pedido, \u00e9 gerado um <strong data-start=\"2808\" data-end=\"2818\">c\u00f3digo<\/strong> que deve ser comunicado \u00e0 entidade empregadora.<\/li><\/ul>\t\t\t\t\t\t\t\t<\/div>\n\t\t\t\t<div class=\"elementor-element elementor-element-379a318 elementor-widget elementor-widget-heading\" data-id=\"379a318\" data-element_type=\"widget\" data-e-type=\"widget\" data-widget_type=\"heading.default\">\n\t\t\t\t\t<h3 class=\"elementor-heading-title elementor-size-default\">Como pedir a autodeclara\u00e7\u00e3o:<\/h3>\t\t\t\t<\/div>\n\t\t\t\t<div class=\"elementor-element elementor-element-c4780ac elementor-widget elementor-widget-text-editor\" data-id=\"c4780ac\" data-element_type=\"widget\" data-e-type=\"widget\" data-widget_type=\"text-editor.default\">\n\t\t\t\t\t\t\t\t\t<ol><li data-start=\"2904\" data-end=\"2946\">Aceder ao Portal SNS 24 ou \u00e0 App SNS 24.<\/li><li data-start=\"2904\" data-end=\"2946\">Autenticar-se com Chave M\u00f3vel Digital, Cart\u00e3o de Cidad\u00e3o ou N\u00famero de Utente de Sa\u00fade.<\/li><li data-start=\"2904\" data-end=\"2946\">Seleccionar \u201cAutodeclara\u00e7\u00e3o de Doen\u00e7a\u201d no menu \u201cPreciso de\u2026\u201d.<\/li><li data-start=\"2904\" data-end=\"2946\">Indicar a data de in\u00edcio da doen\u00e7a, confirmar os dados e guardar o c\u00f3digo.<\/li><\/ol><p data-start=\"3185\" data-end=\"3345\">Se os sintomas persistirem para al\u00e9m dos tr\u00eas dias ou se houver agravamento, deve procurar um m\u00e9dico para obter um Certificado de Incapacidade Tempor\u00e1ria (CIT).<\/p>\t\t\t\t\t\t\t\t<\/div>\n\t\t\t\t<div class=\"elementor-element elementor-element-c6edb6d elementor-widget elementor-widget-heading\" data-id=\"c6edb6d\" data-element_type=\"widget\" data-e-type=\"widget\" data-widget_type=\"heading.default\">\n\t\t\t\t\t<h2 class=\"elementor-heading-title elementor-size-default\">Quando devo procurar ajuda m\u00e9dica?<\/h2>\t\t\t\t<\/div>\n\t\t\t\t<div class=\"elementor-element elementor-element-d855832 elementor-widget elementor-widget-text-editor\" data-id=\"d855832\" data-element_type=\"widget\" data-e-type=\"widget\" data-widget_type=\"text-editor.default\">\n\t\t\t\t\t\t\t\t\t<p data-start=\"3387\" data-end=\"3543\">Apesar de, na maioria dos casos, a gripe se resolver com <strong data-start=\"3444\" data-end=\"3464\">cuidados em casa<\/strong>, existem situa\u00e7\u00f5es que exigem contacto com a Linha SNS 24 ou avalia\u00e7\u00e3o m\u00e9dica:<\/p><ul><li data-start=\"3547\" data-end=\"3607\">Falta de ar intensa ou agravamento da respira\u00e7\u00e3o habitual.<\/li><li data-start=\"3547\" data-end=\"3607\">Dor no peito ou confus\u00e3o mental.<\/li><li data-start=\"3547\" data-end=\"3607\">Febre alta persistente por mais de 3 a 4 dias ou que n\u00e3o responde \u00e0 medica\u00e7\u00e3o.<\/li><li data-start=\"3547\" data-end=\"3607\">V\u00f3mitos persistentes ou incapacidade de ingerir l\u00edquidos.<\/li><li data-start=\"3547\" data-end=\"3607\">Agravamento s\u00fabito ap\u00f3s um per\u00edodo de aparente melhoria.<\/li><\/ul><p data-start=\"3850\" data-end=\"4136\">Em crian\u00e7as, sinais como respira\u00e7\u00e3o r\u00e1pida com esfor\u00e7o, gemido respirat\u00f3rio, recusa alimentar ou sonol\u00eancia excessiva justificam avalia\u00e7\u00e3o urgente. Pessoas com mais de 65 anos, gr\u00e1vidas e doentes cr\u00f3nicos devem procurar cuidados m\u00e9dicos mais cedo, devido ao maior risco de complica\u00e7\u00f5es.<\/p>\t\t\t\t\t\t\t\t<\/div>\n\t\t\t\t<div class=\"elementor-element elementor-element-d99f7fb elementor-widget elementor-widget-image\" data-id=\"d99f7fb\" data-element_type=\"widget\" data-e-type=\"widget\" data-widget_type=\"image.default\">\n\t\t\t\t\t\t\t\t\t\t\t\t\t\t\t<img fetchpriority=\"high\" decoding=\"async\" width=\"800\" height=\"448\" src=\"https:\/\/staging.mediconanet.pt\/wp-content\/uploads\/2026\/02\/gripe-cuidados-em-casa-autodeclaracao-consulta-medica-1024x573.jpg\" class=\"attachment-large size-large wp-image-54866\" alt=\"Consulta m\u00e9dica online durante a gripe, com foco nos cuidados em casa e na autodeclara\u00e7\u00e3o\" srcset=\"https:\/\/staging.mediconanet.pt\/wp-content\/uploads\/2026\/02\/gripe-cuidados-em-casa-autodeclaracao-consulta-medica-1024x573.jpg 1024w, https:\/\/staging.mediconanet.pt\/wp-content\/uploads\/2026\/02\/gripe-cuidados-em-casa-autodeclaracao-consulta-medica-300x168.jpg 300w, https:\/\/staging.mediconanet.pt\/wp-content\/uploads\/2026\/02\/gripe-cuidados-em-casa-autodeclaracao-consulta-medica-768x430.jpg 768w, https:\/\/staging.mediconanet.pt\/wp-content\/uploads\/2026\/02\/gripe-cuidados-em-casa-autodeclaracao-consulta-medica-1536x860.jpg 1536w, https:\/\/staging.mediconanet.pt\/wp-content\/uploads\/2026\/02\/gripe-cuidados-em-casa-autodeclaracao-consulta-medica-18x10.jpg 18w, https:\/\/staging.mediconanet.pt\/wp-content\/uploads\/2026\/02\/gripe-cuidados-em-casa-autodeclaracao-consulta-medica-600x336.jpg 600w, https:\/\/staging.mediconanet.pt\/wp-content\/uploads\/2026\/02\/gripe-cuidados-em-casa-autodeclaracao-consulta-medica.jpg 1600w\" sizes=\"(max-width: 800px) 100vw, 800px\" \/>\t\t\t\t\t\t\t\t\t\t\t\t\t\t\t<\/div>\n\t\t\t\t\t<\/div>\n\t\t\t\t<\/div>\n\t\t<div class=\"elementor-element elementor-element-351e5a7 e-con-full e-flex e-con e-parent\" data-id=\"351e5a7\" data-element_type=\"container\" data-e-type=\"container\">\n\t\t<div class=\"elementor-element elementor-element-6a0e582 e-con-full e-flex e-con e-child\" data-id=\"6a0e582\" data-element_type=\"container\" data-e-type=\"container\">\n\t\t\t\t<div class=\"elementor-element elementor-element-11c3be6 elementor-widget elementor-widget-heading\" data-id=\"11c3be6\" data-element_type=\"widget\" data-e-type=\"widget\" data-widget_type=\"heading.default\">\n\t\t\t\t\t<h2 class=\"elementor-heading-title elementor-size-default\">Perguntas frequentes (FAQ)<\/h2>\t\t\t\t<\/div>\n\t\t\t\t<div class=\"elementor-element elementor-element-0a5780c elementor-widget elementor-widget-n-accordion\" data-id=\"0a5780c\" data-element_type=\"widget\" data-e-type=\"widget\" data-settings=\"{&quot;default_state&quot;:&quot;all_collapsed&quot;,&quot;max_items_expended&quot;:&quot;one&quot;,&quot;n_accordion_animation_duration&quot;:{&quot;unit&quot;:&quot;ms&quot;,&quot;size&quot;:400,&quot;sizes&quot;:[]}}\" data-widget_type=\"nested-accordion.default\">\n\t\t\t\t\t\t\t<div class=\"e-n-accordion\" aria-label=\"Accordion. Open links with Enter or Space, close with Escape, and navigate with Arrow Keys\">\n\t\t\t\t\t\t<details id=\"e-n-accordion-item-1080\" class=\"e-n-accordion-item\" >\n\t\t\t\t<summary class=\"e-n-accordion-item-title\" data-accordion-index=\"1\" tabindex=\"0\" aria-expanded=\"false\" aria-controls=\"e-n-accordion-item-1080\" >\n\t\t\t\t\t<span class='e-n-accordion-item-title-header'><div class=\"e-n-accordion-item-title-text\"> Quanto tempo dura a gripe? <\/div><\/span>\n\t\t\t\t\t\t\t<span class='e-n-accordion-item-title-icon'>\n\t\t\t<span class='e-opened' ><svg aria-hidden=\"true\" class=\"e-font-icon-svg e-fas-minus\" viewBox=\"0 0 448 512\" xmlns=\"http:\/\/www.w3.org\/2000\/svg\"><path d=\"M416 208H32c-17.67 0-32 14.33-32 32v32c0 17.67 14.33 32 32 32h384c17.67 0 32-14.33 32-32v-32c0-17.67-14.33-32-32-32z\"><\/path><\/svg><\/span>\n\t\t\t<span class='e-closed'><svg aria-hidden=\"true\" class=\"e-font-icon-svg e-fas-plus\" viewBox=\"0 0 448 512\" xmlns=\"http:\/\/www.w3.org\/2000\/svg\"><path d=\"M416 208H272V64c0-17.67-14.33-32-32-32h-32c-17.67 0-32 14.33-32 32v144H32c-17.67 0-32 14.33-32 32v32c0 17.67 14.33 32 32 32h144v144c0 17.67 14.33 32 32 32h32c17.67 0 32-14.33 32-32V304h144c17.67 0 32-14.33 32-32v-32c0-17.67-14.33-32-32-32z\"><\/path><\/svg><\/span>\n\t\t<\/span>\n\n\t\t\t\t\t\t<\/summary>\n\t\t\t\t<div role=\"region\" aria-labelledby=\"e-n-accordion-item-1080\" class=\"elementor-element elementor-element-bdba624 e-con-full e-flex e-con e-child\" data-id=\"bdba624\" data-element_type=\"container\" data-e-type=\"container\">\n\t\t<div role=\"region\" aria-labelledby=\"e-n-accordion-item-1080\" class=\"elementor-element elementor-element-b95fe3e e-flex e-con-boxed e-con e-child\" data-id=\"b95fe3e\" data-element_type=\"container\" data-e-type=\"container\">\n\t\t\t\t\t<div class=\"e-con-inner\">\n\t\t\t\t<div class=\"elementor-element elementor-element-cbfccb6 elementor-widget elementor-widget-text-editor\" data-id=\"cbfccb6\" data-element_type=\"widget\" data-e-type=\"widget\" data-widget_type=\"text-editor.default\">\n\t\t\t\t\t\t\t\t\t<p>Na maioria das pessoas, a gripe dura entre 5 e 7 dias. O cansa\u00e7o pode persistir por mais alguns dias ap\u00f3s o desaparecimento da febre, refor\u00e7ando a import\u00e2ncia dos cuidados em casa.<\/p>\t\t\t\t\t\t\t\t<\/div>\n\t\t\t\t\t<\/div>\n\t\t\t\t<\/div>\n\t\t\t\t<\/div>\n\t\t\t\t\t<\/details>\n\t\t\t\t\t\t<details id=\"e-n-accordion-item-1081\" class=\"e-n-accordion-item\" >\n\t\t\t\t<summary class=\"e-n-accordion-item-title\" data-accordion-index=\"2\" tabindex=\"-1\" aria-expanded=\"false\" aria-controls=\"e-n-accordion-item-1081\" >\n\t\t\t\t\t<span class='e-n-accordion-item-title-header'><div class=\"e-n-accordion-item-title-text\"> Devo tomar antivirais? <\/div><\/span>\n\t\t\t\t\t\t\t<span class='e-n-accordion-item-title-icon'>\n\t\t\t<span class='e-opened' ><svg aria-hidden=\"true\" class=\"e-font-icon-svg e-fas-minus\" viewBox=\"0 0 448 512\" xmlns=\"http:\/\/www.w3.org\/2000\/svg\"><path d=\"M416 208H32c-17.67 0-32 14.33-32 32v32c0 17.67 14.33 32 32 32h384c17.67 0 32-14.33 32-32v-32c0-17.67-14.33-32-32-32z\"><\/path><\/svg><\/span>\n\t\t\t<span class='e-closed'><svg aria-hidden=\"true\" class=\"e-font-icon-svg e-fas-plus\" viewBox=\"0 0 448 512\" xmlns=\"http:\/\/www.w3.org\/2000\/svg\"><path d=\"M416 208H272V64c0-17.67-14.33-32-32-32h-32c-17.67 0-32 14.33-32 32v144H32c-17.67 0-32 14.33-32 32v32c0 17.67 14.33 32 32 32h144v144c0 17.67 14.33 32 32 32h32c17.67 0 32-14.33 32-32V304h144c17.67 0 32-14.33 32-32v-32c0-17.67-14.33-32-32-32z\"><\/path><\/svg><\/span>\n\t\t<\/span>\n\n\t\t\t\t\t\t<\/summary>\n\t\t\t\t<div role=\"region\" aria-labelledby=\"e-n-accordion-item-1081\" class=\"elementor-element elementor-element-61e0512 e-con-full e-flex e-con e-child\" data-id=\"61e0512\" data-element_type=\"container\" data-e-type=\"container\">\n\t\t<div role=\"region\" aria-labelledby=\"e-n-accordion-item-1081\" class=\"elementor-element elementor-element-733cecb e-flex e-con-boxed e-con e-child\" data-id=\"733cecb\" data-element_type=\"container\" data-e-type=\"container\">\n\t\t\t\t\t<div class=\"e-con-inner\">\n\t\t\t\t<div class=\"elementor-element elementor-element-eabcae4 elementor-widget elementor-widget-text-editor\" data-id=\"eabcae4\" data-element_type=\"widget\" data-e-type=\"widget\" data-widget_type=\"text-editor.default\">\n\t\t\t\t\t\t\t\t\t<p>A decis\u00e3o deve ser tomada pelo m\u00e9dico. Antivirais podem ser indicados em grupos de risco ou em casos de gripe confirmada com maior gravidade.<\/p>\t\t\t\t\t\t\t\t<\/div>\n\t\t\t\t\t<\/div>\n\t\t\t\t<\/div>\n\t\t\t\t<\/div>\n\t\t\t\t\t<\/details>\n\t\t\t\t\t\t<details id=\"e-n-accordion-item-1082\" class=\"e-n-accordion-item\" >\n\t\t\t\t<summary class=\"e-n-accordion-item-title\" data-accordion-index=\"3\" tabindex=\"-1\" aria-expanded=\"false\" aria-controls=\"e-n-accordion-item-1082\" >\n\t\t\t\t\t<span class='e-n-accordion-item-title-header'><div class=\"e-n-accordion-item-title-text\"> A autodeclara\u00e7\u00e3o d\u00e1 direito a subs\u00eddio de doen\u00e7a? <\/div><\/span>\n\t\t\t\t\t\t\t<span class='e-n-accordion-item-title-icon'>\n\t\t\t<span class='e-opened' ><svg aria-hidden=\"true\" class=\"e-font-icon-svg e-fas-minus\" viewBox=\"0 0 448 512\" xmlns=\"http:\/\/www.w3.org\/2000\/svg\"><path d=\"M416 208H32c-17.67 0-32 14.33-32 32v32c0 17.67 14.33 32 32 32h384c17.67 0 32-14.33 32-32v-32c0-17.67-14.33-32-32-32z\"><\/path><\/svg><\/span>\n\t\t\t<span class='e-closed'><svg aria-hidden=\"true\" class=\"e-font-icon-svg e-fas-plus\" viewBox=\"0 0 448 512\" xmlns=\"http:\/\/www.w3.org\/2000\/svg\"><path d=\"M416 208H272V64c0-17.67-14.33-32-32-32h-32c-17.67 0-32 14.33-32 32v144H32c-17.67 0-32 14.33-32 32v32c0 17.67 14.33 32 32 32h144v144c0 17.67 14.33 32 32 32h32c17.67 0 32-14.33 32-32V304h144c17.67 0 32-14.33 32-32v-32c0-17.67-14.33-32-32-32z\"><\/path><\/svg><\/span>\n\t\t<\/span>\n\n\t\t\t\t\t\t<\/summary>\n\t\t\t\t<div role=\"region\" aria-labelledby=\"e-n-accordion-item-1082\" class=\"elementor-element elementor-element-af2c8f6 e-con-full e-flex e-con e-child\" data-id=\"af2c8f6\" data-element_type=\"container\" data-e-type=\"container\">\n\t\t<div role=\"region\" aria-labelledby=\"e-n-accordion-item-1082\" class=\"elementor-element elementor-element-1ab6624 e-flex e-con-boxed e-con e-child\" data-id=\"1ab6624\" data-element_type=\"container\" data-e-type=\"container\">\n\t\t\t\t\t<div class=\"e-con-inner\">\n\t\t\t\t<div class=\"elementor-element elementor-element-f984707 elementor-widget elementor-widget-text-editor\" data-id=\"f984707\" data-element_type=\"widget\" data-e-type=\"widget\" data-widget_type=\"text-editor.default\">\n\t\t\t\t\t\t\t\t\t<p>N\u00e3o. A autodeclara\u00e7\u00e3o apenas justifica a aus\u00eancia ao trabalho. Para ter direito ao subs\u00eddio de doen\u00e7a \u00e9 necess\u00e1rio um CIT emitido por um m\u00e9dico.<\/p>\t\t\t\t\t\t\t\t<\/div>\n\t\t\t\t\t<\/div>\n\t\t\t\t<\/div>\n\t\t\t\t<\/div>\n\t\t\t\t\t<\/details>\n\t\t\t\t\t\t<details id=\"e-n-accordion-item-1083\" class=\"e-n-accordion-item\" >\n\t\t\t\t<summary class=\"e-n-accordion-item-title\" data-accordion-index=\"4\" tabindex=\"-1\" aria-expanded=\"false\" aria-controls=\"e-n-accordion-item-1083\" >\n\t\t\t\t\t<span class='e-n-accordion-item-title-header'><div class=\"e-n-accordion-item-title-text\"> Posso trabalhar remotamente enquanto estou com gripe? <\/div><\/span>\n\t\t\t\t\t\t\t<span class='e-n-accordion-item-title-icon'>\n\t\t\t<span class='e-opened' ><svg aria-hidden=\"true\" class=\"e-font-icon-svg e-fas-minus\" viewBox=\"0 0 448 512\" xmlns=\"http:\/\/www.w3.org\/2000\/svg\"><path d=\"M416 208H32c-17.67 0-32 14.33-32 32v32c0 17.67 14.33 32 32 32h384c17.67 0 32-14.33 32-32v-32c0-17.67-14.33-32-32-32z\"><\/path><\/svg><\/span>\n\t\t\t<span class='e-closed'><svg aria-hidden=\"true\" class=\"e-font-icon-svg e-fas-plus\" viewBox=\"0 0 448 512\" xmlns=\"http:\/\/www.w3.org\/2000\/svg\"><path d=\"M416 208H272V64c0-17.67-14.33-32-32-32h-32c-17.67 0-32 14.33-32 32v144H32c-17.67 0-32 14.33-32 32v32c0 17.67 14.33 32 32 32h144v144c0 17.67 14.33 32 32 32h32c17.67 0 32-14.33 32-32V304h144c17.67 0 32-14.33 32-32v-32c0-17.67-14.33-32-32-32z\"><\/path><\/svg><\/span>\n\t\t<\/span>\n\n\t\t\t\t\t\t<\/summary>\n\t\t\t\t<div role=\"region\" aria-labelledby=\"e-n-accordion-item-1083\" class=\"elementor-element elementor-element-08be43a e-con-full e-flex e-con e-child\" data-id=\"08be43a\" data-element_type=\"container\" data-e-type=\"container\">\n\t\t<div role=\"region\" aria-labelledby=\"e-n-accordion-item-1083\" class=\"elementor-element elementor-element-02c929f e-flex e-con-boxed e-con e-child\" data-id=\"02c929f\" data-element_type=\"container\" data-e-type=\"container\">\n\t\t\t\t\t<div class=\"e-con-inner\">\n\t\t\t\t<div class=\"elementor-element elementor-element-6b93c8e elementor-widget elementor-widget-text-editor\" data-id=\"6b93c8e\" data-element_type=\"widget\" data-e-type=\"widget\" data-widget_type=\"text-editor.default\">\n\t\t\t\t\t\t\t\t\t<p data-start=\"3877\" data-end=\"4034\">Depende do estado de sa\u00fade e das regras da empresa. Mesmo em teletrabalho, o repouso e cuidados em casa s\u00e3o essenciais para uma recupera\u00e7\u00e3o adequada. Fale com o m\u00e9dico e com o empregador para definir a melhor op\u00e7\u00e3o.<\/p>\t\t\t\t\t\t\t\t<\/div>\n\t\t\t\t\t<\/div>\n\t\t\t\t<\/div>\n\t\t\t\t<\/div>\n\t\t\t\t\t<\/details>\n\t\t\t\t\t\t<details id=\"e-n-accordion-item-1084\" class=\"e-n-accordion-item\" >\n\t\t\t\t<summary class=\"e-n-accordion-item-title\" data-accordion-index=\"5\" tabindex=\"-1\" aria-expanded=\"false\" aria-controls=\"e-n-accordion-item-1084\" >\n\t\t\t\t\t<span class='e-n-accordion-item-title-header'><div class=\"e-n-accordion-item-title-text\"> A gripe \u00e9 contagiosa durante quantos dias? <\/div><\/span>\n\t\t\t\t\t\t\t<span class='e-n-accordion-item-title-icon'>\n\t\t\t<span class='e-opened' ><svg aria-hidden=\"true\" class=\"e-font-icon-svg e-fas-minus\" viewBox=\"0 0 448 512\" xmlns=\"http:\/\/www.w3.org\/2000\/svg\"><path d=\"M416 208H32c-17.67 0-32 14.33-32 32v32c0 17.67 14.33 32 32 32h384c17.67 0 32-14.33 32-32v-32c0-17.67-14.33-32-32-32z\"><\/path><\/svg><\/span>\n\t\t\t<span class='e-closed'><svg aria-hidden=\"true\" class=\"e-font-icon-svg e-fas-plus\" viewBox=\"0 0 448 512\" xmlns=\"http:\/\/www.w3.org\/2000\/svg\"><path d=\"M416 208H272V64c0-17.67-14.33-32-32-32h-32c-17.67 0-32 14.33-32 32v144H32c-17.67 0-32 14.33-32 32v32c0 17.67 14.33 32 32 32h144v144c0 17.67 14.33 32 32 32h32c17.67 0 32-14.33 32-32V304h144c17.67 0 32-14.33 32-32v-32c0-17.67-14.33-32-32-32z\"><\/path><\/svg><\/span>\n\t\t<\/span>\n\n\t\t\t\t\t\t<\/summary>\n\t\t\t\t<div role=\"region\" aria-labelledby=\"e-n-accordion-item-1084\" class=\"elementor-element elementor-element-eaf608a e-con-full e-flex e-con e-child\" data-id=\"eaf608a\" data-element_type=\"container\" data-e-type=\"container\">\n\t\t<div role=\"region\" aria-labelledby=\"e-n-accordion-item-1084\" class=\"elementor-element elementor-element-cb97b31 e-flex e-con-boxed e-con e-child\" data-id=\"cb97b31\" data-element_type=\"container\" data-e-type=\"container\">\n\t\t\t\t\t<div class=\"e-con-inner\">\n\t\t\t\t<div class=\"elementor-element elementor-element-b9972a8 elementor-widget elementor-widget-text-editor\" data-id=\"b9972a8\" data-element_type=\"widget\" data-e-type=\"widget\" data-widget_type=\"text-editor.default\">\n\t\t\t\t\t\t\t\t\t<p>Sim. A gripe \u00e9 altamente contagiosa desde 1 dia antes do in\u00edcio dos sintomas at\u00e9 cerca de 5 a 7 dias depois. Durante este per\u00edodo, \u00e9 recomend\u00e1vel permanecer sob cuidados em casa, evitar contacto pr\u00f3ximo com outras pessoas e cumprir medidas de higiene respirat\u00f3ria para reduzir o risco de transmiss\u00e3o.<\/p>\t\t\t\t\t\t\t\t<\/div>\n\t\t\t\t\t<\/div>\n\t\t\t\t<\/div>\n\t\t\t\t<\/div>\n\t\t\t\t\t<\/details>\n\t\t\t\t\t<\/div>\n\t\t\t\t\t<script type=\"application\/ld+json\">{\"@context\":\"https:\\\/\\\/schema.org\",\"@type\":\"FAQPage\",\"mainEntity\":[{\"@type\":\"Question\",\"name\":\"Quanto tempo dura a gripe?\",\"acceptedAnswer\":{\"@type\":\"Answer\",\"text\":\"Na maioria das pessoas, a gripe dura entre 5 e 7 dias. O cansa\\u00e7o pode persistir por mais alguns dias ap\\u00f3s o desaparecimento da febre, refor\\u00e7ando a import\\u00e2ncia dos cuidados em casa.\"}},{\"@type\":\"Question\",\"name\":\"Devo tomar antivirais?\",\"acceptedAnswer\":{\"@type\":\"Answer\",\"text\":\"A decis\\u00e3o deve ser tomada pelo m\\u00e9dico. Antivirais podem ser indicados em grupos de risco ou em casos de gripe confirmada com maior gravidade.\"}},{\"@type\":\"Question\",\"name\":\"A autodeclara\\u00e7\\u00e3o d\\u00e1 direito a subs\\u00eddio de doen\\u00e7a?\",\"acceptedAnswer\":{\"@type\":\"Answer\",\"text\":\"N\\u00e3o. A autodeclara\\u00e7\\u00e3o apenas justifica a aus\\u00eancia ao trabalho. Para ter direito ao subs\\u00eddio de doen\\u00e7a \\u00e9 necess\\u00e1rio um CIT emitido por um m\\u00e9dico.\"}},{\"@type\":\"Question\",\"name\":\"Posso trabalhar remotamente enquanto estou com gripe?\",\"acceptedAnswer\":{\"@type\":\"Answer\",\"text\":\"Depende do estado de sa\\u00fade e das regras da empresa. Mesmo em teletrabalho, o repouso e cuidados em casa s\\u00e3o essenciais para uma recupera\\u00e7\\u00e3o adequada. Fale com o m\\u00e9dico e com o empregador para definir a melhor op\\u00e7\\u00e3o.\"}},{\"@type\":\"Question\",\"name\":\"A gripe \\u00e9 contagiosa durante quantos dias?\",\"acceptedAnswer\":{\"@type\":\"Answer\",\"text\":\"Sim. A gripe \\u00e9 altamente contagiosa desde 1 dia antes do in\\u00edcio dos sintomas at\\u00e9 cerca de 5 a 7 dias depois. Durante este per\\u00edodo, \\u00e9 recomend\\u00e1vel permanecer sob cuidados em casa, evitar contacto pr\\u00f3ximo com outras pessoas e cumprir medidas de higiene respirat\\u00f3ria para reduzir o risco de transmiss\\u00e3o.\"}}]}<\/script>\n\t\t\t\t\t\t\t<\/div>\n\t\t\t\t<\/div>\n\t\t\t\t<\/div>\n\t\t<div class=\"elementor-element elementor-element-9071451 e-flex e-con-boxed e-con e-parent\" data-id=\"9071451\" data-element_type=\"container\" data-e-type=\"container\">\n\t\t\t\t\t<div class=\"e-con-inner\">\n\t\t\t\t<div class=\"elementor-element elementor-element-011c245 elementor-widget elementor-widget-heading\" data-id=\"011c245\" data-element_type=\"widget\" data-e-type=\"widget\" data-widget_type=\"heading.default\">\n\t\t\t\t\t<h2 class=\"elementor-heading-title elementor-size-default\">Conclus\u00e3o<\/h2>\t\t\t\t<\/div>\n\t\t\t\t<div class=\"elementor-element elementor-element-e38943a elementor-widget elementor-widget-text-editor\" data-id=\"e38943a\" data-element_type=\"widget\" data-e-type=\"widget\" data-widget_type=\"text-editor.default\">\n\t\t\t\t\t\t\t\t\t<p>A <strong data-start=\"4978\" data-end=\"5027\">gripe, os cuidados em casa e a autodeclara\u00e7\u00e3o<\/strong> est\u00e3o intimamente ligados na gest\u00e3o de quadros ligeiros da doen\u00e7a. Repouso, hidrata\u00e7\u00e3o e tratamento sintom\u00e1tico s\u00e3o suficientes na maioria dos casos. Saber reconhecer sinais de alarme e utilizar a autodeclara\u00e7\u00e3o para justificar aus\u00eancias curtas facilita a recupera\u00e7\u00e3o e evita sobrecarregar os servi\u00e7os de sa\u00fade. Em caso de d\u00favida, contacte a Linha SNS 24 ou o seu m\u00e9dico.<\/p><p>Na\u00a0<strong data-start=\"151\" data-end=\"168\">M\u00e9dico na Net<\/strong>, \u00e9 poss\u00edvel agendar uma\u00a0<a href=\"https:\/\/staging.mediconanet.pt\/produto\/covid-19\/\"><strong data-start=\"193\" data-end=\"260\">consulta m\u00e9dica online para avalia\u00e7\u00e3o de sintomas respirat\u00f3rios<\/strong><\/a>, ajudando a esclarecer situa\u00e7\u00f5es de\u00a0constipa\u00e7\u00e3o, gripe ou Covid<strong data-start=\"297\" data-end=\"318\">,<\/strong>\u00a0incluindo suspeitas de gripe A (H1N1), gripe sazonal ou Covid-19. Atrav\u00e9s do acompanhamento m\u00e9dico \u00e0 dist\u00e2ncia, o profissional analisa os sintomas, o historial cl\u00ednico e os factores de risco, esclarece d\u00favidas e orienta os cuidados adequados, de forma segura, confidencial e sem necessidade de desloca\u00e7\u00e3o.<\/p>\t\t\t\t\t\t\t\t<\/div>\n\t\t\t\t<div class=\"elementor-element elementor-element-da6ca29 elementor-widget elementor-widget-heading\" data-id=\"da6ca29\" data-element_type=\"widget\" data-e-type=\"widget\" data-widget_type=\"heading.default\">\n\t\t\t\t\t<h2 class=\"elementor-heading-title elementor-size-default\">Fontes<\/h2>\t\t\t\t<\/div>\n\t\t\t\t<div class=\"elementor-element elementor-element-37755a4 elementor-widget elementor-widget-text-editor\" data-id=\"37755a4\" data-element_type=\"widget\" data-e-type=\"widget\" data-widget_type=\"text-editor.default\">\n\t\t\t\t\t\t\t\t\t<p><a href=\"https:\/\/www.ovarnews.pt\/gripe-a-quando-ficar-em-casa-e-quando-procurar-cuidados-de-saude-por-dr-eurico-silva\/\" rel=\"dofollow noopener\" target=\"_blank\">OvarNews \u2013 <em data-start=\"5424\" data-end=\"5514\">Gripe A: quando ficar em casa e quando procurar cuidados de sa\u00fade \u2013 Por Dr. Eurico Silva<\/em>.<\/a><br \/><a href=\"https:\/\/www.mdpi.com\/2076-2607\/13\/8\/1836\" rel=\"nofollow noopener\" target=\"_blank\">Microorganisms \u2013 \u201cInfluenza A vs. COVID\u201119: A Retrospective Comparison of Hospitalized Patients in a Post\u2011Pandemic Setting\u201d<\/a><br \/><a href=\"https:\/\/www.mdpi.com\/1999-4915\/17\/12\/1545\" rel=\"nofollow noopener\" target=\"_blank\">Viruses \u2013 \u201cComparative Clinical Outcomes of Major Respiratory Viruses in Hospitalized Adults During the Post\u2011Pandemic Period\u201d<\/a><br \/><a href=\"https:\/\/www.actamedicaportuguesa.com\/revista\/index.php\/amp\/article\/view\/19566\" rel=\"nofollow noopener\" target=\"_blank\">Acta M\u00e9dica Portuguesa \u2013 \u201cLong COVID Symptoms in Non\u2011Hospitalised Patients: A Retrospective Study\u201d<\/a><\/p>\t\t\t\t\t\t\t\t<\/div>\n\t\t\t\t\t<\/div>\n\t\t\t\t<\/div>\n\t\t\t\t<\/div>\n\t\t","protected":false},"excerpt":{"rendered":"<p>A gripe \u00e9 uma infec\u00e7\u00e3o viral que afecta milhares de pessoas todos os anos. Na maioria dos casos, adultos saud\u00e1veis recuperam com repouso e cuidados em casa. No entanto, \u00e9 fundamental saber como lidar com a gripe em casa, quando procurar ajuda m\u00e9dica e de que forma justificar aus\u00eancias ao trabalho sem sair de casa.\u00a0Este [&hellip;]<\/p>\n","protected":false},"author":2964,"featured_media":54865,"comment_status":"closed","ping_status":"closed","sticky":false,"template":"","format":"standard","meta":{"_jetpack_memberships_contains_paid_content":false,"footnotes":""},"categories":[62],"tags":[],"class_list":["post-54846","post","type-post","status-publish","format-standard","has-post-thumbnail","hentry","category-cuidados-gerais-saude"],"jetpack_featured_media_url":"https:\/\/staging.mediconanet.pt\/wp-content\/uploads\/2026\/02\/gripe-cuidados-em-casa-e-autodeclaracao.jpg","jetpack_sharing_enabled":true,"_links":{"self":[{"href":"https:\/\/staging.mediconanet.pt\/en\/wp-json\/wp\/v2\/posts\/54846","targetHints":{"allow":["GET"]}}],"collection":[{"href":"https:\/\/staging.mediconanet.pt\/en\/wp-json\/wp\/v2\/posts"}],"about":[{"href":"https:\/\/staging.mediconanet.pt\/en\/wp-json\/wp\/v2\/types\/post"}],"author":[{"embeddable":true,"href":"https:\/\/staging.mediconanet.pt\/en\/wp-json\/wp\/v2\/users\/2964"}],"replies":[{"embeddable":true,"href":"https:\/\/staging.mediconanet.pt\/en\/wp-json\/wp\/v2\/comments?post=54846"}],"version-history":[{"count":25,"href":"https:\/\/staging.mediconanet.pt\/en\/wp-json\/wp\/v2\/posts\/54846\/revisions"}],"predecessor-version":[{"id":54878,"href":"https:\/\/staging.mediconanet.pt\/en\/wp-json\/wp\/v2\/posts\/54846\/revisions\/54878"}],"wp:featuredmedia":[{"embeddable":true,"href":"https:\/\/staging.mediconanet.pt\/en\/wp-json\/wp\/v2\/media\/54865"}],"wp:attachment":[{"href":"https:\/\/staging.mediconanet.pt\/en\/wp-json\/wp\/v2\/media?parent=54846"}],"wp:term":[{"taxonomy":"category","embeddable":true,"href":"https:\/\/staging.mediconanet.pt\/en\/wp-json\/wp\/v2\/categories?post=54846"},{"taxonomy":"post_tag","embeddable":true,"href":"https:\/\/staging.mediconanet.pt\/en\/wp-json\/wp\/v2\/tags?post=54846"}],"curies":[{"name":"wp","href":"https:\/\/api.w.org\/{rel}","templated":true}]}}