{"id":54458,"date":"2026-02-09T16:08:07","date_gmt":"2026-02-09T16:08:07","guid":{"rendered":"https:\/\/www.mediconanet.pt\/?p=54458"},"modified":"2026-02-11T17:23:36","modified_gmt":"2026-02-11T17:23:36","slug":"prevencao-de-infeccoes-respiratorias","status":"publish","type":"post","link":"https:\/\/staging.mediconanet.pt\/en\/prevencao-de-infeccoes-respiratorias\/","title":{"rendered":"Como prevenir infec\u00e7\u00f5es respirat\u00f3rias: estrat\u00e9gias contra gripe, gripe A e Covid\u201119"},"content":{"rendered":"\t\t<div data-elementor-type=\"wp-post\" data-elementor-id=\"54458\" class=\"elementor elementor-54458\" data-elementor-post-type=\"post\">\n\t\t\t\t<div class=\"elementor-element elementor-element-23bbb64 e-flex e-con-boxed e-con e-parent\" data-id=\"23bbb64\" data-element_type=\"container\" data-e-type=\"container\">\n\t\t\t\t\t<div class=\"e-con-inner\">\n\t\t\t\t<div class=\"elementor-element elementor-element-9ae7976 elementor-widget elementor-widget-text-editor\" data-id=\"9ae7976\" data-element_type=\"widget\" data-e-type=\"widget\" data-widget_type=\"text-editor.default\">\n\t\t\t\t\t\t\t\t\t<p data-start=\"395\" data-end=\"768\">As infec\u00e7\u00f5es respirat\u00f3rias, como a gripe sazonal, a gripe A (H1N1) e a Covid-19, propagam-se facilmente e podem causar doen\u00e7a grave em grupos vulner\u00e1veis. A <strong data-start=\"552\" data-end=\"592\">preven\u00e7\u00e3o de infec\u00e7\u00f5es respirat\u00f3rias<\/strong> \u00e9 essencial para reduzir a transmiss\u00e3o e proteger a sa\u00fade individual e colectiva. Este artigo re\u00fane recomenda\u00e7\u00f5es baseadas em evid\u00eancia cient\u00edfica para evitar estas infec\u00e7\u00f5es.<\/p>\t\t\t\t\t\t\t\t<\/div>\n\t\t\t\t<div class=\"elementor-element elementor-element-74ad15a elementor-widget elementor-widget-heading\" data-id=\"74ad15a\" data-element_type=\"widget\" data-e-type=\"widget\" data-widget_type=\"heading.default\">\n\t\t\t\t\t<h2 class=\"elementor-heading-title elementor-size-default\">Vacina\u00e7\u00e3o: a primeira linha de defesa<\/h2>\t\t\t\t<\/div>\n\t\t\t\t<div class=\"elementor-element elementor-element-d231c3d elementor-widget elementor-widget-heading\" data-id=\"d231c3d\" data-element_type=\"widget\" data-e-type=\"widget\" data-widget_type=\"heading.default\">\n\t\t\t\t\t<h3 class=\"elementor-heading-title elementor-size-default\">Vacina da gripe<\/h3>\t\t\t\t<\/div>\n\t\t\t\t<div class=\"elementor-element elementor-element-336c47e elementor-widget elementor-widget-text-editor\" data-id=\"336c47e\" data-element_type=\"widget\" data-e-type=\"widget\" data-widget_type=\"text-editor.default\">\n\t\t\t\t\t\t\t\t\t<p>A vacina\u00e7\u00e3o anual contra a gripe \u00e9 uma das formas mais eficazes de <strong data-start=\"908\" data-end=\"948\">preven\u00e7\u00e3o de infec\u00e7\u00f5es respirat\u00f3rias<\/strong>. A vacina sazonal \u00e9 actualizada todos os anos para incluir as estirpes mais circulantes, incluindo o H1N1. Gr\u00e1vidas, idosos, pessoas com doen\u00e7as cr\u00f3nicas e profissionais de sa\u00fade s\u00e3o priorit\u00e1rios. Mesmo quem n\u00e3o faz parte de grupos de risco beneficia da imuniza\u00e7\u00e3o, contribuindo para reduzir a circula\u00e7\u00e3o do v\u00edrus.<\/p>\t\t\t\t\t\t\t\t<\/div>\n\t\t\t\t<div class=\"elementor-element elementor-element-86e0d45 elementor-widget elementor-widget-heading\" data-id=\"86e0d45\" data-element_type=\"widget\" data-e-type=\"widget\" data-widget_type=\"heading.default\">\n\t\t\t\t\t<h3 class=\"elementor-heading-title elementor-size-default\">Vacina contra a Covid-19<\/h3>\t\t\t\t<\/div>\n\t\t\t\t<div class=\"elementor-element elementor-element-fd93e65 elementor-widget elementor-widget-text-editor\" data-id=\"fd93e65\" data-element_type=\"widget\" data-e-type=\"widget\" data-widget_type=\"text-editor.default\">\n\t\t\t\t\t\t\t\t\t<p>As vacinas contra a Covid-19 continuam a ser essenciais para diminuir a gravidade da doen\u00e7a e a mortalidade. Manter o esquema vacinal actualizado \u00e9 uma medida central na <strong data-start=\"1467\" data-end=\"1507\">preven\u00e7\u00e3o de infec\u00e7\u00f5es respirat\u00f3rias<\/strong>, sobretudo em contextos de maior exposi\u00e7\u00e3o.<\/p>\t\t\t\t\t\t\t\t<\/div>\n\t\t\t\t<div class=\"elementor-element elementor-element-933b6aa elementor-widget elementor-widget-heading\" data-id=\"933b6aa\" data-element_type=\"widget\" data-e-type=\"widget\" data-widget_type=\"heading.default\">\n\t\t\t\t\t<h2 class=\"elementor-heading-title elementor-size-default\">Medidas de higiene e etiqueta respirat\u00f3ria<\/h2>\t\t\t\t<\/div>\n\t\t\t\t<div class=\"elementor-element elementor-element-10ec700 elementor-widget elementor-widget-heading\" data-id=\"10ec700\" data-element_type=\"widget\" data-e-type=\"widget\" data-widget_type=\"heading.default\">\n\t\t\t\t\t<h3 class=\"elementor-heading-title elementor-size-default\">Lavar as m\u00e3os<\/h3>\t\t\t\t<\/div>\n\t\t\t\t<div class=\"elementor-element elementor-element-cf1f925 elementor-widget elementor-widget-text-editor\" data-id=\"cf1f925\" data-element_type=\"widget\" data-e-type=\"widget\" data-widget_type=\"text-editor.default\">\n\t\t\t\t\t\t\t\t\t<p>Lavar as m\u00e3os regularmente com \u00e1gua e sab\u00e3o ou usar desinfectante de m\u00e3os elimina part\u00edculas virais e reduz a transmiss\u00e3o. Esta pr\u00e1tica simples continua a ser uma das estrat\u00e9gias mais eficazes na <strong data-start=\"1823\" data-end=\"1863\">preven\u00e7\u00e3o de infec\u00e7\u00f5es respirat\u00f3rias<\/strong>.<\/p>\t\t\t\t\t\t\t\t<\/div>\n\t\t\t\t<div class=\"elementor-element elementor-element-8eb497d elementor-widget elementor-widget-heading\" data-id=\"8eb497d\" data-element_type=\"widget\" data-e-type=\"widget\" data-widget_type=\"heading.default\">\n\t\t\t\t\t<h3 class=\"elementor-heading-title elementor-size-default\">Cobrir a boca e o nariz<\/h3>\t\t\t\t<\/div>\n\t\t\t\t<div class=\"elementor-element elementor-element-013207b elementor-widget elementor-widget-text-editor\" data-id=\"013207b\" data-element_type=\"widget\" data-e-type=\"widget\" data-widget_type=\"text-editor.default\">\n\t\t\t\t\t\t\t\t\t<p>Ao tossir ou espirrar, cubra a boca e o nariz com um len\u00e7o descart\u00e1vel ou com o antebra\u00e7o. Esta etiqueta respirat\u00f3ria reduz a liberta\u00e7\u00e3o de got\u00edculas contaminadas no ar e nas superf\u00edcies.<\/p>\t\t\t\t\t\t\t\t<\/div>\n\t\t\t\t<div class=\"elementor-element elementor-element-cc3dfe1 elementor-widget elementor-widget-heading\" data-id=\"cc3dfe1\" data-element_type=\"widget\" data-e-type=\"widget\" data-widget_type=\"heading.default\">\n\t\t\t\t\t<h3 class=\"elementor-heading-title elementor-size-default\">Evitar contacto pr\u00f3ximo<\/h3>\t\t\t\t<\/div>\n\t\t\t\t<div class=\"elementor-element elementor-element-036a323 elementor-widget elementor-widget-text-editor\" data-id=\"036a323\" data-element_type=\"widget\" data-e-type=\"widget\" data-widget_type=\"text-editor.default\">\n\t\t\t\t\t\t\t\t\t<p>Evite contacto pr\u00f3ximo com pessoas doentes e permane\u00e7a em casa quando apresentar sintomas. O distanciamento f\u00edsico, especialmente em espa\u00e7os fechados, \u00e9 uma medida importante de <strong data-start=\"2295\" data-end=\"2335\">preven\u00e7\u00e3o de infec\u00e7\u00f5es respirat\u00f3rias<\/strong>.<\/p>\t\t\t\t\t\t\t\t<\/div>\n\t\t\t\t<div class=\"elementor-element elementor-element-ee7eaac elementor-widget elementor-widget-heading\" data-id=\"ee7eaac\" data-element_type=\"widget\" data-e-type=\"widget\" data-widget_type=\"heading.default\">\n\t\t\t\t\t<h3 class=\"elementor-heading-title elementor-size-default\">Uso de m\u00e1scara<\/h3>\t\t\t\t<\/div>\n\t\t\t\t<div class=\"elementor-element elementor-element-60a5460 elementor-widget elementor-widget-text-editor\" data-id=\"60a5460\" data-element_type=\"widget\" data-e-type=\"widget\" data-widget_type=\"text-editor.default\">\n\t\t\t\t\t\t\t\t\t<p>Durante surtos ou em ambientes de maior risco, como transportes p\u00fablicos e unidades de sa\u00fade, o uso de m\u00e1scara ajuda a reduzir a transmiss\u00e3o de v\u00edrus respirat\u00f3rios.<\/p>\t\t\t\t\t\t\t\t<\/div>\n\t\t\t\t<div class=\"elementor-element elementor-element-eedabd9 elementor-widget elementor-widget-image\" data-id=\"eedabd9\" data-element_type=\"widget\" data-e-type=\"widget\" data-widget_type=\"image.default\">\n\t\t\t\t\t\t\t\t\t\t\t\t\t\t\t<img fetchpriority=\"high\" decoding=\"async\" width=\"800\" height=\"448\" src=\"https:\/\/staging.mediconanet.pt\/wp-content\/uploads\/2026\/02\/como-prevenir-infeccoes-respiratorias-consulta-online-1024x573.jpg\" class=\"attachment-large size-large wp-image-54483\" alt=\"Consulta m\u00e9dica online para aconselhamento sobre preven\u00e7\u00e3o de infec\u00e7\u00f5es respirat\u00f3rias como gripe e Covid-19\" srcset=\"https:\/\/staging.mediconanet.pt\/wp-content\/uploads\/2026\/02\/como-prevenir-infeccoes-respiratorias-consulta-online-1024x573.jpg 1024w, https:\/\/staging.mediconanet.pt\/wp-content\/uploads\/2026\/02\/como-prevenir-infeccoes-respiratorias-consulta-online-300x168.jpg 300w, https:\/\/staging.mediconanet.pt\/wp-content\/uploads\/2026\/02\/como-prevenir-infeccoes-respiratorias-consulta-online-768x430.jpg 768w, https:\/\/staging.mediconanet.pt\/wp-content\/uploads\/2026\/02\/como-prevenir-infeccoes-respiratorias-consulta-online-1536x860.jpg 1536w, https:\/\/staging.mediconanet.pt\/wp-content\/uploads\/2026\/02\/como-prevenir-infeccoes-respiratorias-consulta-online-18x10.jpg 18w, https:\/\/staging.mediconanet.pt\/wp-content\/uploads\/2026\/02\/como-prevenir-infeccoes-respiratorias-consulta-online-600x336.jpg 600w, https:\/\/staging.mediconanet.pt\/wp-content\/uploads\/2026\/02\/como-prevenir-infeccoes-respiratorias-consulta-online.jpg 1600w\" sizes=\"(max-width: 800px) 100vw, 800px\" \/>\t\t\t\t\t\t\t\t\t\t\t\t\t\t\t<\/div>\n\t\t\t\t<div class=\"elementor-element elementor-element-05b06ad elementor-widget elementor-widget-heading\" data-id=\"05b06ad\" data-element_type=\"widget\" data-e-type=\"widget\" data-widget_type=\"heading.default\">\n\t\t\t\t\t<h2 class=\"elementor-heading-title elementor-size-default\">Estilos de vida saud\u00e1veis<\/h2>\t\t\t\t<\/div>\n\t\t\t\t<div class=\"elementor-element elementor-element-5b2e74f elementor-widget elementor-widget-heading\" data-id=\"5b2e74f\" data-element_type=\"widget\" data-e-type=\"widget\" data-widget_type=\"heading.default\">\n\t\t\t\t\t<h3 class=\"elementor-heading-title elementor-size-default\">Alimenta\u00e7\u00e3o equilibrada<\/h3>\t\t\t\t<\/div>\n\t\t\t\t<div class=\"elementor-element elementor-element-539806e elementor-widget elementor-widget-text-editor\" data-id=\"539806e\" data-element_type=\"widget\" data-e-type=\"widget\" data-widget_type=\"text-editor.default\">\n\t\t\t\t\t\t\t\t\t<p>Uma dieta equilibrada fortalece o sistema imunit\u00e1rio e apoia a <strong data-start=\"2656\" data-end=\"2696\">preven\u00e7\u00e3o de infec\u00e7\u00f5es respirat\u00f3rias<\/strong>. Frutas, vegetais, prote\u00ednas magras e gorduras saud\u00e1veis fornecem nutrientes essenciais para a resposta imune.<\/p>\t\t\t\t\t\t\t\t<\/div>\n\t\t\t\t<div class=\"elementor-element elementor-element-4b5afc1 elementor-widget elementor-widget-heading\" data-id=\"4b5afc1\" data-element_type=\"widget\" data-e-type=\"widget\" data-widget_type=\"heading.default\">\n\t\t\t\t\t<h3 class=\"elementor-heading-title elementor-size-default\">Actividade f\u00edsica regular<\/h3>\t\t\t\t<\/div>\n\t\t\t\t<div class=\"elementor-element elementor-element-75c7390 elementor-widget elementor-widget-text-editor\" data-id=\"75c7390\" data-element_type=\"widget\" data-e-type=\"widget\" data-widget_type=\"text-editor.default\">\n\t\t\t\t\t\t\t\t\t<p>O exerc\u00edcio moderado contribui para um sistema imunit\u00e1rio mais eficiente. Manter actividade f\u00edsica regular faz parte de uma abordagem global de <strong data-start=\"2986\" data-end=\"3026\">preven\u00e7\u00e3o de infec\u00e7\u00f5es respirat\u00f3rias<\/strong>, aliada a h\u00e1bitos de vida saud\u00e1veis.<\/p>\t\t\t\t\t\t\t\t<\/div>\n\t\t\t\t<div class=\"elementor-element elementor-element-518a142 elementor-widget elementor-widget-heading\" data-id=\"518a142\" data-element_type=\"widget\" data-e-type=\"widget\" data-widget_type=\"heading.default\">\n\t\t\t\t\t<h3 class=\"elementor-heading-title elementor-size-default\">Sono e gest\u00e3o do stress<\/h3>\t\t\t\t<\/div>\n\t\t\t\t<div class=\"elementor-element elementor-element-b9e4ef3 elementor-widget elementor-widget-text-editor\" data-id=\"b9e4ef3\" data-element_type=\"widget\" data-e-type=\"widget\" data-widget_type=\"text-editor.default\">\n\t\t\t\t\t\t\t\t\t<p>Dormir adequadamente e controlar o stress ajuda a manter as defesas naturais do organismo. O stress cr\u00f3nico est\u00e1 associado a maior susceptibilidade a infec\u00e7\u00f5es respirat\u00f3rias.<\/p>\t\t\t\t\t\t\t\t<\/div>\n\t\t\t\t\t<\/div>\n\t\t\t\t<\/div>\n\t\t<div class=\"elementor-element elementor-element-4cb5e7f e-con-full e-flex e-con e-parent\" data-id=\"4cb5e7f\" data-element_type=\"container\" data-e-type=\"container\">\n\t\t<div class=\"elementor-element elementor-element-79b49f2 e-con-full e-flex e-con e-child\" data-id=\"79b49f2\" data-element_type=\"container\" data-e-type=\"container\">\n\t\t\t\t<div class=\"elementor-element elementor-element-653f5cf elementor-widget elementor-widget-heading\" data-id=\"653f5cf\" data-element_type=\"widget\" data-e-type=\"widget\" data-widget_type=\"heading.default\">\n\t\t\t\t\t<h2 class=\"elementor-heading-title elementor-size-default\">Perguntas frequentes (FAQ)<\/h2>\t\t\t\t<\/div>\n\t\t\t\t<div class=\"elementor-element elementor-element-2509a47 elementor-widget elementor-widget-n-accordion\" data-id=\"2509a47\" data-element_type=\"widget\" data-e-type=\"widget\" data-settings=\"{&quot;default_state&quot;:&quot;all_collapsed&quot;,&quot;max_items_expended&quot;:&quot;one&quot;,&quot;n_accordion_animation_duration&quot;:{&quot;unit&quot;:&quot;ms&quot;,&quot;size&quot;:400,&quot;sizes&quot;:[]}}\" data-widget_type=\"nested-accordion.default\">\n\t\t\t\t\t\t\t<div class=\"e-n-accordion\" aria-label=\"Accordion. Open links with Enter or Space, close with Escape, and navigate with Arrow Keys\">\n\t\t\t\t\t\t<details id=\"e-n-accordion-item-3880\" class=\"e-n-accordion-item\" >\n\t\t\t\t<summary class=\"e-n-accordion-item-title\" data-accordion-index=\"1\" tabindex=\"0\" aria-expanded=\"false\" aria-controls=\"e-n-accordion-item-3880\" >\n\t\t\t\t\t<span class='e-n-accordion-item-title-header'><div class=\"e-n-accordion-item-title-text\"> Se estiver vacinado, ainda preciso de tomar medidas de higiene? <\/div><\/span>\n\t\t\t\t\t\t\t<span class='e-n-accordion-item-title-icon'>\n\t\t\t<span class='e-opened' ><svg aria-hidden=\"true\" class=\"e-font-icon-svg e-fas-minus\" viewBox=\"0 0 448 512\" xmlns=\"http:\/\/www.w3.org\/2000\/svg\"><path d=\"M416 208H32c-17.67 0-32 14.33-32 32v32c0 17.67 14.33 32 32 32h384c17.67 0 32-14.33 32-32v-32c0-17.67-14.33-32-32-32z\"><\/path><\/svg><\/span>\n\t\t\t<span class='e-closed'><svg aria-hidden=\"true\" class=\"e-font-icon-svg e-fas-plus\" viewBox=\"0 0 448 512\" xmlns=\"http:\/\/www.w3.org\/2000\/svg\"><path d=\"M416 208H272V64c0-17.67-14.33-32-32-32h-32c-17.67 0-32 14.33-32 32v144H32c-17.67 0-32 14.33-32 32v32c0 17.67 14.33 32 32 32h144v144c0 17.67 14.33 32 32 32h32c17.67 0 32-14.33 32-32V304h144c17.67 0 32-14.33 32-32v-32c0-17.67-14.33-32-32-32z\"><\/path><\/svg><\/span>\n\t\t<\/span>\n\n\t\t\t\t\t\t<\/summary>\n\t\t\t\t<div role=\"region\" aria-labelledby=\"e-n-accordion-item-3880\" class=\"elementor-element elementor-element-19c26ab e-con-full e-flex e-con e-child\" data-id=\"19c26ab\" data-element_type=\"container\" data-e-type=\"container\">\n\t\t<div role=\"region\" aria-labelledby=\"e-n-accordion-item-3880\" class=\"elementor-element elementor-element-474f2ef e-flex e-con-boxed e-con e-child\" data-id=\"474f2ef\" data-element_type=\"container\" data-e-type=\"container\">\n\t\t\t\t\t<div class=\"e-con-inner\">\n\t\t\t\t<div class=\"elementor-element elementor-element-7001865 elementor-widget elementor-widget-text-editor\" data-id=\"7001865\" data-element_type=\"widget\" data-e-type=\"widget\" data-widget_type=\"text-editor.default\">\n\t\t\t\t\t\t\t\t\t<p>Sim. A vacina\u00e7\u00e3o reduz a gravidade da doen\u00e7a, mas n\u00e3o elimina totalmente o risco. A <strong data-start=\"3457\" data-end=\"3497\">preven\u00e7\u00e3o de infec\u00e7\u00f5es respirat\u00f3rias<\/strong> depende da combina\u00e7\u00e3o de vacina\u00e7\u00e3o e medidas de higiene.<\/p>\t\t\t\t\t\t\t\t<\/div>\n\t\t\t\t\t<\/div>\n\t\t\t\t<\/div>\n\t\t\t\t<\/div>\n\t\t\t\t\t<\/details>\n\t\t\t\t\t\t<details id=\"e-n-accordion-item-3881\" class=\"e-n-accordion-item\" >\n\t\t\t\t<summary class=\"e-n-accordion-item-title\" data-accordion-index=\"2\" tabindex=\"-1\" aria-expanded=\"false\" aria-controls=\"e-n-accordion-item-3881\" >\n\t\t\t\t\t<span class='e-n-accordion-item-title-header'><div class=\"e-n-accordion-item-title-text\"> A vacina da gripe protege contra a Covid-19? <\/div><\/span>\n\t\t\t\t\t\t\t<span class='e-n-accordion-item-title-icon'>\n\t\t\t<span class='e-opened' ><svg aria-hidden=\"true\" class=\"e-font-icon-svg e-fas-minus\" viewBox=\"0 0 448 512\" xmlns=\"http:\/\/www.w3.org\/2000\/svg\"><path d=\"M416 208H32c-17.67 0-32 14.33-32 32v32c0 17.67 14.33 32 32 32h384c17.67 0 32-14.33 32-32v-32c0-17.67-14.33-32-32-32z\"><\/path><\/svg><\/span>\n\t\t\t<span class='e-closed'><svg aria-hidden=\"true\" class=\"e-font-icon-svg e-fas-plus\" viewBox=\"0 0 448 512\" xmlns=\"http:\/\/www.w3.org\/2000\/svg\"><path d=\"M416 208H272V64c0-17.67-14.33-32-32-32h-32c-17.67 0-32 14.33-32 32v144H32c-17.67 0-32 14.33-32 32v32c0 17.67 14.33 32 32 32h144v144c0 17.67 14.33 32 32 32h32c17.67 0 32-14.33 32-32V304h144c17.67 0 32-14.33 32-32v-32c0-17.67-14.33-32-32-32z\"><\/path><\/svg><\/span>\n\t\t<\/span>\n\n\t\t\t\t\t\t<\/summary>\n\t\t\t\t<div role=\"region\" aria-labelledby=\"e-n-accordion-item-3881\" class=\"elementor-element elementor-element-7e73d49 e-con-full e-flex e-con e-child\" data-id=\"7e73d49\" data-element_type=\"container\" data-e-type=\"container\">\n\t\t<div role=\"region\" aria-labelledby=\"e-n-accordion-item-3881\" class=\"elementor-element elementor-element-efcbdfc e-flex e-con-boxed e-con e-child\" data-id=\"efcbdfc\" data-element_type=\"container\" data-e-type=\"container\">\n\t\t\t\t\t<div class=\"e-con-inner\">\n\t\t\t\t<div class=\"elementor-element elementor-element-7c80c63 elementor-widget elementor-widget-text-editor\" data-id=\"7c80c63\" data-element_type=\"widget\" data-e-type=\"widget\" data-widget_type=\"text-editor.default\">\n\t\t\t\t\t\t\t\t\t<p>N\u00e3o. S\u00e3o v\u00edrus diferentes. Para uma protec\u00e7\u00e3o eficaz, \u00e9 necess\u00e1rio vacinar-se contra ambos.<\/p>\t\t\t\t\t\t\t\t<\/div>\n\t\t\t\t\t<\/div>\n\t\t\t\t<\/div>\n\t\t\t\t<\/div>\n\t\t\t\t\t<\/details>\n\t\t\t\t\t\t<details id=\"e-n-accordion-item-3882\" class=\"e-n-accordion-item\" >\n\t\t\t\t<summary class=\"e-n-accordion-item-title\" data-accordion-index=\"3\" tabindex=\"-1\" aria-expanded=\"false\" aria-controls=\"e-n-accordion-item-3882\" >\n\t\t\t\t\t<span class='e-n-accordion-item-title-header'><div class=\"e-n-accordion-item-title-text\"> \u00c9 \u00fatil tomar suplementos vitam\u00ednicos para prevenir gripes? <\/div><\/span>\n\t\t\t\t\t\t\t<span class='e-n-accordion-item-title-icon'>\n\t\t\t<span class='e-opened' ><svg aria-hidden=\"true\" class=\"e-font-icon-svg e-fas-minus\" viewBox=\"0 0 448 512\" xmlns=\"http:\/\/www.w3.org\/2000\/svg\"><path d=\"M416 208H32c-17.67 0-32 14.33-32 32v32c0 17.67 14.33 32 32 32h384c17.67 0 32-14.33 32-32v-32c0-17.67-14.33-32-32-32z\"><\/path><\/svg><\/span>\n\t\t\t<span class='e-closed'><svg aria-hidden=\"true\" class=\"e-font-icon-svg e-fas-plus\" viewBox=\"0 0 448 512\" xmlns=\"http:\/\/www.w3.org\/2000\/svg\"><path d=\"M416 208H272V64c0-17.67-14.33-32-32-32h-32c-17.67 0-32 14.33-32 32v144H32c-17.67 0-32 14.33-32 32v32c0 17.67 14.33 32 32 32h144v144c0 17.67 14.33 32 32 32h32c17.67 0 32-14.33 32-32V304h144c17.67 0 32-14.33 32-32v-32c0-17.67-14.33-32-32-32z\"><\/path><\/svg><\/span>\n\t\t<\/span>\n\n\t\t\t\t\t\t<\/summary>\n\t\t\t\t<div role=\"region\" aria-labelledby=\"e-n-accordion-item-3882\" class=\"elementor-element elementor-element-8c04d2f e-con-full e-flex e-con e-child\" data-id=\"8c04d2f\" data-element_type=\"container\" data-e-type=\"container\">\n\t\t<div role=\"region\" aria-labelledby=\"e-n-accordion-item-3882\" class=\"elementor-element elementor-element-7efa231 e-flex e-con-boxed e-con e-child\" data-id=\"7efa231\" data-element_type=\"container\" data-e-type=\"container\">\n\t\t\t\t\t<div class=\"e-con-inner\">\n\t\t\t\t<div class=\"elementor-element elementor-element-28d1f7b elementor-widget elementor-widget-text-editor\" data-id=\"28d1f7b\" data-element_type=\"widget\" data-e-type=\"widget\" data-widget_type=\"text-editor.default\">\n\t\t\t\t\t\t\t\t\t<p>Uma alimenta\u00e7\u00e3o equilibrada \u00e9 geralmente suficiente. Suplementos devem ser usados apenas com indica\u00e7\u00e3o m\u00e9dica.<\/p>\t\t\t\t\t\t\t\t<\/div>\n\t\t\t\t\t<\/div>\n\t\t\t\t<\/div>\n\t\t\t\t<\/div>\n\t\t\t\t\t<\/details>\n\t\t\t\t\t\t<details id=\"e-n-accordion-item-3883\" class=\"e-n-accordion-item\" >\n\t\t\t\t<summary class=\"e-n-accordion-item-title\" data-accordion-index=\"4\" tabindex=\"-1\" aria-expanded=\"false\" aria-controls=\"e-n-accordion-item-3883\" >\n\t\t\t\t\t<span class='e-n-accordion-item-title-header'><div class=\"e-n-accordion-item-title-text\"> Posso ir trabalhar com sintomas ligeiros de constipa\u00e7\u00e3o? <\/div><\/span>\n\t\t\t\t\t\t\t<span class='e-n-accordion-item-title-icon'>\n\t\t\t<span class='e-opened' ><svg aria-hidden=\"true\" class=\"e-font-icon-svg e-fas-minus\" viewBox=\"0 0 448 512\" xmlns=\"http:\/\/www.w3.org\/2000\/svg\"><path d=\"M416 208H32c-17.67 0-32 14.33-32 32v32c0 17.67 14.33 32 32 32h384c17.67 0 32-14.33 32-32v-32c0-17.67-14.33-32-32-32z\"><\/path><\/svg><\/span>\n\t\t\t<span class='e-closed'><svg aria-hidden=\"true\" class=\"e-font-icon-svg e-fas-plus\" viewBox=\"0 0 448 512\" xmlns=\"http:\/\/www.w3.org\/2000\/svg\"><path d=\"M416 208H272V64c0-17.67-14.33-32-32-32h-32c-17.67 0-32 14.33-32 32v144H32c-17.67 0-32 14.33-32 32v32c0 17.67 14.33 32 32 32h144v144c0 17.67 14.33 32 32 32h32c17.67 0 32-14.33 32-32V304h144c17.67 0 32-14.33 32-32v-32c0-17.67-14.33-32-32-32z\"><\/path><\/svg><\/span>\n\t\t<\/span>\n\n\t\t\t\t\t\t<\/summary>\n\t\t\t\t<div role=\"region\" aria-labelledby=\"e-n-accordion-item-3883\" class=\"elementor-element elementor-element-5d731c1 e-con-full e-flex e-con e-child\" data-id=\"5d731c1\" data-element_type=\"container\" data-e-type=\"container\">\n\t\t<div role=\"region\" aria-labelledby=\"e-n-accordion-item-3883\" class=\"elementor-element elementor-element-d563774 e-flex e-con-boxed e-con e-child\" data-id=\"d563774\" data-element_type=\"container\" data-e-type=\"container\">\n\t\t\t\t\t<div class=\"e-con-inner\">\n\t\t\t\t<div class=\"elementor-element elementor-element-c4ca9e9 elementor-widget elementor-widget-text-editor\" data-id=\"c4ca9e9\" data-element_type=\"widget\" data-e-type=\"widget\" data-widget_type=\"text-editor.default\">\n\t\t\t\t\t\t\t\t\t<p data-start=\"3877\" data-end=\"4034\">O mais seguro \u00e9 permanecer em casa at\u00e9 melhorar, reduzindo o risco de transmiss\u00e3o a terceiros.<\/p><p data-start=\"4036\" data-end=\"4218\">\u00a0<\/p>\t\t\t\t\t\t\t\t<\/div>\n\t\t\t\t\t<\/div>\n\t\t\t\t<\/div>\n\t\t\t\t<\/div>\n\t\t\t\t\t<\/details>\n\t\t\t\t\t\t<details id=\"e-n-accordion-item-3884\" class=\"e-n-accordion-item\" >\n\t\t\t\t<summary class=\"e-n-accordion-item-title\" data-accordion-index=\"5\" tabindex=\"-1\" aria-expanded=\"false\" aria-controls=\"e-n-accordion-item-3884\" >\n\t\t\t\t\t<span class='e-n-accordion-item-title-header'><div class=\"e-n-accordion-item-title-text\"> As crian\u00e7as devem usar m\u00e1scara? <\/div><\/span>\n\t\t\t\t\t\t\t<span class='e-n-accordion-item-title-icon'>\n\t\t\t<span class='e-opened' ><svg aria-hidden=\"true\" class=\"e-font-icon-svg e-fas-minus\" viewBox=\"0 0 448 512\" xmlns=\"http:\/\/www.w3.org\/2000\/svg\"><path d=\"M416 208H32c-17.67 0-32 14.33-32 32v32c0 17.67 14.33 32 32 32h384c17.67 0 32-14.33 32-32v-32c0-17.67-14.33-32-32-32z\"><\/path><\/svg><\/span>\n\t\t\t<span class='e-closed'><svg aria-hidden=\"true\" class=\"e-font-icon-svg e-fas-plus\" viewBox=\"0 0 448 512\" xmlns=\"http:\/\/www.w3.org\/2000\/svg\"><path d=\"M416 208H272V64c0-17.67-14.33-32-32-32h-32c-17.67 0-32 14.33-32 32v144H32c-17.67 0-32 14.33-32 32v32c0 17.67 14.33 32 32 32h144v144c0 17.67 14.33 32 32 32h32c17.67 0 32-14.33 32-32V304h144c17.67 0 32-14.33 32-32v-32c0-17.67-14.33-32-32-32z\"><\/path><\/svg><\/span>\n\t\t<\/span>\n\n\t\t\t\t\t\t<\/summary>\n\t\t\t\t<div role=\"region\" aria-labelledby=\"e-n-accordion-item-3884\" class=\"elementor-element elementor-element-33022a4 e-con-full e-flex e-con e-child\" data-id=\"33022a4\" data-element_type=\"container\" data-e-type=\"container\">\n\t\t<div role=\"region\" aria-labelledby=\"e-n-accordion-item-3884\" class=\"elementor-element elementor-element-04b67de e-flex e-con-boxed e-con e-child\" data-id=\"04b67de\" data-element_type=\"container\" data-e-type=\"container\">\n\t\t\t\t\t<div class=\"e-con-inner\">\n\t\t\t\t<div class=\"elementor-element elementor-element-14aca44 elementor-widget elementor-widget-text-editor\" data-id=\"14aca44\" data-element_type=\"widget\" data-e-type=\"widget\" data-widget_type=\"text-editor.default\">\n\t\t\t\t\t\t\t\t\t<p>Depende da idade e das recomenda\u00e7\u00f5es em vigor. Em ambientes de risco, pode ser uma medida adicional de <strong data-start=\"4177\" data-end=\"4217\">preven\u00e7\u00e3o de infec\u00e7\u00f5es respirat\u00f3rias<\/strong>.<\/p>\t\t\t\t\t\t\t\t<\/div>\n\t\t\t\t\t<\/div>\n\t\t\t\t<\/div>\n\t\t\t\t<\/div>\n\t\t\t\t\t<\/details>\n\t\t\t\t\t<\/div>\n\t\t\t\t\t<script type=\"application\/ld+json\">{\"@context\":\"https:\\\/\\\/schema.org\",\"@type\":\"FAQPage\",\"mainEntity\":[{\"@type\":\"Question\",\"name\":\"Se estiver vacinado, ainda preciso de tomar medidas de higiene?\",\"acceptedAnswer\":{\"@type\":\"Answer\",\"text\":\"Sim. A vacina\\u00e7\\u00e3o reduz a gravidade da doen\\u00e7a, mas n\\u00e3o elimina totalmente o risco. A preven\\u00e7\\u00e3o de infec\\u00e7\\u00f5es respirat\\u00f3rias depende da combina\\u00e7\\u00e3o de vacina\\u00e7\\u00e3o e medidas de higiene.\"}},{\"@type\":\"Question\",\"name\":\"A vacina da gripe protege contra a Covid-19?\",\"acceptedAnswer\":{\"@type\":\"Answer\",\"text\":\"N\\u00e3o. S\\u00e3o v\\u00edrus diferentes. Para uma protec\\u00e7\\u00e3o eficaz, \\u00e9 necess\\u00e1rio vacinar-se contra ambos.\"}},{\"@type\":\"Question\",\"name\":\"\\u00c9 \\u00fatil tomar suplementos vitam\\u00ednicos para prevenir gripes?\",\"acceptedAnswer\":{\"@type\":\"Answer\",\"text\":\"Uma alimenta\\u00e7\\u00e3o equilibrada \\u00e9 geralmente suficiente. Suplementos devem ser usados apenas com indica\\u00e7\\u00e3o m\\u00e9dica.\"}},{\"@type\":\"Question\",\"name\":\"Posso ir trabalhar com sintomas ligeiros de constipa\\u00e7\\u00e3o?\",\"acceptedAnswer\":{\"@type\":\"Answer\",\"text\":\"O mais seguro \\u00e9 permanecer em casa at\\u00e9 melhorar, reduzindo o risco de transmiss\\u00e3o a terceiros.\\u00a0\"}},{\"@type\":\"Question\",\"name\":\"As crian\\u00e7as devem usar m\\u00e1scara?\",\"acceptedAnswer\":{\"@type\":\"Answer\",\"text\":\"Depende da idade e das recomenda\\u00e7\\u00f5es em vigor. Em ambientes de risco, pode ser uma medida adicional de preven\\u00e7\\u00e3o de infec\\u00e7\\u00f5es respirat\\u00f3rias.\"}}]}<\/script>\n\t\t\t\t\t\t\t<\/div>\n\t\t\t\t<\/div>\n\t\t\t\t<\/div>\n\t\t<div class=\"elementor-element elementor-element-c1d61f5 e-flex e-con-boxed e-con e-parent\" data-id=\"c1d61f5\" data-element_type=\"container\" data-e-type=\"container\">\n\t\t\t\t\t<div class=\"e-con-inner\">\n\t\t\t\t<div class=\"elementor-element elementor-element-2863db2 elementor-widget elementor-widget-heading\" data-id=\"2863db2\" data-element_type=\"widget\" data-e-type=\"widget\" data-widget_type=\"heading.default\">\n\t\t\t\t\t<h2 class=\"elementor-heading-title elementor-size-default\">Conclus\u00e3o<\/h2>\t\t\t\t<\/div>\n\t\t\t\t<div class=\"elementor-element elementor-element-d6f915e elementor-widget elementor-widget-text-editor\" data-id=\"d6f915e\" data-element_type=\"widget\" data-e-type=\"widget\" data-widget_type=\"text-editor.default\">\n\t\t\t\t\t\t\t\t\t<p>A <strong data-start=\"4242\" data-end=\"4282\">preven\u00e7\u00e3o de infec\u00e7\u00f5es respirat\u00f3rias<\/strong> como gripe, gripe A e Covid-19 exige uma abordagem integrada. Vacina\u00e7\u00e3o, higiene adequada, uso de m\u00e1scara em contextos de risco e estilos de vida saud\u00e1veis s\u00e3o pilares fundamentais para reduzir a transmiss\u00e3o e proteger a sa\u00fade p\u00fablica. Seguir as orienta\u00e7\u00f5es das autoridades de sa\u00fade continua a ser a melhor forma de preven\u00e7\u00e3o.<\/p><p>Na\u00a0<strong data-start=\"151\" data-end=\"168\">M\u00e9dico na Net<\/strong>, \u00e9 poss\u00edvel agendar uma\u00a0<a href=\"https:\/\/staging.mediconanet.pt\/produto\/covid-19\/\"><strong data-start=\"193\" data-end=\"260\">consulta m\u00e9dica online para avalia\u00e7\u00e3o de sintomas respirat\u00f3rios<\/strong><\/a>, ajudando a esclarecer situa\u00e7\u00f5es de\u00a0constipa\u00e7\u00e3o, gripe ou Covid<strong data-start=\"297\" data-end=\"318\">,<\/strong>\u00a0incluindo suspeitas de gripe A (H1N1), gripe sazonal ou Covid-19. Atrav\u00e9s do acompanhamento m\u00e9dico \u00e0 dist\u00e2ncia, o profissional analisa os sintomas, o historial cl\u00ednico e os factores de risco, esclarece d\u00favidas e orienta os cuidados adequados, de forma segura, confidencial e sem necessidade de desloca\u00e7\u00e3o.<\/p>\t\t\t\t\t\t\t\t<\/div>\n\t\t\t\t<div class=\"elementor-element elementor-element-e3eaf66 elementor-widget elementor-widget-heading\" data-id=\"e3eaf66\" data-element_type=\"widget\" data-e-type=\"widget\" data-widget_type=\"heading.default\">\n\t\t\t\t\t<h2 class=\"elementor-heading-title elementor-size-default\">Fontes<\/h2>\t\t\t\t<\/div>\n\t\t\t\t<div class=\"elementor-element elementor-element-13bbdb6 elementor-widget elementor-widget-text-editor\" data-id=\"13bbdb6\" data-element_type=\"widget\" data-e-type=\"widget\" data-widget_type=\"text-editor.default\">\n\t\t\t\t\t\t\t\t\t<p><a href=\"https:\/\/www.mutualidadedamoita.pt\" rel=\"dofollow noopener\" target=\"_blank\">Mutualidade da Moita<span style=\"font-weight: 400;\"> \u2013 \u201cGripe A (H1N1): sintomas e aconselhamento\u201d.\u00a0<\/span><\/a><br \/><a href=\"https:\/\/www.paho.org\" rel=\"nofollow noopener\" target=\"_blank\">Organiza\u00e7\u00e3o Pan\u2011Americana da Sa\u00fade (OPAS\/OMS)<span style=\"font-weight: 400;\"> \u2013 \u201cSemelhan\u00e7as e diferen\u00e7as entre gripe e Covid\u201119\u201d.<\/span><\/a><br \/><a href=\"https:\/\/abeso.org.br\" rel=\"nofollow noopener\" target=\"_blank\">ABESO \/ Organiza\u00e7\u00e3o Mundial da Sa\u00fade \u2013 \u201cOs efeitos da pr\u00e1tica de actividade f\u00edsica na perda de peso\u201d.<\/a><br \/><a href=\"https:\/\/www.mdpi.com\/2076-2607\/13\/8\/1836\" rel=\"nofollow noopener\" target=\"_blank\">Microorganisms \u2013 \u201cInfluenza A vs. COVID\u201119: A Retrospective Comparison of Hospitalized Patients in a Post\u2011Pandemic Setting\u201d<\/a><br \/><a href=\"https:\/\/www.mdpi.com\/1999-4915\/17\/12\/1545\" rel=\"nofollow noopener\" target=\"_blank\">Viruses \u2013 \u201cComparative Clinical Outcomes of Major Respiratory Viruses in Hospitalized Adults During the Post\u2011Pandemic Period\u201d<\/a><br \/><a href=\"https:\/\/www.actamedicaportuguesa.com\/revista\/index.php\/amp\/article\/view\/19566\" rel=\"nofollow noopener\" target=\"_blank\">Acta M\u00e9dica Portuguesa \u2013 \u201cLong COVID Symptoms in Non\u2011Hospitalised Patients: A Retrospective Study\u201d<\/a><\/p>\t\t\t\t\t\t\t\t<\/div>\n\t\t\t\t\t<\/div>\n\t\t\t\t<\/div>\n\t\t\t\t<\/div>\n\t\t","protected":false},"excerpt":{"rendered":"<p>As infec\u00e7\u00f5es respirat\u00f3rias, como a gripe sazonal, a gripe A (H1N1) e a Covid-19, propagam-se facilmente e podem causar doen\u00e7a grave em grupos vulner\u00e1veis. A preven\u00e7\u00e3o de infec\u00e7\u00f5es respirat\u00f3rias \u00e9 essencial para reduzir a transmiss\u00e3o e proteger a sa\u00fade individual e colectiva. Este artigo re\u00fane recomenda\u00e7\u00f5es baseadas em evid\u00eancia cient\u00edfica para evitar estas infec\u00e7\u00f5es. Vacina\u00e7\u00e3o: [&hellip;]<\/p>\n","protected":false},"author":2964,"featured_media":54476,"comment_status":"closed","ping_status":"closed","sticky":false,"template":"","format":"standard","meta":{"_jetpack_memberships_contains_paid_content":false,"footnotes":""},"categories":[62],"tags":[],"class_list":["post-54458","post","type-post","status-publish","format-standard","has-post-thumbnail","hentry","category-cuidados-gerais-saude"],"jetpack_featured_media_url":"https:\/\/staging.mediconanet.pt\/wp-content\/uploads\/2026\/02\/como-prevenir-infeccoes-respiratorias-gripe-covid-19.jpg","jetpack_sharing_enabled":true,"_links":{"self":[{"href":"https:\/\/staging.mediconanet.pt\/en\/wp-json\/wp\/v2\/posts\/54458","targetHints":{"allow":["GET"]}}],"collection":[{"href":"https:\/\/staging.mediconanet.pt\/en\/wp-json\/wp\/v2\/posts"}],"about":[{"href":"https:\/\/staging.mediconanet.pt\/en\/wp-json\/wp\/v2\/types\/post"}],"author":[{"embeddable":true,"href":"https:\/\/staging.mediconanet.pt\/en\/wp-json\/wp\/v2\/users\/2964"}],"replies":[{"embeddable":true,"href":"https:\/\/staging.mediconanet.pt\/en\/wp-json\/wp\/v2\/comments?post=54458"}],"version-history":[{"count":22,"href":"https:\/\/staging.mediconanet.pt\/en\/wp-json\/wp\/v2\/posts\/54458\/revisions"}],"predecessor-version":[{"id":54892,"href":"https:\/\/staging.mediconanet.pt\/en\/wp-json\/wp\/v2\/posts\/54458\/revisions\/54892"}],"wp:featuredmedia":[{"embeddable":true,"href":"https:\/\/staging.mediconanet.pt\/en\/wp-json\/wp\/v2\/media\/54476"}],"wp:attachment":[{"href":"https:\/\/staging.mediconanet.pt\/en\/wp-json\/wp\/v2\/media?parent=54458"}],"wp:term":[{"taxonomy":"category","embeddable":true,"href":"https:\/\/staging.mediconanet.pt\/en\/wp-json\/wp\/v2\/categories?post=54458"},{"taxonomy":"post_tag","embeddable":true,"href":"https:\/\/staging.mediconanet.pt\/en\/wp-json\/wp\/v2\/tags?post=54458"}],"curies":[{"name":"wp","href":"https:\/\/api.w.org\/{rel}","templated":true}]}}