{"id":54418,"date":"2026-02-09T15:02:06","date_gmt":"2026-02-09T15:02:06","guid":{"rendered":"https:\/\/www.mediconanet.pt\/?p=54418"},"modified":"2026-02-11T17:22:22","modified_gmt":"2026-02-11T17:22:22","slug":"constipacao-gripe-ou-covid-sintomas-diferencas","status":"publish","type":"post","link":"https:\/\/staging.mediconanet.pt\/en\/constipacao-gripe-ou-covid-sintomas-diferencas\/","title":{"rendered":"Constipa\u00e7\u00e3o, gripe ou Covid\u201119? Saiba distinguir sintomas e quando procurar ajuda"},"content":{"rendered":"\t\t<div data-elementor-type=\"wp-post\" data-elementor-id=\"54418\" class=\"elementor elementor-54418\" data-elementor-post-type=\"post\">\n\t\t\t\t<div class=\"elementor-element elementor-element-d00cdab e-flex e-con-boxed e-con e-parent\" data-id=\"d00cdab\" data-element_type=\"container\" data-e-type=\"container\">\n\t\t\t\t\t<div class=\"e-con-inner\">\n\t\t\t\t<div class=\"elementor-element elementor-element-564cf19 elementor-widget elementor-widget-text-editor\" data-id=\"564cf19\" data-element_type=\"widget\" data-e-type=\"widget\" data-widget_type=\"text-editor.default\">\n\t\t\t\t\t\t\t\t\t<p>Os sintomas de <strong data-start=\"262\" data-end=\"293\">constipa\u00e7\u00e3o, gripe ou Covid<\/strong> podem ser semelhantes, o que gera confus\u00e3o e leva a d\u00favidas sobre quando procurar assist\u00eancia m\u00e9dica. Saber diferenci\u00e1-los ajuda a adoptar medidas adequadas de autocuidado e de preven\u00e7\u00e3o da transmiss\u00e3o. Este artigo resume as caracter\u00edsticas de cada doen\u00e7a com base em orienta\u00e7\u00f5es de especialistas.<\/p>\t\t\t\t\t\t\t\t<\/div>\n\t\t\t\t<div class=\"elementor-element elementor-element-c0d2d0e elementor-widget elementor-widget-heading\" data-id=\"c0d2d0e\" data-element_type=\"widget\" data-e-type=\"widget\" data-widget_type=\"heading.default\">\n\t\t\t\t\t<h2 class=\"elementor-heading-title elementor-size-default\">O que \u00e9 a constipa\u00e7\u00e3o?<\/h2>\t\t\t\t<\/div>\n\t\t\t\t<div class=\"elementor-element elementor-element-9c1bf6b elementor-widget elementor-widget-text-editor\" data-id=\"9c1bf6b\" data-element_type=\"widget\" data-e-type=\"widget\" data-widget_type=\"text-editor.default\">\n\t\t\t\t\t\t\t\t\t<p>A constipa\u00e7\u00e3o (ou resfriado comum) \u00e9 uma infec\u00e7\u00e3o viral leve das vias respirat\u00f3rias superiores. Segundo a JS Cl\u00ednica M\u00e9dica Viseu, os sintomas s\u00e3o sobretudo nasais: nariz congestionado ou a pingar, dor de garganta, espirros e olhos lacrimejantes. A febre \u00e9 rara, e a doen\u00e7a resolve-se em poucos dias com repouso e hidrata\u00e7\u00e3o. N\u00e3o costuma causar dores musculares intensas nem febre alta.<\/p>\t\t\t\t\t\t\t\t<\/div>\n\t\t\t\t<div class=\"elementor-element elementor-element-ddb3387 elementor-widget elementor-widget-heading\" data-id=\"ddb3387\" data-element_type=\"widget\" data-e-type=\"widget\" data-widget_type=\"heading.default\">\n\t\t\t\t\t<h2 class=\"elementor-heading-title elementor-size-default\">O que \u00e9 a gripe?<\/h2>\t\t\t\t<\/div>\n\t\t\t\t<div class=\"elementor-element elementor-element-57709a2 elementor-widget elementor-widget-text-editor\" data-id=\"57709a2\" data-element_type=\"widget\" data-e-type=\"widget\" data-widget_type=\"text-editor.default\">\n\t\t\t\t\t\t\t\t\t<p>A gripe \u00e9 causada por v\u00edrus influenza (tipos A, B e C). Os sintomas s\u00e3o mais intensos que os da constipa\u00e7\u00e3o e incluem mal-estar, cansa\u00e7o extremo, febre alta, dores musculares e articulares, dor de cabe\u00e7a e tosse seca. Pode haver inflama\u00e7\u00e3o ocular. A gripe surge abruptamente e dura cerca de uma semana. Em alguns casos, especialmente em grupos de risco, pode evoluir para pneumonia.<\/p>\t\t\t\t\t\t\t\t<\/div>\n\t\t\t\t<div class=\"elementor-element elementor-element-5ae44f7 elementor-widget elementor-widget-heading\" data-id=\"5ae44f7\" data-element_type=\"widget\" data-e-type=\"widget\" data-widget_type=\"heading.default\">\n\t\t\t\t\t<h2 class=\"elementor-heading-title elementor-size-default\">Covid-19<\/h2>\t\t\t\t<\/div>\n\t\t\t\t<div class=\"elementor-element elementor-element-c78865f elementor-widget elementor-widget-text-editor\" data-id=\"c78865f\" data-element_type=\"widget\" data-e-type=\"widget\" data-widget_type=\"text-editor.default\">\n\t\t\t\t\t\t\t\t\t<p>A Covid-19 \u00e9 causada pelo coronav\u00edrus SARS-CoV-2. Os sintomas podem incluir febre, tosse, dores no corpo e de garganta, falta de ar, fadiga intensa, perda do olfato e do paladar, congest\u00e3o nasal e diarreia. A doen\u00e7a tem um per\u00edodo de incuba\u00e7\u00e3o mais longo (1\u201314 dias) do que a gripe e pode causar pneumonia viral. Uma percentagem de casos \u00e9 assintom\u00e1tica, o que favorece a transmiss\u00e3o. A propor\u00e7\u00e3o de casos graves e de mortalidade \u00e9 maior do que na gripe.<\/p>\t\t\t\t\t\t\t\t<\/div>\n\t\t\t\t<div class=\"elementor-element elementor-element-6774315 elementor-widget elementor-widget-heading\" data-id=\"6774315\" data-element_type=\"widget\" data-e-type=\"widget\" data-widget_type=\"heading.default\">\n\t\t\t\t\t<h2 class=\"elementor-heading-title elementor-size-default\">Diferen\u00e7as entre constipa\u00e7\u00e3o, gripe ou Covid<\/h2>\t\t\t\t<\/div>\n\t\t\t\t<div class=\"elementor-element elementor-element-3fcd6c8 elementor-widget elementor-widget-html\" data-id=\"3fcd6c8\" data-element_type=\"widget\" data-e-type=\"widget\" data-widget_type=\"html.default\">\n\t\t\t\t\t<div style=\"width:100%; overflow-x:auto; -webkit-overflow-scrolling:touch;\">\r\n  <table style=\"width:100%; min-width:720px; border-collapse:collapse; font-family:inherit; font-size:16px; line-height:1.4;\">\r\n    <thead>\r\n      <tr style=\"background:#f5f7fa;\">\r\n        <th style=\"text-align:left; padding:14px; border-bottom:2px solid #e2e6ea;\">Caracter\u00edstica<\/th>\r\n        <th style=\"text-align:left; padding:14px; border-bottom:2px solid #e2e6ea;\">Constipa\u00e7\u00e3o<\/th>\r\n        <th style=\"text-align:left; padding:14px; border-bottom:2px solid #e2e6ea;\">Gripe<\/th>\r\n        <th style=\"text-align:left; padding:14px; border-bottom:2px solid #e2e6ea;\">Covid-19<\/th>\r\n      <\/tr>\r\n    <\/thead>\r\n    <tbody>\r\n      <tr style=\"background:#ffffff;\">\r\n        <td style=\"padding:12px 14px;\"><strong>In\u00edcio dos sintomas<\/strong><\/td>\r\n        <td style=\"padding:12px 14px;\">Gradual<\/td>\r\n        <td style=\"padding:12px 14px;\">S\u00fabito<\/td>\r\n        <td style=\"padding:12px 14px;\">Vari\u00e1vel (1\u201314 dias)<\/td>\r\n      <\/tr>\r\n      <tr style=\"background:#f9fafb;\">\r\n        <td style=\"padding:12px 14px;\"><strong>Febre<\/strong><\/td>\r\n        <td style=\"padding:12px 14px;\">Rara<\/td>\r\n        <td style=\"padding:12px 14px;\">Alta e s\u00fabita<\/td>\r\n        <td style=\"padding:12px 14px;\">Frequente, mas nem sempre<\/td>\r\n      <\/tr>\r\n      <tr style=\"background:#ffffff;\">\r\n        <td style=\"padding:12px 14px;\"><strong>Dores musculares<\/strong><\/td>\r\n        <td style=\"padding:12px 14px;\">Ligeiras ou ausentes<\/td>\r\n        <td style=\"padding:12px 14px;\">Intensas<\/td>\r\n        <td style=\"padding:12px 14px;\">Podem ocorrer<\/td>\r\n      <\/tr>\r\n      <tr style=\"background:#f9fafb;\">\r\n        <td style=\"padding:12px 14px;\"><strong>Perda de olfato\/paladar<\/strong><\/td>\r\n        <td style=\"padding:12px 14px;\">N\u00e3o<\/td>\r\n        <td style=\"padding:12px 14px;\">Rara<\/td>\r\n        <td style=\"padding:12px 14px;\">Frequente<\/td>\r\n      <\/tr>\r\n      <tr style=\"background:#ffffff;\">\r\n        <td style=\"padding:12px 14px;\"><strong>Tosse<\/strong><\/td>\r\n        <td style=\"padding:12px 14px;\">Leve<\/td>\r\n        <td style=\"padding:12px 14px;\">Seca<\/td>\r\n        <td style=\"padding:12px 14px;\">Seca ou com expetora\u00e7\u00e3o<\/td>\r\n      <\/tr>\r\n      <tr style=\"background:#f9fafb;\">\r\n        <td style=\"padding:12px 14px;\"><strong>Sintomas nasais<\/strong><\/td>\r\n        <td style=\"padding:12px 14px;\">Predominantes<\/td>\r\n        <td style=\"padding:12px 14px;\">Menos predominantes<\/td>\r\n        <td style=\"padding:12px 14px;\">Poss\u00edveis<\/td>\r\n      <\/tr>\r\n      <tr style=\"background:#ffffff;\">\r\n        <td style=\"padding:12px 14px;\"><strong>Complica\u00e7\u00f5es<\/strong><\/td>\r\n        <td style=\"padding:12px 14px;\">Raras<\/td>\r\n        <td style=\"padding:12px 14px;\">Poss\u00edveis (pneumonia)<\/td>\r\n        <td style=\"padding:12px 14px;\">Mais comuns<\/td>\r\n      <\/tr>\r\n    <\/tbody>\r\n  <\/table>\r\n<\/div>\r\n\t\t\t\t<\/div>\n\t\t\t\t<div class=\"elementor-element elementor-element-d832aac elementor-widget elementor-widget-heading\" data-id=\"d832aac\" data-element_type=\"widget\" data-e-type=\"widget\" data-widget_type=\"heading.default\">\n\t\t\t\t\t<h2 class=\"elementor-heading-title elementor-size-default\">Quando procurar ajuda m\u00e9dica?<\/h2>\t\t\t\t<\/div>\n\t\t\t\t<div class=\"elementor-element elementor-element-3ddd854 elementor-widget elementor-widget-text-editor\" data-id=\"3ddd854\" data-element_type=\"widget\" data-e-type=\"widget\" data-widget_type=\"text-editor.default\">\n\t\t\t\t\t\t\t\t\t<p>Em situa\u00e7\u00f5es de <strong data-start=\"2487\" data-end=\"2518\">constipa\u00e7\u00e3o, gripe ou Covid<\/strong>, deve procurar aconselhamento m\u00e9dico se tiver dificuldade respirat\u00f3ria, dor no peito, febre alta persistente, confus\u00e3o ou sinais de desidrata\u00e7\u00e3o.<br data-start=\"2664\" data-end=\"2667\" \/>No contexto da Covid-19, contacte a linha SNS 24 (808 24 24 24) para orienta\u00e7\u00e3o e eventual marca\u00e7\u00e3o de teste. Pessoas dos grupos de risco (idosos, gr\u00e1vidas e doentes cr\u00f3nicos) devem ser avaliadas por um profissional de sa\u00fade mesmo com sintomas ligeiros.<\/p><p>Na\u00a0<strong data-start=\"151\" data-end=\"168\">M\u00e9dico na Net<\/strong>, \u00e9 poss\u00edvel agendar uma\u00a0<a href=\"https:\/\/staging.mediconanet.pt\/produto\/covid-19\/\"><strong data-start=\"193\" data-end=\"260\">consulta m\u00e9dica online para avalia\u00e7\u00e3o de sintomas respirat\u00f3rios<\/strong><\/a>, ajudando a esclarecer situa\u00e7\u00f5es de <strong data-start=\"297\" data-end=\"318\">constipa\u00e7\u00e3o, gripe ou Covid,<\/strong>\u00a0incluindo suspeitas de gripe A (H1N1), gripe sazonal ou Covid-19. Atrav\u00e9s do acompanhamento m\u00e9dico \u00e0 dist\u00e2ncia, o profissional analisa os sintomas, o historial cl\u00ednico e os factores de risco, esclarece d\u00favidas e orienta os cuidados adequados, de forma segura, confidencial e sem necessidade de desloca\u00e7\u00e3o.<\/p>\t\t\t\t\t\t\t\t<\/div>\n\t\t\t\t<div class=\"elementor-element elementor-element-b5d23b9 elementor-widget elementor-widget-image\" data-id=\"b5d23b9\" data-element_type=\"widget\" data-e-type=\"widget\" data-widget_type=\"image.default\">\n\t\t\t\t\t\t\t\t\t\t\t\t\t\t\t<img fetchpriority=\"high\" decoding=\"async\" width=\"800\" height=\"448\" src=\"https:\/\/staging.mediconanet.pt\/wp-content\/uploads\/2026\/02\/constipacao-gripe-ou-covid-sintomas-diferencas-consulta-online-1024x573.jpg\" class=\"attachment-large size-large wp-image-54450\" alt=\"Consulta m\u00e9dica online para avaliar sintomas de constipa\u00e7\u00e3o, gripe ou Covid-19\" srcset=\"https:\/\/staging.mediconanet.pt\/wp-content\/uploads\/2026\/02\/constipacao-gripe-ou-covid-sintomas-diferencas-consulta-online-1024x573.jpg 1024w, https:\/\/staging.mediconanet.pt\/wp-content\/uploads\/2026\/02\/constipacao-gripe-ou-covid-sintomas-diferencas-consulta-online-300x168.jpg 300w, https:\/\/staging.mediconanet.pt\/wp-content\/uploads\/2026\/02\/constipacao-gripe-ou-covid-sintomas-diferencas-consulta-online-768x430.jpg 768w, https:\/\/staging.mediconanet.pt\/wp-content\/uploads\/2026\/02\/constipacao-gripe-ou-covid-sintomas-diferencas-consulta-online-1536x860.jpg 1536w, https:\/\/staging.mediconanet.pt\/wp-content\/uploads\/2026\/02\/constipacao-gripe-ou-covid-sintomas-diferencas-consulta-online-18x10.jpg 18w, https:\/\/staging.mediconanet.pt\/wp-content\/uploads\/2026\/02\/constipacao-gripe-ou-covid-sintomas-diferencas-consulta-online-600x336.jpg 600w, https:\/\/staging.mediconanet.pt\/wp-content\/uploads\/2026\/02\/constipacao-gripe-ou-covid-sintomas-diferencas-consulta-online.jpg 1600w\" sizes=\"(max-width: 800px) 100vw, 800px\" \/>\t\t\t\t\t\t\t\t\t\t\t\t\t\t\t<\/div>\n\t\t\t\t<div class=\"elementor-element elementor-element-8881692 elementor-widget elementor-widget-heading\" data-id=\"8881692\" data-element_type=\"widget\" data-e-type=\"widget\" data-widget_type=\"heading.default\">\n\t\t\t\t\t<h2 class=\"elementor-heading-title elementor-size-default\">Medidas de preven\u00e7\u00e3o<\/h2>\t\t\t\t<\/div>\n\t\t\t\t<div class=\"elementor-element elementor-element-3c2d46a elementor-widget elementor-widget-text-editor\" data-id=\"3c2d46a\" data-element_type=\"widget\" data-e-type=\"widget\" data-widget_type=\"text-editor.default\">\n\t\t\t\t\t\t\t\t\t<ul><li data-start=\"2949\" data-end=\"3131\"><strong data-start=\"2949\" data-end=\"2994\">Higiene das m\u00e3os e etiqueta respirat\u00f3ria:<\/strong> lavar as m\u00e3os regularmente e cobrir a boca e o nariz ao tossir ou espirrar s\u00e3o medidas eficazes para todas as infec\u00e7\u00f5es respirat\u00f3rias.<\/li><li data-start=\"2949\" data-end=\"3131\"><strong data-start=\"3134\" data-end=\"3148\">Vacina\u00e7\u00e3o:<\/strong> existem vacinas sazonais contra a gripe e vacinas contra a Covid-19, que reduzem a gravidade e a mortalidade das infec\u00e7\u00f5es.<\/li><li data-start=\"2949\" data-end=\"3131\"><strong data-start=\"3277\" data-end=\"3313\">Distanciamento e uso de m\u00e1scara:<\/strong> especialmente em per\u00edodos de maior circula\u00e7\u00e3o viral.<\/li><li data-start=\"2949\" data-end=\"3131\"><strong data-start=\"3371\" data-end=\"3396\">Evitar automedica\u00e7\u00e3o:<\/strong> antibi\u00f3ticos n\u00e3o tratam constipa\u00e7\u00e3o, gripe ou Covid-19. Em caso de d\u00favida, consulte um profissional de sa\u00fade.<\/li><\/ul>\t\t\t\t\t\t\t\t<\/div>\n\t\t\t\t\t<\/div>\n\t\t\t\t<\/div>\n\t\t<div class=\"elementor-element elementor-element-d6734e3 e-flex e-con-boxed e-con e-parent\" data-id=\"d6734e3\" data-element_type=\"container\" data-e-type=\"container\">\n\t\t\t\t\t<div class=\"e-con-inner\">\n\t\t<div class=\"elementor-element elementor-element-8477304 e-con-full e-flex e-con e-child\" data-id=\"8477304\" data-element_type=\"container\" data-e-type=\"container\">\n\t\t\t\t<div class=\"elementor-element elementor-element-eac8068 elementor-widget elementor-widget-heading\" data-id=\"eac8068\" data-element_type=\"widget\" data-e-type=\"widget\" data-widget_type=\"heading.default\">\n\t\t\t\t\t<h2 class=\"elementor-heading-title elementor-size-default\">Perguntas frequentes (FAQ)<\/h2>\t\t\t\t<\/div>\n\t\t\t\t<div class=\"elementor-element elementor-element-aefb0f8 elementor-widget elementor-widget-n-accordion\" data-id=\"aefb0f8\" data-element_type=\"widget\" data-e-type=\"widget\" data-settings=\"{&quot;default_state&quot;:&quot;all_collapsed&quot;,&quot;max_items_expended&quot;:&quot;one&quot;,&quot;n_accordion_animation_duration&quot;:{&quot;unit&quot;:&quot;ms&quot;,&quot;size&quot;:400,&quot;sizes&quot;:[]}}\" data-widget_type=\"nested-accordion.default\">\n\t\t\t\t\t\t\t<div class=\"e-n-accordion\" aria-label=\"Accordion. Open links with Enter or Space, close with Escape, and navigate with Arrow Keys\">\n\t\t\t\t\t\t<details id=\"e-n-accordion-item-1830\" class=\"e-n-accordion-item\" >\n\t\t\t\t<summary class=\"e-n-accordion-item-title\" data-accordion-index=\"1\" tabindex=\"0\" aria-expanded=\"false\" aria-controls=\"e-n-accordion-item-1830\" >\n\t\t\t\t\t<span class='e-n-accordion-item-title-header'><div class=\"e-n-accordion-item-title-text\"> Como saber se tenho constipa\u00e7\u00e3o, gripe ou Covid? <\/div><\/span>\n\t\t\t\t\t\t\t<span class='e-n-accordion-item-title-icon'>\n\t\t\t<span class='e-opened' ><svg aria-hidden=\"true\" class=\"e-font-icon-svg e-fas-minus\" viewBox=\"0 0 448 512\" xmlns=\"http:\/\/www.w3.org\/2000\/svg\"><path d=\"M416 208H32c-17.67 0-32 14.33-32 32v32c0 17.67 14.33 32 32 32h384c17.67 0 32-14.33 32-32v-32c0-17.67-14.33-32-32-32z\"><\/path><\/svg><\/span>\n\t\t\t<span class='e-closed'><svg aria-hidden=\"true\" class=\"e-font-icon-svg e-fas-plus\" viewBox=\"0 0 448 512\" xmlns=\"http:\/\/www.w3.org\/2000\/svg\"><path d=\"M416 208H272V64c0-17.67-14.33-32-32-32h-32c-17.67 0-32 14.33-32 32v144H32c-17.67 0-32 14.33-32 32v32c0 17.67 14.33 32 32 32h144v144c0 17.67 14.33 32 32 32h32c17.67 0 32-14.33 32-32V304h144c17.67 0 32-14.33 32-32v-32c0-17.67-14.33-32-32-32z\"><\/path><\/svg><\/span>\n\t\t<\/span>\n\n\t\t\t\t\t\t<\/summary>\n\t\t\t\t<div role=\"region\" aria-labelledby=\"e-n-accordion-item-1830\" class=\"elementor-element elementor-element-7416406 e-con-full e-flex e-con e-child\" data-id=\"7416406\" data-element_type=\"container\" data-e-type=\"container\">\n\t\t<div role=\"region\" aria-labelledby=\"e-n-accordion-item-1830\" class=\"elementor-element elementor-element-4cca6d2 e-flex e-con-boxed e-con e-child\" data-id=\"4cca6d2\" data-element_type=\"container\" data-e-type=\"container\">\n\t\t\t\t\t<div class=\"e-con-inner\">\n\t\t\t\t<div class=\"elementor-element elementor-element-2935942 elementor-widget elementor-widget-text-editor\" data-id=\"2935942\" data-element_type=\"widget\" data-e-type=\"widget\" data-widget_type=\"text-editor.default\">\n\t\t\t\t\t\t\t\t\t<p>A distin\u00e7\u00e3o entre <strong data-start=\"3607\" data-end=\"3638\">constipa\u00e7\u00e3o, gripe ou Covid<\/strong> passa sobretudo pela intensidade dos sintomas, presen\u00e7a de febre alta, dores musculares e perda de olfato. No entanto, apenas testes laboratoriais permitem confirmar o diagn\u00f3stico.<\/p>\t\t\t\t\t\t\t\t<\/div>\n\t\t\t\t\t<\/div>\n\t\t\t\t<\/div>\n\t\t\t\t<\/div>\n\t\t\t\t\t<\/details>\n\t\t\t\t\t\t<details id=\"e-n-accordion-item-1831\" class=\"e-n-accordion-item\" >\n\t\t\t\t<summary class=\"e-n-accordion-item-title\" data-accordion-index=\"2\" tabindex=\"-1\" aria-expanded=\"false\" aria-controls=\"e-n-accordion-item-1831\" >\n\t\t\t\t\t<span class='e-n-accordion-item-title-header'><div class=\"e-n-accordion-item-title-text\"> A perda de olfato indica Covid-19? <\/div><\/span>\n\t\t\t\t\t\t\t<span class='e-n-accordion-item-title-icon'>\n\t\t\t<span class='e-opened' ><svg aria-hidden=\"true\" class=\"e-font-icon-svg e-fas-minus\" viewBox=\"0 0 448 512\" xmlns=\"http:\/\/www.w3.org\/2000\/svg\"><path d=\"M416 208H32c-17.67 0-32 14.33-32 32v32c0 17.67 14.33 32 32 32h384c17.67 0 32-14.33 32-32v-32c0-17.67-14.33-32-32-32z\"><\/path><\/svg><\/span>\n\t\t\t<span class='e-closed'><svg aria-hidden=\"true\" class=\"e-font-icon-svg e-fas-plus\" viewBox=\"0 0 448 512\" xmlns=\"http:\/\/www.w3.org\/2000\/svg\"><path d=\"M416 208H272V64c0-17.67-14.33-32-32-32h-32c-17.67 0-32 14.33-32 32v144H32c-17.67 0-32 14.33-32 32v32c0 17.67 14.33 32 32 32h144v144c0 17.67 14.33 32 32 32h32c17.67 0 32-14.33 32-32V304h144c17.67 0 32-14.33 32-32v-32c0-17.67-14.33-32-32-32z\"><\/path><\/svg><\/span>\n\t\t<\/span>\n\n\t\t\t\t\t\t<\/summary>\n\t\t\t\t<div role=\"region\" aria-labelledby=\"e-n-accordion-item-1831\" class=\"elementor-element elementor-element-c6832d4 e-con-full e-flex e-con e-child\" data-id=\"c6832d4\" data-element_type=\"container\" data-e-type=\"container\">\n\t\t<div role=\"region\" aria-labelledby=\"e-n-accordion-item-1831\" class=\"elementor-element elementor-element-56964b7 e-flex e-con-boxed e-con e-child\" data-id=\"56964b7\" data-element_type=\"container\" data-e-type=\"container\">\n\t\t\t\t\t<div class=\"e-con-inner\">\n\t\t\t\t<div class=\"elementor-element elementor-element-e30c4ee elementor-widget elementor-widget-text-editor\" data-id=\"e30c4ee\" data-element_type=\"widget\" data-e-type=\"widget\" data-widget_type=\"text-editor.default\">\n\t\t\t\t\t\t\t\t\t<p>\u00c9 um sintoma t\u00edpico da Covid-19, mas pode ocorrer noutras infec\u00e7\u00f5es. A confirma\u00e7\u00e3o exige teste espec\u00edfico.<\/p>\t\t\t\t\t\t\t\t<\/div>\n\t\t\t\t\t<\/div>\n\t\t\t\t<\/div>\n\t\t\t\t<\/div>\n\t\t\t\t\t<\/details>\n\t\t\t\t\t\t<details id=\"e-n-accordion-item-1832\" class=\"e-n-accordion-item\" >\n\t\t\t\t<summary class=\"e-n-accordion-item-title\" data-accordion-index=\"3\" tabindex=\"-1\" aria-expanded=\"false\" aria-controls=\"e-n-accordion-item-1832\" >\n\t\t\t\t\t<span class='e-n-accordion-item-title-header'><div class=\"e-n-accordion-item-title-text\"> A gripe \u00e9 mais perigosa do que a constipa\u00e7\u00e3o? <\/div><\/span>\n\t\t\t\t\t\t\t<span class='e-n-accordion-item-title-icon'>\n\t\t\t<span class='e-opened' ><svg aria-hidden=\"true\" class=\"e-font-icon-svg e-fas-minus\" viewBox=\"0 0 448 512\" xmlns=\"http:\/\/www.w3.org\/2000\/svg\"><path d=\"M416 208H32c-17.67 0-32 14.33-32 32v32c0 17.67 14.33 32 32 32h384c17.67 0 32-14.33 32-32v-32c0-17.67-14.33-32-32-32z\"><\/path><\/svg><\/span>\n\t\t\t<span class='e-closed'><svg aria-hidden=\"true\" class=\"e-font-icon-svg e-fas-plus\" viewBox=\"0 0 448 512\" xmlns=\"http:\/\/www.w3.org\/2000\/svg\"><path d=\"M416 208H272V64c0-17.67-14.33-32-32-32h-32c-17.67 0-32 14.33-32 32v144H32c-17.67 0-32 14.33-32 32v32c0 17.67 14.33 32 32 32h144v144c0 17.67 14.33 32 32 32h32c17.67 0 32-14.33 32-32V304h144c17.67 0 32-14.33 32-32v-32c0-17.67-14.33-32-32-32z\"><\/path><\/svg><\/span>\n\t\t<\/span>\n\n\t\t\t\t\t\t<\/summary>\n\t\t\t\t<div role=\"region\" aria-labelledby=\"e-n-accordion-item-1832\" class=\"elementor-element elementor-element-40d1abe e-con-full e-flex e-con e-child\" data-id=\"40d1abe\" data-element_type=\"container\" data-e-type=\"container\">\n\t\t<div role=\"region\" aria-labelledby=\"e-n-accordion-item-1832\" class=\"elementor-element elementor-element-0e6e295 e-flex e-con-boxed e-con e-child\" data-id=\"0e6e295\" data-element_type=\"container\" data-e-type=\"container\">\n\t\t\t\t\t<div class=\"e-con-inner\">\n\t\t\t\t<div class=\"elementor-element elementor-element-0bf2b28 elementor-widget elementor-widget-text-editor\" data-id=\"0bf2b28\" data-element_type=\"widget\" data-e-type=\"widget\" data-widget_type=\"text-editor.default\">\n\t\t\t\t\t\t\t\t\t<p>Sim. A gripe apresenta sintomas mais severos e pode causar complica\u00e7\u00f5es como pneumonia, sobretudo em grupos de risco.<\/p>\t\t\t\t\t\t\t\t<\/div>\n\t\t\t\t\t<\/div>\n\t\t\t\t<\/div>\n\t\t\t\t<\/div>\n\t\t\t\t\t<\/details>\n\t\t\t\t\t\t<details id=\"e-n-accordion-item-1833\" class=\"e-n-accordion-item\" >\n\t\t\t\t<summary class=\"e-n-accordion-item-title\" data-accordion-index=\"4\" tabindex=\"-1\" aria-expanded=\"false\" aria-controls=\"e-n-accordion-item-1833\" >\n\t\t\t\t\t<span class='e-n-accordion-item-title-header'><div class=\"e-n-accordion-item-title-text\"> Posso ter gripe e Covid-19 ao mesmo tempo? <\/div><\/span>\n\t\t\t\t\t\t\t<span class='e-n-accordion-item-title-icon'>\n\t\t\t<span class='e-opened' ><svg aria-hidden=\"true\" class=\"e-font-icon-svg e-fas-minus\" viewBox=\"0 0 448 512\" xmlns=\"http:\/\/www.w3.org\/2000\/svg\"><path d=\"M416 208H32c-17.67 0-32 14.33-32 32v32c0 17.67 14.33 32 32 32h384c17.67 0 32-14.33 32-32v-32c0-17.67-14.33-32-32-32z\"><\/path><\/svg><\/span>\n\t\t\t<span class='e-closed'><svg aria-hidden=\"true\" class=\"e-font-icon-svg e-fas-plus\" viewBox=\"0 0 448 512\" xmlns=\"http:\/\/www.w3.org\/2000\/svg\"><path d=\"M416 208H272V64c0-17.67-14.33-32-32-32h-32c-17.67 0-32 14.33-32 32v144H32c-17.67 0-32 14.33-32 32v32c0 17.67 14.33 32 32 32h144v144c0 17.67 14.33 32 32 32h32c17.67 0 32-14.33 32-32V304h144c17.67 0 32-14.33 32-32v-32c0-17.67-14.33-32-32-32z\"><\/path><\/svg><\/span>\n\t\t<\/span>\n\n\t\t\t\t\t\t<\/summary>\n\t\t\t\t<div role=\"region\" aria-labelledby=\"e-n-accordion-item-1833\" class=\"elementor-element elementor-element-6d3282d e-con-full e-flex e-con e-child\" data-id=\"6d3282d\" data-element_type=\"container\" data-e-type=\"container\">\n\t\t<div role=\"region\" aria-labelledby=\"e-n-accordion-item-1833\" class=\"elementor-element elementor-element-9f6c17f e-flex e-con-boxed e-con e-child\" data-id=\"9f6c17f\" data-element_type=\"container\" data-e-type=\"container\">\n\t\t\t\t\t<div class=\"e-con-inner\">\n\t\t\t\t<div class=\"elementor-element elementor-element-42ff2b6 elementor-widget elementor-widget-text-editor\" data-id=\"42ff2b6\" data-element_type=\"widget\" data-e-type=\"widget\" data-widget_type=\"text-editor.default\">\n\t\t\t\t\t\t\t\t\t<p>\u00c9 raro, mas poss\u00edvel. Manter a vacina\u00e7\u00e3o actualizada reduz significativamente este risco.<\/p>\t\t\t\t\t\t\t\t<\/div>\n\t\t\t\t\t<\/div>\n\t\t\t\t<\/div>\n\t\t\t\t<\/div>\n\t\t\t\t\t<\/details>\n\t\t\t\t\t\t<details id=\"e-n-accordion-item-1834\" class=\"e-n-accordion-item\" >\n\t\t\t\t<summary class=\"e-n-accordion-item-title\" data-accordion-index=\"5\" tabindex=\"-1\" aria-expanded=\"false\" aria-controls=\"e-n-accordion-item-1834\" >\n\t\t\t\t\t<span class='e-n-accordion-item-title-header'><div class=\"e-n-accordion-item-title-text\"> Quando devo ligar para o SNS 24? <\/div><\/span>\n\t\t\t\t\t\t\t<span class='e-n-accordion-item-title-icon'>\n\t\t\t<span class='e-opened' ><svg aria-hidden=\"true\" class=\"e-font-icon-svg e-fas-minus\" viewBox=\"0 0 448 512\" xmlns=\"http:\/\/www.w3.org\/2000\/svg\"><path d=\"M416 208H32c-17.67 0-32 14.33-32 32v32c0 17.67 14.33 32 32 32h384c17.67 0 32-14.33 32-32v-32c0-17.67-14.33-32-32-32z\"><\/path><\/svg><\/span>\n\t\t\t<span class='e-closed'><svg aria-hidden=\"true\" class=\"e-font-icon-svg e-fas-plus\" viewBox=\"0 0 448 512\" xmlns=\"http:\/\/www.w3.org\/2000\/svg\"><path d=\"M416 208H272V64c0-17.67-14.33-32-32-32h-32c-17.67 0-32 14.33-32 32v144H32c-17.67 0-32 14.33-32 32v32c0 17.67 14.33 32 32 32h144v144c0 17.67 14.33 32 32 32h32c17.67 0 32-14.33 32-32V304h144c17.67 0 32-14.33 32-32v-32c0-17.67-14.33-32-32-32z\"><\/path><\/svg><\/span>\n\t\t<\/span>\n\n\t\t\t\t\t\t<\/summary>\n\t\t\t\t<div role=\"region\" aria-labelledby=\"e-n-accordion-item-1834\" class=\"elementor-element elementor-element-e3b4367 e-con-full e-flex e-con e-child\" data-id=\"e3b4367\" data-element_type=\"container\" data-e-type=\"container\">\n\t\t<div role=\"region\" aria-labelledby=\"e-n-accordion-item-1834\" class=\"elementor-element elementor-element-b029082 e-flex e-con-boxed e-con e-child\" data-id=\"b029082\" data-element_type=\"container\" data-e-type=\"container\">\n\t\t\t\t\t<div class=\"e-con-inner\">\n\t\t\t\t<div class=\"elementor-element elementor-element-442fb82 elementor-widget elementor-widget-text-editor\" data-id=\"442fb82\" data-element_type=\"widget\" data-e-type=\"widget\" data-widget_type=\"text-editor.default\">\n\t\t\t\t\t\t\t\t\t<p>Sempre que houver suspeita de Covid-19 ou se pertencer a um grupo de risco e apresentar sintomas de gripe ou constipa\u00e7\u00e3o.<\/p>\t\t\t\t\t\t\t\t<\/div>\n\t\t\t\t\t<\/div>\n\t\t\t\t<\/div>\n\t\t\t\t<\/div>\n\t\t\t\t\t<\/details>\n\t\t\t\t\t<\/div>\n\t\t\t\t\t<script type=\"application\/ld+json\">{\"@context\":\"https:\\\/\\\/schema.org\",\"@type\":\"FAQPage\",\"mainEntity\":[{\"@type\":\"Question\",\"name\":\"Como saber se tenho constipa\\u00e7\\u00e3o, gripe ou Covid?\",\"acceptedAnswer\":{\"@type\":\"Answer\",\"text\":\"A distin\\u00e7\\u00e3o entre constipa\\u00e7\\u00e3o, gripe ou Covid passa sobretudo pela intensidade dos sintomas, presen\\u00e7a de febre alta, dores musculares e perda de olfato. No entanto, apenas testes laboratoriais permitem confirmar o diagn\\u00f3stico.\"}},{\"@type\":\"Question\",\"name\":\"A perda de olfato indica Covid-19?\",\"acceptedAnswer\":{\"@type\":\"Answer\",\"text\":\"\\u00c9 um sintoma t\\u00edpico da Covid-19, mas pode ocorrer noutras infec\\u00e7\\u00f5es. A confirma\\u00e7\\u00e3o exige teste espec\\u00edfico.\"}},{\"@type\":\"Question\",\"name\":\"A gripe \\u00e9 mais perigosa do que a constipa\\u00e7\\u00e3o?\",\"acceptedAnswer\":{\"@type\":\"Answer\",\"text\":\"Sim. A gripe apresenta sintomas mais severos e pode causar complica\\u00e7\\u00f5es como pneumonia, sobretudo em grupos de risco.\"}},{\"@type\":\"Question\",\"name\":\"Posso ter gripe e Covid-19 ao mesmo tempo?\",\"acceptedAnswer\":{\"@type\":\"Answer\",\"text\":\"\\u00c9 raro, mas poss\\u00edvel. Manter a vacina\\u00e7\\u00e3o actualizada reduz significativamente este risco.\"}},{\"@type\":\"Question\",\"name\":\"Quando devo ligar para o SNS 24?\",\"acceptedAnswer\":{\"@type\":\"Answer\",\"text\":\"Sempre que houver suspeita de Covid-19 ou se pertencer a um grupo de risco e apresentar sintomas de gripe ou constipa\\u00e7\\u00e3o.\"}}]}<\/script>\n\t\t\t\t\t\t\t<\/div>\n\t\t\t\t<\/div>\n\t\t\t\t\t<\/div>\n\t\t\t\t<\/div>\n\t\t<div class=\"elementor-element elementor-element-fefdc7f e-flex e-con-boxed e-con e-parent\" data-id=\"fefdc7f\" data-element_type=\"container\" data-e-type=\"container\">\n\t\t\t\t\t<div class=\"e-con-inner\">\n\t\t\t\t<div class=\"elementor-element elementor-element-45c8809 elementor-widget elementor-widget-heading\" data-id=\"45c8809\" data-element_type=\"widget\" data-e-type=\"widget\" data-widget_type=\"heading.default\">\n\t\t\t\t\t<h2 class=\"elementor-heading-title elementor-size-default\">Conclus\u00e3o<\/h2>\t\t\t\t<\/div>\n\t\t\t\t<div class=\"elementor-element elementor-element-46db12b elementor-widget elementor-widget-text-editor\" data-id=\"46db12b\" data-element_type=\"widget\" data-e-type=\"widget\" data-widget_type=\"text-editor.default\">\n\t\t\t\t\t\t\t\t\t<p>Distinguir <strong data-start=\"4468\" data-end=\"4499\">constipa\u00e7\u00e3o, gripe ou Covid<\/strong> \u00e9 essencial para tomar decis\u00f5es informadas sobre cuidados pessoais, preven\u00e7\u00e3o e procura atempada de apoio m\u00e9dico. Enquanto a constipa\u00e7\u00e3o \u00e9 geralmente benigna e limitada \u00e0s vias respirat\u00f3rias superiores, a gripe apresenta sintomas s\u00fabitos e intensos. A Covid-19 partilha algumas caracter\u00edsticas com a gripe, mas distingue-se pela perda de olfato, maior dura\u00e7\u00e3o e maior risco de complica\u00e7\u00f5es em certos casos. A vacina\u00e7\u00e3o, a higiene e a orienta\u00e7\u00e3o m\u00e9dica continuam a ser pilares fundamentais da protec\u00e7\u00e3o individual e colectiva.<\/p>\t\t\t\t\t\t\t\t<\/div>\n\t\t\t\t<div class=\"elementor-element elementor-element-dc2ec0d elementor-widget elementor-widget-heading\" data-id=\"dc2ec0d\" data-element_type=\"widget\" data-e-type=\"widget\" data-widget_type=\"heading.default\">\n\t\t\t\t\t<h2 class=\"elementor-heading-title elementor-size-default\">Fontes<\/h2>\t\t\t\t<\/div>\n\t\t\t\t<div class=\"elementor-element elementor-element-1126707 elementor-widget elementor-widget-text-editor\" data-id=\"1126707\" data-element_type=\"widget\" data-e-type=\"widget\" data-widget_type=\"text-editor.default\">\n\t\t\t\t\t\t\t\t\t<p><a href=\"https:\/\/jsclinica.pt\" rel=\"dofollow noopener\" target=\"_blank\">JS Cl\u00ednica M\u00e9dica Viseu \u2013 \u201cGripe ou Constipa\u00e7\u00e3o?\u201d.<\/a><br data-start=\"5124\" data-end=\"5127\" \/><a href=\"https:\/\/www.medis.pt\" rel=\"nofollow noopener\" target=\"_blank\">M\u00e9dis \u2013 \u201cGripe ou Covid-19? Conhe\u00e7a as diferen\u00e7as\u201d.<\/a><br data-start=\"5214\" data-end=\"5217\" \/><a href=\"https:\/\/www.paho.org\" rel=\"nofollow noopener\" target=\"_blank\">Organiza\u00e7\u00e3o Pan-Americana da Sa\u00fade (OPAS\/OMS) \u2013 \u201cSemelhan\u00e7as e diferen\u00e7as entre gripe e Covid-19\u201d.<\/a><br \/><a href=\"https:\/\/www.mdpi.com\/2076-2607\/13\/8\/1836\" rel=\"nofollow noopener\" target=\"_blank\">Microorganisms \u2013 \u201cInfluenza A vs. COVID\u201119: A Retrospective Comparison of Hospitalized Patients in a Post\u2011Pandemic Setting\u201d<\/a><br \/><a href=\"https:\/\/www.mdpi.com\/1999-4915\/17\/12\/1545\" rel=\"nofollow noopener\" target=\"_blank\">Viruses \u2013 \u201cComparative Clinical Outcomes of Major Respiratory Viruses in Hospitalized Adults During the Post\u2011Pandemic Period\u201d<\/a><br \/><a href=\"https:\/\/www.actamedicaportuguesa.com\/revista\/index.php\/amp\/article\/view\/19566\" rel=\"nofollow noopener\" target=\"_blank\">Acta M\u00e9dica Portuguesa \u2013 \u201cLong COVID Symptoms in Non\u2011Hospitalised Patients: A Retrospective Study\u201d<\/a><\/p>\t\t\t\t\t\t\t\t<\/div>\n\t\t\t\t\t<\/div>\n\t\t\t\t<\/div>\n\t\t\t\t<\/div>\n\t\t","protected":false},"excerpt":{"rendered":"<p>Os sintomas de constipa\u00e7\u00e3o, gripe ou Covid podem ser semelhantes, o que gera confus\u00e3o e leva a d\u00favidas sobre quando procurar assist\u00eancia m\u00e9dica. Saber diferenci\u00e1-los ajuda a adoptar medidas adequadas de autocuidado e de preven\u00e7\u00e3o da transmiss\u00e3o. Este artigo resume as caracter\u00edsticas de cada doen\u00e7a com base em orienta\u00e7\u00f5es de especialistas. O que \u00e9 a [&hellip;]<\/p>\n","protected":false},"author":2964,"featured_media":54446,"comment_status":"closed","ping_status":"closed","sticky":false,"template":"","format":"standard","meta":{"_jetpack_memberships_contains_paid_content":false,"footnotes":""},"categories":[62],"tags":[],"class_list":["post-54418","post","type-post","status-publish","format-standard","has-post-thumbnail","hentry","category-cuidados-gerais-saude"],"jetpack_featured_media_url":"https:\/\/staging.mediconanet.pt\/wp-content\/uploads\/2026\/02\/constipacao-gripe-ou-covid-sintomas-diferencas-o-que-e.jpg","jetpack_sharing_enabled":true,"_links":{"self":[{"href":"https:\/\/staging.mediconanet.pt\/en\/wp-json\/wp\/v2\/posts\/54418","targetHints":{"allow":["GET"]}}],"collection":[{"href":"https:\/\/staging.mediconanet.pt\/en\/wp-json\/wp\/v2\/posts"}],"about":[{"href":"https:\/\/staging.mediconanet.pt\/en\/wp-json\/wp\/v2\/types\/post"}],"author":[{"embeddable":true,"href":"https:\/\/staging.mediconanet.pt\/en\/wp-json\/wp\/v2\/users\/2964"}],"replies":[{"embeddable":true,"href":"https:\/\/staging.mediconanet.pt\/en\/wp-json\/wp\/v2\/comments?post=54418"}],"version-history":[{"count":31,"href":"https:\/\/staging.mediconanet.pt\/en\/wp-json\/wp\/v2\/posts\/54418\/revisions"}],"predecessor-version":[{"id":54889,"href":"https:\/\/staging.mediconanet.pt\/en\/wp-json\/wp\/v2\/posts\/54418\/revisions\/54889"}],"wp:featuredmedia":[{"embeddable":true,"href":"https:\/\/staging.mediconanet.pt\/en\/wp-json\/wp\/v2\/media\/54446"}],"wp:attachment":[{"href":"https:\/\/staging.mediconanet.pt\/en\/wp-json\/wp\/v2\/media?parent=54418"}],"wp:term":[{"taxonomy":"category","embeddable":true,"href":"https:\/\/staging.mediconanet.pt\/en\/wp-json\/wp\/v2\/categories?post=54418"},{"taxonomy":"post_tag","embeddable":true,"href":"https:\/\/staging.mediconanet.pt\/en\/wp-json\/wp\/v2\/tags?post=54418"}],"curies":[{"name":"wp","href":"https:\/\/api.w.org\/{rel}","templated":true}]}}