{"id":54008,"date":"2026-02-05T09:59:06","date_gmt":"2026-02-05T09:59:06","guid":{"rendered":"https:\/\/www.mediconanet.pt\/?p=54008"},"modified":"2026-02-11T17:20:57","modified_gmt":"2026-02-11T17:20:57","slug":"covid-19-vs-gripe-diferencas-sintomas-protecao","status":"publish","type":"post","link":"https:\/\/staging.mediconanet.pt\/en\/covid-19-vs-gripe-diferencas-sintomas-protecao\/","title":{"rendered":"Covid\u201119 e gripe: diferen\u00e7as, semelhan\u00e7as e como se proteger"},"content":{"rendered":"\t\t<div data-elementor-type=\"wp-post\" data-elementor-id=\"54008\" class=\"elementor elementor-54008\" data-elementor-post-type=\"post\">\n\t\t\t\t<div class=\"elementor-element elementor-element-73fad7d e-flex e-con-boxed e-con e-parent\" data-id=\"73fad7d\" data-element_type=\"container\" data-e-type=\"container\">\n\t\t\t\t\t<div class=\"e-con-inner\">\n\t\t\t\t<div class=\"elementor-element elementor-element-7405474 elementor-widget elementor-widget-text-editor\" data-id=\"7405474\" data-element_type=\"widget\" data-e-type=\"widget\" data-widget_type=\"text-editor.default\">\n\t\t\t\t\t\t\t\t\t<p>Desde o in\u00edcio da pandemia, a compara\u00e7\u00e3o entre covid-19 vs gripe tem sido frequente. Ambas s\u00e3o infec\u00e7\u00f5es respirat\u00f3rias virais transmitidas por got\u00edculas, mas apresentam caracter\u00edsticas distintas que afectam a forma como se propagam, causam doen\u00e7a e s\u00e3o prevenidas. Este artigo explica as semelhan\u00e7as e diferen\u00e7as entre estas duas doen\u00e7as e apresenta medidas de preven\u00e7\u00e3o eficazes.<\/p>\t\t\t\t\t\t\t\t<\/div>\n\t\t\t\t<div class=\"elementor-element elementor-element-d2f2d96 elementor-widget elementor-widget-heading\" data-id=\"d2f2d96\" data-element_type=\"widget\" data-e-type=\"widget\" data-widget_type=\"heading.default\">\n\t\t\t\t\t<h2 class=\"elementor-heading-title elementor-size-default\">V\u00edrus e modo de transmiss\u00e3o<\/h2>\t\t\t\t<\/div>\n\t\t\t\t<div class=\"elementor-element elementor-element-c2f1201 elementor-widget elementor-widget-heading\" data-id=\"c2f1201\" data-element_type=\"widget\" data-e-type=\"widget\" data-widget_type=\"heading.default\">\n\t\t\t\t\t<h3 class=\"elementor-heading-title elementor-size-default\">Gripe<\/h3>\t\t\t\t<\/div>\n\t\t\t\t<div class=\"elementor-element elementor-element-f1e09d1 elementor-widget elementor-widget-text-editor\" data-id=\"f1e09d1\" data-element_type=\"widget\" data-e-type=\"widget\" data-widget_type=\"text-editor.default\">\n\t\t\t\t\t\t\t\t\t<p>A gripe sazonal \u00e9 causada por v\u00edrus influenza A e B. Transmite-se principalmente atrav\u00e9s de got\u00edculas respirat\u00f3rias emitidas ao tossir, espirrar ou falar. A incuba\u00e7\u00e3o \u00e9 curta, geralmente 1\u20134 dias, e a maioria das transmiss\u00f5es ocorre nos primeiros 3\u20135 dias de sintomas.<\/p>\t\t\t\t\t\t\t\t<\/div>\n\t\t\t\t<div class=\"elementor-element elementor-element-f9b3027 elementor-widget elementor-widget-heading\" data-id=\"f9b3027\" data-element_type=\"widget\" data-e-type=\"widget\" data-widget_type=\"heading.default\">\n\t\t\t\t\t<h3 class=\"elementor-heading-title elementor-size-default\">Covid-19<\/h3>\t\t\t\t<\/div>\n\t\t\t\t<div class=\"elementor-element elementor-element-cfe82cf elementor-widget elementor-widget-text-editor\" data-id=\"cfe82cf\" data-element_type=\"widget\" data-e-type=\"widget\" data-widget_type=\"text-editor.default\">\n\t\t\t\t\t\t\t\t\t<p>A Covid-19 \u00e9 causada pelo coronav\u00edrus SARS-CoV-2. Tal como a gripe, transmite-se atrav\u00e9s de got\u00edculas respirat\u00f3rias e por contacto com superf\u00edcies contaminadas. No entanto, no contexto covid-19 vs gripe, o per\u00edodo de incuba\u00e7\u00e3o da Covid-19 \u00e9 mais longo (1\u201314 dias) e a transmiss\u00e3o pode ocorrer 24\u201348 horas antes do in\u00edcio dos sintomas. O v\u00edrus apresenta maior capacidade de propaga\u00e7\u00e3o, com um n\u00famero b\u00e1sico de reprodu\u00e7\u00e3o (R0) estimado entre 2 e 2,5, superior ao da gripe.<\/p>\t\t\t\t\t\t\t\t<\/div>\n\t\t\t\t<div class=\"elementor-element elementor-element-109d07f elementor-widget elementor-widget-heading\" data-id=\"109d07f\" data-element_type=\"widget\" data-e-type=\"widget\" data-widget_type=\"heading.default\">\n\t\t\t\t\t<h2 class=\"elementor-heading-title elementor-size-default\">Sintomas e gravidade<\/h2>\t\t\t\t<\/div>\n\t\t\t\t<div class=\"elementor-element elementor-element-894cd62 elementor-widget elementor-widget-heading\" data-id=\"894cd62\" data-element_type=\"widget\" data-e-type=\"widget\" data-widget_type=\"heading.default\">\n\t\t\t\t\t<h3 class=\"elementor-heading-title elementor-size-default\">Sintomas t\u00edpicos da gripe<\/h3>\t\t\t\t<\/div>\n\t\t\t\t<div class=\"elementor-element elementor-element-52f5ad8 elementor-widget elementor-widget-text-editor\" data-id=\"52f5ad8\" data-element_type=\"widget\" data-e-type=\"widget\" data-widget_type=\"text-editor.default\">\n\t\t\t\t\t\t\t\t\t<p>A gripe apresenta sintomas s\u00fabitos como febre alta, tosse, dores no corpo, dor de garganta, dor de cabe\u00e7a e cansa\u00e7o extremo. A doen\u00e7a dura geralmente 7\u201310 dias e a maioria das pessoas recupera sem complica\u00e7\u00f5es.<\/p>\t\t\t\t\t\t\t\t<\/div>\n\t\t\t\t<div class=\"elementor-element elementor-element-8d8e71a elementor-widget elementor-widget-heading\" data-id=\"8d8e71a\" data-element_type=\"widget\" data-e-type=\"widget\" data-widget_type=\"heading.default\">\n\t\t\t\t\t<h3 class=\"elementor-heading-title elementor-size-default\">Sintomas de Covid-19<\/h3>\t\t\t\t<\/div>\n\t\t\t\t<div class=\"elementor-element elementor-element-5f2015e elementor-widget elementor-widget-text-editor\" data-id=\"5f2015e\" data-element_type=\"widget\" data-e-type=\"widget\" data-widget_type=\"text-editor.default\">\n\t\t\t\t\t\t\t\t\t<p>Na compara\u00e7\u00e3o covid-19 vs gripe, os sintomas da Covid-19 podem ser semelhantes aos da gripe, como febre, tosse e dores no corpo, mas tamb\u00e9m incluem falta de ar, fadiga intensa, perda do olfato e do paladar, congest\u00e3o nasal e diarreia. A doen\u00e7a pode ser assintom\u00e1tica ou ligeira em cerca de 80 % dos casos, mas aproximadamente 15 % desenvolvem doen\u00e7a grave com necessidade de oxig\u00e9nio e 5 % necessitam de ventila\u00e7\u00e3o. A taxa de mortalidade estimada \u00e9 mais elevada do que a da gripe, que raramente ultrapassa 0,1 %.<\/p>\t\t\t\t\t\t\t\t<\/div>\n\t\t\t\t<div class=\"elementor-element elementor-element-54d497d elementor-widget elementor-widget-image\" data-id=\"54d497d\" data-element_type=\"widget\" data-e-type=\"widget\" data-widget_type=\"image.default\">\n\t\t\t\t\t\t\t\t\t\t\t\t\t\t\t<img fetchpriority=\"high\" decoding=\"async\" width=\"800\" height=\"448\" src=\"https:\/\/staging.mediconanet.pt\/wp-content\/uploads\/2026\/02\/covid-19-vs-gripe-consulta-online-1024x573.jpg\" class=\"attachment-large size-large wp-image-54023\" alt=\"Consulta m\u00e9dica online para esclarecimento de covid-19 vs gripe\" srcset=\"https:\/\/staging.mediconanet.pt\/wp-content\/uploads\/2026\/02\/covid-19-vs-gripe-consulta-online-1024x573.jpg 1024w, https:\/\/staging.mediconanet.pt\/wp-content\/uploads\/2026\/02\/covid-19-vs-gripe-consulta-online-300x168.jpg 300w, https:\/\/staging.mediconanet.pt\/wp-content\/uploads\/2026\/02\/covid-19-vs-gripe-consulta-online-768x430.jpg 768w, https:\/\/staging.mediconanet.pt\/wp-content\/uploads\/2026\/02\/covid-19-vs-gripe-consulta-online-1536x860.jpg 1536w, https:\/\/staging.mediconanet.pt\/wp-content\/uploads\/2026\/02\/covid-19-vs-gripe-consulta-online-18x10.jpg 18w, https:\/\/staging.mediconanet.pt\/wp-content\/uploads\/2026\/02\/covid-19-vs-gripe-consulta-online-600x336.jpg 600w, https:\/\/staging.mediconanet.pt\/wp-content\/uploads\/2026\/02\/covid-19-vs-gripe-consulta-online.jpg 1600w\" sizes=\"(max-width: 800px) 100vw, 800px\" \/>\t\t\t\t\t\t\t\t\t\t\t\t\t\t\t<\/div>\n\t\t\t\t<div class=\"elementor-element elementor-element-3a236a2 elementor-widget elementor-widget-heading\" data-id=\"3a236a2\" data-element_type=\"widget\" data-e-type=\"widget\" data-widget_type=\"heading.default\">\n\t\t\t\t\t<h2 class=\"elementor-heading-title elementor-size-default\">Tratamento e vacinas: Covid-19 vs Gripe<\/h2>\t\t\t\t<\/div>\n\t\t\t\t<div class=\"elementor-element elementor-element-b36c86d elementor-widget elementor-widget-heading\" data-id=\"b36c86d\" data-element_type=\"widget\" data-e-type=\"widget\" data-widget_type=\"heading.default\">\n\t\t\t\t\t<h3 class=\"elementor-heading-title elementor-size-default\">Gripe<\/h3>\t\t\t\t<\/div>\n\t\t\t\t<div class=\"elementor-element elementor-element-ef1de45 elementor-widget elementor-widget-text-editor\" data-id=\"ef1de45\" data-element_type=\"widget\" data-e-type=\"widget\" data-widget_type=\"text-editor.default\">\n\t\t\t\t\t\t\t\t\t<p>Existem vacinas sazonais contra a gripe, actualizadas anualmente para cobrir as estirpes mais comuns. Medicamentos antiv\u00edricos podem reduzir a dura\u00e7\u00e3o e a gravidade se administrados precocemente. O tratamento principal consiste em repouso, hidrata\u00e7\u00e3o e antipir\u00e9ticos.<\/p>\t\t\t\t\t\t\t\t<\/div>\n\t\t\t\t<div class=\"elementor-element elementor-element-13f048e elementor-widget elementor-widget-heading\" data-id=\"13f048e\" data-element_type=\"widget\" data-e-type=\"widget\" data-widget_type=\"heading.default\">\n\t\t\t\t\t<h3 class=\"elementor-heading-title elementor-size-default\">Covid-19<\/h3>\t\t\t\t<\/div>\n\t\t\t\t<div class=\"elementor-element elementor-element-16d4bf6 elementor-widget elementor-widget-text-editor\" data-id=\"16d4bf6\" data-element_type=\"widget\" data-e-type=\"widget\" data-widget_type=\"text-editor.default\">\n\t\t\t\t\t\t\t\t\t<p>Actualmente existem vacinas eficazes contra a Covid-19 que reduzem drasticamente a gravidade da doen\u00e7a e a mortalidade. No cen\u00e1rio covid-19 vs gripe, os tratamentos da Covid-19 variam consoante a gravidade: nos casos leves, recomendam-se repouso e isolamento; nos casos graves, pode ser necess\u00e1ria hospitaliza\u00e7\u00e3o e terap\u00eautica espec\u00edfica. N\u00e3o existem antibi\u00f3ticos eficazes contra v\u00edrus.<\/p>\t\t\t\t\t\t\t\t<\/div>\n\t\t\t\t<div class=\"elementor-element elementor-element-1149c62 elementor-widget elementor-widget-heading\" data-id=\"1149c62\" data-element_type=\"widget\" data-e-type=\"widget\" data-widget_type=\"heading.default\">\n\t\t\t\t\t<h2 class=\"elementor-heading-title elementor-size-default\">Preven\u00e7\u00e3o<\/h2>\t\t\t\t<\/div>\n\t\t\t\t<div class=\"elementor-element elementor-element-b1273fd elementor-widget elementor-widget-text-editor\" data-id=\"b1273fd\" data-element_type=\"widget\" data-e-type=\"widget\" data-widget_type=\"text-editor.default\">\n\t\t\t\t\t\t\t\t\t<p data-start=\"3026\" data-end=\"3105\">Em situa\u00e7\u00f5es de <strong data-start=\"3042\" data-end=\"3063\">covid-19 vs gripe<\/strong>, as medidas de preven\u00e7\u00e3o s\u00e3o semelhantes:<\/p><ul><li data-start=\"3109\" data-end=\"3204\"><strong data-start=\"3109\" data-end=\"3130\">Higiene das m\u00e3os:<\/strong> lavar frequentemente as m\u00e3os com \u00e1gua e sab\u00e3o ou usar solu\u00e7\u00e3o alco\u00f3lica<\/li><li data-start=\"3109\" data-end=\"3204\"><strong data-start=\"3207\" data-end=\"3233\">Etiqueta respirat\u00f3ria:<\/strong> tapar a boca e o nariz ao tossir ou espirrar e utilizar len\u00e7os descart\u00e1veis<\/li><li data-start=\"3109\" data-end=\"3204\"><strong data-start=\"3314\" data-end=\"3357\">Distanciamento f\u00edsico e uso de m\u00e1scara:<\/strong> especialmente em ambientes fechados e junto de pessoas vulner\u00e1veis<\/li><li data-start=\"3109\" data-end=\"3204\"><strong data-start=\"3429\" data-end=\"3443\">Vacina\u00e7\u00e3o:<\/strong> tomar a vacina anual contra a gripe e completar o esquema de vacina\u00e7\u00e3o contra a Covid-19<\/li><\/ul>\t\t\t\t\t\t\t\t<\/div>\n\t\t\t\t\t<\/div>\n\t\t\t\t<\/div>\n\t\t<div class=\"elementor-element elementor-element-7d1dbe6 e-flex e-con-boxed e-con e-parent\" data-id=\"7d1dbe6\" data-element_type=\"container\" data-e-type=\"container\">\n\t\t\t\t\t<div class=\"e-con-inner\">\n\t\t<div class=\"elementor-element elementor-element-0afc31e e-con-full e-flex e-con e-child\" data-id=\"0afc31e\" data-element_type=\"container\" data-e-type=\"container\">\n\t\t<div class=\"elementor-element elementor-element-81cce76 e-con-full e-flex e-con e-child\" data-id=\"81cce76\" data-element_type=\"container\" data-e-type=\"container\">\n\t\t\t\t<div class=\"elementor-element elementor-element-f8534cf elementor-widget elementor-widget-heading\" data-id=\"f8534cf\" data-element_type=\"widget\" data-e-type=\"widget\" data-widget_type=\"heading.default\">\n\t\t\t\t\t<h2 class=\"elementor-heading-title elementor-size-default\">Perguntas frequentes (FAQ)<\/h2>\t\t\t\t<\/div>\n\t\t\t\t<div class=\"elementor-element elementor-element-d49d8d4 elementor-widget elementor-widget-n-accordion\" data-id=\"d49d8d4\" data-element_type=\"widget\" data-e-type=\"widget\" data-settings=\"{&quot;default_state&quot;:&quot;all_collapsed&quot;,&quot;max_items_expended&quot;:&quot;one&quot;,&quot;n_accordion_animation_duration&quot;:{&quot;unit&quot;:&quot;ms&quot;,&quot;size&quot;:400,&quot;sizes&quot;:[]}}\" data-widget_type=\"nested-accordion.default\">\n\t\t\t\t\t\t\t<div class=\"e-n-accordion\" aria-label=\"Accordion. Open links with Enter or Space, close with Escape, and navigate with Arrow Keys\">\n\t\t\t\t\t\t<details id=\"e-n-accordion-item-2220\" class=\"e-n-accordion-item\" >\n\t\t\t\t<summary class=\"e-n-accordion-item-title\" data-accordion-index=\"1\" tabindex=\"0\" aria-expanded=\"false\" aria-controls=\"e-n-accordion-item-2220\" >\n\t\t\t\t\t<span class='e-n-accordion-item-title-header'><div class=\"e-n-accordion-item-title-text\"> Como distinguir Covid-19 de gripe apenas pelos sintomas? <\/div><\/span>\n\t\t\t\t\t\t\t<span class='e-n-accordion-item-title-icon'>\n\t\t\t<span class='e-opened' ><svg aria-hidden=\"true\" class=\"e-font-icon-svg e-fas-minus\" viewBox=\"0 0 448 512\" xmlns=\"http:\/\/www.w3.org\/2000\/svg\"><path d=\"M416 208H32c-17.67 0-32 14.33-32 32v32c0 17.67 14.33 32 32 32h384c17.67 0 32-14.33 32-32v-32c0-17.67-14.33-32-32-32z\"><\/path><\/svg><\/span>\n\t\t\t<span class='e-closed'><svg aria-hidden=\"true\" class=\"e-font-icon-svg e-fas-plus\" viewBox=\"0 0 448 512\" xmlns=\"http:\/\/www.w3.org\/2000\/svg\"><path d=\"M416 208H272V64c0-17.67-14.33-32-32-32h-32c-17.67 0-32 14.33-32 32v144H32c-17.67 0-32 14.33-32 32v32c0 17.67 14.33 32 32 32h144v144c0 17.67 14.33 32 32 32h32c17.67 0 32-14.33 32-32V304h144c17.67 0 32-14.33 32-32v-32c0-17.67-14.33-32-32-32z\"><\/path><\/svg><\/span>\n\t\t<\/span>\n\n\t\t\t\t\t\t<\/summary>\n\t\t\t\t<div role=\"region\" aria-labelledby=\"e-n-accordion-item-2220\" class=\"elementor-element elementor-element-6b3b531 e-con-full e-flex e-con e-child\" data-id=\"6b3b531\" data-element_type=\"container\" data-e-type=\"container\">\n\t\t<div role=\"region\" aria-labelledby=\"e-n-accordion-item-2220\" class=\"elementor-element elementor-element-aa7a1d8 e-flex e-con-boxed e-con e-child\" data-id=\"aa7a1d8\" data-element_type=\"container\" data-e-type=\"container\">\n\t\t\t\t\t<div class=\"e-con-inner\">\n\t\t\t\t<div class=\"elementor-element elementor-element-013cd77 elementor-widget elementor-widget-text-editor\" data-id=\"013cd77\" data-element_type=\"widget\" data-e-type=\"widget\" data-widget_type=\"text-editor.default\">\n\t\t\t\t\t\t\t\t\t<p>\u00c9 dif\u00edcil, pois os sintomas sobrep\u00f5em-se. No contexto covid-19 vs gripe, a perda de olfato e paladar \u00e9 mais sugestiva de Covid-19, mas a confirma\u00e7\u00e3o exige teste laboratorial. Em caso de sintomas, deve isolar-se e contactar o SNS 24.<\/p>\t\t\t\t\t\t\t\t<\/div>\n\t\t\t\t\t<\/div>\n\t\t\t\t<\/div>\n\t\t\t\t<\/div>\n\t\t\t\t\t<\/details>\n\t\t\t\t\t\t<details id=\"e-n-accordion-item-2221\" class=\"e-n-accordion-item\" >\n\t\t\t\t<summary class=\"e-n-accordion-item-title\" data-accordion-index=\"2\" tabindex=\"-1\" aria-expanded=\"false\" aria-controls=\"e-n-accordion-item-2221\" >\n\t\t\t\t\t<span class='e-n-accordion-item-title-header'><div class=\"e-n-accordion-item-title-text\"> A gripe aumenta o risco de contrair Covid-19? <\/div><\/span>\n\t\t\t\t\t\t\t<span class='e-n-accordion-item-title-icon'>\n\t\t\t<span class='e-opened' ><svg aria-hidden=\"true\" class=\"e-font-icon-svg e-fas-minus\" viewBox=\"0 0 448 512\" xmlns=\"http:\/\/www.w3.org\/2000\/svg\"><path d=\"M416 208H32c-17.67 0-32 14.33-32 32v32c0 17.67 14.33 32 32 32h384c17.67 0 32-14.33 32-32v-32c0-17.67-14.33-32-32-32z\"><\/path><\/svg><\/span>\n\t\t\t<span class='e-closed'><svg aria-hidden=\"true\" class=\"e-font-icon-svg e-fas-plus\" viewBox=\"0 0 448 512\" xmlns=\"http:\/\/www.w3.org\/2000\/svg\"><path d=\"M416 208H272V64c0-17.67-14.33-32-32-32h-32c-17.67 0-32 14.33-32 32v144H32c-17.67 0-32 14.33-32 32v32c0 17.67 14.33 32 32 32h144v144c0 17.67 14.33 32 32 32h32c17.67 0 32-14.33 32-32V304h144c17.67 0 32-14.33 32-32v-32c0-17.67-14.33-32-32-32z\"><\/path><\/svg><\/span>\n\t\t<\/span>\n\n\t\t\t\t\t\t<\/summary>\n\t\t\t\t<div role=\"region\" aria-labelledby=\"e-n-accordion-item-2221\" class=\"elementor-element elementor-element-6324b7d e-con-full e-flex e-con e-child\" data-id=\"6324b7d\" data-element_type=\"container\" data-e-type=\"container\">\n\t\t<div role=\"region\" aria-labelledby=\"e-n-accordion-item-2221\" class=\"elementor-element elementor-element-baad81c e-flex e-con-boxed e-con e-child\" data-id=\"baad81c\" data-element_type=\"container\" data-e-type=\"container\">\n\t\t\t\t\t<div class=\"e-con-inner\">\n\t\t\t\t<div class=\"elementor-element elementor-element-76188cb elementor-widget elementor-widget-text-editor\" data-id=\"76188cb\" data-element_type=\"widget\" data-e-type=\"widget\" data-widget_type=\"text-editor.default\">\n\t\t\t\t\t\t\t\t\t<p>N\u00e3o directamente, mas estar doente fragiliza o sistema imunit\u00e1rio. A vacina\u00e7\u00e3o contra a gripe ajuda a reduzir a press\u00e3o sobre os servi\u00e7os de sa\u00fade.<\/p>\t\t\t\t\t\t\t\t<\/div>\n\t\t\t\t\t<\/div>\n\t\t\t\t<\/div>\n\t\t\t\t<\/div>\n\t\t\t\t\t<\/details>\n\t\t\t\t\t\t<details id=\"e-n-accordion-item-2222\" class=\"e-n-accordion-item\" >\n\t\t\t\t<summary class=\"e-n-accordion-item-title\" data-accordion-index=\"3\" tabindex=\"-1\" aria-expanded=\"false\" aria-controls=\"e-n-accordion-item-2222\" >\n\t\t\t\t\t<span class='e-n-accordion-item-title-header'><div class=\"e-n-accordion-item-title-text\"> Posso tomar a vacina da gripe e da Covid-19 ao mesmo tempo? <\/div><\/span>\n\t\t\t\t\t\t\t<span class='e-n-accordion-item-title-icon'>\n\t\t\t<span class='e-opened' ><svg aria-hidden=\"true\" class=\"e-font-icon-svg e-fas-minus\" viewBox=\"0 0 448 512\" xmlns=\"http:\/\/www.w3.org\/2000\/svg\"><path d=\"M416 208H32c-17.67 0-32 14.33-32 32v32c0 17.67 14.33 32 32 32h384c17.67 0 32-14.33 32-32v-32c0-17.67-14.33-32-32-32z\"><\/path><\/svg><\/span>\n\t\t\t<span class='e-closed'><svg aria-hidden=\"true\" class=\"e-font-icon-svg e-fas-plus\" viewBox=\"0 0 448 512\" xmlns=\"http:\/\/www.w3.org\/2000\/svg\"><path d=\"M416 208H272V64c0-17.67-14.33-32-32-32h-32c-17.67 0-32 14.33-32 32v144H32c-17.67 0-32 14.33-32 32v32c0 17.67 14.33 32 32 32h144v144c0 17.67 14.33 32 32 32h32c17.67 0 32-14.33 32-32V304h144c17.67 0 32-14.33 32-32v-32c0-17.67-14.33-32-32-32z\"><\/path><\/svg><\/span>\n\t\t<\/span>\n\n\t\t\t\t\t\t<\/summary>\n\t\t\t\t<div role=\"region\" aria-labelledby=\"e-n-accordion-item-2222\" class=\"elementor-element elementor-element-85b6d12 e-con-full e-flex e-con e-child\" data-id=\"85b6d12\" data-element_type=\"container\" data-e-type=\"container\">\n\t\t<div role=\"region\" aria-labelledby=\"e-n-accordion-item-2222\" class=\"elementor-element elementor-element-f2f96db e-flex e-con-boxed e-con e-child\" data-id=\"f2f96db\" data-element_type=\"container\" data-e-type=\"container\">\n\t\t\t\t\t<div class=\"e-con-inner\">\n\t\t\t\t<div class=\"elementor-element elementor-element-320d9c8 elementor-widget elementor-widget-text-editor\" data-id=\"320d9c8\" data-element_type=\"widget\" data-e-type=\"widget\" data-widget_type=\"text-editor.default\">\n\t\t\t\t\t\t\t\t\t<p>Sim. As autoridades de sa\u00fade recomendam a vacina\u00e7\u00e3o contra ambas, inclusive na mesma \u00e9poca do ano, de acordo com orienta\u00e7\u00e3o m\u00e9dica.<\/p>\t\t\t\t\t\t\t\t<\/div>\n\t\t\t\t\t<\/div>\n\t\t\t\t<\/div>\n\t\t\t\t<\/div>\n\t\t\t\t\t<\/details>\n\t\t\t\t\t\t<details id=\"e-n-accordion-item-2223\" class=\"e-n-accordion-item\" >\n\t\t\t\t<summary class=\"e-n-accordion-item-title\" data-accordion-index=\"4\" tabindex=\"-1\" aria-expanded=\"false\" aria-controls=\"e-n-accordion-item-2223\" >\n\t\t\t\t\t<span class='e-n-accordion-item-title-header'><div class=\"e-n-accordion-item-title-text\"> Existe tratamento espec\u00edfico para a Covid-19? <\/div><\/span>\n\t\t\t\t\t\t\t<span class='e-n-accordion-item-title-icon'>\n\t\t\t<span class='e-opened' ><svg aria-hidden=\"true\" class=\"e-font-icon-svg e-fas-minus\" viewBox=\"0 0 448 512\" xmlns=\"http:\/\/www.w3.org\/2000\/svg\"><path d=\"M416 208H32c-17.67 0-32 14.33-32 32v32c0 17.67 14.33 32 32 32h384c17.67 0 32-14.33 32-32v-32c0-17.67-14.33-32-32-32z\"><\/path><\/svg><\/span>\n\t\t\t<span class='e-closed'><svg aria-hidden=\"true\" class=\"e-font-icon-svg e-fas-plus\" viewBox=\"0 0 448 512\" xmlns=\"http:\/\/www.w3.org\/2000\/svg\"><path d=\"M416 208H272V64c0-17.67-14.33-32-32-32h-32c-17.67 0-32 14.33-32 32v144H32c-17.67 0-32 14.33-32 32v32c0 17.67 14.33 32 32 32h144v144c0 17.67 14.33 32 32 32h32c17.67 0 32-14.33 32-32V304h144c17.67 0 32-14.33 32-32v-32c0-17.67-14.33-32-32-32z\"><\/path><\/svg><\/span>\n\t\t<\/span>\n\n\t\t\t\t\t\t<\/summary>\n\t\t\t\t<div role=\"region\" aria-labelledby=\"e-n-accordion-item-2223\" class=\"elementor-element elementor-element-3b7f8a0 e-con-full e-flex e-con e-child\" data-id=\"3b7f8a0\" data-element_type=\"container\" data-e-type=\"container\">\n\t\t<div role=\"region\" aria-labelledby=\"e-n-accordion-item-2223\" class=\"elementor-element elementor-element-a06791a e-flex e-con-boxed e-con e-child\" data-id=\"a06791a\" data-element_type=\"container\" data-e-type=\"container\">\n\t\t\t\t\t<div class=\"e-con-inner\">\n\t\t\t\t<div class=\"elementor-element elementor-element-1313b12 elementor-widget elementor-widget-text-editor\" data-id=\"1313b12\" data-element_type=\"widget\" data-e-type=\"widget\" data-widget_type=\"text-editor.default\">\n\t\t\t\t\t\t\t\t\t<p>Para casos ligeiros, o tratamento \u00e9 sintom\u00e1tico. Casos graves podem necessitar de oxig\u00e9nio e terap\u00eautica espec\u00edfica. A automedica\u00e7\u00e3o n\u00e3o \u00e9 recomendada.<\/p>\t\t\t\t\t\t\t\t<\/div>\n\t\t\t\t\t<\/div>\n\t\t\t\t<\/div>\n\t\t\t\t<\/div>\n\t\t\t\t\t<\/details>\n\t\t\t\t\t\t<details id=\"e-n-accordion-item-2224\" class=\"e-n-accordion-item\" >\n\t\t\t\t<summary class=\"e-n-accordion-item-title\" data-accordion-index=\"5\" tabindex=\"-1\" aria-expanded=\"false\" aria-controls=\"e-n-accordion-item-2224\" >\n\t\t\t\t\t<span class='e-n-accordion-item-title-header'><div class=\"e-n-accordion-item-title-text\"> Porque \u00e9 importante manter as medidas de preven\u00e7\u00e3o se estou vacinado? <\/div><\/span>\n\t\t\t\t\t\t\t<span class='e-n-accordion-item-title-icon'>\n\t\t\t<span class='e-opened' ><svg aria-hidden=\"true\" class=\"e-font-icon-svg e-fas-minus\" viewBox=\"0 0 448 512\" xmlns=\"http:\/\/www.w3.org\/2000\/svg\"><path d=\"M416 208H32c-17.67 0-32 14.33-32 32v32c0 17.67 14.33 32 32 32h384c17.67 0 32-14.33 32-32v-32c0-17.67-14.33-32-32-32z\"><\/path><\/svg><\/span>\n\t\t\t<span class='e-closed'><svg aria-hidden=\"true\" class=\"e-font-icon-svg e-fas-plus\" viewBox=\"0 0 448 512\" xmlns=\"http:\/\/www.w3.org\/2000\/svg\"><path d=\"M416 208H272V64c0-17.67-14.33-32-32-32h-32c-17.67 0-32 14.33-32 32v144H32c-17.67 0-32 14.33-32 32v32c0 17.67 14.33 32 32 32h144v144c0 17.67 14.33 32 32 32h32c17.67 0 32-14.33 32-32V304h144c17.67 0 32-14.33 32-32v-32c0-17.67-14.33-32-32-32z\"><\/path><\/svg><\/span>\n\t\t<\/span>\n\n\t\t\t\t\t\t<\/summary>\n\t\t\t\t<div role=\"region\" aria-labelledby=\"e-n-accordion-item-2224\" class=\"elementor-element elementor-element-752a3bf e-con-full e-flex e-con e-child\" data-id=\"752a3bf\" data-element_type=\"container\" data-e-type=\"container\">\n\t\t<div role=\"region\" aria-labelledby=\"e-n-accordion-item-2224\" class=\"elementor-element elementor-element-9b45669 e-flex e-con-boxed e-con e-child\" data-id=\"9b45669\" data-element_type=\"container\" data-e-type=\"container\">\n\t\t\t\t\t<div class=\"e-con-inner\">\n\t\t\t\t<div class=\"elementor-element elementor-element-b19de11 elementor-widget elementor-widget-text-editor\" data-id=\"b19de11\" data-element_type=\"widget\" data-e-type=\"widget\" data-widget_type=\"text-editor.default\">\n\t\t\t\t\t\t\t\t\t<p>Mesmo vacinado, pode ocorrer infec\u00e7\u00e3o. As medidas preventivas complementam a vacina\u00e7\u00e3o e protegem pessoas mais vulner\u00e1veis.<\/p>\t\t\t\t\t\t\t\t<\/div>\n\t\t\t\t\t<\/div>\n\t\t\t\t<\/div>\n\t\t\t\t<\/div>\n\t\t\t\t\t<\/details>\n\t\t\t\t\t<\/div>\n\t\t\t\t\t<script type=\"application\/ld+json\">{\"@context\":\"https:\\\/\\\/schema.org\",\"@type\":\"FAQPage\",\"mainEntity\":[{\"@type\":\"Question\",\"name\":\"Como distinguir Covid-19 de gripe apenas pelos sintomas?\",\"acceptedAnswer\":{\"@type\":\"Answer\",\"text\":\"\\u00c9 dif\\u00edcil, pois os sintomas sobrep\\u00f5em-se. No contexto covid-19 vs gripe, a perda de olfato e paladar \\u00e9 mais sugestiva de Covid-19, mas a confirma\\u00e7\\u00e3o exige teste laboratorial. Em caso de sintomas, deve isolar-se e contactar o SNS 24.\"}},{\"@type\":\"Question\",\"name\":\"A gripe aumenta o risco de contrair Covid-19?\",\"acceptedAnswer\":{\"@type\":\"Answer\",\"text\":\"N\\u00e3o directamente, mas estar doente fragiliza o sistema imunit\\u00e1rio. A vacina\\u00e7\\u00e3o contra a gripe ajuda a reduzir a press\\u00e3o sobre os servi\\u00e7os de sa\\u00fade.\"}},{\"@type\":\"Question\",\"name\":\"Posso tomar a vacina da gripe e da Covid-19 ao mesmo tempo?\",\"acceptedAnswer\":{\"@type\":\"Answer\",\"text\":\"Sim. As autoridades de sa\\u00fade recomendam a vacina\\u00e7\\u00e3o contra ambas, inclusive na mesma \\u00e9poca do ano, de acordo com orienta\\u00e7\\u00e3o m\\u00e9dica.\"}},{\"@type\":\"Question\",\"name\":\"Existe tratamento espec\\u00edfico para a Covid-19?\",\"acceptedAnswer\":{\"@type\":\"Answer\",\"text\":\"Para casos ligeiros, o tratamento \\u00e9 sintom\\u00e1tico. Casos graves podem necessitar de oxig\\u00e9nio e terap\\u00eautica espec\\u00edfica. A automedica\\u00e7\\u00e3o n\\u00e3o \\u00e9 recomendada.\"}},{\"@type\":\"Question\",\"name\":\"Porque \\u00e9 importante manter as medidas de preven\\u00e7\\u00e3o se estou vacinado?\",\"acceptedAnswer\":{\"@type\":\"Answer\",\"text\":\"Mesmo vacinado, pode ocorrer infec\\u00e7\\u00e3o. As medidas preventivas complementam a vacina\\u00e7\\u00e3o e protegem pessoas mais vulner\\u00e1veis.\"}}]}<\/script>\n\t\t\t\t\t\t\t<\/div>\n\t\t\t\t<\/div>\n\t\t\t\t<\/div>\n\t\t\t\t\t<\/div>\n\t\t\t\t<\/div>\n\t\t<div class=\"elementor-element elementor-element-120725d e-flex e-con-boxed e-con e-parent\" data-id=\"120725d\" data-element_type=\"container\" data-e-type=\"container\">\n\t\t\t\t\t<div class=\"e-con-inner\">\n\t\t\t\t<div class=\"elementor-element elementor-element-ddf9338 elementor-widget elementor-widget-heading\" data-id=\"ddf9338\" data-element_type=\"widget\" data-e-type=\"widget\" data-widget_type=\"heading.default\">\n\t\t\t\t\t<h2 class=\"elementor-heading-title elementor-size-default\">Conclus\u00e3o<\/h2>\t\t\t\t<\/div>\n\t\t\t\t<div class=\"elementor-element elementor-element-d23424a elementor-widget elementor-widget-text-editor\" data-id=\"d23424a\" data-element_type=\"widget\" data-e-type=\"widget\" data-widget_type=\"text-editor.default\">\n\t\t\t\t\t\t\t\t\t<p>Na compara\u00e7\u00e3o covid-19 vs gripe, ambas as doen\u00e7as partilham vias de transmiss\u00e3o, mas diferem em termos de virul\u00eancia, per\u00edodo de incuba\u00e7\u00e3o e gravidade. A Covid-19 tende a ser mais contagiosa e a provocar mais casos graves e mortes. A melhor forma de protec\u00e7\u00e3o \u00e9 conjugar a vacina\u00e7\u00e3o com medidas de higiene e etiqueta respirat\u00f3ria. Perante sintomas, \u00e9 essencial procurar orienta\u00e7\u00e3o m\u00e9dica para um diagn\u00f3stico correcto e para a protec\u00e7\u00e3o da comunidade.<\/p><p>Na <strong data-start=\"151\" data-end=\"168\">M\u00e9dico na Net<\/strong>, \u00e9 poss\u00edvel agendar uma <a href=\"https:\/\/staging.mediconanet.pt\/produto\/covid-19\/\"><strong data-start=\"193\" data-end=\"260\">consulta m\u00e9dica online para avalia\u00e7\u00e3o de sintomas respirat\u00f3rios<\/strong><\/a>, ajudando a esclarecer situa\u00e7\u00f5es de <strong data-start=\"297\" data-end=\"318\">covid-19 vs gripe<\/strong>, incluindo suspeitas de gripe A (H1N1), gripe sazonal ou Covid-19. Atrav\u00e9s do acompanhamento m\u00e9dico \u00e0 dist\u00e2ncia, o profissional analisa os sintomas, o historial cl\u00ednico e os factores de risco, esclarece d\u00favidas e orienta os cuidados adequados, de forma segura, confidencial e sem necessidade de desloca\u00e7\u00e3o.<\/p>\t\t\t\t\t\t\t\t<\/div>\n\t\t\t\t<div class=\"elementor-element elementor-element-4d18f65 elementor-widget elementor-widget-heading\" data-id=\"4d18f65\" data-element_type=\"widget\" data-e-type=\"widget\" data-widget_type=\"heading.default\">\n\t\t\t\t\t<h2 class=\"elementor-heading-title elementor-size-default\">Fontes<\/h2>\t\t\t\t<\/div>\n\t\t\t\t<div class=\"elementor-element elementor-element-ee3bb0e elementor-widget elementor-widget-text-editor\" data-id=\"ee3bb0e\" data-element_type=\"widget\" data-e-type=\"widget\" data-widget_type=\"text-editor.default\">\n\t\t\t\t\t\t\t\t\t<p><a href=\"https:\/\/www.paho.org\" rel=\"dofollow noopener\" target=\"_blank\">Organiza\u00e7\u00e3o Pan-Americana da Sa\u00fade (OPAS\/OMS) \u2013 \u201cSemelhan\u00e7as e diferen\u00e7as entre gripe e Covid-19\u201d<\/a><br \/><a href=\"https:\/\/www.medis.pt\" rel=\"nofollow noopener\" target=\"_blank\">M\u00e9dis \u2013 \u201cGripe ou Covid-19? Conhe\u00e7a as diferen\u00e7as\u201d.<\/a><br \/><a href=\"https:\/\/www.mdpi.com\/2076-2607\/13\/8\/1836\" rel=\"nofollow noopener\" target=\"_blank\">Microorganisms \u2013 \u201cInfluenza A vs. COVID\u201119: A Retrospective Comparison of Hospitalized Patients in a Post\u2011Pandemic Setting\u201d<\/a><br \/><a href=\"https:\/\/www.mdpi.com\/1999-4915\/17\/12\/1545\" rel=\"nofollow noopener\" target=\"_blank\">Viruses \u2013 \u201cComparative Clinical Outcomes of Major Respiratory Viruses in Hospitalized Adults During the Post\u2011Pandemic Period\u201d<\/a><br \/><a href=\"https:\/\/www.actamedicaportuguesa.com\/revista\/index.php\/amp\/article\/view\/19566\" rel=\"nofollow noopener\" target=\"_blank\">Acta M\u00e9dica Portuguesa \u2013 \u201cLong COVID Symptoms in Non\u2011Hospitalised Patients: A Retrospective Study\u201d<\/a><\/p>\t\t\t\t\t\t\t\t<\/div>\n\t\t\t\t\t<\/div>\n\t\t\t\t<\/div>\n\t\t\t\t<\/div>\n\t\t","protected":false},"excerpt":{"rendered":"<p>Desde o in\u00edcio da pandemia, a compara\u00e7\u00e3o entre covid-19 vs gripe tem sido frequente. Ambas s\u00e3o infec\u00e7\u00f5es respirat\u00f3rias virais transmitidas por got\u00edculas, mas apresentam caracter\u00edsticas distintas que afectam a forma como se propagam, causam doen\u00e7a e s\u00e3o prevenidas. Este artigo explica as semelhan\u00e7as e diferen\u00e7as entre estas duas doen\u00e7as e apresenta medidas de preven\u00e7\u00e3o eficazes. [&hellip;]<\/p>\n","protected":false},"author":2964,"featured_media":54019,"comment_status":"closed","ping_status":"closed","sticky":false,"template":"","format":"standard","meta":{"_jetpack_memberships_contains_paid_content":false,"footnotes":""},"categories":[62],"tags":[],"class_list":["post-54008","post","type-post","status-publish","format-standard","has-post-thumbnail","hentry","category-cuidados-gerais-saude"],"jetpack_featured_media_url":"https:\/\/staging.mediconanet.pt\/wp-content\/uploads\/2026\/02\/covid-19-vs-gripe-sintomas-prevencao.jpg","jetpack_sharing_enabled":true,"_links":{"self":[{"href":"https:\/\/staging.mediconanet.pt\/en\/wp-json\/wp\/v2\/posts\/54008","targetHints":{"allow":["GET"]}}],"collection":[{"href":"https:\/\/staging.mediconanet.pt\/en\/wp-json\/wp\/v2\/posts"}],"about":[{"href":"https:\/\/staging.mediconanet.pt\/en\/wp-json\/wp\/v2\/types\/post"}],"author":[{"embeddable":true,"href":"https:\/\/staging.mediconanet.pt\/en\/wp-json\/wp\/v2\/users\/2964"}],"replies":[{"embeddable":true,"href":"https:\/\/staging.mediconanet.pt\/en\/wp-json\/wp\/v2\/comments?post=54008"}],"version-history":[{"count":16,"href":"https:\/\/staging.mediconanet.pt\/en\/wp-json\/wp\/v2\/posts\/54008\/revisions"}],"predecessor-version":[{"id":54885,"href":"https:\/\/staging.mediconanet.pt\/en\/wp-json\/wp\/v2\/posts\/54008\/revisions\/54885"}],"wp:featuredmedia":[{"embeddable":true,"href":"https:\/\/staging.mediconanet.pt\/en\/wp-json\/wp\/v2\/media\/54019"}],"wp:attachment":[{"href":"https:\/\/staging.mediconanet.pt\/en\/wp-json\/wp\/v2\/media?parent=54008"}],"wp:term":[{"taxonomy":"category","embeddable":true,"href":"https:\/\/staging.mediconanet.pt\/en\/wp-json\/wp\/v2\/categories?post=54008"},{"taxonomy":"post_tag","embeddable":true,"href":"https:\/\/staging.mediconanet.pt\/en\/wp-json\/wp\/v2\/tags?post=54008"}],"curies":[{"name":"wp","href":"https:\/\/api.w.org\/{rel}","templated":true}]}}