{"id":53945,"date":"2026-02-04T17:20:39","date_gmt":"2026-02-04T17:20:39","guid":{"rendered":"https:\/\/www.mediconanet.pt\/?p=53945"},"modified":"2026-02-11T17:19:30","modified_gmt":"2026-02-11T17:19:30","slug":"gripe-a-vs-gripe-sazonal-diferencas-sintomas","status":"publish","type":"post","link":"https:\/\/staging.mediconanet.pt\/en\/gripe-a-vs-gripe-sazonal-diferencas-sintomas\/","title":{"rendered":"Gripe sazonal versus gripe A (H1N1): diferen\u00e7as, sintomas e preven\u00e7\u00e3o"},"content":{"rendered":"\t\t<div data-elementor-type=\"wp-post\" data-elementor-id=\"53945\" class=\"elementor elementor-53945\" data-elementor-post-type=\"post\">\n\t\t\t\t<div class=\"elementor-element elementor-element-674b3c2 e-flex e-con-boxed e-con e-parent\" data-id=\"674b3c2\" data-element_type=\"container\" data-e-type=\"container\">\n\t\t\t\t\t<div class=\"e-con-inner\">\n\t\t\t\t<div class=\"elementor-element elementor-element-91134f2 elementor-widget elementor-widget-text-editor\" data-id=\"91134f2\" data-element_type=\"widget\" data-e-type=\"widget\" data-widget_type=\"text-editor.default\">\n\t\t\t\t\t\t\t\t\t<p>A gripe A vs gripe sazonal \u00e9 uma infec\u00e7\u00e3o respirat\u00f3ria aguda causada por v\u00edrus influenza, mas nem todas as gripes s\u00e3o iguais. Ao longo do tempo, diferentes estirpes do v\u00edrus t\u00eam causado surtos e pandemias. Entre elas, destaca-se a gripe A (H1N1), que surgiu em 2009 e originou grande preocupa\u00e7\u00e3o global. Este artigo esclarece as diferen\u00e7as entre a gripe sazonal comum e a gripe A, explica os sintomas, as formas de transmiss\u00e3o e as medidas preventivas.<\/p>\t\t\t\t\t\t\t\t<\/div>\n\t\t\t\t<div class=\"elementor-element elementor-element-6007c59 elementor-widget elementor-widget-heading\" data-id=\"6007c59\" data-element_type=\"widget\" data-e-type=\"widget\" data-widget_type=\"heading.default\">\n\t\t\t\t\t<h2 class=\"elementor-heading-title elementor-size-default\">Gripe A vs gripe sazonal: o que \u00e9 a gripe sazonal?<\/h2>\t\t\t\t<\/div>\n\t\t\t\t<div class=\"elementor-element elementor-element-5bd086c elementor-widget elementor-widget-text-editor\" data-id=\"5bd086c\" data-element_type=\"widget\" data-e-type=\"widget\" data-widget_type=\"text-editor.default\">\n\t\t\t\t\t\t\t\t\t<p>A gripe sazonal \u00e9 causada por diferentes subtipos do v\u00edrus influenza A e B. O v\u00edrus circula todos os anos, especialmente no outono e inverno, provocando epidemias anuais. Os sintomas t\u00edpicos incluem febre, tosse, dor de garganta, dores musculares, fadiga e congest\u00e3o nasal. Na maioria dos casos, a doen\u00e7a \u00e9 autolimitada e resolve-se em poucos dias com repouso e hidrata\u00e7\u00e3o.<\/p>\t\t\t\t\t\t\t\t<\/div>\n\t\t\t\t<div class=\"elementor-element elementor-element-95ec233 elementor-widget elementor-widget-heading\" data-id=\"95ec233\" data-element_type=\"widget\" data-e-type=\"widget\" data-widget_type=\"heading.default\">\n\t\t\t\t\t<h2 class=\"elementor-heading-title elementor-size-default\">O que \u00e9 a gripe A (H1N1)?<\/h2>\t\t\t\t<\/div>\n\t\t\t\t<div class=\"elementor-element elementor-element-7539dc3 elementor-widget elementor-widget-text-editor\" data-id=\"7539dc3\" data-element_type=\"widget\" data-e-type=\"widget\" data-widget_type=\"text-editor.default\">\n\t\t\t\t\t\t\t\t\t<p>Tamb\u00e9m conhecida como gripe A, a infec\u00e7\u00e3o por H1N1 \u00e9 provocada por uma variante espec\u00edfica do v\u00edrus influenza tipo A. Identificada em 2009, esta estirpe espalhou-se rapidamente e foi respons\u00e1vel por uma pandemia. Segundo a Mutualidade da Moita, a gripe A \u00e9 transmitida de pessoa para pessoa atrav\u00e9s de got\u00edculas respirat\u00f3rias libertadas ao tossir, espirrar ou falar. Tamb\u00e9m \u00e9 poss\u00edvel contrair o v\u00edrus ao tocar superf\u00edcies contaminadas e depois tocar o rosto.<\/p>\t\t\t\t\t\t\t\t<\/div>\n\t\t\t\t<div class=\"elementor-element elementor-element-b4401d7 elementor-widget elementor-widget-heading\" data-id=\"b4401d7\" data-element_type=\"widget\" data-e-type=\"widget\" data-widget_type=\"heading.default\">\n\t\t\t\t\t<h3 class=\"elementor-heading-title elementor-size-default\">Sintomas da gripe A<\/h3>\t\t\t\t<\/div>\n\t\t\t\t<div class=\"elementor-element elementor-element-07d4187 elementor-widget elementor-widget-text-editor\" data-id=\"07d4187\" data-element_type=\"widget\" data-e-type=\"widget\" data-widget_type=\"text-editor.default\">\n\t\t\t\t\t\t\t\t\t<p>Na compara\u00e7\u00e3o entre gripe A vs gripe sazonal, os sintomas s\u00e3o muito semelhantes, incluindo febre, tosse, dor de garganta, dores no corpo, fadiga e dor de cabe\u00e7a. Em alguns casos, podem ocorrer v\u00f3mitos e diarreia. A maioria das pessoas recupera sem complica\u00e7\u00f5es, mas grupos de risco podem desenvolver pneumonia e insufici\u00eancia respirat\u00f3ria.<\/p>\t\t\t\t\t\t\t\t<\/div>\n\t\t\t\t<div class=\"elementor-element elementor-element-f68c42d elementor-widget elementor-widget-heading\" data-id=\"f68c42d\" data-element_type=\"widget\" data-e-type=\"widget\" data-widget_type=\"heading.default\">\n\t\t\t\t\t<h3 class=\"elementor-heading-title elementor-size-default\">Grupos de risco<\/h3>\t\t\t\t<\/div>\n\t\t\t\t<div class=\"elementor-element elementor-element-cff9a98 elementor-widget elementor-widget-text-editor\" data-id=\"cff9a98\" data-element_type=\"widget\" data-e-type=\"widget\" data-widget_type=\"text-editor.default\">\n\t\t\t\t\t\t\t\t\t<p>Gestantes, crian\u00e7as pequenas, idosos e pessoas com doen\u00e7as cr\u00f3nicas (como diabetes, doen\u00e7as card\u00edacas e pulmonares) t\u00eam maior probabilidade de sofrer complica\u00e7\u00f5es graves relacionadas com a gripe A. Nestes grupos, a vigil\u00e2ncia deve ser redobrada e os sintomas suspeitos devem ser avaliados por um m\u00e9dico.<\/p>\t\t\t\t\t\t\t\t<\/div>\n\t\t\t\t<div class=\"elementor-element elementor-element-da8dc0e elementor-widget elementor-widget-image\" data-id=\"da8dc0e\" data-element_type=\"widget\" data-e-type=\"widget\" data-widget_type=\"image.default\">\n\t\t\t\t\t\t\t\t\t\t\t\t\t\t\t<img fetchpriority=\"high\" decoding=\"async\" width=\"800\" height=\"448\" src=\"https:\/\/staging.mediconanet.pt\/wp-content\/uploads\/2026\/02\/gripe-a-vs-gripe-sazonal-consulta-online-1024x573.jpg\" class=\"attachment-large size-large wp-image-53962\" alt=\"Consulta m\u00e9dica online para avalia\u00e7\u00e3o de sintomas da gripe A vs gripe sazonal\" srcset=\"https:\/\/staging.mediconanet.pt\/wp-content\/uploads\/2026\/02\/gripe-a-vs-gripe-sazonal-consulta-online-1024x573.jpg 1024w, https:\/\/staging.mediconanet.pt\/wp-content\/uploads\/2026\/02\/gripe-a-vs-gripe-sazonal-consulta-online-300x168.jpg 300w, https:\/\/staging.mediconanet.pt\/wp-content\/uploads\/2026\/02\/gripe-a-vs-gripe-sazonal-consulta-online-768x430.jpg 768w, https:\/\/staging.mediconanet.pt\/wp-content\/uploads\/2026\/02\/gripe-a-vs-gripe-sazonal-consulta-online-1536x860.jpg 1536w, https:\/\/staging.mediconanet.pt\/wp-content\/uploads\/2026\/02\/gripe-a-vs-gripe-sazonal-consulta-online-18x10.jpg 18w, https:\/\/staging.mediconanet.pt\/wp-content\/uploads\/2026\/02\/gripe-a-vs-gripe-sazonal-consulta-online-600x336.jpg 600w, https:\/\/staging.mediconanet.pt\/wp-content\/uploads\/2026\/02\/gripe-a-vs-gripe-sazonal-consulta-online.jpg 1600w\" sizes=\"(max-width: 800px) 100vw, 800px\" \/>\t\t\t\t\t\t\t\t\t\t\t\t\t\t\t<\/div>\n\t\t\t\t<div class=\"elementor-element elementor-element-2a3889b elementor-widget elementor-widget-heading\" data-id=\"2a3889b\" data-element_type=\"widget\" data-e-type=\"widget\" data-widget_type=\"heading.default\">\n\t\t\t\t\t<h2 class=\"elementor-heading-title elementor-size-default\">Gripe A vs Gripe Sazonal: Transmiss\u00e3o e preven\u00e7\u00e3o<\/h2>\t\t\t\t<\/div>\n\t\t\t\t<div class=\"elementor-element elementor-element-8ef0aa2 elementor-widget elementor-widget-text-editor\" data-id=\"8ef0aa2\" data-element_type=\"widget\" data-e-type=\"widget\" data-widget_type=\"text-editor.default\">\n\t\t\t\t\t\t\t\t\t<p data-start=\"2374\" data-end=\"2550\">Tanto na <strong data-start=\"2383\" data-end=\"2411\">gripe A vs gripe sazonal<\/strong>, a transmiss\u00e3o ocorre principalmente atrav\u00e9s de got\u00edculas respirat\u00f3rias e contacto com superf\u00edcies contaminadas. Para prevenir a infec\u00e7\u00e3o:<\/p><ul><li data-start=\"2554\" data-end=\"2708\"><strong data-start=\"2554\" data-end=\"2574\">Vacina\u00e7\u00e3o anual:<\/strong> a vacina\u00e7\u00e3o sazonal inclui habitualmente a estirpe H1N1 e \u00e9 a medida mais eficaz para reduzir a incid\u00eancia e a gravidade da doen\u00e7a.<\/li><li data-start=\"2554\" data-end=\"2708\"><strong data-start=\"2711\" data-end=\"2732\">Higiene das m\u00e3os:<\/strong> lavar as m\u00e3os regularmente com \u00e1gua e sab\u00e3o ou usar desinfectante de m\u00e3os ajuda a reduzir a transmiss\u00e3o.<\/li><li data-start=\"2554\" data-end=\"2708\"><strong data-start=\"2842\" data-end=\"2868\">Etiqueta respirat\u00f3ria:<\/strong> tapar a boca e o nariz ao tossir ou espirrar, de prefer\u00eancia com um len\u00e7o de papel ou com o cotovelo.<\/li><li data-start=\"2554\" data-end=\"2708\"><strong data-start=\"2975\" data-end=\"3003\">Evitar contacto pr\u00f3ximo:<\/strong> manter dist\u00e2ncia de pessoas doentes e ficar em casa quando se est\u00e1 doente ajuda a conter a propaga\u00e7\u00e3o.<\/li><\/ul>\t\t\t\t\t\t\t\t<\/div>\n\t\t\t\t<div class=\"elementor-element elementor-element-eae4652 elementor-widget elementor-widget-heading\" data-id=\"eae4652\" data-element_type=\"widget\" data-e-type=\"widget\" data-widget_type=\"heading.default\">\n\t\t\t\t\t<h2 class=\"elementor-heading-title elementor-size-default\">Tratamento<\/h2>\t\t\t\t<\/div>\n\t\t\t\t<div class=\"elementor-element elementor-element-a233d7f elementor-widget elementor-widget-text-editor\" data-id=\"a233d7f\" data-element_type=\"widget\" data-e-type=\"widget\" data-widget_type=\"text-editor.default\">\n\t\t\t\t\t\t\t\t\t<p>Na maioria dos casos, o tratamento da gripe A vs gripe sazonal \u00e9 sintom\u00e1tico: repouso, ingest\u00e3o adequada de l\u00edquidos, analgesia e antipir\u00e9ticos. Em casos graves ou em grupos de risco, o m\u00e9dico pode considerar o uso de medicamentos antiv\u00edricos para reduzir a dura\u00e7\u00e3o e a gravidade da doen\u00e7a. \u00c9 importante n\u00e3o tomar antibi\u00f3ticos, pois estes n\u00e3o t\u00eam efeito sobre v\u00edrus. A automedica\u00e7\u00e3o deve ser evitada; procure aconselhamento m\u00e9dico em caso de sintomas severos ou persistentes.<\/p>\t\t\t\t\t\t\t\t<\/div>\n\t\t\t\t\t<\/div>\n\t\t\t\t<\/div>\n\t\t<div class=\"elementor-element elementor-element-0e53f5f e-flex e-con-boxed e-con e-parent\" data-id=\"0e53f5f\" data-element_type=\"container\" data-e-type=\"container\">\n\t\t\t\t\t<div class=\"e-con-inner\">\n\t\t<div class=\"elementor-element elementor-element-544f1b9 e-con-full e-flex e-con e-child\" data-id=\"544f1b9\" data-element_type=\"container\" data-e-type=\"container\">\n\t\t<div class=\"elementor-element elementor-element-f02832a e-con-full e-flex e-con e-child\" data-id=\"f02832a\" data-element_type=\"container\" data-e-type=\"container\">\n\t\t\t\t<div class=\"elementor-element elementor-element-ced1bf9 elementor-widget elementor-widget-heading\" data-id=\"ced1bf9\" data-element_type=\"widget\" data-e-type=\"widget\" data-widget_type=\"heading.default\">\n\t\t\t\t\t<h2 class=\"elementor-heading-title elementor-size-default\">Perguntas frequentes (FAQ)<\/h2>\t\t\t\t<\/div>\n\t\t\t\t<div class=\"elementor-element elementor-element-1e69c48 elementor-widget elementor-widget-n-accordion\" data-id=\"1e69c48\" data-element_type=\"widget\" data-e-type=\"widget\" data-settings=\"{&quot;default_state&quot;:&quot;all_collapsed&quot;,&quot;max_items_expended&quot;:&quot;one&quot;,&quot;n_accordion_animation_duration&quot;:{&quot;unit&quot;:&quot;ms&quot;,&quot;size&quot;:400,&quot;sizes&quot;:[]}}\" data-widget_type=\"nested-accordion.default\">\n\t\t\t\t\t\t\t<div class=\"e-n-accordion\" aria-label=\"Accordion. Open links with Enter or Space, close with Escape, and navigate with Arrow Keys\">\n\t\t\t\t\t\t<details id=\"e-n-accordion-item-3180\" class=\"e-n-accordion-item\" >\n\t\t\t\t<summary class=\"e-n-accordion-item-title\" data-accordion-index=\"1\" tabindex=\"0\" aria-expanded=\"false\" aria-controls=\"e-n-accordion-item-3180\" >\n\t\t\t\t\t<span class='e-n-accordion-item-title-header'><div class=\"e-n-accordion-item-title-text\"> A gripe A \u00e9 mais perigosa que a gripe sazonal? <\/div><\/span>\n\t\t\t\t\t\t\t<span class='e-n-accordion-item-title-icon'>\n\t\t\t<span class='e-opened' ><svg aria-hidden=\"true\" class=\"e-font-icon-svg e-fas-minus\" viewBox=\"0 0 448 512\" xmlns=\"http:\/\/www.w3.org\/2000\/svg\"><path d=\"M416 208H32c-17.67 0-32 14.33-32 32v32c0 17.67 14.33 32 32 32h384c17.67 0 32-14.33 32-32v-32c0-17.67-14.33-32-32-32z\"><\/path><\/svg><\/span>\n\t\t\t<span class='e-closed'><svg aria-hidden=\"true\" class=\"e-font-icon-svg e-fas-plus\" viewBox=\"0 0 448 512\" xmlns=\"http:\/\/www.w3.org\/2000\/svg\"><path d=\"M416 208H272V64c0-17.67-14.33-32-32-32h-32c-17.67 0-32 14.33-32 32v144H32c-17.67 0-32 14.33-32 32v32c0 17.67 14.33 32 32 32h144v144c0 17.67 14.33 32 32 32h32c17.67 0 32-14.33 32-32V304h144c17.67 0 32-14.33 32-32v-32c0-17.67-14.33-32-32-32z\"><\/path><\/svg><\/span>\n\t\t<\/span>\n\n\t\t\t\t\t\t<\/summary>\n\t\t\t\t<div role=\"region\" aria-labelledby=\"e-n-accordion-item-3180\" class=\"elementor-element elementor-element-2b38de4 e-con-full e-flex e-con e-child\" data-id=\"2b38de4\" data-element_type=\"container\" data-e-type=\"container\">\n\t\t<div role=\"region\" aria-labelledby=\"e-n-accordion-item-3180\" class=\"elementor-element elementor-element-4c9b995 e-flex e-con-boxed e-con e-child\" data-id=\"4c9b995\" data-element_type=\"container\" data-e-type=\"container\">\n\t\t\t\t\t<div class=\"e-con-inner\">\n\t\t\t\t<div class=\"elementor-element elementor-element-4080109 elementor-widget elementor-widget-text-editor\" data-id=\"4080109\" data-element_type=\"widget\" data-e-type=\"widget\" data-widget_type=\"text-editor.default\">\n\t\t\t\t\t\t\t\t\t<p>Na maioria das pessoas, a gripe A vs gripe sazonal apresenta sintomas semelhantes e evolu\u00e7\u00e3o autolimitada. No entanto, a gripe A pode causar surtos pand\u00e9micos e afectar grupos espec\u00edficos, tornando a vacina\u00e7\u00e3o fundamental.<\/p>\t\t\t\t\t\t\t\t<\/div>\n\t\t\t\t\t<\/div>\n\t\t\t\t<\/div>\n\t\t\t\t<\/div>\n\t\t\t\t\t<\/details>\n\t\t\t\t\t\t<details id=\"e-n-accordion-item-3181\" class=\"e-n-accordion-item\" >\n\t\t\t\t<summary class=\"e-n-accordion-item-title\" data-accordion-index=\"2\" tabindex=\"-1\" aria-expanded=\"false\" aria-controls=\"e-n-accordion-item-3181\" >\n\t\t\t\t\t<span class='e-n-accordion-item-title-header'><div class=\"e-n-accordion-item-title-text\"> Quem deve tomar a vacina contra a gripe? <\/div><\/span>\n\t\t\t\t\t\t\t<span class='e-n-accordion-item-title-icon'>\n\t\t\t<span class='e-opened' ><svg aria-hidden=\"true\" class=\"e-font-icon-svg e-fas-minus\" viewBox=\"0 0 448 512\" xmlns=\"http:\/\/www.w3.org\/2000\/svg\"><path d=\"M416 208H32c-17.67 0-32 14.33-32 32v32c0 17.67 14.33 32 32 32h384c17.67 0 32-14.33 32-32v-32c0-17.67-14.33-32-32-32z\"><\/path><\/svg><\/span>\n\t\t\t<span class='e-closed'><svg aria-hidden=\"true\" class=\"e-font-icon-svg e-fas-plus\" viewBox=\"0 0 448 512\" xmlns=\"http:\/\/www.w3.org\/2000\/svg\"><path d=\"M416 208H272V64c0-17.67-14.33-32-32-32h-32c-17.67 0-32 14.33-32 32v144H32c-17.67 0-32 14.33-32 32v32c0 17.67 14.33 32 32 32h144v144c0 17.67 14.33 32 32 32h32c17.67 0 32-14.33 32-32V304h144c17.67 0 32-14.33 32-32v-32c0-17.67-14.33-32-32-32z\"><\/path><\/svg><\/span>\n\t\t<\/span>\n\n\t\t\t\t\t\t<\/summary>\n\t\t\t\t<div role=\"region\" aria-labelledby=\"e-n-accordion-item-3181\" class=\"elementor-element elementor-element-b63ee17 e-con-full e-flex e-con e-child\" data-id=\"b63ee17\" data-element_type=\"container\" data-e-type=\"container\">\n\t\t<div role=\"region\" aria-labelledby=\"e-n-accordion-item-3181\" class=\"elementor-element elementor-element-b5cafc7 e-flex e-con-boxed e-con e-child\" data-id=\"b5cafc7\" data-element_type=\"container\" data-e-type=\"container\">\n\t\t\t\t\t<div class=\"e-con-inner\">\n\t\t\t\t<div class=\"elementor-element elementor-element-166b4db elementor-widget elementor-widget-text-editor\" data-id=\"166b4db\" data-element_type=\"widget\" data-e-type=\"widget\" data-widget_type=\"text-editor.default\">\n\t\t\t\t\t\t\t\t\t<p>N\u00e3o. O H1N1 \u00e9 um v\u00edrus humano e n\u00e3o se transmite pelo consumo de alimentos. A transmiss\u00e3o ocorre por contacto com pessoas infectadas ou superf\u00edcies contaminadas.<\/p>\t\t\t\t\t\t\t\t<\/div>\n\t\t\t\t\t<\/div>\n\t\t\t\t<\/div>\n\t\t\t\t<\/div>\n\t\t\t\t\t<\/details>\n\t\t\t\t\t\t<details id=\"e-n-accordion-item-3182\" class=\"e-n-accordion-item\" >\n\t\t\t\t<summary class=\"e-n-accordion-item-title\" data-accordion-index=\"3\" tabindex=\"-1\" aria-expanded=\"false\" aria-controls=\"e-n-accordion-item-3182\" >\n\t\t\t\t\t<span class='e-n-accordion-item-title-header'><div class=\"e-n-accordion-item-title-text\"> Posso contrair gripe A ao comer carne de porco? <\/div><\/span>\n\t\t\t\t\t\t\t<span class='e-n-accordion-item-title-icon'>\n\t\t\t<span class='e-opened' ><svg aria-hidden=\"true\" class=\"e-font-icon-svg e-fas-minus\" viewBox=\"0 0 448 512\" xmlns=\"http:\/\/www.w3.org\/2000\/svg\"><path d=\"M416 208H32c-17.67 0-32 14.33-32 32v32c0 17.67 14.33 32 32 32h384c17.67 0 32-14.33 32-32v-32c0-17.67-14.33-32-32-32z\"><\/path><\/svg><\/span>\n\t\t\t<span class='e-closed'><svg aria-hidden=\"true\" class=\"e-font-icon-svg e-fas-plus\" viewBox=\"0 0 448 512\" xmlns=\"http:\/\/www.w3.org\/2000\/svg\"><path d=\"M416 208H272V64c0-17.67-14.33-32-32-32h-32c-17.67 0-32 14.33-32 32v144H32c-17.67 0-32 14.33-32 32v32c0 17.67 14.33 32 32 32h144v144c0 17.67 14.33 32 32 32h32c17.67 0 32-14.33 32-32V304h144c17.67 0 32-14.33 32-32v-32c0-17.67-14.33-32-32-32z\"><\/path><\/svg><\/span>\n\t\t<\/span>\n\n\t\t\t\t\t\t<\/summary>\n\t\t\t\t<div role=\"region\" aria-labelledby=\"e-n-accordion-item-3182\" class=\"elementor-element elementor-element-169d727 e-con-full e-flex e-con e-child\" data-id=\"169d727\" data-element_type=\"container\" data-e-type=\"container\">\n\t\t<div role=\"region\" aria-labelledby=\"e-n-accordion-item-3182\" class=\"elementor-element elementor-element-fdb5020 e-flex e-con-boxed e-con e-child\" data-id=\"fdb5020\" data-element_type=\"container\" data-e-type=\"container\">\n\t\t\t\t\t<div class=\"e-con-inner\">\n\t\t\t\t<div class=\"elementor-element elementor-element-0ac055b elementor-widget elementor-widget-text-editor\" data-id=\"0ac055b\" data-element_type=\"widget\" data-e-type=\"widget\" data-widget_type=\"text-editor.default\">\n\t\t\t\t\t\t\t\t\t<p>N\u00e3o. O H1N1 \u00e9 um v\u00edrus humano e n\u00e3o se transmite pelo consumo de alimentos. A transmiss\u00e3o ocorre por contacto com pessoas infectadas ou superf\u00edcies contaminadas.<\/p>\t\t\t\t\t\t\t\t<\/div>\n\t\t\t\t\t<\/div>\n\t\t\t\t<\/div>\n\t\t\t\t<\/div>\n\t\t\t\t\t<\/details>\n\t\t\t\t\t\t<details id=\"e-n-accordion-item-3183\" class=\"e-n-accordion-item\" >\n\t\t\t\t<summary class=\"e-n-accordion-item-title\" data-accordion-index=\"4\" tabindex=\"-1\" aria-expanded=\"false\" aria-controls=\"e-n-accordion-item-3183\" >\n\t\t\t\t\t<span class='e-n-accordion-item-title-header'><div class=\"e-n-accordion-item-title-text\"> Que sinais indicam complica\u00e7\u00f5es? <\/div><\/span>\n\t\t\t\t\t\t\t<span class='e-n-accordion-item-title-icon'>\n\t\t\t<span class='e-opened' ><svg aria-hidden=\"true\" class=\"e-font-icon-svg e-fas-minus\" viewBox=\"0 0 448 512\" xmlns=\"http:\/\/www.w3.org\/2000\/svg\"><path d=\"M416 208H32c-17.67 0-32 14.33-32 32v32c0 17.67 14.33 32 32 32h384c17.67 0 32-14.33 32-32v-32c0-17.67-14.33-32-32-32z\"><\/path><\/svg><\/span>\n\t\t\t<span class='e-closed'><svg aria-hidden=\"true\" class=\"e-font-icon-svg e-fas-plus\" viewBox=\"0 0 448 512\" xmlns=\"http:\/\/www.w3.org\/2000\/svg\"><path d=\"M416 208H272V64c0-17.67-14.33-32-32-32h-32c-17.67 0-32 14.33-32 32v144H32c-17.67 0-32 14.33-32 32v32c0 17.67 14.33 32 32 32h144v144c0 17.67 14.33 32 32 32h32c17.67 0 32-14.33 32-32V304h144c17.67 0 32-14.33 32-32v-32c0-17.67-14.33-32-32-32z\"><\/path><\/svg><\/span>\n\t\t<\/span>\n\n\t\t\t\t\t\t<\/summary>\n\t\t\t\t<div role=\"region\" aria-labelledby=\"e-n-accordion-item-3183\" class=\"elementor-element elementor-element-050241f e-con-full e-flex e-con e-child\" data-id=\"050241f\" data-element_type=\"container\" data-e-type=\"container\">\n\t\t<div role=\"region\" aria-labelledby=\"e-n-accordion-item-3183\" class=\"elementor-element elementor-element-1cbf3fc e-flex e-con-boxed e-con e-child\" data-id=\"1cbf3fc\" data-element_type=\"container\" data-e-type=\"container\">\n\t\t\t\t\t<div class=\"e-con-inner\">\n\t\t\t\t<div class=\"elementor-element elementor-element-6a692e6 elementor-widget elementor-widget-text-editor\" data-id=\"6a692e6\" data-element_type=\"widget\" data-e-type=\"widget\" data-widget_type=\"text-editor.default\">\n\t\t\t\t\t\t\t\t\t<p>Falta de ar, dor no peito, febre alta persistente, desorienta\u00e7\u00e3o ou v\u00f3mitos intensos s\u00e3o sinais de alarme e exigem avalia\u00e7\u00e3o m\u00e9dica urgente.<\/p>\t\t\t\t\t\t\t\t<\/div>\n\t\t\t\t\t<\/div>\n\t\t\t\t<\/div>\n\t\t\t\t<\/div>\n\t\t\t\t\t<\/details>\n\t\t\t\t\t\t<details id=\"e-n-accordion-item-3184\" class=\"e-n-accordion-item\" >\n\t\t\t\t<summary class=\"e-n-accordion-item-title\" data-accordion-index=\"5\" tabindex=\"-1\" aria-expanded=\"false\" aria-controls=\"e-n-accordion-item-3184\" >\n\t\t\t\t\t<span class='e-n-accordion-item-title-header'><div class=\"e-n-accordion-item-title-text\"> Os antiv\u00edricos curam a gripe? <\/div><\/span>\n\t\t\t\t\t\t\t<span class='e-n-accordion-item-title-icon'>\n\t\t\t<span class='e-opened' ><svg aria-hidden=\"true\" class=\"e-font-icon-svg e-fas-minus\" viewBox=\"0 0 448 512\" xmlns=\"http:\/\/www.w3.org\/2000\/svg\"><path d=\"M416 208H32c-17.67 0-32 14.33-32 32v32c0 17.67 14.33 32 32 32h384c17.67 0 32-14.33 32-32v-32c0-17.67-14.33-32-32-32z\"><\/path><\/svg><\/span>\n\t\t\t<span class='e-closed'><svg aria-hidden=\"true\" class=\"e-font-icon-svg e-fas-plus\" viewBox=\"0 0 448 512\" xmlns=\"http:\/\/www.w3.org\/2000\/svg\"><path d=\"M416 208H272V64c0-17.67-14.33-32-32-32h-32c-17.67 0-32 14.33-32 32v144H32c-17.67 0-32 14.33-32 32v32c0 17.67 14.33 32 32 32h144v144c0 17.67 14.33 32 32 32h32c17.67 0 32-14.33 32-32V304h144c17.67 0 32-14.33 32-32v-32c0-17.67-14.33-32-32-32z\"><\/path><\/svg><\/span>\n\t\t<\/span>\n\n\t\t\t\t\t\t<\/summary>\n\t\t\t\t<div role=\"region\" aria-labelledby=\"e-n-accordion-item-3184\" class=\"elementor-element elementor-element-0122e06 e-con-full e-flex e-con e-child\" data-id=\"0122e06\" data-element_type=\"container\" data-e-type=\"container\">\n\t\t<div role=\"region\" aria-labelledby=\"e-n-accordion-item-3184\" class=\"elementor-element elementor-element-a297f9e e-flex e-con-boxed e-con e-child\" data-id=\"a297f9e\" data-element_type=\"container\" data-e-type=\"container\">\n\t\t\t\t\t<div class=\"e-con-inner\">\n\t\t\t\t<div class=\"elementor-element elementor-element-ea20f56 elementor-widget elementor-widget-text-editor\" data-id=\"ea20f56\" data-element_type=\"widget\" data-e-type=\"widget\" data-widget_type=\"text-editor.default\">\n\t\t\t\t\t\t\t\t\t<p>Os antiv\u00edricos podem reduzir a dura\u00e7\u00e3o e a gravidade da doen\u00e7a, sobretudo se iniciados nas primeiras 48 horas, mas n\u00e3o substituem o repouso nem a vacina\u00e7\u00e3o.<\/p>\t\t\t\t\t\t\t\t<\/div>\n\t\t\t\t\t<\/div>\n\t\t\t\t<\/div>\n\t\t\t\t<\/div>\n\t\t\t\t\t<\/details>\n\t\t\t\t\t<\/div>\n\t\t\t\t\t<script type=\"application\/ld+json\">{\"@context\":\"https:\\\/\\\/schema.org\",\"@type\":\"FAQPage\",\"mainEntity\":[{\"@type\":\"Question\",\"name\":\"A gripe A \\u00e9 mais perigosa que a gripe sazonal?\",\"acceptedAnswer\":{\"@type\":\"Answer\",\"text\":\"Na maioria das pessoas, a gripe A vs gripe sazonal apresenta sintomas semelhantes e evolu\\u00e7\\u00e3o autolimitada. No entanto, a gripe A pode causar surtos pand\\u00e9micos e afectar grupos espec\\u00edficos, tornando a vacina\\u00e7\\u00e3o fundamental.\"}},{\"@type\":\"Question\",\"name\":\"Quem deve tomar a vacina contra a gripe?\",\"acceptedAnswer\":{\"@type\":\"Answer\",\"text\":\"N\\u00e3o. O H1N1 \\u00e9 um v\\u00edrus humano e n\\u00e3o se transmite pelo consumo de alimentos. A transmiss\\u00e3o ocorre por contacto com pessoas infectadas ou superf\\u00edcies contaminadas.\"}},{\"@type\":\"Question\",\"name\":\"Posso contrair gripe A ao comer carne de porco?\",\"acceptedAnswer\":{\"@type\":\"Answer\",\"text\":\"N\\u00e3o. O H1N1 \\u00e9 um v\\u00edrus humano e n\\u00e3o se transmite pelo consumo de alimentos. A transmiss\\u00e3o ocorre por contacto com pessoas infectadas ou superf\\u00edcies contaminadas.\"}},{\"@type\":\"Question\",\"name\":\"Que sinais indicam complica\\u00e7\\u00f5es?\",\"acceptedAnswer\":{\"@type\":\"Answer\",\"text\":\"Falta de ar, dor no peito, febre alta persistente, desorienta\\u00e7\\u00e3o ou v\\u00f3mitos intensos s\\u00e3o sinais de alarme e exigem avalia\\u00e7\\u00e3o m\\u00e9dica urgente.\"}},{\"@type\":\"Question\",\"name\":\"Os antiv\\u00edricos curam a gripe?\",\"acceptedAnswer\":{\"@type\":\"Answer\",\"text\":\"Os antiv\\u00edricos podem reduzir a dura\\u00e7\\u00e3o e a gravidade da doen\\u00e7a, sobretudo se iniciados nas primeiras 48 horas, mas n\\u00e3o substituem o repouso nem a vacina\\u00e7\\u00e3o.\"}}]}<\/script>\n\t\t\t\t\t\t\t<\/div>\n\t\t\t\t<\/div>\n\t\t\t\t<\/div>\n\t\t\t\t\t<\/div>\n\t\t\t\t<\/div>\n\t\t<div class=\"elementor-element elementor-element-26874cf e-flex e-con-boxed e-con e-parent\" data-id=\"26874cf\" data-element_type=\"container\" data-e-type=\"container\">\n\t\t\t\t\t<div class=\"e-con-inner\">\n\t\t\t\t<div class=\"elementor-element elementor-element-6103d32 elementor-widget elementor-widget-heading\" data-id=\"6103d32\" data-element_type=\"widget\" data-e-type=\"widget\" data-widget_type=\"heading.default\">\n\t\t\t\t\t<h2 class=\"elementor-heading-title elementor-size-default\">Conclus\u00e3o<\/h2>\t\t\t\t<\/div>\n\t\t\t\t<div class=\"elementor-element elementor-element-834f762 elementor-widget elementor-widget-text-editor\" data-id=\"834f762\" data-element_type=\"widget\" data-e-type=\"widget\" data-widget_type=\"text-editor.default\">\n\t\t\t\t\t\t\t\t\t<p>A gripe sazonal e a gripe A (H1N1) s\u00e3o infec\u00e7\u00f5es respirat\u00f3rias causadas por v\u00edrus similares e apresentam sintomas muito parecidos. A diferen\u00e7a reside na estirpe do v\u00edrus e no potencial de causar pandemias, como observado em 2009 com o H1N1. A vacina\u00e7\u00e3o anual, a higiene das m\u00e3os, a etiqueta respirat\u00f3ria e o distanciamento de pessoas doentes s\u00e3o medidas eficazes de preven\u00e7\u00e3o. Caso surjam sintomas, o tratamento \u00e9 sobretudo sintom\u00e1tico, e grupos de risco devem procurar orienta\u00e7\u00e3o m\u00e9dica. Manter\u2011se informado e adoptar comportamentos respons\u00e1veis \u00e9 essencial para reduzir a propaga\u00e7\u00e3o e proteger os mais vulner\u00e1veis.<\/p><p>Na <strong data-start=\"207\" data-end=\"224\">M\u00e9dico na Net<\/strong>, \u00e9 poss\u00edvel agendar uma <a href=\"https:\/\/staging.mediconanet.pt\/produto\/gripe-a\/\"><strong data-start=\"249\" data-end=\"310\">consulta m\u00e9dica online para avalia\u00e7\u00e3o de sintomas gripais<\/strong><\/a>, incluindo suspeitas de gripe A (H1N1) ou gripe sazonal. Atrav\u00e9s do acompanhamento m\u00e9dico \u00e0 dist\u00e2ncia, o profissional analisa os sintomas, o historial cl\u00ednico e os factores de risco, esclarece d\u00favidas e orienta os cuidados adequados, de forma segura, confidencial e sem necessidade de desloca\u00e7\u00e3o.<\/p>\t\t\t\t\t\t\t\t<\/div>\n\t\t\t\t<div class=\"elementor-element elementor-element-1480954 elementor-widget elementor-widget-heading\" data-id=\"1480954\" data-element_type=\"widget\" data-e-type=\"widget\" data-widget_type=\"heading.default\">\n\t\t\t\t\t<h2 class=\"elementor-heading-title elementor-size-default\">Fontes<\/h2>\t\t\t\t<\/div>\n\t\t\t\t<div class=\"elementor-element elementor-element-108a749 elementor-widget elementor-widget-text-editor\" data-id=\"108a749\" data-element_type=\"widget\" data-e-type=\"widget\" data-widget_type=\"text-editor.default\">\n\t\t\t\t\t\t\t\t\t<p><a href=\"https:\/\/www.mutualidadedamoita.pt\" rel=\"dofollow noopener\" target=\"_blank\">Mutualidade da Moita<span style=\"font-weight: 400;\"> \u2013 \u201cGripe A (H1N1): sintomas e aconselhamento\u201d<\/span><\/a><br \/><a href=\"https:\/\/www.mdpi.com\/2076-2607\/13\/8\/1836\" rel=\"nofollow noopener\" target=\"_blank\">Microorganisms \u2013 \u201cInfluenza A vs. COVID\u201119: A Retrospective Comparison of Hospitalized Patients in a Post\u2011Pandemic Setting\u201d<\/a><br \/><a href=\"https:\/\/www.mdpi.com\/1999-4915\/17\/12\/1545\" rel=\"nofollow noopener\" target=\"_blank\">Viruses \u2013 \u201cComparative Clinical Outcomes of Major Respiratory Viruses in Hospitalized Adults During the Post\u2011Pandemic Period\u201d<\/a><br \/><a href=\"https:\/\/www.actamedicaportuguesa.com\/revista\/index.php\/amp\/article\/view\/19566\" rel=\"nofollow noopener\" target=\"_blank\">Acta M\u00e9dica Portuguesa \u2013 \u201cLong COVID Symptoms in Non\u2011Hospitalised Patients: A Retrospective Study\u201d<\/a><\/p>\t\t\t\t\t\t\t\t<\/div>\n\t\t\t\t\t<\/div>\n\t\t\t\t<\/div>\n\t\t\t\t<\/div>\n\t\t","protected":false},"excerpt":{"rendered":"<p>A gripe A vs gripe sazonal \u00e9 uma infec\u00e7\u00e3o respirat\u00f3ria aguda causada por v\u00edrus influenza, mas nem todas as gripes s\u00e3o iguais. Ao longo do tempo, diferentes estirpes do v\u00edrus t\u00eam causado surtos e pandemias. Entre elas, destaca-se a gripe A (H1N1), que surgiu em 2009 e originou grande preocupa\u00e7\u00e3o global. Este artigo esclarece as [&hellip;]<\/p>\n","protected":false},"author":2964,"featured_media":53958,"comment_status":"closed","ping_status":"closed","sticky":false,"template":"","format":"standard","meta":{"_jetpack_memberships_contains_paid_content":false,"footnotes":""},"categories":[62],"tags":[],"class_list":["post-53945","post","type-post","status-publish","format-standard","has-post-thumbnail","hentry","category-cuidados-gerais-saude"],"jetpack_featured_media_url":"https:\/\/staging.mediconanet.pt\/wp-content\/uploads\/2026\/02\/gripe-a-vs-gripe-sazonal-medico-na-net.jpg","jetpack_sharing_enabled":true,"_links":{"self":[{"href":"https:\/\/staging.mediconanet.pt\/en\/wp-json\/wp\/v2\/posts\/53945","targetHints":{"allow":["GET"]}}],"collection":[{"href":"https:\/\/staging.mediconanet.pt\/en\/wp-json\/wp\/v2\/posts"}],"about":[{"href":"https:\/\/staging.mediconanet.pt\/en\/wp-json\/wp\/v2\/types\/post"}],"author":[{"embeddable":true,"href":"https:\/\/staging.mediconanet.pt\/en\/wp-json\/wp\/v2\/users\/2964"}],"replies":[{"embeddable":true,"href":"https:\/\/staging.mediconanet.pt\/en\/wp-json\/wp\/v2\/comments?post=53945"}],"version-history":[{"count":16,"href":"https:\/\/staging.mediconanet.pt\/en\/wp-json\/wp\/v2\/posts\/53945\/revisions"}],"predecessor-version":[{"id":54882,"href":"https:\/\/staging.mediconanet.pt\/en\/wp-json\/wp\/v2\/posts\/53945\/revisions\/54882"}],"wp:featuredmedia":[{"embeddable":true,"href":"https:\/\/staging.mediconanet.pt\/en\/wp-json\/wp\/v2\/media\/53958"}],"wp:attachment":[{"href":"https:\/\/staging.mediconanet.pt\/en\/wp-json\/wp\/v2\/media?parent=53945"}],"wp:term":[{"taxonomy":"category","embeddable":true,"href":"https:\/\/staging.mediconanet.pt\/en\/wp-json\/wp\/v2\/categories?post=53945"},{"taxonomy":"post_tag","embeddable":true,"href":"https:\/\/staging.mediconanet.pt\/en\/wp-json\/wp\/v2\/tags?post=53945"}],"curies":[{"name":"wp","href":"https:\/\/api.w.org\/{rel}","templated":true}]}}